{"id":132254,"date":"2024-05-14T15:25:25","date_gmt":"2024-05-14T20:25:25","guid":{"rendered":"https:\/\/nk7-testes.com.br\/?p=132254"},"modified":"2024-05-14T15:33:50","modified_gmt":"2024-05-14T20:33:50","slug":"parque-chico-mendes-desmente-fake-news-sobre-fuga-das-oncas-maiara-e-maraisa","status":"publish","type":"post","link":"https:\/\/nk7-testes.com.br\/agazeta\/parque-chico-mendes-desmente-fake-news-sobre-fuga-das-oncas-maiara-e-maraisa\/","title":{"rendered":"Parque Chico Mendes desmente fake news sobre fuga das on\u00e7as Maiara e Mara\u00edsa"},"content":{"rendered":"<p style=\"text-align: justify;\"><span style=\"font-weight: 400;\">Uma not\u00edcia falsa que circulou nas redes sociais, sobre duas on\u00e7as que teriam fugido do Parque Chico Mendes, foi desmentida pela administra\u00e7\u00e3o do parque. Segundo informa\u00e7\u00f5es da Defesa Civil de Rio Branco, as on\u00e7as Maiara e Mara\u00edsa, juntamente com as tr\u00eas on\u00e7as vermelhas, est\u00e3o seguras nos recintos habituais dentro do parque.<\/span><\/p>\n<p style=\"text-align: justify;\"><span style=\"font-weight: 400;\">\u00a0A representante da administra\u00e7\u00e3o Valesca Rigamontes,\u00a0 enfatizou que a seguran\u00e7a dos recintos \u00e9 rigorosamente monitorada, com m\u00faltiplos port\u00f5es e travas que impedem qualquer possibilidade de fuga. De acordo com ela, a repercuss\u00e3o da fake news foi surpreendente, tendo em vista, que os recintos das on\u00e7as s\u00e3o altamente seguros e com diversas camadas de seguran\u00e7a para garantir a integridade dos animais e a prote\u00e7\u00e3o do p\u00fablico visitante.\u00a0<\/span><\/p>\n<p style=\"text-align: justify;\"><span style=\"font-weight: 400;\">\u201cPorque, afinal, as on\u00e7as n\u00e3o sa\u00edram do parque. N\u00f3s nos surpreendemos com toda essa repercuss\u00e3o, dessa informa\u00e7\u00e3o falsa, que inclusive os nossos recintos s\u00e3o super seguros, tem o primeiro acesso do primeiro port\u00e3o, tem o segundo, tem o cambiamento. Ent\u00e3o at\u00e9 que essa on\u00e7a possa sair, vai dar muito trabalho\u201d, explica Rigamontes.<\/span><\/p>\n<p style=\"text-align: justify;\"><span style=\"font-weight: 400;\">O veterin\u00e1rio Jos\u00e9 da Concei\u00e7\u00e3o Guimar\u00e3es acrescentou que a estrutura dos recintos torna praticamente imposs\u00edvel a fuga das on\u00e7as, visto que existem\u00a0 m\u00faltiplos port\u00f5es e dispositivos de seguran\u00e7a que impedem qualquer tentativa de escapar.<\/span><\/p>\n<p style=\"text-align: justify;\"><span style=\"font-weight: 400;\">\u201c\u00c9 muito dif\u00edcil. S\u00f3 se deixar tudo aberto, \u00e9 coisa imposs\u00edvel da gente deixar. Nesse caso, nesse recinto aqui, est\u00e3o cinco on\u00e7as. Nesse primeiro est\u00e3o as duas pintadas e mais adiante s\u00e3o as on\u00e7as vermelhas. A\u00ed o port\u00e3o aqui fecha, trava. Aqui \u00e9 na guilhotina, como \u00e9 que ela vai suspender? N\u00e3o abre\u201d, refor\u00e7a o veterin\u00e1rio.<\/span><\/p>\n<p style=\"text-align: justify;\"><span style=\"font-weight: 400;\">A reportagem teve a oportunidade de acompanhar de perto a estrutura e seguran\u00e7a dos recintos das on\u00e7as, que contam com port\u00f5es de guilhotina, trava de ferrugem e gradeamento refor\u00e7ado em todos os acessos. A presen\u00e7a de cadeados, port\u00f5es de ferro e estruturas gradeadas garantem a prote\u00e7\u00e3o e a seguran\u00e7a dos animais, evitando qualquer possibilidade de fuga ou risco para o p\u00fablico.<\/span><\/p>\n<p style=\"text-align: justify;\"><span style=\"font-weight: 400;\">A mensagem refor\u00e7ada pela administra\u00e7\u00e3o do parque e pelos profissionais envolvidos \u00e9 a import\u00e2ncia da responsabilidade na divulga\u00e7\u00e3o de informa\u00e7\u00f5es e da verifica\u00e7\u00e3o de fontes antes de compartilhar not\u00edcias sensacionalistas ou infundadas. A seguran\u00e7a e o bem-estar das on\u00e7as do Parque Chico Mendes foram assegurados, e o trabalho de cuidado e prote\u00e7\u00e3o dos animais continua sendo prioridade para a equipe respons\u00e1vel pela administra\u00e7\u00e3o do parque.<\/span><\/p>\n<p><em>Mat\u00e9ria em v\u00eddeo produzida pela rep\u00f3rter D\u00e9bora Ribeiro para a TV gazeta<\/em><\/p>\n","protected":false},"excerpt":{"rendered":"<p>Uma not\u00edcia falsa que circulou nas redes sociais, sobre duas on\u00e7as que teriam fugido do Parque Chico Mendes, foi desmentida pela administra\u00e7\u00e3o do parque. Segundo informa\u00e7\u00f5es da Defesa Civil de Rio Branco, as on\u00e7as Maiara e Mara\u00edsa, juntamente com as tr\u00eas on\u00e7as vermelhas, est\u00e3o seguras nos recintos habituais dentro do parque. \u00a0A representante da administra\u00e7\u00e3o [&hellip;]<\/p>\n","protected":false},"author":4,"featured_media":132255,"comment_status":"open","ping_status":"open","sticky":false,"template":"","format":"standard","meta":{"jnews-multi-image_gallery":[],"jnews_single_post":{"source_name":"","source_url":"","via_name":"","via_url":"","override_template":"0","override":[{"template":"custom","single_blog_custom":"110746","parallax":"1","fullscreen":"1","layout":"right-sidebar","sidebar":"default-sidebar","second_sidebar":"default-sidebar","sticky_sidebar":"1","share_position":"top","share_float_style":"share-monocrhome","show_share_counter":"1","show_view_counter":"1","show_featured":"1","show_post_meta":"1","show_post_author":"1","show_post_author_image":"1","show_post_date":"1","post_date_format":"default","post_date_format_custom":"Y\/m\/d","show_post_category":"1","show_post_reading_time":"0","post_reading_time_wpm":"300","show_zoom_button":"0","zoom_button_out_step":"2","zoom_button_in_step":"3","show_post_tag":"1","show_prev_next_post":"1","show_popup_post":"1","number_popup_post":"1","show_author_box":"0","show_post_related":"1","show_inline_post_related":"0"}],"override_image_size":"0","image_override":[{"single_post_thumbnail_size":"crop-500","single_post_gallery_size":"crop-500"}],"trending_post":"0","trending_post_position":"meta","trending_post_label":"Trending","sponsored_post":"0","sponsored_post_label":"Sponsored by","sponsored_post_name":"","sponsored_post_url":"","sponsored_post_logo_enable":"0","sponsored_post_logo":"","sponsored_post_desc":"","disable_ad":"0"},"jnews_primary_category":{"id":"","hide":""},"jnews_social_meta":{"fb_title":"","fb_description":"","fb_image":"","twitter_title":"","twitter_description":"","twitter_image":""},"jnews_review":[],"enable_review":"0","type":"percentage","name":"","summary":"","brand":"","sku":"","good":[{"good_text":""}],"bad":[{"bad_text":""}],"score_override":"0","override_value":"","rating":[{"rating_text":"","rating_number":"10"}],"price":[{"shop":"","price":"","link":"","icon":""}],"footnotes":""},"categories":[54],"tags":[152],"class_list":["post-132254","post","type-post","status-publish","format-standard","has-post-thumbnail","hentry","category-cotidiano","tag-destaque"],"yoast_head":"<!-- This site is optimized with the Yoast SEO plugin v26.5 - https:\/\/yoast.com\/wordpress\/plugins\/seo\/ -->\n<title>Parque Chico Mendes desmente fake news sobre fuga das on\u00e7as Maiara e Mara\u00edsa - Agazeta.net<\/title>\n<meta name=\"robots\" content=\"index, follow, max-snippet:-1, max-image-preview:large, max-video-preview:-1\" \/>\n<link rel=\"canonical\" href=\"https:\/\/nk7-testes.com.br\/agazeta\/parque-chico-mendes-desmente-fake-news-sobre-fuga-das-oncas-maiara-e-maraisa\/\" \/>\n<meta property=\"og:locale\" content=\"pt_BR\" \/>\n<meta property=\"og:type\" content=\"article\" \/>\n<meta property=\"og:title\" content=\"Parque Chico Mendes desmente fake news sobre fuga das on\u00e7as Maiara e Mara\u00edsa\" \/>\n<meta property=\"og:description\" content=\"A administra\u00e7\u00e3o do parque refor\u00e7ou que as on\u00e7as est\u00e3o seguras nos recintos habituais dentro do parque\" \/>\n<meta property=\"og:url\" content=\"https:\/\/nk7-testes.com.br\/agazeta\/parque-chico-mendes-desmente-fake-news-sobre-fuga-das-oncas-maiara-e-maraisa\/\" \/>\n<meta property=\"og:site_name\" content=\"Agazeta.net\" \/>\n<meta property=\"article:published_time\" content=\"2024-05-14T20:25:25+00:00\" \/>\n<meta property=\"article:modified_time\" content=\"2024-05-14T20:33:50+00:00\" \/>\n<meta property=\"og:image\" content=\"https:\/\/nk7-testes.com.br\/agazeta\/wp-content\/uploads\/2024\/05\/WhatsApp-Image-2024-05-14-at-15.23.47-jpeg.webp\" \/>\n\t<meta property=\"og:image:width\" content=\"1600\" \/>\n\t<meta property=\"og:image:height\" content=\"899\" \/>\n\t<meta property=\"og:image:type\" content=\"image\/jpeg\" \/>\n<meta name=\"author\" content=\"Agazeta.Net\" \/>\n<meta name=\"twitter:card\" content=\"summary_large_image\" \/>\n<meta name=\"twitter:title\" content=\"Parque Chico Mendes desmente fake news sobre fuga das on\u00e7as Maiara e Mara\u00edsa\" \/>\n<meta name=\"twitter:description\" content=\"A administra\u00e7\u00e3o do parque refor\u00e7ou que as on\u00e7as est\u00e3o seguras nos recintos habituais dentro do parque\" \/>\n<meta name=\"twitter:image\" content=\"https:\/\/nk7-testes.com.br\/agazeta\/wp-content\/uploads\/2024\/05\/WhatsApp-Image-2024-05-14-at-15.23.47-jpeg.webp\" \/>\n<meta name=\"twitter:label1\" content=\"Escrito por\" \/>\n\t<meta name=\"twitter:data1\" content=\"Agazeta.Net\" \/>\n\t<meta name=\"twitter:label2\" content=\"Est. tempo de leitura\" \/>\n\t<meta name=\"twitter:data2\" content=\"2 minutos\" \/>\n<script type=\"application\/ld+json\" class=\"yoast-schema-graph\">{\"@context\":\"https:\/\/schema.org\",\"@graph\":[{\"@type\":\"WebPage\",\"@id\":\"https:\/\/nk7-testes.com.br\/agazeta\/parque-chico-mendes-desmente-fake-news-sobre-fuga-das-oncas-maiara-e-maraisa\/\",\"url\":\"https:\/\/nk7-testes.com.br\/agazeta\/parque-chico-mendes-desmente-fake-news-sobre-fuga-das-oncas-maiara-e-maraisa\/\",\"name\":\"Parque Chico Mendes desmente fake news sobre fuga das on\u00e7as Maiara e Mara\u00edsa - Agazeta.net\",\"isPartOf\":{\"@id\":\"https:\/\/nk7-testes.com.br\/agazeta\/#website\"},\"primaryImageOfPage\":{\"@id\":\"https:\/\/nk7-testes.com.br\/agazeta\/parque-chico-mendes-desmente-fake-news-sobre-fuga-das-oncas-maiara-e-maraisa\/#primaryimage\"},\"image\":{\"@id\":\"https:\/\/nk7-testes.com.br\/agazeta\/parque-chico-mendes-desmente-fake-news-sobre-fuga-das-oncas-maiara-e-maraisa\/#primaryimage\"},\"thumbnailUrl\":\"https:\/\/nk7-testes.com.br\/agazeta\/wp-content\/uploads\/2024\/05\/WhatsApp-Image-2024-05-14-at-15.23.47-jpeg.webp\",\"datePublished\":\"2024-05-14T20:25:25+00:00\",\"dateModified\":\"2024-05-14T20:33:50+00:00\",\"author\":{\"@id\":\"https:\/\/nk7-testes.com.br\/agazeta\/#\/schema\/person\/6d6e25cb0435eb4a02fd44d30b4e3020\"},\"breadcrumb\":{\"@id\":\"https:\/\/nk7-testes.com.br\/agazeta\/parque-chico-mendes-desmente-fake-news-sobre-fuga-das-oncas-maiara-e-maraisa\/#breadcrumb\"},\"inLanguage\":\"pt-BR\",\"potentialAction\":[{\"@type\":\"ReadAction\",\"target\":[\"https:\/\/nk7-testes.com.br\/agazeta\/parque-chico-mendes-desmente-fake-news-sobre-fuga-das-oncas-maiara-e-maraisa\/\"]}]},{\"@type\":\"ImageObject\",\"inLanguage\":\"pt-BR\",\"@id\":\"https:\/\/nk7-testes.com.br\/agazeta\/parque-chico-mendes-desmente-fake-news-sobre-fuga-das-oncas-maiara-e-maraisa\/#primaryimage\",\"url\":\"https:\/\/nk7-testes.com.br\/agazeta\/wp-content\/uploads\/2024\/05\/WhatsApp-Image-2024-05-14-at-15.23.47-jpeg.webp\",\"contentUrl\":\"https:\/\/nk7-testes.com.br\/agazeta\/wp-content\/uploads\/2024\/05\/WhatsApp-Image-2024-05-14-at-15.23.47-jpeg.webp\",\"width\":1600,\"height\":899,\"caption\":\"Imagem ilustrativa\/ Divulga\u00e7\u00e3o\"},{\"@type\":\"BreadcrumbList\",\"@id\":\"https:\/\/nk7-testes.com.br\/agazeta\/parque-chico-mendes-desmente-fake-news-sobre-fuga-das-oncas-maiara-e-maraisa\/#breadcrumb\",\"itemListElement\":[{\"@type\":\"ListItem\",\"position\":1,\"name\":\"In\u00edcio\",\"item\":\"https:\/\/nk7-testes.com.br\/agazeta\/\"},{\"@type\":\"ListItem\",\"position\":2,\"name\":\"Parque Chico Mendes desmente fake news sobre fuga das on\u00e7as Maiara e Mara\u00edsa\"}]},{\"@type\":\"WebSite\",\"@id\":\"https:\/\/nk7-testes.com.br\/agazeta\/#website\",\"url\":\"https:\/\/nk7-testes.com.br\/agazeta\/\",\"name\":\"Agazeta.net\",\"description\":\"Agazeta.net - Not\u00edcias de Rio Branco\/AC\",\"potentialAction\":[{\"@type\":\"SearchAction\",\"target\":{\"@type\":\"EntryPoint\",\"urlTemplate\":\"https:\/\/nk7-testes.com.br\/agazeta\/?s={search_term_string}\"},\"query-input\":{\"@type\":\"PropertyValueSpecification\",\"valueRequired\":true,\"valueName\":\"search_term_string\"}}],\"inLanguage\":\"pt-BR\"},{\"@type\":\"Person\",\"@id\":\"https:\/\/nk7-testes.com.br\/agazeta\/#\/schema\/person\/6d6e25cb0435eb4a02fd44d30b4e3020\",\"name\":\"Agazeta.Net\",\"url\":\"https:\/\/nk7-testes.com.br\/agazeta\/author\/agazeta\/\"}]}<\/script>\n<!-- \/ Yoast SEO plugin. -->","yoast_head_json":{"title":"Parque Chico Mendes desmente fake news sobre fuga das on\u00e7as Maiara e Mara\u00edsa - Agazeta.net","robots":{"index":"index","follow":"follow","max-snippet":"max-snippet:-1","max-image-preview":"max-image-preview:large","max-video-preview":"max-video-preview:-1"},"canonical":"https:\/\/nk7-testes.com.br\/agazeta\/parque-chico-mendes-desmente-fake-news-sobre-fuga-das-oncas-maiara-e-maraisa\/","og_locale":"pt_BR","og_type":"article","og_title":"Parque Chico Mendes desmente fake news sobre fuga das on\u00e7as Maiara e Mara\u00edsa","og_description":"A administra\u00e7\u00e3o do parque refor\u00e7ou que as on\u00e7as est\u00e3o seguras nos recintos habituais dentro do parque","og_url":"https:\/\/nk7-testes.com.br\/agazeta\/parque-chico-mendes-desmente-fake-news-sobre-fuga-das-oncas-maiara-e-maraisa\/","og_site_name":"Agazeta.net","article_published_time":"2024-05-14T20:25:25+00:00","article_modified_time":"2024-05-14T20:33:50+00:00","og_image":[{"width":1600,"height":899,"url":"https:\/\/nk7-testes.com.br\/agazeta\/wp-content\/uploads\/2024\/05\/WhatsApp-Image-2024-05-14-at-15.23.47-jpeg.webp","type":"image\/jpeg"}],"author":"Agazeta.Net","twitter_card":"summary_large_image","twitter_title":"Parque Chico Mendes desmente fake news sobre fuga das on\u00e7as Maiara e Mara\u00edsa","twitter_description":"A administra\u00e7\u00e3o do parque refor\u00e7ou que as on\u00e7as est\u00e3o seguras nos recintos habituais dentro do parque","twitter_image":"https:\/\/nk7-testes.com.br\/agazeta\/wp-content\/uploads\/2024\/05\/WhatsApp-Image-2024-05-14-at-15.23.47-jpeg.webp","twitter_misc":{"Escrito por":"Agazeta.Net","Est. tempo de leitura":"2 minutos"},"schema":{"@context":"https:\/\/schema.org","@graph":[{"@type":"WebPage","@id":"https:\/\/nk7-testes.com.br\/agazeta\/parque-chico-mendes-desmente-fake-news-sobre-fuga-das-oncas-maiara-e-maraisa\/","url":"https:\/\/nk7-testes.com.br\/agazeta\/parque-chico-mendes-desmente-fake-news-sobre-fuga-das-oncas-maiara-e-maraisa\/","name":"Parque Chico Mendes desmente fake news sobre fuga das on\u00e7as Maiara e Mara\u00edsa - Agazeta.net","isPartOf":{"@id":"https:\/\/nk7-testes.com.br\/agazeta\/#website"},"primaryImageOfPage":{"@id":"https:\/\/nk7-testes.com.br\/agazeta\/parque-chico-mendes-desmente-fake-news-sobre-fuga-das-oncas-maiara-e-maraisa\/#primaryimage"},"image":{"@id":"https:\/\/nk7-testes.com.br\/agazeta\/parque-chico-mendes-desmente-fake-news-sobre-fuga-das-oncas-maiara-e-maraisa\/#primaryimage"},"thumbnailUrl":"https:\/\/nk7-testes.com.br\/agazeta\/wp-content\/uploads\/2024\/05\/WhatsApp-Image-2024-05-14-at-15.23.47-jpeg.webp","datePublished":"2024-05-14T20:25:25+00:00","dateModified":"2024-05-14T20:33:50+00:00","author":{"@id":"https:\/\/nk7-testes.com.br\/agazeta\/#\/schema\/person\/6d6e25cb0435eb4a02fd44d30b4e3020"},"breadcrumb":{"@id":"https:\/\/nk7-testes.com.br\/agazeta\/parque-chico-mendes-desmente-fake-news-sobre-fuga-das-oncas-maiara-e-maraisa\/#breadcrumb"},"inLanguage":"pt-BR","potentialAction":[{"@type":"ReadAction","target":["https:\/\/nk7-testes.com.br\/agazeta\/parque-chico-mendes-desmente-fake-news-sobre-fuga-das-oncas-maiara-e-maraisa\/"]}]},{"@type":"ImageObject","inLanguage":"pt-BR","@id":"https:\/\/nk7-testes.com.br\/agazeta\/parque-chico-mendes-desmente-fake-news-sobre-fuga-das-oncas-maiara-e-maraisa\/#primaryimage","url":"https:\/\/nk7-testes.com.br\/agazeta\/wp-content\/uploads\/2024\/05\/WhatsApp-Image-2024-05-14-at-15.23.47-jpeg.webp","contentUrl":"https:\/\/nk7-testes.com.br\/agazeta\/wp-content\/uploads\/2024\/05\/WhatsApp-Image-2024-05-14-at-15.23.47-jpeg.webp","width":1600,"height":899,"caption":"Imagem ilustrativa\/ Divulga\u00e7\u00e3o"},{"@type":"BreadcrumbList","@id":"https:\/\/nk7-testes.com.br\/agazeta\/parque-chico-mendes-desmente-fake-news-sobre-fuga-das-oncas-maiara-e-maraisa\/#breadcrumb","itemListElement":[{"@type":"ListItem","position":1,"name":"In\u00edcio","item":"https:\/\/nk7-testes.com.br\/agazeta\/"},{"@type":"ListItem","position":2,"name":"Parque Chico Mendes desmente fake news sobre fuga das on\u00e7as Maiara e Mara\u00edsa"}]},{"@type":"WebSite","@id":"https:\/\/nk7-testes.com.br\/agazeta\/#website","url":"https:\/\/nk7-testes.com.br\/agazeta\/","name":"Agazeta.net","description":"Agazeta.net - Not\u00edcias de Rio Branco\/AC","potentialAction":[{"@type":"SearchAction","target":{"@type":"EntryPoint","urlTemplate":"https:\/\/nk7-testes.com.br\/agazeta\/?s={search_term_string}"},"query-input":{"@type":"PropertyValueSpecification","valueRequired":true,"valueName":"search_term_string"}}],"inLanguage":"pt-BR"},{"@type":"Person","@id":"https:\/\/nk7-testes.com.br\/agazeta\/#\/schema\/person\/6d6e25cb0435eb4a02fd44d30b4e3020","name":"Agazeta.Net","url":"https:\/\/nk7-testes.com.br\/agazeta\/author\/agazeta\/"}]}},"_links":{"self":[{"href":"https:\/\/nk7-testes.com.br\/agazeta\/wp-json\/wp\/v2\/posts\/132254","targetHints":{"allow":["GET"]}}],"collection":[{"href":"https:\/\/nk7-testes.com.br\/agazeta\/wp-json\/wp\/v2\/posts"}],"about":[{"href":"https:\/\/nk7-testes.com.br\/agazeta\/wp-json\/wp\/v2\/types\/post"}],"author":[{"embeddable":true,"href":"https:\/\/nk7-testes.com.br\/agazeta\/wp-json\/wp\/v2\/users\/4"}],"replies":[{"embeddable":true,"href":"https:\/\/nk7-testes.com.br\/agazeta\/wp-json\/wp\/v2\/comments?post=132254"}],"version-history":[{"count":0,"href":"https:\/\/nk7-testes.com.br\/agazeta\/wp-json\/wp\/v2\/posts\/132254\/revisions"}],"wp:featuredmedia":[{"embeddable":true,"href":"https:\/\/nk7-testes.com.br\/agazeta\/wp-json\/wp\/v2\/media\/132255"}],"wp:attachment":[{"href":"https:\/\/nk7-testes.com.br\/agazeta\/wp-json\/wp\/v2\/media?parent=132254"}],"wp:term":[{"taxonomy":"category","embeddable":true,"href":"https:\/\/nk7-testes.com.br\/agazeta\/wp-json\/wp\/v2\/categories?post=132254"},{"taxonomy":"post_tag","embeddable":true,"href":"https:\/\/nk7-testes.com.br\/agazeta\/wp-json\/wp\/v2\/tags?post=132254"}],"curies":[{"name":"wp","href":"https:\/\/api.w.org\/{rel}","templated":true}]}}