{"id":132251,"date":"2024-05-14T14:43:32","date_gmt":"2024-05-14T19:43:32","guid":{"rendered":"https:\/\/nk7-testes.com.br\/?p=132251"},"modified":"2024-05-14T15:46:53","modified_gmt":"2024-05-14T20:46:53","slug":"nesta-data-e-a-cota-mais-baixa-dos-ultimos-10-anos-diz-defesa-civil-de-rb-sobre-nivel-do-rio-acre","status":"publish","type":"post","link":"https:\/\/nk7-testes.com.br\/agazeta\/nesta-data-e-a-cota-mais-baixa-dos-ultimos-10-anos-diz-defesa-civil-de-rb-sobre-nivel-do-rio-acre\/","title":{"rendered":"\u201cNesta data \u00e9 a cota mais baixa dos \u00faltimos 10 anos\u201d, diz Defesa Civil de RB sobre n\u00edvel do Rio Acre"},"content":{"rendered":"<p style=\"text-align: justify;\"><span style=\"font-weight: 400;\">A Defesa Civil de Rio Branco divulgou nesta ter\u00e7a-feira (14),\u00a0 um comunicado sobre a situa\u00e7\u00e3o do Rio Acre, com destaque a baixa vaz\u00e3o que aponta para uma seca severa, em um cen\u00e1rio at\u00edpico para a \u00e9poca do ano. O rio, que historicamente teria uma m\u00e9dia de 5,63 metros para este per\u00edodo, encontra-se atualmente em 3,35 metros, o que sinaliza um n\u00edvel preocupante e abaixo do esperado.\u00a0<\/span><\/p>\n<p style=\"text-align: justify;\"><span style=\"font-weight: 400;\">\u201cNo levantamento r\u00e1pido feito pela Defesa Civil, n\u00f3s constatamos que nesta data \u00e9 a cota mais baixa dos \u00faltimos 10 anos. E fazendo um comparativo com a segunda cota mais baixa, que \u00e9 a de 2022, o Rio estava 12 cent\u00edmetros acima da cota que est\u00e1 hoje. Mesmo assim, em 2022, n\u00f3s batemos recorde negativo de 1,25m no n\u00edvel do Rio Acre, o que nos indica a permanecer nesse cen\u00e1rio, que l\u00e1 para setembro n\u00f3s poderemos estar com o Rio Acre medindo abaixo de 1,25m\u201d, diz o diretor de administra\u00e7\u00e3o em desastres da\u00a0 Defesa Civil de Rio Branco, Cl\u00e1udio Falc\u00e3o.<\/span><\/p>\n<p style=\"text-align: justify;\"><span style=\"font-weight: 400;\">O \u00f3rg\u00e3o destaca a import\u00e2ncia de monitorar de perto as condi\u00e7\u00f5es clim\u00e1ticas, especialmente em rela\u00e7\u00e3o \u00e0s chuvas em Brasil\u00e9ia nas \u00faltimas 24 horas, que podem influenciar no aumento do n\u00edvel do rio nas pr\u00f3ximas 60 horas.<\/span><\/p>\n<p style=\"text-align: justify;\"><span style=\"font-weight: 400;\">Diante desse panorama, a Defesa Civil ressalta que o plano de conting\u00eancia de escassez h\u00eddrica est\u00e1 pronto para ser acionado, com objetivo de garantir a seguran\u00e7a e o bem-estar da popula\u00e7\u00e3o diante de poss\u00edveis desdobramentos decorrentes da baixa vaz\u00e3o do Rio Acre.<\/span><\/p>\n<p style=\"text-align: justify;\"><span style=\"font-weight: 400;\">A situa\u00e7\u00e3o atual \u00e9 descrita como uma das mais cr\u00edticas dos \u00faltimos anos, com refer\u00eancia ao ano de 2022, quando o rio alcan\u00e7ou uma marca ainda mais baixa, o que evidencia as anomalias clim\u00e1ticas que t\u00eam impactado a regi\u00e3o.<\/span><\/p>\n<p style=\"text-align: justify;\"><span style=\"font-weight: 400;\">O boletim atualizado da Defesa Civil de Rio Branco para esta ter\u00e7a-feira (14) aponta que o n\u00edvel do Rio Acre, \u00e0s 06h, estava em 3,35 metros, com uma aus\u00eancia significativa de chuvas nas \u00faltimas 24 horas. As cotas de alerta e transbordo, de 13,50 metros e 14,00 metros, respectivamente, refor\u00e7am a import\u00e2ncia da vigil\u00e2ncia e da prepara\u00e7\u00e3o para lidar com eventuais consequ\u00eancias desse cen\u00e1rio.<\/span><\/p>\n<p style=\"text-align: justify;\"><span style=\"font-weight: 400;\">\u00c9 relevante ressaltar que, ap\u00f3s uma cheia hist\u00f3rica no in\u00edcio deste ano, o Acre agora enfrenta uma seca severa, o que evidencia a intensidade das oscila\u00e7\u00f5es clim\u00e1ticas que t\u00eam impactado a regi\u00e3o. Com dois anos consecutivos de eventos clim\u00e1ticos extremos, a Defesa Civil orienta a popula\u00e7\u00e3o a manter-se informada e atenta \u00e0s orienta\u00e7\u00f5es de seguran\u00e7a.<\/span><\/p>\n<p><em>Mat\u00e9ria em v\u00eddeo produzida pela rep\u00f3rter D\u00e9bora Ribeiro para a TV Gazeta<\/em><\/p>\n","protected":false},"excerpt":{"rendered":"<p>A Defesa Civil de Rio Branco divulgou nesta ter\u00e7a-feira (14),\u00a0 um comunicado sobre a situa\u00e7\u00e3o do Rio Acre, com destaque a baixa vaz\u00e3o que aponta para uma seca severa, em um cen\u00e1rio at\u00edpico para a \u00e9poca do ano. O rio, que historicamente teria uma m\u00e9dia de 5,63 metros para este per\u00edodo, encontra-se atualmente em 3,35 [&hellip;]<\/p>\n","protected":false},"author":4,"featured_media":132252,"comment_status":"open","ping_status":"open","sticky":false,"template":"","format":"standard","meta":{"jnews-multi-image_gallery":[],"jnews_single_post":{"source_name":"","source_url":"","via_name":"","via_url":"","override_template":"0","override":[{"template":"custom","single_blog_custom":"110746","parallax":"1","fullscreen":"1","layout":"right-sidebar","sidebar":"default-sidebar","second_sidebar":"default-sidebar","sticky_sidebar":"1","share_position":"top","share_float_style":"share-monocrhome","show_share_counter":"1","show_view_counter":"1","show_featured":"1","show_post_meta":"1","show_post_author":"1","show_post_author_image":"1","show_post_date":"1","post_date_format":"default","post_date_format_custom":"Y\/m\/d","show_post_category":"1","show_post_reading_time":"0","post_reading_time_wpm":"300","show_zoom_button":"0","zoom_button_out_step":"2","zoom_button_in_step":"3","show_post_tag":"1","show_prev_next_post":"1","show_popup_post":"1","number_popup_post":"1","show_author_box":"0","show_post_related":"1","show_inline_post_related":"0"}],"override_image_size":"0","image_override":[{"single_post_thumbnail_size":"crop-500","single_post_gallery_size":"crop-500"}],"trending_post":"0","trending_post_position":"meta","trending_post_label":"Trending","sponsored_post":"0","sponsored_post_label":"Sponsored by","sponsored_post_name":"","sponsored_post_url":"","sponsored_post_logo_enable":"0","sponsored_post_logo":"","sponsored_post_desc":"","disable_ad":"0"},"jnews_primary_category":{"id":"","hide":""},"jnews_social_meta":{"fb_title":"","fb_description":"","fb_image":"","twitter_title":"","twitter_description":"","twitter_image":""},"jnews_review":[],"enable_review":"0","type":"percentage","name":"","summary":"","brand":"","sku":"","good":[{"good_text":""}],"bad":[{"bad_text":""}],"score_override":"0","override_value":"","rating":[{"rating_text":"","rating_number":"10"}],"price":[{"shop":"","price":"","link":"","icon":""}],"footnotes":""},"categories":[54],"tags":[],"class_list":["post-132251","post","type-post","status-publish","format-standard","has-post-thumbnail","hentry","category-cotidiano"],"yoast_head":"<!-- This site is optimized with the Yoast SEO plugin v26.5 - https:\/\/yoast.com\/wordpress\/plugins\/seo\/ -->\n<title>\u201cNesta data \u00e9 a cota mais baixa dos \u00faltimos 10 anos\u201d, diz Defesa Civil de RB sobre n\u00edvel do Rio Acre - Agazeta.net<\/title>\n<meta name=\"robots\" content=\"index, follow, max-snippet:-1, max-image-preview:large, max-video-preview:-1\" \/>\n<link rel=\"canonical\" href=\"https:\/\/nk7-testes.com.br\/agazeta\/nesta-data-e-a-cota-mais-baixa-dos-ultimos-10-anos-diz-defesa-civil-de-rb-sobre-nivel-do-rio-acre\/\" \/>\n<meta property=\"og:locale\" content=\"pt_BR\" \/>\n<meta property=\"og:type\" content=\"article\" \/>\n<meta property=\"og:title\" content=\"\u201cNesta data \u00e9 a cota mais baixa dos \u00faltimos 10 anos\u201d, diz Defesa Civil de RB sobre n\u00edvel do Rio Acre\" \/>\n<meta property=\"og:description\" content=\"Atualmente o n\u00edvel do Rio Acre est\u00e1 em 3,35 metros e a previs\u00e3o \u00e9 de seca severa pros pr\u00f3ximos meses\" \/>\n<meta property=\"og:url\" content=\"https:\/\/nk7-testes.com.br\/agazeta\/nesta-data-e-a-cota-mais-baixa-dos-ultimos-10-anos-diz-defesa-civil-de-rb-sobre-nivel-do-rio-acre\/\" \/>\n<meta property=\"og:site_name\" content=\"Agazeta.net\" \/>\n<meta property=\"article:published_time\" content=\"2024-05-14T19:43:32+00:00\" \/>\n<meta property=\"article:modified_time\" content=\"2024-05-14T20:46:53+00:00\" \/>\n<meta property=\"og:image\" content=\"https:\/\/nk7-testes.com.br\/agazeta\/wp-content\/uploads\/2024\/05\/WhatsApp-Image-2024-05-14-at-14.40.52-scaled.webp\" \/>\n\t<meta property=\"og:image:width\" content=\"2560\" \/>\n\t<meta property=\"og:image:height\" content=\"1440\" \/>\n\t<meta property=\"og:image:type\" content=\"image\/jpeg\" \/>\n<meta name=\"author\" content=\"Agazeta.Net\" \/>\n<meta name=\"twitter:card\" content=\"summary_large_image\" \/>\n<meta name=\"twitter:title\" content=\"\u201cNesta data \u00e9 a cota mais baixa dos \u00faltimos 10 anos\u201d, diz Defesa Civil de RB sobre n\u00edvel do Rio Acre\" \/>\n<meta name=\"twitter:description\" content=\"Atualmente o n\u00edvel do Rio Acre est\u00e1 em 3,35 metros e a previs\u00e3o \u00e9 de seca severa pros pr\u00f3ximos meses\" \/>\n<meta name=\"twitter:image\" content=\"https:\/\/nk7-testes.com.br\/agazeta\/wp-content\/uploads\/2024\/05\/WhatsApp-Image-2024-05-14-at-14.40.52-scaled.webp\" \/>\n<meta name=\"twitter:label1\" content=\"Escrito por\" \/>\n\t<meta name=\"twitter:data1\" content=\"Agazeta.Net\" \/>\n\t<meta name=\"twitter:label2\" content=\"Est. tempo de leitura\" \/>\n\t<meta name=\"twitter:data2\" content=\"2 minutos\" \/>\n<script type=\"application\/ld+json\" class=\"yoast-schema-graph\">{\"@context\":\"https:\/\/schema.org\",\"@graph\":[{\"@type\":\"WebPage\",\"@id\":\"https:\/\/nk7-testes.com.br\/agazeta\/nesta-data-e-a-cota-mais-baixa-dos-ultimos-10-anos-diz-defesa-civil-de-rb-sobre-nivel-do-rio-acre\/\",\"url\":\"https:\/\/nk7-testes.com.br\/agazeta\/nesta-data-e-a-cota-mais-baixa-dos-ultimos-10-anos-diz-defesa-civil-de-rb-sobre-nivel-do-rio-acre\/\",\"name\":\"\u201cNesta data \u00e9 a cota mais baixa dos \u00faltimos 10 anos\u201d, diz Defesa Civil de RB sobre n\u00edvel do Rio Acre - Agazeta.net\",\"isPartOf\":{\"@id\":\"https:\/\/nk7-testes.com.br\/agazeta\/#website\"},\"primaryImageOfPage\":{\"@id\":\"https:\/\/nk7-testes.com.br\/agazeta\/nesta-data-e-a-cota-mais-baixa-dos-ultimos-10-anos-diz-defesa-civil-de-rb-sobre-nivel-do-rio-acre\/#primaryimage\"},\"image\":{\"@id\":\"https:\/\/nk7-testes.com.br\/agazeta\/nesta-data-e-a-cota-mais-baixa-dos-ultimos-10-anos-diz-defesa-civil-de-rb-sobre-nivel-do-rio-acre\/#primaryimage\"},\"thumbnailUrl\":\"https:\/\/nk7-testes.com.br\/agazeta\/wp-content\/uploads\/2024\/05\/WhatsApp-Image-2024-05-14-at-14.40.52-scaled.webp\",\"datePublished\":\"2024-05-14T19:43:32+00:00\",\"dateModified\":\"2024-05-14T20:46:53+00:00\",\"author\":{\"@id\":\"https:\/\/nk7-testes.com.br\/agazeta\/#\/schema\/person\/6d6e25cb0435eb4a02fd44d30b4e3020\"},\"breadcrumb\":{\"@id\":\"https:\/\/nk7-testes.com.br\/agazeta\/nesta-data-e-a-cota-mais-baixa-dos-ultimos-10-anos-diz-defesa-civil-de-rb-sobre-nivel-do-rio-acre\/#breadcrumb\"},\"inLanguage\":\"pt-BR\",\"potentialAction\":[{\"@type\":\"ReadAction\",\"target\":[\"https:\/\/nk7-testes.com.br\/agazeta\/nesta-data-e-a-cota-mais-baixa-dos-ultimos-10-anos-diz-defesa-civil-de-rb-sobre-nivel-do-rio-acre\/\"]}]},{\"@type\":\"ImageObject\",\"inLanguage\":\"pt-BR\",\"@id\":\"https:\/\/nk7-testes.com.br\/agazeta\/nesta-data-e-a-cota-mais-baixa-dos-ultimos-10-anos-diz-defesa-civil-de-rb-sobre-nivel-do-rio-acre\/#primaryimage\",\"url\":\"https:\/\/nk7-testes.com.br\/agazeta\/wp-content\/uploads\/2024\/05\/WhatsApp-Image-2024-05-14-at-14.40.52-scaled.webp\",\"contentUrl\":\"https:\/\/nk7-testes.com.br\/agazeta\/wp-content\/uploads\/2024\/05\/WhatsApp-Image-2024-05-14-at-14.40.52-scaled.webp\",\"width\":2560,\"height\":1440,\"caption\":\"Imagem: Odair Leal\/Sesacre \/ imagem ilustrativa\"},{\"@type\":\"BreadcrumbList\",\"@id\":\"https:\/\/nk7-testes.com.br\/agazeta\/nesta-data-e-a-cota-mais-baixa-dos-ultimos-10-anos-diz-defesa-civil-de-rb-sobre-nivel-do-rio-acre\/#breadcrumb\",\"itemListElement\":[{\"@type\":\"ListItem\",\"position\":1,\"name\":\"In\u00edcio\",\"item\":\"https:\/\/nk7-testes.com.br\/agazeta\/\"},{\"@type\":\"ListItem\",\"position\":2,\"name\":\"\u201cNesta data \u00e9 a cota mais baixa dos \u00faltimos 10 anos\u201d, diz Defesa Civil de RB sobre n\u00edvel do Rio Acre\"}]},{\"@type\":\"WebSite\",\"@id\":\"https:\/\/nk7-testes.com.br\/agazeta\/#website\",\"url\":\"https:\/\/nk7-testes.com.br\/agazeta\/\",\"name\":\"Agazeta.net\",\"description\":\"Agazeta.net - Not\u00edcias de Rio Branco\/AC\",\"potentialAction\":[{\"@type\":\"SearchAction\",\"target\":{\"@type\":\"EntryPoint\",\"urlTemplate\":\"https:\/\/nk7-testes.com.br\/agazeta\/?s={search_term_string}\"},\"query-input\":{\"@type\":\"PropertyValueSpecification\",\"valueRequired\":true,\"valueName\":\"search_term_string\"}}],\"inLanguage\":\"pt-BR\"},{\"@type\":\"Person\",\"@id\":\"https:\/\/nk7-testes.com.br\/agazeta\/#\/schema\/person\/6d6e25cb0435eb4a02fd44d30b4e3020\",\"name\":\"Agazeta.Net\",\"url\":\"https:\/\/nk7-testes.com.br\/agazeta\/author\/agazeta\/\"}]}<\/script>\n<!-- \/ Yoast SEO plugin. -->","yoast_head_json":{"title":"\u201cNesta data \u00e9 a cota mais baixa dos \u00faltimos 10 anos\u201d, diz Defesa Civil de RB sobre n\u00edvel do Rio Acre - Agazeta.net","robots":{"index":"index","follow":"follow","max-snippet":"max-snippet:-1","max-image-preview":"max-image-preview:large","max-video-preview":"max-video-preview:-1"},"canonical":"https:\/\/nk7-testes.com.br\/agazeta\/nesta-data-e-a-cota-mais-baixa-dos-ultimos-10-anos-diz-defesa-civil-de-rb-sobre-nivel-do-rio-acre\/","og_locale":"pt_BR","og_type":"article","og_title":"\u201cNesta data \u00e9 a cota mais baixa dos \u00faltimos 10 anos\u201d, diz Defesa Civil de RB sobre n\u00edvel do Rio Acre","og_description":"Atualmente o n\u00edvel do Rio Acre est\u00e1 em 3,35 metros e a previs\u00e3o \u00e9 de seca severa pros pr\u00f3ximos meses","og_url":"https:\/\/nk7-testes.com.br\/agazeta\/nesta-data-e-a-cota-mais-baixa-dos-ultimos-10-anos-diz-defesa-civil-de-rb-sobre-nivel-do-rio-acre\/","og_site_name":"Agazeta.net","article_published_time":"2024-05-14T19:43:32+00:00","article_modified_time":"2024-05-14T20:46:53+00:00","og_image":[{"width":2560,"height":1440,"url":"https:\/\/nk7-testes.com.br\/agazeta\/wp-content\/uploads\/2024\/05\/WhatsApp-Image-2024-05-14-at-14.40.52-scaled.webp","type":"image\/jpeg"}],"author":"Agazeta.Net","twitter_card":"summary_large_image","twitter_title":"\u201cNesta data \u00e9 a cota mais baixa dos \u00faltimos 10 anos\u201d, diz Defesa Civil de RB sobre n\u00edvel do Rio Acre","twitter_description":"Atualmente o n\u00edvel do Rio Acre est\u00e1 em 3,35 metros e a previs\u00e3o \u00e9 de seca severa pros pr\u00f3ximos meses","twitter_image":"https:\/\/nk7-testes.com.br\/agazeta\/wp-content\/uploads\/2024\/05\/WhatsApp-Image-2024-05-14-at-14.40.52-scaled.webp","twitter_misc":{"Escrito por":"Agazeta.Net","Est. tempo de leitura":"2 minutos"},"schema":{"@context":"https:\/\/schema.org","@graph":[{"@type":"WebPage","@id":"https:\/\/nk7-testes.com.br\/agazeta\/nesta-data-e-a-cota-mais-baixa-dos-ultimos-10-anos-diz-defesa-civil-de-rb-sobre-nivel-do-rio-acre\/","url":"https:\/\/nk7-testes.com.br\/agazeta\/nesta-data-e-a-cota-mais-baixa-dos-ultimos-10-anos-diz-defesa-civil-de-rb-sobre-nivel-do-rio-acre\/","name":"\u201cNesta data \u00e9 a cota mais baixa dos \u00faltimos 10 anos\u201d, diz Defesa Civil de RB sobre n\u00edvel do Rio Acre - Agazeta.net","isPartOf":{"@id":"https:\/\/nk7-testes.com.br\/agazeta\/#website"},"primaryImageOfPage":{"@id":"https:\/\/nk7-testes.com.br\/agazeta\/nesta-data-e-a-cota-mais-baixa-dos-ultimos-10-anos-diz-defesa-civil-de-rb-sobre-nivel-do-rio-acre\/#primaryimage"},"image":{"@id":"https:\/\/nk7-testes.com.br\/agazeta\/nesta-data-e-a-cota-mais-baixa-dos-ultimos-10-anos-diz-defesa-civil-de-rb-sobre-nivel-do-rio-acre\/#primaryimage"},"thumbnailUrl":"https:\/\/nk7-testes.com.br\/agazeta\/wp-content\/uploads\/2024\/05\/WhatsApp-Image-2024-05-14-at-14.40.52-scaled.webp","datePublished":"2024-05-14T19:43:32+00:00","dateModified":"2024-05-14T20:46:53+00:00","author":{"@id":"https:\/\/nk7-testes.com.br\/agazeta\/#\/schema\/person\/6d6e25cb0435eb4a02fd44d30b4e3020"},"breadcrumb":{"@id":"https:\/\/nk7-testes.com.br\/agazeta\/nesta-data-e-a-cota-mais-baixa-dos-ultimos-10-anos-diz-defesa-civil-de-rb-sobre-nivel-do-rio-acre\/#breadcrumb"},"inLanguage":"pt-BR","potentialAction":[{"@type":"ReadAction","target":["https:\/\/nk7-testes.com.br\/agazeta\/nesta-data-e-a-cota-mais-baixa-dos-ultimos-10-anos-diz-defesa-civil-de-rb-sobre-nivel-do-rio-acre\/"]}]},{"@type":"ImageObject","inLanguage":"pt-BR","@id":"https:\/\/nk7-testes.com.br\/agazeta\/nesta-data-e-a-cota-mais-baixa-dos-ultimos-10-anos-diz-defesa-civil-de-rb-sobre-nivel-do-rio-acre\/#primaryimage","url":"https:\/\/nk7-testes.com.br\/agazeta\/wp-content\/uploads\/2024\/05\/WhatsApp-Image-2024-05-14-at-14.40.52-scaled.webp","contentUrl":"https:\/\/nk7-testes.com.br\/agazeta\/wp-content\/uploads\/2024\/05\/WhatsApp-Image-2024-05-14-at-14.40.52-scaled.webp","width":2560,"height":1440,"caption":"Imagem: Odair Leal\/Sesacre \/ imagem ilustrativa"},{"@type":"BreadcrumbList","@id":"https:\/\/nk7-testes.com.br\/agazeta\/nesta-data-e-a-cota-mais-baixa-dos-ultimos-10-anos-diz-defesa-civil-de-rb-sobre-nivel-do-rio-acre\/#breadcrumb","itemListElement":[{"@type":"ListItem","position":1,"name":"In\u00edcio","item":"https:\/\/nk7-testes.com.br\/agazeta\/"},{"@type":"ListItem","position":2,"name":"\u201cNesta data \u00e9 a cota mais baixa dos \u00faltimos 10 anos\u201d, diz Defesa Civil de RB sobre n\u00edvel do Rio Acre"}]},{"@type":"WebSite","@id":"https:\/\/nk7-testes.com.br\/agazeta\/#website","url":"https:\/\/nk7-testes.com.br\/agazeta\/","name":"Agazeta.net","description":"Agazeta.net - Not\u00edcias de Rio Branco\/AC","potentialAction":[{"@type":"SearchAction","target":{"@type":"EntryPoint","urlTemplate":"https:\/\/nk7-testes.com.br\/agazeta\/?s={search_term_string}"},"query-input":{"@type":"PropertyValueSpecification","valueRequired":true,"valueName":"search_term_string"}}],"inLanguage":"pt-BR"},{"@type":"Person","@id":"https:\/\/nk7-testes.com.br\/agazeta\/#\/schema\/person\/6d6e25cb0435eb4a02fd44d30b4e3020","name":"Agazeta.Net","url":"https:\/\/nk7-testes.com.br\/agazeta\/author\/agazeta\/"}]}},"_links":{"self":[{"href":"https:\/\/nk7-testes.com.br\/agazeta\/wp-json\/wp\/v2\/posts\/132251","targetHints":{"allow":["GET"]}}],"collection":[{"href":"https:\/\/nk7-testes.com.br\/agazeta\/wp-json\/wp\/v2\/posts"}],"about":[{"href":"https:\/\/nk7-testes.com.br\/agazeta\/wp-json\/wp\/v2\/types\/post"}],"author":[{"embeddable":true,"href":"https:\/\/nk7-testes.com.br\/agazeta\/wp-json\/wp\/v2\/users\/4"}],"replies":[{"embeddable":true,"href":"https:\/\/nk7-testes.com.br\/agazeta\/wp-json\/wp\/v2\/comments?post=132251"}],"version-history":[{"count":0,"href":"https:\/\/nk7-testes.com.br\/agazeta\/wp-json\/wp\/v2\/posts\/132251\/revisions"}],"wp:featuredmedia":[{"embeddable":true,"href":"https:\/\/nk7-testes.com.br\/agazeta\/wp-json\/wp\/v2\/media\/132252"}],"wp:attachment":[{"href":"https:\/\/nk7-testes.com.br\/agazeta\/wp-json\/wp\/v2\/media?parent=132251"}],"wp:term":[{"taxonomy":"category","embeddable":true,"href":"https:\/\/nk7-testes.com.br\/agazeta\/wp-json\/wp\/v2\/categories?post=132251"},{"taxonomy":"post_tag","embeddable":true,"href":"https:\/\/nk7-testes.com.br\/agazeta\/wp-json\/wp\/v2\/tags?post=132251"}],"curies":[{"name":"wp","href":"https:\/\/api.w.org\/{rel}","templated":true}]}}