{"id":132095,"date":"2024-05-10T17:00:45","date_gmt":"2024-05-10T22:00:45","guid":{"rendered":"https:\/\/nk7-testes.com.br\/?p=132095"},"modified":"2024-05-10T11:12:04","modified_gmt":"2024-05-10T16:12:04","slug":"encontro-de-maes-atipicas-acontece-neste-sabado-no-via-verde-shopping-em-rio-branco","status":"publish","type":"post","link":"https:\/\/nk7-testes.com.br\/agazeta\/encontro-de-maes-atipicas-acontece-neste-sabado-no-via-verde-shopping-em-rio-branco\/","title":{"rendered":"Encontro de m\u00e3es at\u00edpicas acontece neste s\u00e1bado no Via Verde Shopping, em Rio Branco"},"content":{"rendered":"<p style=\"text-align: justify;\"><span style=\"font-weight: 400;\">Um recente levantamento realizado pelo Centro de Controle e Preven\u00e7\u00e3o de Doen\u00e7as, uma ag\u00eancia refer\u00eancia mundial para a avalia\u00e7\u00e3o do autismo, revelou um aumento progressivo de casos de Transtorno do Espectro do Autismo (TEA), inclusive no Brasil.\u00a0<\/span><\/p>\n<p style=\"text-align: justify;\"><span style=\"font-weight: 400;\">Os dados apontam uma significativa mudan\u00e7a na incid\u00eancia da condi\u00e7\u00e3o ao longo dos anos, com um crescimento not\u00e1vel no n\u00famero de crian\u00e7as diagnosticadas com TEA. Em 2004, uma em cada 166 crian\u00e7as era identificada com o transtorno, enquanto em 2020, a propor\u00e7\u00e3o passou a ser de uma em cada 36 crian\u00e7as de 8 anos.<\/span><\/p>\n<p style=\"text-align: justify;\"><span style=\"font-weight: 400;\">Diante desse cen\u00e1rio, em que a demanda por cuidados e suporte para fam\u00edlias de crian\u00e7as autistas tende a aumentar, o Espa\u00e7o da Calma, localizado no Via Verde Shopping e com apoio de parceiros, prepara uma tarde especial de acolhimento para m\u00e3es de crian\u00e7as autistas. A iniciativa visa oferecer \u00e0s m\u00e3es um momento de autocuidado, escuta terap\u00eautica, intera\u00e7\u00e3o com outras m\u00e3es na mesma situa\u00e7\u00e3o, al\u00e9m de atividades de relaxamento e troca de experi\u00eancias.<\/span><\/p>\n<p style=\"text-align: justify;\"><span style=\"font-weight: 400;\">Mayara Nogueira, m\u00e3e at\u00edpica e participante do evento, destaca a import\u00e2ncia de cuidar da sa\u00fade mental das m\u00e3es, que muitas vezes dedicam-se integralmente aos cuidados dos filhos, e deixam de lado o pr\u00f3prio bem-estar. O Espa\u00e7o da Calma, idealizado pelo governo do estado e coordenado por Eloilma Chaves, surge como um ref\u00fagio acolhedor para essas m\u00e3es, proporcionando um ambiente prop\u00edcio para compartilhar emo\u00e7\u00f5es, viv\u00eancias e receber suporte terap\u00eautico.<\/span><\/p>\n<p style=\"text-align: justify;\"><span style=\"font-weight: 400;\">\u201c\u00c9 o momento de cuidar de quem cuida, porque muitas vezes a m\u00e3e est\u00e1 na corrida para levar o filho para terapia, mas ela n\u00e3o se preocupa com a sa\u00fade mental dela, como \u00e9 que ela est\u00e1. \u00c9 o momento de deixar os filhos em casa com a pessoa de apoio, para ela vir para ser cuidada. Vai ter escuta terap\u00eautica, aquela troca de atitudes, assuntos, brindes, lanche, cuidado da sa\u00fade mental. Ent\u00e3o \u00e9 o momento de ela se cuidar, o momento de trocar opini\u00e3o, dela se sentir acolhida com outra m\u00e3e at\u00edpica\u201d, explica a m\u00e3e.<\/span><\/p>\n<p style=\"text-align: justify;\"><span style=\"font-weight: 400;\">Embora ainda n\u00e3o haja uma estimativa exata do n\u00famero de m\u00e3es at\u00edpicas no estado, existem quatro associa\u00e7\u00f5es locais que lutam pela causa e oferecem apoio \u00e0s fam\u00edlias afetadas pelo autismo. A campanha promovida pelo Espa\u00e7o da Calma convida todas as m\u00e3es que desejam um dia de cuidado e acolhimento a participarem do evento neste s\u00e1bado, dia 11, a partir das 16 horas. A iniciativa destaca a import\u00e2ncia de se dedicar um tempo para cuidar de quem cuida, promovendo o bem-estar e a conex\u00e3o entre m\u00e3es que compartilham desafios semelhantes.<\/span><\/p>\n<p style=\"text-align: justify;\"><span style=\"font-weight: 400;\">\u201cN\u00f3s queremos convidar a todos voc\u00eas m\u00e3es que necessitam de um dia de cuidado, de cuidar de quem cuida. Vista-se de rosa, solicite a rede de apoio para que voc\u00ea, m\u00e3e at\u00edpica, possa participar desse momento que vai acontecer neste s\u00e1bado, dia 11, a partir das 16 horas e vem se cuidar porque voc\u00ea \u00e9 uma mulher empoderada, voc\u00ea vai ser cuidada, voc\u00ea \u00e9 amada, voc\u00ea n\u00e3o \u00e9 guerreira porque uma m\u00e3e \u00e9 t\u00edpica, \u00e9 porque voc\u00ea \u00e9 m\u00e3e\u201d, comenta a coordenadora Eloilma Chaves.<\/span><\/p>\n<p style=\"text-align: justify;\"><span style=\"font-weight: 400;\">O evento representa uma oportunidade para fortalecer o suporte e a empatia entre as m\u00e3es at\u00edpicas, e reconhecer o papel fundamental na jornada di\u00e1ria de cuidado e amor pelos filhos, para reafirmar que, al\u00e9m de guerreiras, s\u00e3o mulheres que merecem ser cuidadas, amadas e acolhidas.<\/span><\/p>\n<p><em>Mat\u00e9ria em v\u00eddeo produzida pela rep\u00f3rter Wanessa Souza para a TV Gazeta<\/em><\/p>\n","protected":false},"excerpt":{"rendered":"<p>Um recente levantamento realizado pelo Centro de Controle e Preven\u00e7\u00e3o de Doen\u00e7as, uma ag\u00eancia refer\u00eancia mundial para a avalia\u00e7\u00e3o do autismo, revelou um aumento progressivo de casos de Transtorno do Espectro do Autismo (TEA), inclusive no Brasil.\u00a0 Os dados apontam uma significativa mudan\u00e7a na incid\u00eancia da condi\u00e7\u00e3o ao longo dos anos, com um crescimento not\u00e1vel [&hellip;]<\/p>\n","protected":false},"author":4,"featured_media":132099,"comment_status":"open","ping_status":"open","sticky":false,"template":"","format":"standard","meta":{"jnews-multi-image_gallery":[],"jnews_single_post":{"source_name":"","source_url":"","via_name":"","via_url":"","override_template":"0","override":[{"template":"custom","single_blog_custom":"110746","parallax":"1","fullscreen":"1","layout":"right-sidebar","sidebar":"default-sidebar","second_sidebar":"default-sidebar","sticky_sidebar":"1","share_position":"top","share_float_style":"share-monocrhome","show_share_counter":"1","show_view_counter":"1","show_featured":"1","show_post_meta":"1","show_post_author":"1","show_post_author_image":"1","show_post_date":"1","post_date_format":"default","post_date_format_custom":"Y\/m\/d","show_post_category":"1","show_post_reading_time":"0","post_reading_time_wpm":"300","show_zoom_button":"0","zoom_button_out_step":"2","zoom_button_in_step":"3","show_post_tag":"1","show_prev_next_post":"1","show_popup_post":"1","number_popup_post":"1","show_author_box":"0","show_post_related":"1","show_inline_post_related":"0"}],"override_image_size":"0","image_override":[{"single_post_thumbnail_size":"crop-500","single_post_gallery_size":"crop-500"}],"trending_post":"0","trending_post_position":"meta","trending_post_label":"Trending","sponsored_post":"0","sponsored_post_label":"Sponsored by","sponsored_post_name":"","sponsored_post_url":"","sponsored_post_logo_enable":"0","sponsored_post_logo":"","sponsored_post_desc":"","disable_ad":"0"},"jnews_primary_category":{"id":"","hide":""},"jnews_social_meta":{"fb_title":"","fb_description":"","fb_image":"","twitter_title":"","twitter_description":"","twitter_image":""},"jnews_review":[],"enable_review":"0","type":"percentage","name":"","summary":"","brand":"","sku":"","good":[{"good_text":""}],"bad":[{"bad_text":""}],"score_override":"0","override_value":"","rating":[{"rating_text":"","rating_number":"10"}],"price":[{"shop":"","price":"","link":"","icon":""}],"footnotes":""},"categories":[54],"tags":[],"class_list":["post-132095","post","type-post","status-publish","format-standard","has-post-thumbnail","hentry","category-cotidiano"],"yoast_head":"<!-- This site is optimized with the Yoast SEO plugin v26.5 - https:\/\/yoast.com\/wordpress\/plugins\/seo\/ -->\n<title>Encontro de m\u00e3es at\u00edpicas acontece neste s\u00e1bado no Via Verde Shopping, em Rio Branco - Agazeta.net<\/title>\n<meta name=\"robots\" content=\"index, follow, max-snippet:-1, max-image-preview:large, max-video-preview:-1\" \/>\n<link rel=\"canonical\" href=\"https:\/\/nk7-testes.com.br\/agazeta\/encontro-de-maes-atipicas-acontece-neste-sabado-no-via-verde-shopping-em-rio-branco\/\" \/>\n<meta property=\"og:locale\" content=\"pt_BR\" \/>\n<meta property=\"og:type\" content=\"article\" \/>\n<meta property=\"og:title\" content=\"Encontro de m\u00e3es at\u00edpicas acontece neste s\u00e1bado no Via Verde Shopping, em Rio Branco\" \/>\n<meta property=\"og:description\" content=\"A iniciativa visa oferecer \u00e0s m\u00e3es um momento de autocuidado, escuta terap\u00eautica, intera\u00e7\u00e3o com outras m\u00e3es na mesma situa\u00e7\u00e3o\" \/>\n<meta property=\"og:url\" content=\"https:\/\/nk7-testes.com.br\/agazeta\/encontro-de-maes-atipicas-acontece-neste-sabado-no-via-verde-shopping-em-rio-branco\/\" \/>\n<meta property=\"og:site_name\" content=\"Agazeta.net\" \/>\n<meta property=\"article:published_time\" content=\"2024-05-10T22:00:45+00:00\" \/>\n<meta property=\"og:image\" content=\"https:\/\/nk7-testes.com.br\/agazeta\/wp-content\/uploads\/2024\/05\/WhatsApp-Image-2024-05-10-at-11.09.43-scaled.webp\" \/>\n\t<meta property=\"og:image:width\" content=\"2560\" \/>\n\t<meta property=\"og:image:height\" content=\"1440\" \/>\n\t<meta property=\"og:image:type\" content=\"image\/jpeg\" \/>\n<meta name=\"author\" content=\"Agazeta.Net\" \/>\n<meta name=\"twitter:card\" content=\"summary_large_image\" \/>\n<meta name=\"twitter:title\" content=\"Encontro de m\u00e3es at\u00edpicas acontece neste s\u00e1bado no Via Verde Shopping, em Rio Branco\" \/>\n<meta name=\"twitter:description\" content=\"A iniciativa visa oferecer \u00e0s m\u00e3es um momento de autocuidado, escuta terap\u00eautica, intera\u00e7\u00e3o com outras m\u00e3es na mesma situa\u00e7\u00e3o\" \/>\n<meta name=\"twitter:image\" content=\"https:\/\/nk7-testes.com.br\/agazeta\/wp-content\/uploads\/2024\/05\/WhatsApp-Image-2024-05-10-at-11.09.43-scaled.webp\" \/>\n<meta name=\"twitter:label1\" content=\"Escrito por\" \/>\n\t<meta name=\"twitter:data1\" content=\"Agazeta.Net\" \/>\n\t<meta name=\"twitter:label2\" content=\"Est. tempo de leitura\" \/>\n\t<meta name=\"twitter:data2\" content=\"3 minutos\" \/>\n<script type=\"application\/ld+json\" class=\"yoast-schema-graph\">{\"@context\":\"https:\/\/schema.org\",\"@graph\":[{\"@type\":\"WebPage\",\"@id\":\"https:\/\/nk7-testes.com.br\/agazeta\/encontro-de-maes-atipicas-acontece-neste-sabado-no-via-verde-shopping-em-rio-branco\/\",\"url\":\"https:\/\/nk7-testes.com.br\/agazeta\/encontro-de-maes-atipicas-acontece-neste-sabado-no-via-verde-shopping-em-rio-branco\/\",\"name\":\"Encontro de m\u00e3es at\u00edpicas acontece neste s\u00e1bado no Via Verde Shopping, em Rio Branco - Agazeta.net\",\"isPartOf\":{\"@id\":\"https:\/\/nk7-testes.com.br\/agazeta\/#website\"},\"primaryImageOfPage\":{\"@id\":\"https:\/\/nk7-testes.com.br\/agazeta\/encontro-de-maes-atipicas-acontece-neste-sabado-no-via-verde-shopping-em-rio-branco\/#primaryimage\"},\"image\":{\"@id\":\"https:\/\/nk7-testes.com.br\/agazeta\/encontro-de-maes-atipicas-acontece-neste-sabado-no-via-verde-shopping-em-rio-branco\/#primaryimage\"},\"thumbnailUrl\":\"https:\/\/nk7-testes.com.br\/agazeta\/wp-content\/uploads\/2024\/05\/WhatsApp-Image-2024-05-10-at-11.09.43-scaled.webp\",\"datePublished\":\"2024-05-10T22:00:45+00:00\",\"author\":{\"@id\":\"https:\/\/nk7-testes.com.br\/agazeta\/#\/schema\/person\/6d6e25cb0435eb4a02fd44d30b4e3020\"},\"breadcrumb\":{\"@id\":\"https:\/\/nk7-testes.com.br\/agazeta\/encontro-de-maes-atipicas-acontece-neste-sabado-no-via-verde-shopping-em-rio-branco\/#breadcrumb\"},\"inLanguage\":\"pt-BR\",\"potentialAction\":[{\"@type\":\"ReadAction\",\"target\":[\"https:\/\/nk7-testes.com.br\/agazeta\/encontro-de-maes-atipicas-acontece-neste-sabado-no-via-verde-shopping-em-rio-branco\/\"]}]},{\"@type\":\"ImageObject\",\"inLanguage\":\"pt-BR\",\"@id\":\"https:\/\/nk7-testes.com.br\/agazeta\/encontro-de-maes-atipicas-acontece-neste-sabado-no-via-verde-shopping-em-rio-branco\/#primaryimage\",\"url\":\"https:\/\/nk7-testes.com.br\/agazeta\/wp-content\/uploads\/2024\/05\/WhatsApp-Image-2024-05-10-at-11.09.43-scaled.webp\",\"contentUrl\":\"https:\/\/nk7-testes.com.br\/agazeta\/wp-content\/uploads\/2024\/05\/WhatsApp-Image-2024-05-10-at-11.09.43-scaled.webp\",\"width\":2560,\"height\":1440,\"caption\":\"Via Verde Shopping\"},{\"@type\":\"BreadcrumbList\",\"@id\":\"https:\/\/nk7-testes.com.br\/agazeta\/encontro-de-maes-atipicas-acontece-neste-sabado-no-via-verde-shopping-em-rio-branco\/#breadcrumb\",\"itemListElement\":[{\"@type\":\"ListItem\",\"position\":1,\"name\":\"In\u00edcio\",\"item\":\"https:\/\/nk7-testes.com.br\/agazeta\/\"},{\"@type\":\"ListItem\",\"position\":2,\"name\":\"Encontro de m\u00e3es at\u00edpicas acontece neste s\u00e1bado no Via Verde Shopping, em Rio Branco\"}]},{\"@type\":\"WebSite\",\"@id\":\"https:\/\/nk7-testes.com.br\/agazeta\/#website\",\"url\":\"https:\/\/nk7-testes.com.br\/agazeta\/\",\"name\":\"Agazeta.net\",\"description\":\"Agazeta.net - Not\u00edcias de Rio Branco\/AC\",\"potentialAction\":[{\"@type\":\"SearchAction\",\"target\":{\"@type\":\"EntryPoint\",\"urlTemplate\":\"https:\/\/nk7-testes.com.br\/agazeta\/?s={search_term_string}\"},\"query-input\":{\"@type\":\"PropertyValueSpecification\",\"valueRequired\":true,\"valueName\":\"search_term_string\"}}],\"inLanguage\":\"pt-BR\"},{\"@type\":\"Person\",\"@id\":\"https:\/\/nk7-testes.com.br\/agazeta\/#\/schema\/person\/6d6e25cb0435eb4a02fd44d30b4e3020\",\"name\":\"Agazeta.Net\",\"url\":\"https:\/\/nk7-testes.com.br\/agazeta\/author\/agazeta\/\"}]}<\/script>\n<!-- \/ Yoast SEO plugin. -->","yoast_head_json":{"title":"Encontro de m\u00e3es at\u00edpicas acontece neste s\u00e1bado no Via Verde Shopping, em Rio Branco - Agazeta.net","robots":{"index":"index","follow":"follow","max-snippet":"max-snippet:-1","max-image-preview":"max-image-preview:large","max-video-preview":"max-video-preview:-1"},"canonical":"https:\/\/nk7-testes.com.br\/agazeta\/encontro-de-maes-atipicas-acontece-neste-sabado-no-via-verde-shopping-em-rio-branco\/","og_locale":"pt_BR","og_type":"article","og_title":"Encontro de m\u00e3es at\u00edpicas acontece neste s\u00e1bado no Via Verde Shopping, em Rio Branco","og_description":"A iniciativa visa oferecer \u00e0s m\u00e3es um momento de autocuidado, escuta terap\u00eautica, intera\u00e7\u00e3o com outras m\u00e3es na mesma situa\u00e7\u00e3o","og_url":"https:\/\/nk7-testes.com.br\/agazeta\/encontro-de-maes-atipicas-acontece-neste-sabado-no-via-verde-shopping-em-rio-branco\/","og_site_name":"Agazeta.net","article_published_time":"2024-05-10T22:00:45+00:00","og_image":[{"width":2560,"height":1440,"url":"https:\/\/nk7-testes.com.br\/agazeta\/wp-content\/uploads\/2024\/05\/WhatsApp-Image-2024-05-10-at-11.09.43-scaled.webp","type":"image\/jpeg"}],"author":"Agazeta.Net","twitter_card":"summary_large_image","twitter_title":"Encontro de m\u00e3es at\u00edpicas acontece neste s\u00e1bado no Via Verde Shopping, em Rio Branco","twitter_description":"A iniciativa visa oferecer \u00e0s m\u00e3es um momento de autocuidado, escuta terap\u00eautica, intera\u00e7\u00e3o com outras m\u00e3es na mesma situa\u00e7\u00e3o","twitter_image":"https:\/\/nk7-testes.com.br\/agazeta\/wp-content\/uploads\/2024\/05\/WhatsApp-Image-2024-05-10-at-11.09.43-scaled.webp","twitter_misc":{"Escrito por":"Agazeta.Net","Est. tempo de leitura":"3 minutos"},"schema":{"@context":"https:\/\/schema.org","@graph":[{"@type":"WebPage","@id":"https:\/\/nk7-testes.com.br\/agazeta\/encontro-de-maes-atipicas-acontece-neste-sabado-no-via-verde-shopping-em-rio-branco\/","url":"https:\/\/nk7-testes.com.br\/agazeta\/encontro-de-maes-atipicas-acontece-neste-sabado-no-via-verde-shopping-em-rio-branco\/","name":"Encontro de m\u00e3es at\u00edpicas acontece neste s\u00e1bado no Via Verde Shopping, em Rio Branco - Agazeta.net","isPartOf":{"@id":"https:\/\/nk7-testes.com.br\/agazeta\/#website"},"primaryImageOfPage":{"@id":"https:\/\/nk7-testes.com.br\/agazeta\/encontro-de-maes-atipicas-acontece-neste-sabado-no-via-verde-shopping-em-rio-branco\/#primaryimage"},"image":{"@id":"https:\/\/nk7-testes.com.br\/agazeta\/encontro-de-maes-atipicas-acontece-neste-sabado-no-via-verde-shopping-em-rio-branco\/#primaryimage"},"thumbnailUrl":"https:\/\/nk7-testes.com.br\/agazeta\/wp-content\/uploads\/2024\/05\/WhatsApp-Image-2024-05-10-at-11.09.43-scaled.webp","datePublished":"2024-05-10T22:00:45+00:00","author":{"@id":"https:\/\/nk7-testes.com.br\/agazeta\/#\/schema\/person\/6d6e25cb0435eb4a02fd44d30b4e3020"},"breadcrumb":{"@id":"https:\/\/nk7-testes.com.br\/agazeta\/encontro-de-maes-atipicas-acontece-neste-sabado-no-via-verde-shopping-em-rio-branco\/#breadcrumb"},"inLanguage":"pt-BR","potentialAction":[{"@type":"ReadAction","target":["https:\/\/nk7-testes.com.br\/agazeta\/encontro-de-maes-atipicas-acontece-neste-sabado-no-via-verde-shopping-em-rio-branco\/"]}]},{"@type":"ImageObject","inLanguage":"pt-BR","@id":"https:\/\/nk7-testes.com.br\/agazeta\/encontro-de-maes-atipicas-acontece-neste-sabado-no-via-verde-shopping-em-rio-branco\/#primaryimage","url":"https:\/\/nk7-testes.com.br\/agazeta\/wp-content\/uploads\/2024\/05\/WhatsApp-Image-2024-05-10-at-11.09.43-scaled.webp","contentUrl":"https:\/\/nk7-testes.com.br\/agazeta\/wp-content\/uploads\/2024\/05\/WhatsApp-Image-2024-05-10-at-11.09.43-scaled.webp","width":2560,"height":1440,"caption":"Via Verde Shopping"},{"@type":"BreadcrumbList","@id":"https:\/\/nk7-testes.com.br\/agazeta\/encontro-de-maes-atipicas-acontece-neste-sabado-no-via-verde-shopping-em-rio-branco\/#breadcrumb","itemListElement":[{"@type":"ListItem","position":1,"name":"In\u00edcio","item":"https:\/\/nk7-testes.com.br\/agazeta\/"},{"@type":"ListItem","position":2,"name":"Encontro de m\u00e3es at\u00edpicas acontece neste s\u00e1bado no Via Verde Shopping, em Rio Branco"}]},{"@type":"WebSite","@id":"https:\/\/nk7-testes.com.br\/agazeta\/#website","url":"https:\/\/nk7-testes.com.br\/agazeta\/","name":"Agazeta.net","description":"Agazeta.net - Not\u00edcias de Rio Branco\/AC","potentialAction":[{"@type":"SearchAction","target":{"@type":"EntryPoint","urlTemplate":"https:\/\/nk7-testes.com.br\/agazeta\/?s={search_term_string}"},"query-input":{"@type":"PropertyValueSpecification","valueRequired":true,"valueName":"search_term_string"}}],"inLanguage":"pt-BR"},{"@type":"Person","@id":"https:\/\/nk7-testes.com.br\/agazeta\/#\/schema\/person\/6d6e25cb0435eb4a02fd44d30b4e3020","name":"Agazeta.Net","url":"https:\/\/nk7-testes.com.br\/agazeta\/author\/agazeta\/"}]}},"_links":{"self":[{"href":"https:\/\/nk7-testes.com.br\/agazeta\/wp-json\/wp\/v2\/posts\/132095","targetHints":{"allow":["GET"]}}],"collection":[{"href":"https:\/\/nk7-testes.com.br\/agazeta\/wp-json\/wp\/v2\/posts"}],"about":[{"href":"https:\/\/nk7-testes.com.br\/agazeta\/wp-json\/wp\/v2\/types\/post"}],"author":[{"embeddable":true,"href":"https:\/\/nk7-testes.com.br\/agazeta\/wp-json\/wp\/v2\/users\/4"}],"replies":[{"embeddable":true,"href":"https:\/\/nk7-testes.com.br\/agazeta\/wp-json\/wp\/v2\/comments?post=132095"}],"version-history":[{"count":0,"href":"https:\/\/nk7-testes.com.br\/agazeta\/wp-json\/wp\/v2\/posts\/132095\/revisions"}],"wp:featuredmedia":[{"embeddable":true,"href":"https:\/\/nk7-testes.com.br\/agazeta\/wp-json\/wp\/v2\/media\/132099"}],"wp:attachment":[{"href":"https:\/\/nk7-testes.com.br\/agazeta\/wp-json\/wp\/v2\/media?parent=132095"}],"wp:term":[{"taxonomy":"category","embeddable":true,"href":"https:\/\/nk7-testes.com.br\/agazeta\/wp-json\/wp\/v2\/categories?post=132095"},{"taxonomy":"post_tag","embeddable":true,"href":"https:\/\/nk7-testes.com.br\/agazeta\/wp-json\/wp\/v2\/tags?post=132095"}],"curies":[{"name":"wp","href":"https:\/\/api.w.org\/{rel}","templated":true}]}}