{"id":132020,"date":"2024-05-09T16:02:35","date_gmt":"2024-05-09T21:02:35","guid":{"rendered":"https:\/\/nk7-testes.com.br\/?p=132020"},"modified":"2024-05-09T16:02:35","modified_gmt":"2024-05-09T21:02:35","slug":"no-acre-cerca-de-duas-pessoas-foram-estupradas-por-dia-em-2022-veja-pesquisa","status":"publish","type":"post","link":"https:\/\/nk7-testes.com.br\/agazeta\/no-acre-cerca-de-duas-pessoas-foram-estupradas-por-dia-em-2022-veja-pesquisa\/","title":{"rendered":"No Acre, cerca de duas pessoas foram estupradas por dia em 2022; veja pesquisa"},"content":{"rendered":"<p style=\"text-align: justify;\">H\u00e1 pelos menos tr\u00eas anos, uma adolescente de 15 anos sofria abusos sexuais por parte do pr\u00f3prio pai na zona rural do munic\u00edpio de Xapuri, no interior do Acre. No in\u00edcio desta semana, a jovem foi resgatada pela Pol\u00edcia Militar do Acre (PMAC).<\/p>\n<p style=\"text-align: justify;\">Casos como esse s\u00e3o rotineiros no Estado. Em 2023, uma opera\u00e7\u00e3o da Pol\u00edcia Civil do Acre (PC\/AC) mostrou que 80% dos presos s\u00e3o parentes, um n\u00famero que mostra o reflexo da sociedade acreana perante a esse tipo de crime.<\/p>\n<p style=\"text-align: justify;\">Todos os anos, o F\u00f3rum Brasileiro de Seguran\u00e7a P\u00fablica divulga dados sobre estupro e estupro de vulner\u00e1vel pelo pa\u00eds. A 17\u00aa Edi\u00e7\u00e3o do Anu\u00e1rio foi publicada e mostrou que em 2022, no Acre, a cada 11 horas e 45 minutos uma pessoa foi estuprada. Do total de abusos sexuais ocorridos, 75% foram contra vulner\u00e1veis.<\/p>\n<p style=\"text-align: justify;\">No mesmo ano, o Acre apresentou a 2\u00aa maior taxa de estupros, por grupo de 100 mil habitantes, dentre os outros Estados brasileiros, com 22,6, segundo o estudo. Vale ressaltar que a taxa do Brasil \u00e9 de 8,9, o que significa que o n\u00famero no Acre \u00e9 quase o triplo do nacional.<\/p>\n<figure id=\"attachment_132022\" aria-describedby=\"caption-attachment-132022\" style=\"width: 440px\" class=\"wp-caption aligncenter\"><img decoding=\"async\" class=\"wp-image-132022 \" src=\"https:\/\/nk7-testes.com.br\/wp-content\/uploads\/2024\/05\/WhatsApp-Image-2024-05-09-at-15.43.27-jpeg.webp\" alt=\"\" width=\"440\" height=\"558\" srcset=\"https:\/\/nk7-testes.com.br\/agazeta\/wp-content\/uploads\/2024\/05\/WhatsApp-Image-2024-05-09-at-15.43.27-jpeg.webp 690w, https:\/\/nk7-testes.com.br\/agazeta\/wp-content\/uploads\/2024\/05\/WhatsApp-Image-2024-05-09-at-15.43.27-237x300.webp 237w\" sizes=\"(max-width: 440px) 100vw, 440px\" \/><figcaption id=\"caption-attachment-132022\" class=\"wp-caption-text\">Fonte: 17\u00aa Edi\u00e7\u00e3o do Anu\u00e1rio F\u00f3rum Brasileiro de Seguran\u00e7a P\u00fablica<\/figcaption><\/figure>\n<p style=\"text-align: justify;\">Sobre os estupros de vulner\u00e1veis \u2013 com crian\u00e7as e adolescentes abaixo de 14 anos \u2013, o Acre tamb\u00e9m aparece na segunda posi\u00e7\u00e3o do ranking nacional, tamb\u00e9m por grupo de 100 mil habitantes, com uma taxa de 67,1, atr\u00e1s apenas de Roraima.<\/p>\n<figure id=\"attachment_132023\" aria-describedby=\"caption-attachment-132023\" style=\"width: 467px\" class=\"wp-caption aligncenter\"><img decoding=\"async\" class=\"wp-image-132023 \" src=\"https:\/\/nk7-testes.com.br\/wp-content\/uploads\/2024\/05\/WhatsApp-Image-2024-05-09-at-15.45.59-jpeg.webp\" alt=\"\" width=\"467\" height=\"608\" srcset=\"https:\/\/nk7-testes.com.br\/agazeta\/wp-content\/uploads\/2024\/05\/WhatsApp-Image-2024-05-09-at-15.45.59-jpeg.webp 692w, https:\/\/nk7-testes.com.br\/agazeta\/wp-content\/uploads\/2024\/05\/WhatsApp-Image-2024-05-09-at-15.45.59-230x300.webp 230w\" sizes=\"(max-width: 467px) 100vw, 467px\" \/><figcaption id=\"caption-attachment-132023\" class=\"wp-caption-text\">Fonte: 17\u00aa Edi\u00e7\u00e3o do Anu\u00e1rio F\u00f3rum Brasileiro de Seguran\u00e7a P\u00fablica<\/figcaption><\/figure>\n<p style=\"text-align: justify;\">No contexto que envolve estupro e estupro de vulner\u00e1vel, o Estado acreano tamb\u00e9m est\u00e1 na 2\u00aa coloca\u00e7\u00e3o de casos em 2022, com uma taxa de 89,8, na frente do Amap\u00e1, que apresenta 85,6, e abaixo de Roraima, que aparece com 114,1.<\/p>\n<figure id=\"attachment_132024\" aria-describedby=\"caption-attachment-132024\" style=\"width: 491px\" class=\"wp-caption aligncenter\"><img decoding=\"async\" class=\"wp-image-132024 \" src=\"https:\/\/nk7-testes.com.br\/wp-content\/uploads\/2024\/05\/WhatsApp-Image-2024-05-09-at-15.49.56-jpeg.webp\" alt=\"\" width=\"491\" height=\"627\" srcset=\"https:\/\/nk7-testes.com.br\/agazeta\/wp-content\/uploads\/2024\/05\/WhatsApp-Image-2024-05-09-at-15.49.56-jpeg.webp 677w, https:\/\/nk7-testes.com.br\/agazeta\/wp-content\/uploads\/2024\/05\/WhatsApp-Image-2024-05-09-at-15.49.56-235x300.webp 235w\" sizes=\"(max-width: 491px) 100vw, 491px\" \/><figcaption id=\"caption-attachment-132024\" class=\"wp-caption-text\">Fonte: 17\u00aa Edi\u00e7\u00e3o do Anu\u00e1rio F\u00f3rum Brasileiro de Seguran\u00e7a P\u00fablica<\/figcaption><\/figure>\n<p style=\"text-align: justify;\">Em 2023, o estudo foi feito nos munic\u00edpios do Acre para mostrar a situa\u00e7\u00e3o em cada localidade e regi\u00e3o. Assis Brasil aparece na primeira posi\u00e7\u00e3o no ranking de estupros e estupros de vulner\u00e1veis por grupo de 100 mil habitantes, com uma taxa de 222,22. A taxa do Estado como um todo \u00e9 de 106,86, ou seja, Assis Brasil apresenta mais que o dobro. J\u00e1 a capital Rio Branco est\u00e1 em 13\u00aa posi\u00e7\u00e3o da lista, com a taxa de 97,87.<\/p>\n<figure id=\"attachment_132025\" aria-describedby=\"caption-attachment-132025\" style=\"width: 478px\" class=\"wp-caption aligncenter\"><img decoding=\"async\" class=\"wp-image-132025 \" src=\"https:\/\/nk7-testes.com.br\/wp-content\/uploads\/2024\/05\/WhatsApp-Image-2024-05-09-at-15.54.24-jpeg.webp\" alt=\"\" width=\"478\" height=\"454\" srcset=\"https:\/\/nk7-testes.com.br\/agazeta\/wp-content\/uploads\/2024\/05\/WhatsApp-Image-2024-05-09-at-15.54.24-jpeg.webp 917w, https:\/\/nk7-testes.com.br\/agazeta\/wp-content\/uploads\/2024\/05\/WhatsApp-Image-2024-05-09-at-15.54.24-300x285.webp 300w, https:\/\/nk7-testes.com.br\/agazeta\/wp-content\/uploads\/2024\/05\/WhatsApp-Image-2024-05-09-at-15.54.24-768x729.webp 768w, https:\/\/nk7-testes.com.br\/agazeta\/wp-content\/uploads\/2024\/05\/WhatsApp-Image-2024-05-09-at-15.54.24-750x712.webp 750w\" sizes=\"(max-width: 478px) 100vw, 478px\" \/><figcaption id=\"caption-attachment-132025\" class=\"wp-caption-text\">Fonte: Pol\u00edcia Civil do Acre<\/figcaption><\/figure>\n<p style=\"text-align: justify;\">Em rela\u00e7\u00e3o aos casos de estupro de vulner\u00e1veis, Assis Brasil tamb\u00e9m aparece no topo da lista, com taxa de 197,53, seguida por Capixaba, Manoel Urbano, Bujari e Acrel\u00e2ndia, com taxa de 153,96, 141,71, 139,35 e 135,51, respectivamente.<\/p>\n<figure id=\"attachment_132026\" aria-describedby=\"caption-attachment-132026\" style=\"width: 506px\" class=\"wp-caption aligncenter\"><img decoding=\"async\" class=\"wp-image-132026 \" src=\"https:\/\/nk7-testes.com.br\/wp-content\/uploads\/2024\/05\/WhatsApp-Image-2024-05-09-at-15.54.57-jpeg.webp\" alt=\"\" width=\"506\" height=\"462\" srcset=\"https:\/\/nk7-testes.com.br\/agazeta\/wp-content\/uploads\/2024\/05\/WhatsApp-Image-2024-05-09-at-15.54.57-jpeg.webp 979w, https:\/\/nk7-testes.com.br\/agazeta\/wp-content\/uploads\/2024\/05\/WhatsApp-Image-2024-05-09-at-15.54.57-300x274.webp 300w, https:\/\/nk7-testes.com.br\/agazeta\/wp-content\/uploads\/2024\/05\/WhatsApp-Image-2024-05-09-at-15.54.57-768x701.webp 768w, https:\/\/nk7-testes.com.br\/agazeta\/wp-content\/uploads\/2024\/05\/WhatsApp-Image-2024-05-09-at-15.54.57-750x684.webp 750w\" sizes=\"(max-width: 506px) 100vw, 506px\" \/><figcaption id=\"caption-attachment-132026\" class=\"wp-caption-text\">Fonte: Pol\u00edcia Civil do Acre<\/figcaption><\/figure>\n<p style=\"text-align: justify;\">Em sess\u00e3o na Assembleia Legislativa do Acre (Aleca) nesta quinta-feira, 9, a procuradora do Minist\u00e9rio P\u00fablico do Acre (MPAC), Patr\u00edcia Amorim R\u00eago, apresentou os dados \u00e0 casa e falou sobre o motivo de munic\u00edpios mais distantes aparecerem nas primeiras posi\u00e7\u00f5es.<\/p>\n<p style=\"text-align: justify;\">\u201cO crime sexual, quanto mais distante, mais de zona rural e mais dif\u00edcil acesso, maior a incid\u00eancia, e maior tamb\u00e9m a subnotifica\u00e7\u00e3o. A gente precisa olhar para essa regi\u00e3o com mais cuidado\u201d, destaca a procuradora.<\/p>\n<blockquote>\n<p style=\"text-align: justify;\">\u201cA gente precisa ir para esses munic\u00edpios, precisamos falar sobre viol\u00eancia sexual, empoderar e fortalecer a rede\u201d<\/p>\n<\/blockquote>\n<p style=\"text-align: justify;\">Entre os anos de 2022 e 2023, segundo a Pol\u00edcia Civil do Acre, houve um aumento de 13% nos casos de estupro de vulner\u00e1vel e de 9,4% quando envolve estupro e estupro com menores de 14 anos.<\/p>\n<p style=\"text-align: justify;\">No ano de 2022, foram registrados 606 estupros de vulner\u00e1veis no Acre. J\u00e1 em 2023, o n\u00famero subiu para 685. Quando se fala nos dois tipos de abusos sexuais, tanto com maiores de 14 anos e menores, 2022 registrou 881, enquanto 2023 contabilizou 887.<\/p>\n<figure id=\"attachment_132027\" aria-describedby=\"caption-attachment-132027\" style=\"width: 579px\" class=\"wp-caption aligncenter\"><img decoding=\"async\" class=\"wp-image-132027 \" src=\"https:\/\/nk7-testes.com.br\/wp-content\/uploads\/2024\/05\/WhatsApp-Image-2024-05-09-at-15.50.17-jpeg.webp\" alt=\"\" width=\"579\" height=\"299\" srcset=\"https:\/\/nk7-testes.com.br\/agazeta\/wp-content\/uploads\/2024\/05\/WhatsApp-Image-2024-05-09-at-15.50.17-jpeg.webp 1402w, https:\/\/nk7-testes.com.br\/agazeta\/wp-content\/uploads\/2024\/05\/WhatsApp-Image-2024-05-09-at-15.50.17-300x155.webp 300w, https:\/\/nk7-testes.com.br\/agazeta\/wp-content\/uploads\/2024\/05\/WhatsApp-Image-2024-05-09-at-15.50.17-1024x529.webp 1024w, https:\/\/nk7-testes.com.br\/agazeta\/wp-content\/uploads\/2024\/05\/WhatsApp-Image-2024-05-09-at-15.50.17-768x397.webp 768w, https:\/\/nk7-testes.com.br\/agazeta\/wp-content\/uploads\/2024\/05\/WhatsApp-Image-2024-05-09-at-15.50.17-750x387.webp 750w, https:\/\/nk7-testes.com.br\/agazeta\/wp-content\/uploads\/2024\/05\/WhatsApp-Image-2024-05-09-at-15.50.17-1140x589.webp 1140w\" sizes=\"(max-width: 579px) 100vw, 579px\" \/><figcaption id=\"caption-attachment-132027\" class=\"wp-caption-text\">Fonte: Pol\u00edcia Civil do Acre<\/figcaption><\/figure>\n<p style=\"text-align: justify;\">\u201c\u00c9 uma tend\u00eancia de crescimento\u201d, afirma R\u00eago.<\/p>\n<h4 style=\"text-align: justify;\">Maio Laranja<\/h4>\n<p style=\"text-align: justify;\">O \u201cMaio Laranja\u201d busca otimizar a\u00e7\u00f5es e atividades de combate a esses crimes, pois dia 18 \u00e9 o Dia Nacional de Combate ao Abuso e a Explora\u00e7\u00e3o Sexual Infantil.<\/p>\n<p style=\"text-align: justify;\">Conforme dados dispon\u00edveis no site Maio Laranja: \u201cA cada hora 3 crian\u00e7as s\u00e3o abusadas no Brasil\u201d e \u201ctodos os anos 500 mil crian\u00e7as e adolescentes s\u00e3o explorados sexualmente\u201d. Diante desse cen\u00e1rio, a uni\u00e3o de esfor\u00e7os \u00e9 necess\u00e1ria e mais do que cumprir com legisla\u00e7\u00e3o e tratados internacionais, visam garantir prote\u00e7\u00e3o \u00e0 inf\u00e2ncia.<\/p>\n<p style=\"text-align: justify;\">Por conta disso, o Tribunal de Justi\u00e7a do Acre (TJAC), por meio da Coordenadoria da Inf\u00e2ncia e Juventude (CIJ), lan\u00e7ou a campanha contra o abuso sexual infantil \u201cNunca \u00e9 tarde\u201d, nesta quinta-feira, 9, no Pal\u00e1cio da Justi\u00e7a.<\/p>\n<p style=\"text-align: justify;\">O material \u00e9 composto por pe\u00e7as audiovisuais e gr\u00e1ficas que circular\u00e3o nas m\u00eddias digitais do Judici\u00e1rio, mas contar\u00e1 com a parceria da imprensa local que divulgar\u00e1 as pe\u00e7as. Em 2023, os meios de comunica\u00e7\u00e3o acreanos oficializaram coopera\u00e7\u00e3o com a Justi\u00e7a acreana para realizarem a veicula\u00e7\u00e3o de campanhas institucionais educativas. E, agora, abra\u00e7am mais essa causa em prol da mobiliza\u00e7\u00e3o social para estimular na sociedade o compromisso coletivo em proteger crian\u00e7as e adolescentes.<\/p>\n<h4 class=\"jeg_post_title\">Mais de 500 casos<\/h4>\n<p>https:\/\/nk7-testes.com.br\/acre-registrou-mais-de-500-casos-de-estupro-de-vulneravel-em-2022-veja-dados-deste-ano\/<\/p>\n","protected":false},"excerpt":{"rendered":"<p>H\u00e1 pelos menos tr\u00eas anos, uma adolescente de 15 anos sofria abusos sexuais por parte do pr\u00f3prio pai na zona rural do munic\u00edpio de Xapuri, no interior do Acre. No in\u00edcio desta semana, a jovem foi resgatada pela Pol\u00edcia Militar do Acre (PMAC). Casos como esse s\u00e3o rotineiros no Estado. Em 2023, uma opera\u00e7\u00e3o da [&hellip;]<\/p>\n","protected":false},"author":4,"featured_media":132028,"comment_status":"open","ping_status":"open","sticky":false,"template":"","format":"standard","meta":{"jnews-multi-image_gallery":[],"jnews_single_post":{"source_name":"","source_url":"","via_name":"","via_url":"","override_template":"0","override":[{"template":"custom","single_blog_custom":"110746","parallax":"1","fullscreen":"1","layout":"right-sidebar","sidebar":"default-sidebar","second_sidebar":"default-sidebar","sticky_sidebar":"1","share_position":"top","share_float_style":"share-monocrhome","show_share_counter":"1","show_view_counter":"1","show_featured":"1","show_post_meta":"1","show_post_author":"1","show_post_author_image":"1","show_post_date":"1","post_date_format":"default","post_date_format_custom":"Y\/m\/d","show_post_category":"1","show_post_reading_time":"0","post_reading_time_wpm":"300","show_zoom_button":"0","zoom_button_out_step":"2","zoom_button_in_step":"3","show_post_tag":"1","show_prev_next_post":"1","show_popup_post":"1","number_popup_post":"1","show_author_box":"0","show_post_related":"1","show_inline_post_related":"0"}],"override_image_size":"0","image_override":[{"single_post_thumbnail_size":"crop-500","single_post_gallery_size":"crop-500"}],"trending_post":"0","trending_post_position":"meta","trending_post_label":"Trending","sponsored_post":"0","sponsored_post_label":"Sponsored by","sponsored_post_name":"","sponsored_post_url":"","sponsored_post_logo_enable":"0","sponsored_post_logo":"","sponsored_post_desc":"","disable_ad":"0"},"jnews_primary_category":{"id":"","hide":""},"jnews_social_meta":{"fb_title":"","fb_description":"","fb_image":"","twitter_title":"","twitter_description":"","twitter_image":""},"jnews_review":[],"enable_review":"0","type":"percentage","name":"","summary":"","brand":"","sku":"","good":[{"good_text":""}],"bad":[{"bad_text":""}],"score_override":"0","override_value":"","rating":[{"rating_text":"","rating_number":"10"}],"price":[{"shop":"","price":"","link":"","icon":""}],"footnotes":""},"categories":[54],"tags":[152],"class_list":["post-132020","post","type-post","status-publish","format-standard","has-post-thumbnail","hentry","category-cotidiano","tag-destaque"],"yoast_head":"<!-- This site is optimized with the Yoast SEO plugin v26.5 - https:\/\/yoast.com\/wordpress\/plugins\/seo\/ -->\n<title>No Acre, cerca de duas pessoas foram estupradas por dia em 2022; veja pesquisa - Agazeta.net<\/title>\n<meta name=\"robots\" content=\"index, follow, max-snippet:-1, max-image-preview:large, max-video-preview:-1\" \/>\n<link rel=\"canonical\" href=\"https:\/\/nk7-testes.com.br\/agazeta\/no-acre-cerca-de-duas-pessoas-foram-estupradas-por-dia-em-2022-veja-pesquisa\/\" \/>\n<meta property=\"og:locale\" content=\"pt_BR\" \/>\n<meta property=\"og:type\" content=\"article\" \/>\n<meta property=\"og:title\" content=\"No Acre, cerca de duas pessoas foram estupradas por dia em 2022; veja pesquisa\" \/>\n<meta property=\"og:description\" content=\"Do total de abusos sexuais ocorridos no ano, 75% foram contra crian\u00e7as e adolescentes menores de 14 anos\" \/>\n<meta property=\"og:url\" content=\"https:\/\/nk7-testes.com.br\/agazeta\/no-acre-cerca-de-duas-pessoas-foram-estupradas-por-dia-em-2022-veja-pesquisa\/\" \/>\n<meta property=\"og:site_name\" content=\"Agazeta.net\" \/>\n<meta property=\"article:published_time\" content=\"2024-05-09T21:02:35+00:00\" \/>\n<meta property=\"og:image\" content=\"https:\/\/nk7-testes.com.br\/agazeta\/wp-content\/uploads\/2024\/05\/aa8c3e946ad850c979956248d747f8a9-jpg.webp\" \/>\n\t<meta property=\"og:image:width\" content=\"800\" \/>\n\t<meta property=\"og:image:height\" content=\"402\" \/>\n\t<meta property=\"og:image:type\" content=\"image\/jpeg\" \/>\n<meta name=\"author\" content=\"Agazeta.Net\" \/>\n<meta name=\"twitter:card\" content=\"summary_large_image\" \/>\n<meta name=\"twitter:label1\" content=\"Escrito por\" \/>\n\t<meta name=\"twitter:data1\" content=\"Agazeta.Net\" \/>\n\t<meta name=\"twitter:label2\" content=\"Est. tempo de leitura\" \/>\n\t<meta name=\"twitter:data2\" content=\"4 minutos\" \/>\n<script type=\"application\/ld+json\" class=\"yoast-schema-graph\">{\"@context\":\"https:\/\/schema.org\",\"@graph\":[{\"@type\":\"WebPage\",\"@id\":\"https:\/\/nk7-testes.com.br\/agazeta\/no-acre-cerca-de-duas-pessoas-foram-estupradas-por-dia-em-2022-veja-pesquisa\/\",\"url\":\"https:\/\/nk7-testes.com.br\/agazeta\/no-acre-cerca-de-duas-pessoas-foram-estupradas-por-dia-em-2022-veja-pesquisa\/\",\"name\":\"No Acre, cerca de duas pessoas foram estupradas por dia em 2022; veja pesquisa - Agazeta.net\",\"isPartOf\":{\"@id\":\"https:\/\/nk7-testes.com.br\/agazeta\/#website\"},\"primaryImageOfPage\":{\"@id\":\"https:\/\/nk7-testes.com.br\/agazeta\/no-acre-cerca-de-duas-pessoas-foram-estupradas-por-dia-em-2022-veja-pesquisa\/#primaryimage\"},\"image\":{\"@id\":\"https:\/\/nk7-testes.com.br\/agazeta\/no-acre-cerca-de-duas-pessoas-foram-estupradas-por-dia-em-2022-veja-pesquisa\/#primaryimage\"},\"thumbnailUrl\":\"https:\/\/nk7-testes.com.br\/agazeta\/wp-content\/uploads\/2024\/05\/aa8c3e946ad850c979956248d747f8a9-jpg.webp\",\"datePublished\":\"2024-05-09T21:02:35+00:00\",\"author\":{\"@id\":\"https:\/\/nk7-testes.com.br\/agazeta\/#\/schema\/person\/6d6e25cb0435eb4a02fd44d30b4e3020\"},\"breadcrumb\":{\"@id\":\"https:\/\/nk7-testes.com.br\/agazeta\/no-acre-cerca-de-duas-pessoas-foram-estupradas-por-dia-em-2022-veja-pesquisa\/#breadcrumb\"},\"inLanguage\":\"pt-BR\",\"potentialAction\":[{\"@type\":\"ReadAction\",\"target\":[\"https:\/\/nk7-testes.com.br\/agazeta\/no-acre-cerca-de-duas-pessoas-foram-estupradas-por-dia-em-2022-veja-pesquisa\/\"]}]},{\"@type\":\"ImageObject\",\"inLanguage\":\"pt-BR\",\"@id\":\"https:\/\/nk7-testes.com.br\/agazeta\/no-acre-cerca-de-duas-pessoas-foram-estupradas-por-dia-em-2022-veja-pesquisa\/#primaryimage\",\"url\":\"https:\/\/nk7-testes.com.br\/agazeta\/wp-content\/uploads\/2024\/05\/aa8c3e946ad850c979956248d747f8a9-jpg.webp\",\"contentUrl\":\"https:\/\/nk7-testes.com.br\/agazeta\/wp-content\/uploads\/2024\/05\/aa8c3e946ad850c979956248d747f8a9-jpg.webp\",\"width\":800,\"height\":402,\"caption\":\"Imagem: Reprodu\u00e7\u00e3o\"},{\"@type\":\"BreadcrumbList\",\"@id\":\"https:\/\/nk7-testes.com.br\/agazeta\/no-acre-cerca-de-duas-pessoas-foram-estupradas-por-dia-em-2022-veja-pesquisa\/#breadcrumb\",\"itemListElement\":[{\"@type\":\"ListItem\",\"position\":1,\"name\":\"In\u00edcio\",\"item\":\"https:\/\/nk7-testes.com.br\/agazeta\/\"},{\"@type\":\"ListItem\",\"position\":2,\"name\":\"No Acre, cerca de duas pessoas foram estupradas por dia em 2022; veja pesquisa\"}]},{\"@type\":\"WebSite\",\"@id\":\"https:\/\/nk7-testes.com.br\/agazeta\/#website\",\"url\":\"https:\/\/nk7-testes.com.br\/agazeta\/\",\"name\":\"Agazeta.net\",\"description\":\"Agazeta.net - Not\u00edcias de Rio Branco\/AC\",\"potentialAction\":[{\"@type\":\"SearchAction\",\"target\":{\"@type\":\"EntryPoint\",\"urlTemplate\":\"https:\/\/nk7-testes.com.br\/agazeta\/?s={search_term_string}\"},\"query-input\":{\"@type\":\"PropertyValueSpecification\",\"valueRequired\":true,\"valueName\":\"search_term_string\"}}],\"inLanguage\":\"pt-BR\"},{\"@type\":\"Person\",\"@id\":\"https:\/\/nk7-testes.com.br\/agazeta\/#\/schema\/person\/6d6e25cb0435eb4a02fd44d30b4e3020\",\"name\":\"Agazeta.Net\",\"url\":\"https:\/\/nk7-testes.com.br\/agazeta\/author\/agazeta\/\"}]}<\/script>\n<!-- \/ Yoast SEO plugin. -->","yoast_head_json":{"title":"No Acre, cerca de duas pessoas foram estupradas por dia em 2022; veja pesquisa - Agazeta.net","robots":{"index":"index","follow":"follow","max-snippet":"max-snippet:-1","max-image-preview":"max-image-preview:large","max-video-preview":"max-video-preview:-1"},"canonical":"https:\/\/nk7-testes.com.br\/agazeta\/no-acre-cerca-de-duas-pessoas-foram-estupradas-por-dia-em-2022-veja-pesquisa\/","og_locale":"pt_BR","og_type":"article","og_title":"No Acre, cerca de duas pessoas foram estupradas por dia em 2022; veja pesquisa","og_description":"Do total de abusos sexuais ocorridos no ano, 75% foram contra crian\u00e7as e adolescentes menores de 14 anos","og_url":"https:\/\/nk7-testes.com.br\/agazeta\/no-acre-cerca-de-duas-pessoas-foram-estupradas-por-dia-em-2022-veja-pesquisa\/","og_site_name":"Agazeta.net","article_published_time":"2024-05-09T21:02:35+00:00","og_image":[{"width":800,"height":402,"url":"https:\/\/nk7-testes.com.br\/agazeta\/wp-content\/uploads\/2024\/05\/aa8c3e946ad850c979956248d747f8a9-jpg.webp","type":"image\/jpeg"}],"author":"Agazeta.Net","twitter_card":"summary_large_image","twitter_misc":{"Escrito por":"Agazeta.Net","Est. tempo de leitura":"4 minutos"},"schema":{"@context":"https:\/\/schema.org","@graph":[{"@type":"WebPage","@id":"https:\/\/nk7-testes.com.br\/agazeta\/no-acre-cerca-de-duas-pessoas-foram-estupradas-por-dia-em-2022-veja-pesquisa\/","url":"https:\/\/nk7-testes.com.br\/agazeta\/no-acre-cerca-de-duas-pessoas-foram-estupradas-por-dia-em-2022-veja-pesquisa\/","name":"No Acre, cerca de duas pessoas foram estupradas por dia em 2022; veja pesquisa - Agazeta.net","isPartOf":{"@id":"https:\/\/nk7-testes.com.br\/agazeta\/#website"},"primaryImageOfPage":{"@id":"https:\/\/nk7-testes.com.br\/agazeta\/no-acre-cerca-de-duas-pessoas-foram-estupradas-por-dia-em-2022-veja-pesquisa\/#primaryimage"},"image":{"@id":"https:\/\/nk7-testes.com.br\/agazeta\/no-acre-cerca-de-duas-pessoas-foram-estupradas-por-dia-em-2022-veja-pesquisa\/#primaryimage"},"thumbnailUrl":"https:\/\/nk7-testes.com.br\/agazeta\/wp-content\/uploads\/2024\/05\/aa8c3e946ad850c979956248d747f8a9-jpg.webp","datePublished":"2024-05-09T21:02:35+00:00","author":{"@id":"https:\/\/nk7-testes.com.br\/agazeta\/#\/schema\/person\/6d6e25cb0435eb4a02fd44d30b4e3020"},"breadcrumb":{"@id":"https:\/\/nk7-testes.com.br\/agazeta\/no-acre-cerca-de-duas-pessoas-foram-estupradas-por-dia-em-2022-veja-pesquisa\/#breadcrumb"},"inLanguage":"pt-BR","potentialAction":[{"@type":"ReadAction","target":["https:\/\/nk7-testes.com.br\/agazeta\/no-acre-cerca-de-duas-pessoas-foram-estupradas-por-dia-em-2022-veja-pesquisa\/"]}]},{"@type":"ImageObject","inLanguage":"pt-BR","@id":"https:\/\/nk7-testes.com.br\/agazeta\/no-acre-cerca-de-duas-pessoas-foram-estupradas-por-dia-em-2022-veja-pesquisa\/#primaryimage","url":"https:\/\/nk7-testes.com.br\/agazeta\/wp-content\/uploads\/2024\/05\/aa8c3e946ad850c979956248d747f8a9-jpg.webp","contentUrl":"https:\/\/nk7-testes.com.br\/agazeta\/wp-content\/uploads\/2024\/05\/aa8c3e946ad850c979956248d747f8a9-jpg.webp","width":800,"height":402,"caption":"Imagem: Reprodu\u00e7\u00e3o"},{"@type":"BreadcrumbList","@id":"https:\/\/nk7-testes.com.br\/agazeta\/no-acre-cerca-de-duas-pessoas-foram-estupradas-por-dia-em-2022-veja-pesquisa\/#breadcrumb","itemListElement":[{"@type":"ListItem","position":1,"name":"In\u00edcio","item":"https:\/\/nk7-testes.com.br\/agazeta\/"},{"@type":"ListItem","position":2,"name":"No Acre, cerca de duas pessoas foram estupradas por dia em 2022; veja pesquisa"}]},{"@type":"WebSite","@id":"https:\/\/nk7-testes.com.br\/agazeta\/#website","url":"https:\/\/nk7-testes.com.br\/agazeta\/","name":"Agazeta.net","description":"Agazeta.net - Not\u00edcias de Rio Branco\/AC","potentialAction":[{"@type":"SearchAction","target":{"@type":"EntryPoint","urlTemplate":"https:\/\/nk7-testes.com.br\/agazeta\/?s={search_term_string}"},"query-input":{"@type":"PropertyValueSpecification","valueRequired":true,"valueName":"search_term_string"}}],"inLanguage":"pt-BR"},{"@type":"Person","@id":"https:\/\/nk7-testes.com.br\/agazeta\/#\/schema\/person\/6d6e25cb0435eb4a02fd44d30b4e3020","name":"Agazeta.Net","url":"https:\/\/nk7-testes.com.br\/agazeta\/author\/agazeta\/"}]}},"_links":{"self":[{"href":"https:\/\/nk7-testes.com.br\/agazeta\/wp-json\/wp\/v2\/posts\/132020","targetHints":{"allow":["GET"]}}],"collection":[{"href":"https:\/\/nk7-testes.com.br\/agazeta\/wp-json\/wp\/v2\/posts"}],"about":[{"href":"https:\/\/nk7-testes.com.br\/agazeta\/wp-json\/wp\/v2\/types\/post"}],"author":[{"embeddable":true,"href":"https:\/\/nk7-testes.com.br\/agazeta\/wp-json\/wp\/v2\/users\/4"}],"replies":[{"embeddable":true,"href":"https:\/\/nk7-testes.com.br\/agazeta\/wp-json\/wp\/v2\/comments?post=132020"}],"version-history":[{"count":0,"href":"https:\/\/nk7-testes.com.br\/agazeta\/wp-json\/wp\/v2\/posts\/132020\/revisions"}],"wp:featuredmedia":[{"embeddable":true,"href":"https:\/\/nk7-testes.com.br\/agazeta\/wp-json\/wp\/v2\/media\/132028"}],"wp:attachment":[{"href":"https:\/\/nk7-testes.com.br\/agazeta\/wp-json\/wp\/v2\/media?parent=132020"}],"wp:term":[{"taxonomy":"category","embeddable":true,"href":"https:\/\/nk7-testes.com.br\/agazeta\/wp-json\/wp\/v2\/categories?post=132020"},{"taxonomy":"post_tag","embeddable":true,"href":"https:\/\/nk7-testes.com.br\/agazeta\/wp-json\/wp\/v2\/tags?post=132020"}],"curies":[{"name":"wp","href":"https:\/\/api.w.org\/{rel}","templated":true}]}}