{"id":132001,"date":"2024-05-09T11:51:57","date_gmt":"2024-05-09T16:51:57","guid":{"rendered":"https:\/\/nk7-testes.com.br\/?p=132001"},"modified":"2024-05-09T11:53:07","modified_gmt":"2024-05-09T16:53:07","slug":"cracolandia-no-futuro-reportagem-especial-sobre-a-invisibilidade-das-pessoas-em-situacao-de-rua-em-rb","status":"publish","type":"post","link":"https:\/\/nk7-testes.com.br\/agazeta\/cracolandia-no-futuro-reportagem-especial-sobre-a-invisibilidade-das-pessoas-em-situacao-de-rua-em-rb\/","title":{"rendered":"&#8216;Cracol\u00e2ndia no futuro&#8217;: reportagem especial sobre a invisibilidade das pessoas em situa\u00e7\u00e3o de rua em RB"},"content":{"rendered":"<p style=\"text-align: justify;\"><span style=\"font-weight: 400;\">A escurid\u00e3o nas pra\u00e7as e pr\u00e9dios p\u00fablicos no centro de Rio Branco ajuda a criar um cen\u00e1rio de abandono pelo poder p\u00fablico e a invas\u00e3o dessas \u00e1reas pelas pessoas que vivem em situa\u00e7\u00e3o de rua. Bancos, com\u00e9rcios, cal\u00e7adas e a Assembleia Legislativa do Acre (Aleac) s\u00e3o pontos de descanso. Quando vem o cansa\u00e7o e sono, n\u00e3o existe qualquer receio; qualquer lugar serve para colocar o corpo esqu\u00e1lido e sem muitas for\u00e7as.<\/span><\/p>\n<figure id=\"attachment_132003\" aria-describedby=\"caption-attachment-132003\" style=\"width: 585px\" class=\"wp-caption aligncenter\"><img decoding=\"async\" class=\"wp-image-132003\" src=\"https:\/\/nk7-testes.com.br\/wp-content\/uploads\/2024\/05\/WhatsApp-Image-2024-05-09-at-11.42.44-scaled.webp\" alt=\"\" width=\"585\" height=\"329\" srcset=\"https:\/\/nk7-testes.com.br\/agazeta\/wp-content\/uploads\/2024\/05\/WhatsApp-Image-2024-05-09-at-11.42.44-scaled.webp 2560w, https:\/\/nk7-testes.com.br\/agazeta\/wp-content\/uploads\/2024\/05\/WhatsApp-Image-2024-05-09-at-11.42.44-300x169.webp 300w, https:\/\/nk7-testes.com.br\/agazeta\/wp-content\/uploads\/2024\/05\/WhatsApp-Image-2024-05-09-at-11.42.44-1024x577.webp 1024w, https:\/\/nk7-testes.com.br\/agazeta\/wp-content\/uploads\/2024\/05\/WhatsApp-Image-2024-05-09-at-11.42.44-768x433.webp 768w, https:\/\/nk7-testes.com.br\/agazeta\/wp-content\/uploads\/2024\/05\/WhatsApp-Image-2024-05-09-at-11.42.44-1536x865.webp 1536w, https:\/\/nk7-testes.com.br\/agazeta\/wp-content\/uploads\/2024\/05\/WhatsApp-Image-2024-05-09-at-11.42.44-2048x1153.webp 2048w, https:\/\/nk7-testes.com.br\/agazeta\/wp-content\/uploads\/2024\/05\/WhatsApp-Image-2024-05-09-at-11.42.44-750x422.webp 750w, https:\/\/nk7-testes.com.br\/agazeta\/wp-content\/uploads\/2024\/05\/WhatsApp-Image-2024-05-09-at-11.42.44-1140x642.webp 1140w\" sizes=\"(max-width: 585px) 100vw, 585px\" \/><figcaption id=\"caption-attachment-132003\" class=\"wp-caption-text\">Imagem retirada da mat\u00e9ria em v\u00eddeo<\/figcaption><\/figure>\n<p style=\"text-align: justify;\"><span style=\"font-weight: 400;\">No consumo e no p\u00f3s-consumo de drogas, tamb\u00e9m \u00e9 preciso buscar um lugar para o que se chama de &#8220;lombra&#8221;. Muitos dos que vivem nas ruas apenas consomem \u00e1lcool, mas a situa\u00e7\u00e3o deprimente \u00e9 a mesma. Esse tem at\u00e9 um colch\u00e3o e um lugar preferido em um dos mercados locais.<\/span><\/p>\n<figure id=\"attachment_132007\" aria-describedby=\"caption-attachment-132007\" style=\"width: 590px\" class=\"wp-caption aligncenter\"><img decoding=\"async\" class=\" wp-image-132007\" src=\"https:\/\/nk7-testes.com.br\/wp-content\/uploads\/2024\/05\/WhatsApp-Image-2024-05-09-at-11.42.42-2-scaled.webp\" alt=\"\" width=\"590\" height=\"332\" srcset=\"https:\/\/nk7-testes.com.br\/agazeta\/wp-content\/uploads\/2024\/05\/WhatsApp-Image-2024-05-09-at-11.42.42-2-scaled.webp 2560w, https:\/\/nk7-testes.com.br\/agazeta\/wp-content\/uploads\/2024\/05\/WhatsApp-Image-2024-05-09-at-11.42.42-2-300x169.webp 300w, https:\/\/nk7-testes.com.br\/agazeta\/wp-content\/uploads\/2024\/05\/WhatsApp-Image-2024-05-09-at-11.42.42-2-1024x576.webp 1024w, https:\/\/nk7-testes.com.br\/agazeta\/wp-content\/uploads\/2024\/05\/WhatsApp-Image-2024-05-09-at-11.42.42-2-768x432.webp 768w, https:\/\/nk7-testes.com.br\/agazeta\/wp-content\/uploads\/2024\/05\/WhatsApp-Image-2024-05-09-at-11.42.42-2-1536x864.webp 1536w, https:\/\/nk7-testes.com.br\/agazeta\/wp-content\/uploads\/2024\/05\/WhatsApp-Image-2024-05-09-at-11.42.42-2-2048x1152.webp 2048w, https:\/\/nk7-testes.com.br\/agazeta\/wp-content\/uploads\/2024\/05\/WhatsApp-Image-2024-05-09-at-11.42.42-2-750x422.webp 750w, https:\/\/nk7-testes.com.br\/agazeta\/wp-content\/uploads\/2024\/05\/WhatsApp-Image-2024-05-09-at-11.42.42-2-1140x641.webp 1140w\" sizes=\"(max-width: 590px) 100vw, 590px\" \/><figcaption id=\"caption-attachment-132007\" class=\"wp-caption-text\">Imagem retirada da mat\u00e9ria em v\u00eddeo<\/figcaption><\/figure>\n<p style=\"text-align: justify;\"><span style=\"font-weight: 400;\">Os caminhos para quem vive em situa\u00e7\u00e3o de rua s\u00e3o sempre os mesmos. A busca para atender o v\u00edcio e muitas vezes esse caminho termina em uma briga pelo espa\u00e7o e vem a viol\u00eancia, como aconteceu com uma moradora que teve o rosto cortado por um ter\u00e7ado. Nas ruas a realidade \u00e9 bem cruel e n\u00e3o h\u00e1 espa\u00e7o para sonhos.<\/span><\/p>\n<p style=\"text-align: justify;\"><span style=\"font-weight: 400;\">\u201c\u00c9 paix\u00e3o! Tomando cacha\u00e7a! Tchau, tchau. Isso n\u00e3o interessa. Eu gosto mais do \u00e1lcool. \u00c9 o que voc\u00ea. Estou bem, estou bem, por favor, obrigado, uma boa noite para voc\u00eas\u201d, diz morador de rua desnorteado.<\/span><\/p>\n<figure id=\"attachment_132006\" aria-describedby=\"caption-attachment-132006\" style=\"width: 595px\" class=\"wp-caption aligncenter\"><img decoding=\"async\" class=\"wp-image-132006\" src=\"https:\/\/nk7-testes.com.br\/wp-content\/uploads\/2024\/05\/WhatsApp-Image-2024-05-09-at-11.42.43-jpeg.webp\" alt=\"\" width=\"595\" height=\"335\" srcset=\"https:\/\/nk7-testes.com.br\/agazeta\/wp-content\/uploads\/2024\/05\/WhatsApp-Image-2024-05-09-at-11.42.43-jpeg.webp 1600w, https:\/\/nk7-testes.com.br\/agazeta\/wp-content\/uploads\/2024\/05\/WhatsApp-Image-2024-05-09-at-11.42.43-300x169.webp 300w, https:\/\/nk7-testes.com.br\/agazeta\/wp-content\/uploads\/2024\/05\/WhatsApp-Image-2024-05-09-at-11.42.43-1024x576.webp 1024w, https:\/\/nk7-testes.com.br\/agazeta\/wp-content\/uploads\/2024\/05\/WhatsApp-Image-2024-05-09-at-11.42.43-768x432.webp 768w, https:\/\/nk7-testes.com.br\/agazeta\/wp-content\/uploads\/2024\/05\/WhatsApp-Image-2024-05-09-at-11.42.43-1536x864.webp 1536w, https:\/\/nk7-testes.com.br\/agazeta\/wp-content\/uploads\/2024\/05\/WhatsApp-Image-2024-05-09-at-11.42.43-750x422.webp 750w, https:\/\/nk7-testes.com.br\/agazeta\/wp-content\/uploads\/2024\/05\/WhatsApp-Image-2024-05-09-at-11.42.43-1140x641.webp 1140w\" sizes=\"(max-width: 595px) 100vw, 595px\" \/><figcaption id=\"caption-attachment-132006\" class=\"wp-caption-text\">Imagem retirada da mat\u00e9ria em v\u00eddeo<\/figcaption><\/figure>\n<p style=\"text-align: justify;\"><span style=\"font-weight: 400;\">O homem disse que se livrou das drogas, e conseguiu atrav\u00e9s de uma ONG uma vaga em um curso profissionalizante, mas n\u00e3o consegue sair das ruas. Faz pequenos servi\u00e7os durante o dia e noite para garantir o alimento; dorme, assim como muitos outros, em qualquer lugar do centro. N\u00e3o tem a menor vontade de voltar para casa.<\/span><\/p>\n<p style=\"text-align: justify;\"><span style=\"font-weight: 400;\">Para chegar at\u00e9 onde a mulher vive \u00e9 preciso ter cuidado para n\u00e3o escorregar e depois n\u00e3o bater a cabe\u00e7a na madeira que ainda sustenta o bar, que fica no mercado novo. A mineira, como \u00e9 conhecida, vive h\u00e1 26 anos nas ruas de Rio Branco. Hoje mora de favor em um local perigoso e sem energia, embaixo do bar onde ela ajuda a atender durante o dia. H\u00e1 6 anos encontrou o baiano e agora juntos se protegem e enfrentam os problemas que todas as pessoas em situa\u00e7\u00e3o de rua enfrentam: sobreviver.<\/span><\/p>\n<p style=\"text-align: justify;\"><span style=\"font-weight: 400;\">\u201cDep\u00f3sito, papel\u00e3o, uma escola aqui na rua para n\u00f3s, que muitos de n\u00f3s que estudam, a pessoa n\u00e3o vai gostar da escola normal, das outras escolas, vai desligar a gente. Porque o morador de rua n\u00e3o quer dizer que \u00e9 viciado. Tem v\u00e1rios tipos, tem v\u00e1rias classifica\u00e7\u00f5es, t\u00e1 entendendo? Mas n\u00f3s tentamos sempre nos unir, um ajudar o outro. Mas o que, primeiramente, o viciado precisa realmente \u00e9 a documenta\u00e7\u00e3o mais r\u00e1pida poss\u00edvel para poder se identificar pro governo\u201d, explica a mineiro.<\/span><\/p>\n<figure id=\"attachment_132009\" aria-describedby=\"caption-attachment-132009\" style=\"width: 561px\" class=\"wp-caption aligncenter\"><img decoding=\"async\" class=\"wp-image-132009\" src=\"https:\/\/nk7-testes.com.br\/wp-content\/uploads\/2024\/05\/WhatsApp-Image-2024-05-09-at-11.42.42-scaled.webp\" alt=\"\" width=\"561\" height=\"316\" srcset=\"https:\/\/nk7-testes.com.br\/agazeta\/wp-content\/uploads\/2024\/05\/WhatsApp-Image-2024-05-09-at-11.42.42-scaled.webp 2560w, https:\/\/nk7-testes.com.br\/agazeta\/wp-content\/uploads\/2024\/05\/WhatsApp-Image-2024-05-09-at-11.42.42-300x169.webp 300w, https:\/\/nk7-testes.com.br\/agazeta\/wp-content\/uploads\/2024\/05\/WhatsApp-Image-2024-05-09-at-11.42.42-1024x576.webp 1024w, https:\/\/nk7-testes.com.br\/agazeta\/wp-content\/uploads\/2024\/05\/WhatsApp-Image-2024-05-09-at-11.42.42-768x432.webp 768w, https:\/\/nk7-testes.com.br\/agazeta\/wp-content\/uploads\/2024\/05\/WhatsApp-Image-2024-05-09-at-11.42.42-1536x865.webp 1536w, https:\/\/nk7-testes.com.br\/agazeta\/wp-content\/uploads\/2024\/05\/WhatsApp-Image-2024-05-09-at-11.42.42-2048x1153.webp 2048w, https:\/\/nk7-testes.com.br\/agazeta\/wp-content\/uploads\/2024\/05\/WhatsApp-Image-2024-05-09-at-11.42.42-750x422.webp 750w, https:\/\/nk7-testes.com.br\/agazeta\/wp-content\/uploads\/2024\/05\/WhatsApp-Image-2024-05-09-at-11.42.42-1140x642.webp 1140w\" sizes=\"(max-width: 561px) 100vw, 561px\" \/><figcaption id=\"caption-attachment-132009\" class=\"wp-caption-text\">Imagem retirada da mat\u00e9ria em v\u00eddeo<\/figcaption><\/figure>\n<p style=\"text-align: justify;\"><span style=\"font-weight: 400;\">A promotoria de defesa dos direitos humanos acusa o poder p\u00fablico de deixar ainda pior a vida de quem vive nas ruas. O governo e a Prefeitura da capital n\u00e3o t\u00eam pol\u00edticas p\u00fablicas para esse tipo de situa\u00e7\u00e3o. Atualmente o munic\u00edpio mant\u00e9m duas casas de acolhimento, mas elas n\u00e3o atuam como deveriam. O caso mais grave \u00e9 da casa de passagem Rhuama, no bairro Castelo Branco. A Prefeitura repassa 14 mil reais por m\u00eas, mais dinheiro da energia e da comida para o abrigo manter durante a noite 10 pessoas em dois quartos<\/span><\/p>\n<figure id=\"attachment_132008\" aria-describedby=\"caption-attachment-132008\" style=\"width: 537px\" class=\"wp-caption aligncenter\"><img decoding=\"async\" class=\"wp-image-132008\" src=\"https:\/\/nk7-testes.com.br\/wp-content\/uploads\/2024\/05\/WhatsApp-Image-2024-05-09-at-11.42.42-1-scaled.webp\" alt=\"\" width=\"537\" height=\"403\" srcset=\"https:\/\/nk7-testes.com.br\/agazeta\/wp-content\/uploads\/2024\/05\/WhatsApp-Image-2024-05-09-at-11.42.42-1-scaled.webp 2560w, https:\/\/nk7-testes.com.br\/agazeta\/wp-content\/uploads\/2024\/05\/WhatsApp-Image-2024-05-09-at-11.42.42-1-300x225.webp 300w, https:\/\/nk7-testes.com.br\/agazeta\/wp-content\/uploads\/2024\/05\/WhatsApp-Image-2024-05-09-at-11.42.42-1-1024x769.webp 1024w, https:\/\/nk7-testes.com.br\/agazeta\/wp-content\/uploads\/2024\/05\/WhatsApp-Image-2024-05-09-at-11.42.42-1-768x577.webp 768w, https:\/\/nk7-testes.com.br\/agazeta\/wp-content\/uploads\/2024\/05\/WhatsApp-Image-2024-05-09-at-11.42.42-1-1536x1153.webp 1536w, https:\/\/nk7-testes.com.br\/agazeta\/wp-content\/uploads\/2024\/05\/WhatsApp-Image-2024-05-09-at-11.42.42-1-2048x1538.webp 2048w, https:\/\/nk7-testes.com.br\/agazeta\/wp-content\/uploads\/2024\/05\/WhatsApp-Image-2024-05-09-at-11.42.42-1-750x563.webp 750w, https:\/\/nk7-testes.com.br\/agazeta\/wp-content\/uploads\/2024\/05\/WhatsApp-Image-2024-05-09-at-11.42.42-1-1140x856.webp 1140w\" sizes=\"(max-width: 537px) 100vw, 537px\" \/><figcaption id=\"caption-attachment-132008\" class=\"wp-caption-text\">Imagem retirada da mat\u00e9ria em v\u00eddeo<\/figcaption><\/figure>\n<p style=\"text-align: justify;\"><span style=\"font-weight: 400;\">O diretor de Assist\u00eancia Social da Prefeitura de Rio Branco, Ivan Ferreira, garantiu que todos os of\u00edcios foram respondidos pelo Minist\u00e9rio P\u00fablico do Acre (MPAC). E se existem problemas e den\u00fancias nas casas de albergues, precisam chegar \u00e0 Secretaria para que provid\u00eancias sejam tomadas.<\/span><\/p>\n<p style=\"text-align: justify;\"><span style=\"font-weight: 400;\">\u201cN\u00f3s ainda n\u00e3o recebemos, ainda n\u00e3o temos conhecimento desse relat\u00f3rio, mas n\u00e3o tenha d\u00favida de que todo relat\u00f3rio que vem por parte dos \u00f3rg\u00e3os de controle ser\u00e1 apurado por parte da nossa gest\u00e3o. N\u00f3s somos transparentes e aquilo que a gente verificar que n\u00e3o est\u00e1 no plano e no termo, n\u00f3s vamos apurar e ser\u00e1 corrigido\u201d, enfatiza.<\/span><\/p>\n<p style=\"text-align: justify;\"><span style=\"font-weight: 400;\">Essa falta de comunica\u00e7\u00e3o e aten\u00e7\u00e3o aos \u00f3rg\u00e3os fiscalizadores fez com que o prefeito exonerasse a secret\u00e1ria Suellen Ara\u00fajo na semana passada. O governo do estado tamb\u00e9m n\u00e3o tem acompanhamento da situa\u00e7\u00e3o. Para Rio Branco s\u00e3o repassados mensalmente menos de 40 mil reais para atendimento aos servi\u00e7os sociais. N\u00e3o existe preocupa\u00e7\u00e3o com resultados e nem proposta de ajuda aos munic\u00edpios. Assim como a Prefeitura de Rio Branco, a Secretaria de Assist\u00eancia Social do estado mudou v\u00e1rias vezes de secret\u00e1rio.\u00a0<\/span><\/p>\n<p style=\"text-align: justify;\"><span style=\"font-weight: 400;\">A vice-governadora Mailza Assis, que comanda a pasta e vende a imagem de que atua nas causas sociais, tamb\u00e9m n\u00e3o se preocupa com o crescimento das pessoas que vivem em situa\u00e7\u00e3o de rua. O respons\u00e1vel por uma ONG, Janes Peteca, que atua diretamente na ajuda a essas pessoas, afirma que o poder p\u00fablico fechou os olhos para o problema.<\/span><\/p>\n<p style=\"text-align: justify;\"><span style=\"font-weight: 400;\">\u201cPor exemplo, n\u00f3s temos uma popula\u00e7\u00e3o de aproximadamente 500 mil habitantes em Rio Branco. E o que ocorre? Espa\u00e7os para 10 pessoas s\u00e3o muito pouco. A gente v\u00ea a quantidade de pessoas em situa\u00e7\u00e3o de rua em Rio Branco, que s\u00e3o mais ou menos 600, n\u00e3o tem condi\u00e7\u00e3o. Muitos est\u00e3o querendo sair. O Estado tem que ter um assistente social, um psic\u00f3logo, um pedagogo, um psiquiatra, uma equipe profissional, muito profissional para isso. E se n\u00e3o for constru\u00eddo, a tend\u00eancia \u00e9 apenas o crescimento das pessoas em situa\u00e7\u00e3o de rua\u201d, esclarece Janes Peteca.<\/span><\/p>\n<figure id=\"attachment_132004\" aria-describedby=\"caption-attachment-132004\" style=\"width: 507px\" class=\"wp-caption aligncenter\"><img decoding=\"async\" class=\"wp-image-132004\" src=\"https:\/\/nk7-testes.com.br\/wp-content\/uploads\/2024\/05\/WhatsApp-Image-2024-05-09-at-11.42.43-2-jpeg.webp\" alt=\"\" width=\"507\" height=\"380\" srcset=\"https:\/\/nk7-testes.com.br\/agazeta\/wp-content\/uploads\/2024\/05\/WhatsApp-Image-2024-05-09-at-11.42.43-2-jpeg.webp 1599w, https:\/\/nk7-testes.com.br\/agazeta\/wp-content\/uploads\/2024\/05\/WhatsApp-Image-2024-05-09-at-11.42.43-2-300x225.webp 300w, https:\/\/nk7-testes.com.br\/agazeta\/wp-content\/uploads\/2024\/05\/WhatsApp-Image-2024-05-09-at-11.42.43-2-1024x768.webp 1024w, https:\/\/nk7-testes.com.br\/agazeta\/wp-content\/uploads\/2024\/05\/WhatsApp-Image-2024-05-09-at-11.42.43-2-768x576.webp 768w, https:\/\/nk7-testes.com.br\/agazeta\/wp-content\/uploads\/2024\/05\/WhatsApp-Image-2024-05-09-at-11.42.43-2-1536x1153.webp 1536w, https:\/\/nk7-testes.com.br\/agazeta\/wp-content\/uploads\/2024\/05\/WhatsApp-Image-2024-05-09-at-11.42.43-2-750x563.webp 750w, https:\/\/nk7-testes.com.br\/agazeta\/wp-content\/uploads\/2024\/05\/WhatsApp-Image-2024-05-09-at-11.42.43-2-1140x856.webp 1140w\" sizes=\"(max-width: 507px) 100vw, 507px\" \/><figcaption id=\"caption-attachment-132004\" class=\"wp-caption-text\">Adailson Oliveira, Janes Peteca e um morador de rua na mat\u00e9ria em v\u00eddeo.<\/figcaption><\/figure>\n<p style=\"text-align: justify;\"><span style=\"font-weight: 400;\">Enquanto o poder p\u00fablico fecha os olhos para o problema, o centro de Rio Branco pode virar uma Cracol\u00e2ndia no futuro. \u00c9 preciso pensar que bastava uma pol\u00edtica mais ativa para neste momento tirar algumas pessoas que querem fugir do v\u00edcio das ruas e buscar tratamento para outras que j\u00e1 sofrem de transtornos mentais.<\/span><\/p>\n<p style=\"text-align: justify;\"><em>Mat\u00e9ria em v\u00eddeo produzida pelo rep\u00f3rter Adailson Oliveira para a TV Gazeta<\/em><\/p>\n","protected":false},"excerpt":{"rendered":"<p>A escurid\u00e3o nas pra\u00e7as e pr\u00e9dios p\u00fablicos no centro de Rio Branco ajuda a criar um cen\u00e1rio de abandono pelo poder p\u00fablico e a invas\u00e3o dessas \u00e1reas pelas pessoas que vivem em situa\u00e7\u00e3o de rua. Bancos, com\u00e9rcios, cal\u00e7adas e a Assembleia Legislativa do Acre (Aleac) s\u00e3o pontos de descanso. Quando vem o cansa\u00e7o e sono, [&hellip;]<\/p>\n","protected":false},"author":4,"featured_media":132005,"comment_status":"open","ping_status":"open","sticky":false,"template":"","format":"standard","meta":{"jnews-multi-image_gallery":[],"jnews_single_post":{"source_name":"","source_url":"","via_name":"","via_url":"","override_template":"0","override":[{"template":"custom","single_blog_custom":"110746","parallax":"1","fullscreen":"1","layout":"right-sidebar","sidebar":"default-sidebar","second_sidebar":"default-sidebar","sticky_sidebar":"1","share_position":"top","share_float_style":"share-monocrhome","show_share_counter":"1","show_view_counter":"1","show_featured":"1","show_post_meta":"1","show_post_author":"1","show_post_author_image":"1","show_post_date":"1","post_date_format":"default","post_date_format_custom":"Y\/m\/d","show_post_category":"1","show_post_reading_time":"0","post_reading_time_wpm":"300","show_zoom_button":"0","zoom_button_out_step":"2","zoom_button_in_step":"3","show_post_tag":"1","show_prev_next_post":"1","show_popup_post":"1","number_popup_post":"1","show_author_box":"0","show_post_related":"1","show_inline_post_related":"0"}],"override_image_size":"0","image_override":[{"single_post_thumbnail_size":"crop-500","single_post_gallery_size":"crop-500"}],"trending_post":"0","trending_post_position":"meta","trending_post_label":"Trending","sponsored_post":"0","sponsored_post_label":"Sponsored by","sponsored_post_name":"","sponsored_post_url":"","sponsored_post_logo_enable":"0","sponsored_post_logo":"","sponsored_post_desc":"","disable_ad":"0"},"jnews_primary_category":{"id":"","hide":""},"jnews_social_meta":{"fb_title":"","fb_description":"","fb_image":"","twitter_title":"","twitter_description":"","twitter_image":""},"jnews_review":[],"enable_review":"0","type":"percentage","name":"","summary":"","brand":"","sku":"","good":[{"good_text":""}],"bad":[{"bad_text":""}],"score_override":"0","override_value":"","rating":[{"rating_text":"","rating_number":"10"}],"price":[{"shop":"","price":"","link":"","icon":""}],"footnotes":""},"categories":[54],"tags":[152],"class_list":["post-132001","post","type-post","status-publish","format-standard","has-post-thumbnail","hentry","category-cotidiano","tag-destaque"],"yoast_head":"<!-- This site is optimized with the Yoast SEO plugin v26.5 - https:\/\/yoast.com\/wordpress\/plugins\/seo\/ -->\n<title>&#039;Cracol\u00e2ndia no futuro&#039;: reportagem especial sobre a invisibilidade das pessoas em situa\u00e7\u00e3o de rua em RB - Agazeta.net<\/title>\n<meta name=\"robots\" content=\"index, follow, max-snippet:-1, max-image-preview:large, max-video-preview:-1\" \/>\n<link rel=\"canonical\" href=\"https:\/\/nk7-testes.com.br\/agazeta\/cracolandia-no-futuro-reportagem-especial-sobre-a-invisibilidade-das-pessoas-em-situacao-de-rua-em-rb\/\" \/>\n<meta property=\"og:locale\" content=\"pt_BR\" \/>\n<meta property=\"og:type\" content=\"article\" \/>\n<meta property=\"og:title\" content=\"&#039;Cracol\u00e2ndia no futuro&#039;: reportagem especial sobre a invisibilidade das pessoas em situa\u00e7\u00e3o de rua em RB\" \/>\n<meta property=\"og:description\" content=\"A reportagem especial foi produzida pela TV Gazeta\" \/>\n<meta property=\"og:url\" content=\"https:\/\/nk7-testes.com.br\/agazeta\/cracolandia-no-futuro-reportagem-especial-sobre-a-invisibilidade-das-pessoas-em-situacao-de-rua-em-rb\/\" \/>\n<meta property=\"og:site_name\" content=\"Agazeta.net\" \/>\n<meta property=\"article:published_time\" content=\"2024-05-09T16:51:57+00:00\" \/>\n<meta property=\"article:modified_time\" content=\"2024-05-09T16:53:07+00:00\" \/>\n<meta property=\"og:image\" content=\"https:\/\/nk7-testes.com.br\/agazeta\/wp-content\/uploads\/2024\/05\/WhatsApp-Image-2024-05-09-at-11.42.43-1-scaled.webp\" \/>\n\t<meta property=\"og:image:width\" content=\"2560\" \/>\n\t<meta property=\"og:image:height\" content=\"1442\" \/>\n\t<meta property=\"og:image:type\" content=\"image\/jpeg\" \/>\n<meta name=\"author\" content=\"Agazeta.Net\" \/>\n<meta name=\"twitter:card\" content=\"summary_large_image\" \/>\n<meta name=\"twitter:title\" content=\"&#039;Cracol\u00e2ndia no futuro&#039;: reportagem especial sobre a invisibilidade das pessoas em situa\u00e7\u00e3o de rua em RB\" \/>\n<meta name=\"twitter:description\" content=\"A reportagem especial foi produzida pela TV Gazeta\" \/>\n<meta name=\"twitter:image\" content=\"https:\/\/nk7-testes.com.br\/agazeta\/wp-content\/uploads\/2024\/05\/WhatsApp-Image-2024-05-09-at-11.42.43-1-scaled.webp\" \/>\n<meta name=\"twitter:label1\" content=\"Escrito por\" \/>\n\t<meta name=\"twitter:data1\" content=\"Agazeta.Net\" \/>\n\t<meta name=\"twitter:label2\" content=\"Est. tempo de leitura\" \/>\n\t<meta name=\"twitter:data2\" content=\"6 minutos\" \/>\n<script type=\"application\/ld+json\" class=\"yoast-schema-graph\">{\"@context\":\"https:\/\/schema.org\",\"@graph\":[{\"@type\":\"WebPage\",\"@id\":\"https:\/\/nk7-testes.com.br\/agazeta\/cracolandia-no-futuro-reportagem-especial-sobre-a-invisibilidade-das-pessoas-em-situacao-de-rua-em-rb\/\",\"url\":\"https:\/\/nk7-testes.com.br\/agazeta\/cracolandia-no-futuro-reportagem-especial-sobre-a-invisibilidade-das-pessoas-em-situacao-de-rua-em-rb\/\",\"name\":\"'Cracol\u00e2ndia no futuro': reportagem especial sobre a invisibilidade das pessoas em situa\u00e7\u00e3o de rua em RB - Agazeta.net\",\"isPartOf\":{\"@id\":\"https:\/\/nk7-testes.com.br\/agazeta\/#website\"},\"primaryImageOfPage\":{\"@id\":\"https:\/\/nk7-testes.com.br\/agazeta\/cracolandia-no-futuro-reportagem-especial-sobre-a-invisibilidade-das-pessoas-em-situacao-de-rua-em-rb\/#primaryimage\"},\"image\":{\"@id\":\"https:\/\/nk7-testes.com.br\/agazeta\/cracolandia-no-futuro-reportagem-especial-sobre-a-invisibilidade-das-pessoas-em-situacao-de-rua-em-rb\/#primaryimage\"},\"thumbnailUrl\":\"https:\/\/nk7-testes.com.br\/agazeta\/wp-content\/uploads\/2024\/05\/WhatsApp-Image-2024-05-09-at-11.42.43-1-scaled.webp\",\"datePublished\":\"2024-05-09T16:51:57+00:00\",\"dateModified\":\"2024-05-09T16:53:07+00:00\",\"author\":{\"@id\":\"https:\/\/nk7-testes.com.br\/agazeta\/#\/schema\/person\/6d6e25cb0435eb4a02fd44d30b4e3020\"},\"breadcrumb\":{\"@id\":\"https:\/\/nk7-testes.com.br\/agazeta\/cracolandia-no-futuro-reportagem-especial-sobre-a-invisibilidade-das-pessoas-em-situacao-de-rua-em-rb\/#breadcrumb\"},\"inLanguage\":\"pt-BR\",\"potentialAction\":[{\"@type\":\"ReadAction\",\"target\":[\"https:\/\/nk7-testes.com.br\/agazeta\/cracolandia-no-futuro-reportagem-especial-sobre-a-invisibilidade-das-pessoas-em-situacao-de-rua-em-rb\/\"]}]},{\"@type\":\"ImageObject\",\"inLanguage\":\"pt-BR\",\"@id\":\"https:\/\/nk7-testes.com.br\/agazeta\/cracolandia-no-futuro-reportagem-especial-sobre-a-invisibilidade-das-pessoas-em-situacao-de-rua-em-rb\/#primaryimage\",\"url\":\"https:\/\/nk7-testes.com.br\/agazeta\/wp-content\/uploads\/2024\/05\/WhatsApp-Image-2024-05-09-at-11.42.43-1-scaled.webp\",\"contentUrl\":\"https:\/\/nk7-testes.com.br\/agazeta\/wp-content\/uploads\/2024\/05\/WhatsApp-Image-2024-05-09-at-11.42.43-1-scaled.webp\",\"width\":2560,\"height\":1442,\"caption\":\"Imagem retirada da reportagem\"},{\"@type\":\"BreadcrumbList\",\"@id\":\"https:\/\/nk7-testes.com.br\/agazeta\/cracolandia-no-futuro-reportagem-especial-sobre-a-invisibilidade-das-pessoas-em-situacao-de-rua-em-rb\/#breadcrumb\",\"itemListElement\":[{\"@type\":\"ListItem\",\"position\":1,\"name\":\"In\u00edcio\",\"item\":\"https:\/\/nk7-testes.com.br\/agazeta\/\"},{\"@type\":\"ListItem\",\"position\":2,\"name\":\"&#8216;Cracol\u00e2ndia no futuro&#8217;: reportagem especial sobre a invisibilidade das pessoas em situa\u00e7\u00e3o de rua em RB\"}]},{\"@type\":\"WebSite\",\"@id\":\"https:\/\/nk7-testes.com.br\/agazeta\/#website\",\"url\":\"https:\/\/nk7-testes.com.br\/agazeta\/\",\"name\":\"Agazeta.net\",\"description\":\"Agazeta.net - Not\u00edcias de Rio Branco\/AC\",\"potentialAction\":[{\"@type\":\"SearchAction\",\"target\":{\"@type\":\"EntryPoint\",\"urlTemplate\":\"https:\/\/nk7-testes.com.br\/agazeta\/?s={search_term_string}\"},\"query-input\":{\"@type\":\"PropertyValueSpecification\",\"valueRequired\":true,\"valueName\":\"search_term_string\"}}],\"inLanguage\":\"pt-BR\"},{\"@type\":\"Person\",\"@id\":\"https:\/\/nk7-testes.com.br\/agazeta\/#\/schema\/person\/6d6e25cb0435eb4a02fd44d30b4e3020\",\"name\":\"Agazeta.Net\",\"url\":\"https:\/\/nk7-testes.com.br\/agazeta\/author\/agazeta\/\"}]}<\/script>\n<!-- \/ Yoast SEO plugin. -->","yoast_head_json":{"title":"'Cracol\u00e2ndia no futuro': reportagem especial sobre a invisibilidade das pessoas em situa\u00e7\u00e3o de rua em RB - Agazeta.net","robots":{"index":"index","follow":"follow","max-snippet":"max-snippet:-1","max-image-preview":"max-image-preview:large","max-video-preview":"max-video-preview:-1"},"canonical":"https:\/\/nk7-testes.com.br\/agazeta\/cracolandia-no-futuro-reportagem-especial-sobre-a-invisibilidade-das-pessoas-em-situacao-de-rua-em-rb\/","og_locale":"pt_BR","og_type":"article","og_title":"'Cracol\u00e2ndia no futuro': reportagem especial sobre a invisibilidade das pessoas em situa\u00e7\u00e3o de rua em RB","og_description":"A reportagem especial foi produzida pela TV Gazeta","og_url":"https:\/\/nk7-testes.com.br\/agazeta\/cracolandia-no-futuro-reportagem-especial-sobre-a-invisibilidade-das-pessoas-em-situacao-de-rua-em-rb\/","og_site_name":"Agazeta.net","article_published_time":"2024-05-09T16:51:57+00:00","article_modified_time":"2024-05-09T16:53:07+00:00","og_image":[{"width":2560,"height":1442,"url":"https:\/\/nk7-testes.com.br\/agazeta\/wp-content\/uploads\/2024\/05\/WhatsApp-Image-2024-05-09-at-11.42.43-1-scaled.webp","type":"image\/jpeg"}],"author":"Agazeta.Net","twitter_card":"summary_large_image","twitter_title":"'Cracol\u00e2ndia no futuro': reportagem especial sobre a invisibilidade das pessoas em situa\u00e7\u00e3o de rua em RB","twitter_description":"A reportagem especial foi produzida pela TV Gazeta","twitter_image":"https:\/\/nk7-testes.com.br\/agazeta\/wp-content\/uploads\/2024\/05\/WhatsApp-Image-2024-05-09-at-11.42.43-1-scaled.webp","twitter_misc":{"Escrito por":"Agazeta.Net","Est. tempo de leitura":"6 minutos"},"schema":{"@context":"https:\/\/schema.org","@graph":[{"@type":"WebPage","@id":"https:\/\/nk7-testes.com.br\/agazeta\/cracolandia-no-futuro-reportagem-especial-sobre-a-invisibilidade-das-pessoas-em-situacao-de-rua-em-rb\/","url":"https:\/\/nk7-testes.com.br\/agazeta\/cracolandia-no-futuro-reportagem-especial-sobre-a-invisibilidade-das-pessoas-em-situacao-de-rua-em-rb\/","name":"'Cracol\u00e2ndia no futuro': reportagem especial sobre a invisibilidade das pessoas em situa\u00e7\u00e3o de rua em RB - Agazeta.net","isPartOf":{"@id":"https:\/\/nk7-testes.com.br\/agazeta\/#website"},"primaryImageOfPage":{"@id":"https:\/\/nk7-testes.com.br\/agazeta\/cracolandia-no-futuro-reportagem-especial-sobre-a-invisibilidade-das-pessoas-em-situacao-de-rua-em-rb\/#primaryimage"},"image":{"@id":"https:\/\/nk7-testes.com.br\/agazeta\/cracolandia-no-futuro-reportagem-especial-sobre-a-invisibilidade-das-pessoas-em-situacao-de-rua-em-rb\/#primaryimage"},"thumbnailUrl":"https:\/\/nk7-testes.com.br\/agazeta\/wp-content\/uploads\/2024\/05\/WhatsApp-Image-2024-05-09-at-11.42.43-1-scaled.webp","datePublished":"2024-05-09T16:51:57+00:00","dateModified":"2024-05-09T16:53:07+00:00","author":{"@id":"https:\/\/nk7-testes.com.br\/agazeta\/#\/schema\/person\/6d6e25cb0435eb4a02fd44d30b4e3020"},"breadcrumb":{"@id":"https:\/\/nk7-testes.com.br\/agazeta\/cracolandia-no-futuro-reportagem-especial-sobre-a-invisibilidade-das-pessoas-em-situacao-de-rua-em-rb\/#breadcrumb"},"inLanguage":"pt-BR","potentialAction":[{"@type":"ReadAction","target":["https:\/\/nk7-testes.com.br\/agazeta\/cracolandia-no-futuro-reportagem-especial-sobre-a-invisibilidade-das-pessoas-em-situacao-de-rua-em-rb\/"]}]},{"@type":"ImageObject","inLanguage":"pt-BR","@id":"https:\/\/nk7-testes.com.br\/agazeta\/cracolandia-no-futuro-reportagem-especial-sobre-a-invisibilidade-das-pessoas-em-situacao-de-rua-em-rb\/#primaryimage","url":"https:\/\/nk7-testes.com.br\/agazeta\/wp-content\/uploads\/2024\/05\/WhatsApp-Image-2024-05-09-at-11.42.43-1-scaled.webp","contentUrl":"https:\/\/nk7-testes.com.br\/agazeta\/wp-content\/uploads\/2024\/05\/WhatsApp-Image-2024-05-09-at-11.42.43-1-scaled.webp","width":2560,"height":1442,"caption":"Imagem retirada da reportagem"},{"@type":"BreadcrumbList","@id":"https:\/\/nk7-testes.com.br\/agazeta\/cracolandia-no-futuro-reportagem-especial-sobre-a-invisibilidade-das-pessoas-em-situacao-de-rua-em-rb\/#breadcrumb","itemListElement":[{"@type":"ListItem","position":1,"name":"In\u00edcio","item":"https:\/\/nk7-testes.com.br\/agazeta\/"},{"@type":"ListItem","position":2,"name":"&#8216;Cracol\u00e2ndia no futuro&#8217;: reportagem especial sobre a invisibilidade das pessoas em situa\u00e7\u00e3o de rua em RB"}]},{"@type":"WebSite","@id":"https:\/\/nk7-testes.com.br\/agazeta\/#website","url":"https:\/\/nk7-testes.com.br\/agazeta\/","name":"Agazeta.net","description":"Agazeta.net - Not\u00edcias de Rio Branco\/AC","potentialAction":[{"@type":"SearchAction","target":{"@type":"EntryPoint","urlTemplate":"https:\/\/nk7-testes.com.br\/agazeta\/?s={search_term_string}"},"query-input":{"@type":"PropertyValueSpecification","valueRequired":true,"valueName":"search_term_string"}}],"inLanguage":"pt-BR"},{"@type":"Person","@id":"https:\/\/nk7-testes.com.br\/agazeta\/#\/schema\/person\/6d6e25cb0435eb4a02fd44d30b4e3020","name":"Agazeta.Net","url":"https:\/\/nk7-testes.com.br\/agazeta\/author\/agazeta\/"}]}},"_links":{"self":[{"href":"https:\/\/nk7-testes.com.br\/agazeta\/wp-json\/wp\/v2\/posts\/132001","targetHints":{"allow":["GET"]}}],"collection":[{"href":"https:\/\/nk7-testes.com.br\/agazeta\/wp-json\/wp\/v2\/posts"}],"about":[{"href":"https:\/\/nk7-testes.com.br\/agazeta\/wp-json\/wp\/v2\/types\/post"}],"author":[{"embeddable":true,"href":"https:\/\/nk7-testes.com.br\/agazeta\/wp-json\/wp\/v2\/users\/4"}],"replies":[{"embeddable":true,"href":"https:\/\/nk7-testes.com.br\/agazeta\/wp-json\/wp\/v2\/comments?post=132001"}],"version-history":[{"count":0,"href":"https:\/\/nk7-testes.com.br\/agazeta\/wp-json\/wp\/v2\/posts\/132001\/revisions"}],"wp:featuredmedia":[{"embeddable":true,"href":"https:\/\/nk7-testes.com.br\/agazeta\/wp-json\/wp\/v2\/media\/132005"}],"wp:attachment":[{"href":"https:\/\/nk7-testes.com.br\/agazeta\/wp-json\/wp\/v2\/media?parent=132001"}],"wp:term":[{"taxonomy":"category","embeddable":true,"href":"https:\/\/nk7-testes.com.br\/agazeta\/wp-json\/wp\/v2\/categories?post=132001"},{"taxonomy":"post_tag","embeddable":true,"href":"https:\/\/nk7-testes.com.br\/agazeta\/wp-json\/wp\/v2\/tags?post=132001"}],"curies":[{"name":"wp","href":"https:\/\/api.w.org\/{rel}","templated":true}]}}