{"id":131857,"date":"2024-05-07T16:32:51","date_gmt":"2024-05-07T21:32:51","guid":{"rendered":"https:\/\/nk7-testes.com.br\/?p=131857"},"modified":"2024-05-07T16:32:51","modified_gmt":"2024-05-07T21:32:51","slug":"acre-tem-risco-de-incendios-florestais-entre-abril-e-novembro-de-2024-aponta-governo","status":"publish","type":"post","link":"https:\/\/nk7-testes.com.br\/agazeta\/acre-tem-risco-de-incendios-florestais-entre-abril-e-novembro-de-2024-aponta-governo\/","title":{"rendered":"Acre tem risco de inc\u00eandios florestais entre abril e novembro de 2024, aponta governo"},"content":{"rendered":"<p style=\"text-align: justify;\">O Minist\u00e9rio do Meio Ambiente e Mudan\u00e7as do Clima publicou em edi\u00e7\u00e3o do Di\u00e1rio Oficial da Uni\u00e3o (DOU), o calend\u00e1rio de emerg\u00eancia ambiental em \u00e1reas mais suscet\u00edveis a inc\u00eandios florestais entre fevereiro de 2024 e abril de 2025. O Acre aparece com risco de inc\u00eandios florestais entre abril e novembro deste ano.<\/p>\n<p style=\"text-align: justify;\">&#8220;A n\u00edvel de Amaz\u00f4nia essa informa\u00e7\u00e3o ela \u00e9 real, porque n\u00f3s temos alguns estados mais na regi\u00e3o equatorial que vivenciam os incidentes em um momento oposto ao nosso. Quando n\u00f3s estamos vivenciando a inunda\u00e7\u00e3o, alguns estados est\u00e3o vivenciando inc\u00eandios florestais&#8221;, afirma o comandante operacional do interior, capit\u00e3o Freitas Filho.<\/p>\n<p style=\"text-align: justify;\">Em junho inicia a potencializa\u00e7\u00e3o dos riscos de inc\u00eandios ambientais, e o Corpo de Bombeiros Militar do Acre (CBM\/AC) trabalha, nesse momento, o planejamento e operacionaliza\u00e7\u00e3o das a\u00e7\u00f5es de preven\u00e7\u00e3o.<\/p>\n<p style=\"text-align: justify;\">&#8220;N\u00f3s j\u00e1 estamos com nosso planejamento da opera\u00e7\u00e3o &#8216;Fogo Controlado&#8217; todo pronto. J\u00e1 estamos estartando a operacionaliza\u00e7\u00e3o desse planejamento, atrav\u00e9s de atividades de educa\u00e7\u00e3o ambiental, atividades preventivas na comunidade, com forma\u00e7\u00e3o de brigadas, atua\u00e7\u00e3o em escolas, divulga\u00e7\u00e3o em redes sociais&#8221;, conta\u00a0 capit\u00e3o.<\/p>\n<p style=\"text-align: justify;\">A publica\u00e7\u00e3o da portaria que declara estado de emerg\u00eancia ambiental \u00e9 um procedimento anual, que disp\u00f5e sobre a contrata\u00e7\u00e3o por tempo determinado para atender \u00e0 necessidade tempor\u00e1ria de interesse p\u00fablico.<\/p>\n<p style=\"text-align: justify;\">Segundo o Governo Federal, s\u00e3o contratadas brigadas especializadas para cada per\u00edodo e regi\u00e3o, como agentes ind\u00edgenas, quilombolas e de comunidades que conhe\u00e7am o territ\u00f3rio e possam contribuir com a\u00e7\u00f5es preventivas. Al\u00e9m de verbas fornecidas para os programas de combate aos inc\u00eandios.<\/p>\n<p style=\"text-align: justify;\">Relacionado a desmatamento e inc\u00eandios florestais, o CBM\/AC destaca que o Acre reduziu em quase 50% os focos de calor entre o per\u00edodo de 2022 a 2023. Dentro desse cen\u00e1rio, h\u00e1 regi\u00f5es que ficam mais vulner\u00e1veis de acordo com o per\u00edodo do ano.<\/p>\n<p style=\"text-align: justify;\">&#8220;O nosso estado disp\u00f5e de recursos e o Governo Federal nos apoia com o custeio de manuten\u00e7\u00e3o dos equipamentos e o custeio das equipes em campo. Isso nos ajuda a potencializar e refor\u00e7ar esse nosso efetivo que pode ser movimentado no terreno, de acordo com a din\u00e2mica e demanda desses inc\u00eandios&#8221;, destaca Freitas Filho.<\/p>\n<p><em><strong>Mat\u00e9ria produzida em v\u00eddeo pela rep\u00f3rter Wanessa Souza para a TV Gazeta<\/strong><\/em><\/p>\n","protected":false},"excerpt":{"rendered":"<p>O Minist\u00e9rio do Meio Ambiente e Mudan\u00e7as do Clima publicou em edi\u00e7\u00e3o do Di\u00e1rio Oficial da Uni\u00e3o (DOU), o calend\u00e1rio de emerg\u00eancia ambiental em \u00e1reas mais suscet\u00edveis a inc\u00eandios florestais entre fevereiro de 2024 e abril de 2025. O Acre aparece com risco de inc\u00eandios florestais entre abril e novembro deste ano. &#8220;A n\u00edvel de [&hellip;]<\/p>\n","protected":false},"author":4,"featured_media":131858,"comment_status":"open","ping_status":"open","sticky":false,"template":"","format":"standard","meta":{"jnews-multi-image_gallery":[],"jnews_single_post":{"source_name":"","source_url":"","via_name":"","via_url":"","override_template":"0","override":[{"template":"custom","single_blog_custom":"110746","parallax":"1","fullscreen":"1","layout":"right-sidebar","sidebar":"default-sidebar","second_sidebar":"default-sidebar","sticky_sidebar":"1","share_position":"top","share_float_style":"share-monocrhome","show_share_counter":"1","show_view_counter":"1","show_featured":"1","show_post_meta":"1","show_post_author":"1","show_post_author_image":"1","show_post_date":"1","post_date_format":"default","post_date_format_custom":"Y\/m\/d","show_post_category":"1","show_post_reading_time":"0","post_reading_time_wpm":"300","show_zoom_button":"0","zoom_button_out_step":"2","zoom_button_in_step":"3","show_post_tag":"1","show_prev_next_post":"1","show_popup_post":"1","number_popup_post":"1","show_author_box":"0","show_post_related":"1","show_inline_post_related":"0"}],"override_image_size":"0","image_override":[{"single_post_thumbnail_size":"crop-500","single_post_gallery_size":"crop-500"}],"trending_post":"0","trending_post_position":"meta","trending_post_label":"Trending","sponsored_post":"0","sponsored_post_label":"Sponsored by","sponsored_post_name":"","sponsored_post_url":"","sponsored_post_logo_enable":"0","sponsored_post_logo":"","sponsored_post_desc":"","disable_ad":"0"},"jnews_primary_category":{"id":"","hide":""},"jnews_social_meta":{"fb_title":"","fb_description":"","fb_image":"","twitter_title":"","twitter_description":"","twitter_image":""},"jnews_review":[],"enable_review":"0","type":"percentage","name":"","summary":"","brand":"","sku":"","good":[{"good_text":""}],"bad":[{"bad_text":""}],"score_override":"0","override_value":"","rating":[{"rating_text":"","rating_number":"10"}],"price":[{"shop":"","price":"","link":"","icon":""}],"footnotes":""},"categories":[54],"tags":[152],"class_list":["post-131857","post","type-post","status-publish","format-standard","has-post-thumbnail","hentry","category-cotidiano","tag-destaque"],"yoast_head":"<!-- This site is optimized with the Yoast SEO plugin v26.5 - https:\/\/yoast.com\/wordpress\/plugins\/seo\/ -->\n<title>Acre tem risco de inc\u00eandios florestais entre abril e novembro de 2024, aponta governo - Agazeta.net<\/title>\n<meta name=\"robots\" content=\"index, follow, max-snippet:-1, max-image-preview:large, max-video-preview:-1\" \/>\n<link rel=\"canonical\" href=\"https:\/\/nk7-testes.com.br\/agazeta\/acre-tem-risco-de-incendios-florestais-entre-abril-e-novembro-de-2024-aponta-governo\/\" \/>\n<meta property=\"og:locale\" content=\"pt_BR\" \/>\n<meta property=\"og:type\" content=\"article\" \/>\n<meta property=\"og:title\" content=\"Acre tem risco de inc\u00eandios florestais entre abril e novembro de 2024, aponta governo\" \/>\n<meta property=\"og:description\" content=\"De acordo com o Corpo de Bombeiros, o estado reduziu em quase 50% os focos de calor entre o per\u00edodo de 2022 a 2023\" \/>\n<meta property=\"og:url\" content=\"https:\/\/nk7-testes.com.br\/agazeta\/acre-tem-risco-de-incendios-florestais-entre-abril-e-novembro-de-2024-aponta-governo\/\" \/>\n<meta property=\"og:site_name\" content=\"Agazeta.net\" \/>\n<meta property=\"article:published_time\" content=\"2024-05-07T21:32:51+00:00\" \/>\n<meta property=\"og:image\" content=\"https:\/\/nk7-testes.com.br\/agazeta\/wp-content\/uploads\/2024\/05\/Acao-bombeiros-06-jpg.webp\" \/>\n\t<meta property=\"og:image:width\" content=\"800\" \/>\n\t<meta property=\"og:image:height\" content=\"400\" \/>\n\t<meta property=\"og:image:type\" content=\"image\/jpeg\" \/>\n<meta name=\"author\" content=\"Agazeta.Net\" \/>\n<meta name=\"twitter:card\" content=\"summary_large_image\" \/>\n<meta name=\"twitter:label1\" content=\"Escrito por\" \/>\n\t<meta name=\"twitter:data1\" content=\"Agazeta.Net\" \/>\n\t<meta name=\"twitter:label2\" content=\"Est. tempo de leitura\" \/>\n\t<meta name=\"twitter:data2\" content=\"2 minutos\" \/>\n<script type=\"application\/ld+json\" class=\"yoast-schema-graph\">{\"@context\":\"https:\/\/schema.org\",\"@graph\":[{\"@type\":\"WebPage\",\"@id\":\"https:\/\/nk7-testes.com.br\/agazeta\/acre-tem-risco-de-incendios-florestais-entre-abril-e-novembro-de-2024-aponta-governo\/\",\"url\":\"https:\/\/nk7-testes.com.br\/agazeta\/acre-tem-risco-de-incendios-florestais-entre-abril-e-novembro-de-2024-aponta-governo\/\",\"name\":\"Acre tem risco de inc\u00eandios florestais entre abril e novembro de 2024, aponta governo - Agazeta.net\",\"isPartOf\":{\"@id\":\"https:\/\/nk7-testes.com.br\/agazeta\/#website\"},\"primaryImageOfPage\":{\"@id\":\"https:\/\/nk7-testes.com.br\/agazeta\/acre-tem-risco-de-incendios-florestais-entre-abril-e-novembro-de-2024-aponta-governo\/#primaryimage\"},\"image\":{\"@id\":\"https:\/\/nk7-testes.com.br\/agazeta\/acre-tem-risco-de-incendios-florestais-entre-abril-e-novembro-de-2024-aponta-governo\/#primaryimage\"},\"thumbnailUrl\":\"https:\/\/nk7-testes.com.br\/agazeta\/wp-content\/uploads\/2024\/05\/Acao-bombeiros-06-jpg.webp\",\"datePublished\":\"2024-05-07T21:32:51+00:00\",\"author\":{\"@id\":\"https:\/\/nk7-testes.com.br\/agazeta\/#\/schema\/person\/6d6e25cb0435eb4a02fd44d30b4e3020\"},\"breadcrumb\":{\"@id\":\"https:\/\/nk7-testes.com.br\/agazeta\/acre-tem-risco-de-incendios-florestais-entre-abril-e-novembro-de-2024-aponta-governo\/#breadcrumb\"},\"inLanguage\":\"pt-BR\",\"potentialAction\":[{\"@type\":\"ReadAction\",\"target\":[\"https:\/\/nk7-testes.com.br\/agazeta\/acre-tem-risco-de-incendios-florestais-entre-abril-e-novembro-de-2024-aponta-governo\/\"]}]},{\"@type\":\"ImageObject\",\"inLanguage\":\"pt-BR\",\"@id\":\"https:\/\/nk7-testes.com.br\/agazeta\/acre-tem-risco-de-incendios-florestais-entre-abril-e-novembro-de-2024-aponta-governo\/#primaryimage\",\"url\":\"https:\/\/nk7-testes.com.br\/agazeta\/wp-content\/uploads\/2024\/05\/Acao-bombeiros-06-jpg.webp\",\"contentUrl\":\"https:\/\/nk7-testes.com.br\/agazeta\/wp-content\/uploads\/2024\/05\/Acao-bombeiros-06-jpg.webp\",\"width\":800,\"height\":400,\"caption\":\"Foto: Neto Lucena\/Secom\"},{\"@type\":\"BreadcrumbList\",\"@id\":\"https:\/\/nk7-testes.com.br\/agazeta\/acre-tem-risco-de-incendios-florestais-entre-abril-e-novembro-de-2024-aponta-governo\/#breadcrumb\",\"itemListElement\":[{\"@type\":\"ListItem\",\"position\":1,\"name\":\"In\u00edcio\",\"item\":\"https:\/\/nk7-testes.com.br\/agazeta\/\"},{\"@type\":\"ListItem\",\"position\":2,\"name\":\"Acre tem risco de inc\u00eandios florestais entre abril e novembro de 2024, aponta governo\"}]},{\"@type\":\"WebSite\",\"@id\":\"https:\/\/nk7-testes.com.br\/agazeta\/#website\",\"url\":\"https:\/\/nk7-testes.com.br\/agazeta\/\",\"name\":\"Agazeta.net\",\"description\":\"Agazeta.net - Not\u00edcias de Rio Branco\/AC\",\"potentialAction\":[{\"@type\":\"SearchAction\",\"target\":{\"@type\":\"EntryPoint\",\"urlTemplate\":\"https:\/\/nk7-testes.com.br\/agazeta\/?s={search_term_string}\"},\"query-input\":{\"@type\":\"PropertyValueSpecification\",\"valueRequired\":true,\"valueName\":\"search_term_string\"}}],\"inLanguage\":\"pt-BR\"},{\"@type\":\"Person\",\"@id\":\"https:\/\/nk7-testes.com.br\/agazeta\/#\/schema\/person\/6d6e25cb0435eb4a02fd44d30b4e3020\",\"name\":\"Agazeta.Net\",\"url\":\"https:\/\/nk7-testes.com.br\/agazeta\/author\/agazeta\/\"}]}<\/script>\n<!-- \/ Yoast SEO plugin. -->","yoast_head_json":{"title":"Acre tem risco de inc\u00eandios florestais entre abril e novembro de 2024, aponta governo - Agazeta.net","robots":{"index":"index","follow":"follow","max-snippet":"max-snippet:-1","max-image-preview":"max-image-preview:large","max-video-preview":"max-video-preview:-1"},"canonical":"https:\/\/nk7-testes.com.br\/agazeta\/acre-tem-risco-de-incendios-florestais-entre-abril-e-novembro-de-2024-aponta-governo\/","og_locale":"pt_BR","og_type":"article","og_title":"Acre tem risco de inc\u00eandios florestais entre abril e novembro de 2024, aponta governo","og_description":"De acordo com o Corpo de Bombeiros, o estado reduziu em quase 50% os focos de calor entre o per\u00edodo de 2022 a 2023","og_url":"https:\/\/nk7-testes.com.br\/agazeta\/acre-tem-risco-de-incendios-florestais-entre-abril-e-novembro-de-2024-aponta-governo\/","og_site_name":"Agazeta.net","article_published_time":"2024-05-07T21:32:51+00:00","og_image":[{"width":800,"height":400,"url":"https:\/\/nk7-testes.com.br\/agazeta\/wp-content\/uploads\/2024\/05\/Acao-bombeiros-06-jpg.webp","type":"image\/jpeg"}],"author":"Agazeta.Net","twitter_card":"summary_large_image","twitter_misc":{"Escrito por":"Agazeta.Net","Est. tempo de leitura":"2 minutos"},"schema":{"@context":"https:\/\/schema.org","@graph":[{"@type":"WebPage","@id":"https:\/\/nk7-testes.com.br\/agazeta\/acre-tem-risco-de-incendios-florestais-entre-abril-e-novembro-de-2024-aponta-governo\/","url":"https:\/\/nk7-testes.com.br\/agazeta\/acre-tem-risco-de-incendios-florestais-entre-abril-e-novembro-de-2024-aponta-governo\/","name":"Acre tem risco de inc\u00eandios florestais entre abril e novembro de 2024, aponta governo - Agazeta.net","isPartOf":{"@id":"https:\/\/nk7-testes.com.br\/agazeta\/#website"},"primaryImageOfPage":{"@id":"https:\/\/nk7-testes.com.br\/agazeta\/acre-tem-risco-de-incendios-florestais-entre-abril-e-novembro-de-2024-aponta-governo\/#primaryimage"},"image":{"@id":"https:\/\/nk7-testes.com.br\/agazeta\/acre-tem-risco-de-incendios-florestais-entre-abril-e-novembro-de-2024-aponta-governo\/#primaryimage"},"thumbnailUrl":"https:\/\/nk7-testes.com.br\/agazeta\/wp-content\/uploads\/2024\/05\/Acao-bombeiros-06-jpg.webp","datePublished":"2024-05-07T21:32:51+00:00","author":{"@id":"https:\/\/nk7-testes.com.br\/agazeta\/#\/schema\/person\/6d6e25cb0435eb4a02fd44d30b4e3020"},"breadcrumb":{"@id":"https:\/\/nk7-testes.com.br\/agazeta\/acre-tem-risco-de-incendios-florestais-entre-abril-e-novembro-de-2024-aponta-governo\/#breadcrumb"},"inLanguage":"pt-BR","potentialAction":[{"@type":"ReadAction","target":["https:\/\/nk7-testes.com.br\/agazeta\/acre-tem-risco-de-incendios-florestais-entre-abril-e-novembro-de-2024-aponta-governo\/"]}]},{"@type":"ImageObject","inLanguage":"pt-BR","@id":"https:\/\/nk7-testes.com.br\/agazeta\/acre-tem-risco-de-incendios-florestais-entre-abril-e-novembro-de-2024-aponta-governo\/#primaryimage","url":"https:\/\/nk7-testes.com.br\/agazeta\/wp-content\/uploads\/2024\/05\/Acao-bombeiros-06-jpg.webp","contentUrl":"https:\/\/nk7-testes.com.br\/agazeta\/wp-content\/uploads\/2024\/05\/Acao-bombeiros-06-jpg.webp","width":800,"height":400,"caption":"Foto: Neto Lucena\/Secom"},{"@type":"BreadcrumbList","@id":"https:\/\/nk7-testes.com.br\/agazeta\/acre-tem-risco-de-incendios-florestais-entre-abril-e-novembro-de-2024-aponta-governo\/#breadcrumb","itemListElement":[{"@type":"ListItem","position":1,"name":"In\u00edcio","item":"https:\/\/nk7-testes.com.br\/agazeta\/"},{"@type":"ListItem","position":2,"name":"Acre tem risco de inc\u00eandios florestais entre abril e novembro de 2024, aponta governo"}]},{"@type":"WebSite","@id":"https:\/\/nk7-testes.com.br\/agazeta\/#website","url":"https:\/\/nk7-testes.com.br\/agazeta\/","name":"Agazeta.net","description":"Agazeta.net - Not\u00edcias de Rio Branco\/AC","potentialAction":[{"@type":"SearchAction","target":{"@type":"EntryPoint","urlTemplate":"https:\/\/nk7-testes.com.br\/agazeta\/?s={search_term_string}"},"query-input":{"@type":"PropertyValueSpecification","valueRequired":true,"valueName":"search_term_string"}}],"inLanguage":"pt-BR"},{"@type":"Person","@id":"https:\/\/nk7-testes.com.br\/agazeta\/#\/schema\/person\/6d6e25cb0435eb4a02fd44d30b4e3020","name":"Agazeta.Net","url":"https:\/\/nk7-testes.com.br\/agazeta\/author\/agazeta\/"}]}},"_links":{"self":[{"href":"https:\/\/nk7-testes.com.br\/agazeta\/wp-json\/wp\/v2\/posts\/131857","targetHints":{"allow":["GET"]}}],"collection":[{"href":"https:\/\/nk7-testes.com.br\/agazeta\/wp-json\/wp\/v2\/posts"}],"about":[{"href":"https:\/\/nk7-testes.com.br\/agazeta\/wp-json\/wp\/v2\/types\/post"}],"author":[{"embeddable":true,"href":"https:\/\/nk7-testes.com.br\/agazeta\/wp-json\/wp\/v2\/users\/4"}],"replies":[{"embeddable":true,"href":"https:\/\/nk7-testes.com.br\/agazeta\/wp-json\/wp\/v2\/comments?post=131857"}],"version-history":[{"count":0,"href":"https:\/\/nk7-testes.com.br\/agazeta\/wp-json\/wp\/v2\/posts\/131857\/revisions"}],"wp:featuredmedia":[{"embeddable":true,"href":"https:\/\/nk7-testes.com.br\/agazeta\/wp-json\/wp\/v2\/media\/131858"}],"wp:attachment":[{"href":"https:\/\/nk7-testes.com.br\/agazeta\/wp-json\/wp\/v2\/media?parent=131857"}],"wp:term":[{"taxonomy":"category","embeddable":true,"href":"https:\/\/nk7-testes.com.br\/agazeta\/wp-json\/wp\/v2\/categories?post=131857"},{"taxonomy":"post_tag","embeddable":true,"href":"https:\/\/nk7-testes.com.br\/agazeta\/wp-json\/wp\/v2\/tags?post=131857"}],"curies":[{"name":"wp","href":"https:\/\/api.w.org\/{rel}","templated":true}]}}