{"id":131850,"date":"2024-05-07T14:29:26","date_gmt":"2024-05-07T19:29:26","guid":{"rendered":"https:\/\/nk7-testes.com.br\/?p=131850"},"modified":"2024-05-07T14:29:26","modified_gmt":"2024-05-07T19:29:26","slug":"ele-tinha-um-sonho-de-vender-pipoca-diz-avo-de-adolescente-morto-eletrocutado-no-interior-do-ac","status":"publish","type":"post","link":"https:\/\/nk7-testes.com.br\/agazeta\/ele-tinha-um-sonho-de-vender-pipoca-diz-avo-de-adolescente-morto-eletrocutado-no-interior-do-ac\/","title":{"rendered":"&#8220;Ele tinha um sonho de vender pipoca&#8221;, diz av\u00f4 de adolescente morto eletrocutado no interior do AC"},"content":{"rendered":"<p style=\"text-align: justify;\">O av\u00f4 do adolescente Anderson Gomes, de 14 anos, morreu com duas paradas card\u00edacas ap\u00f3s ser eletrocutado em uma cerca el\u00e9trica, no munic\u00edpio de Cruzeiro do Sul, no domingo (5), em entrevista \u00e0 TV Gazeta afirma que o jovem havia se mudado para a cidade no s\u00e1bado (4).<\/p>\n<p style=\"text-align: justify;\">&#8220;O que me doeu \u00e9 que ele era um rapaz t\u00e3o sadio, tinha tudo pela frente, e perdeu a vida por um cacau. Um neg\u00f3cio daquele na beira da estrada, poderia ter sido com qualquer um, um aluno, qualquer pessoa que passasse l\u00e1 aconteceria isso&#8221;, disse o Josimar Gomes, o av\u00f4, sobre a cerca el\u00e9trica \u00e0s margens da via.<\/p>\n<p style=\"text-align: justify;\">O vel\u00f3rio do adolescente aconteceu na casa de familiares durante toda a segunda-feira, 6. Anderson Gomes era de M\u00e2ncio Lima e havia se mudado para Cruzeiro do Sul no s\u00e1bado, dia anterior \u00e0 morte, e tinha vontade de trabalhar como vendedor de pipoca.<\/p>\n<p style=\"text-align: justify;\">&#8220;Ele tinha um sonho de vender pipoca. Sempre ele dizia &#8216;V\u00f4, quando chegar vou vender pipoca mais aquele homem&#8217; e ontem ele foi. Quando deu umas 3 horas, j\u00e1 vi ele ca\u00eddo no ch\u00e3o. Tinha ido vender a pipoca mais o rapaz e, por l\u00e1, ele foi passar uma cerca para tirar um cacau. O bichinho suspendeu o arame, n\u00e3o sabia se tinha energia, e j\u00e1 caiu por cima do arame&#8221;, conta Josimar Gomes.<\/p>\n<p style=\"text-align: justify;\">Segundo medi\u00e7\u00e3o feita por uma equipe da Energisa, a cerca el\u00e9trica est\u00e1 irregular, pois a voltagem estava em 227Volts, um n\u00edvel acima do permitido. A propriedade pertence a uma empres\u00e1rio da regi\u00e3o, que est\u00e1 sob investiga\u00e7\u00e3o para apurar as circunst\u00e2ncias do ocorrido e verificar a regularidade da instala\u00e7\u00e3o.<\/p>\n<p style=\"text-align: justify;\">&#8220;A per\u00edcia t\u00e9cnica que vai atestar como que estava a situa\u00e7\u00e3o da cerca. Somente ap\u00f3s o laudo pericial que n\u00f3s vamos deter uma certeza cient\u00edfica de que isso estava dessa forma. Precisamos de provas t\u00e9cnicas para serem utilizadas no atual procedimento a ser encaminhado ao Poder Judici\u00e1rio, para que ele tome as provid\u00eancias de direito&#8221;, diz o delegado de Cruzeiro do Sul.<\/p>\n<p style=\"text-align: justify;\"><em><strong>Com informa\u00e7\u00f5es do rep\u00f3rter Gl\u00e9disson Albano para a TV Gazeta<\/strong><\/em><\/p>\n<h4>\u00a0Relembre o caso<\/h4>\n<p style=\"text-align: justify;\">A situa\u00e7\u00e3o ocorreu em uma propriedade localizada na rua Ant\u00f4nio Costeira, bairro Jo\u00e3o Alves, pr\u00f3ximo ao Teatro dos N\u00e1uas. De acordo com informa\u00e7\u00f5es do Corpo de Bombeiros Militar do Acre (CBM\/AC), o jovem teria tentado entrar no terreno para pegar cacau e levou uma descarga el\u00e9trica ao tocar na cerca, pois n\u00e3o sabia ler.<\/p>\n<p style=\"text-align: justify;\">Uma equipe da empresa de energia Energisa estava pr\u00f3xima do local e prestou os primeiros socorros ao adolescente. O Servi\u00e7o de Atendimento M\u00f3vel de Urg\u00eancia (Samu) foi acionado, por\u00e9m, mesmo com tentativas de reanima\u00e7\u00e3o, ele n\u00e3o resistiu e veio a \u00f3bito.<\/p>\n<p>https:\/\/nk7-testes.com.br\/adolescente-de-14-anos-morre-apos-ser-eletrocutado-em-cerca-eletrica-no-interior-do-acre\/<\/p>\n","protected":false},"excerpt":{"rendered":"<p>O av\u00f4 do adolescente Anderson Gomes, de 14 anos, morreu com duas paradas card\u00edacas ap\u00f3s ser eletrocutado em uma cerca el\u00e9trica, no munic\u00edpio de Cruzeiro do Sul, no domingo (5), em entrevista \u00e0 TV Gazeta afirma que o jovem havia se mudado para a cidade no s\u00e1bado (4). &#8220;O que me doeu \u00e9 que ele [&hellip;]<\/p>\n","protected":false},"author":4,"featured_media":131851,"comment_status":"open","ping_status":"open","sticky":false,"template":"","format":"standard","meta":{"jnews-multi-image_gallery":[],"jnews_single_post":{"source_name":"","source_url":"","via_name":"","via_url":"","override_template":"0","override":[{"template":"custom","single_blog_custom":"110746","parallax":"1","fullscreen":"1","layout":"right-sidebar","sidebar":"default-sidebar","second_sidebar":"default-sidebar","sticky_sidebar":"1","share_position":"top","share_float_style":"share-monocrhome","show_share_counter":"1","show_view_counter":"1","show_featured":"1","show_post_meta":"1","show_post_author":"1","show_post_author_image":"1","show_post_date":"1","post_date_format":"default","post_date_format_custom":"Y\/m\/d","show_post_category":"1","show_post_reading_time":"0","post_reading_time_wpm":"300","show_zoom_button":"0","zoom_button_out_step":"2","zoom_button_in_step":"3","show_post_tag":"1","show_prev_next_post":"1","show_popup_post":"1","number_popup_post":"1","show_author_box":"0","show_post_related":"1","show_inline_post_related":"0"}],"override_image_size":"0","image_override":[{"single_post_thumbnail_size":"crop-500","single_post_gallery_size":"crop-500"}],"trending_post":"0","trending_post_position":"meta","trending_post_label":"Trending","sponsored_post":"0","sponsored_post_label":"Sponsored by","sponsored_post_name":"","sponsored_post_url":"","sponsored_post_logo_enable":"0","sponsored_post_logo":"","sponsored_post_desc":"","disable_ad":"0"},"jnews_primary_category":{"id":"","hide":""},"jnews_social_meta":{"fb_title":"","fb_description":"","fb_image":"","twitter_title":"","twitter_description":"","twitter_image":""},"jnews_review":[],"enable_review":"0","type":"percentage","name":"","summary":"","brand":"","sku":"","good":[{"good_text":""}],"bad":[{"bad_text":""}],"score_override":"0","override_value":"","rating":[{"rating_text":"","rating_number":"10"}],"price":[{"shop":"","price":"","link":"","icon":""}],"footnotes":""},"categories":[54],"tags":[152],"class_list":["post-131850","post","type-post","status-publish","format-standard","has-post-thumbnail","hentry","category-cotidiano","tag-destaque"],"yoast_head":"<!-- This site is optimized with the Yoast SEO plugin v26.5 - https:\/\/yoast.com\/wordpress\/plugins\/seo\/ -->\n<title>&quot;Ele tinha um sonho de vender pipoca&quot;, diz av\u00f4 de adolescente morto eletrocutado no interior do AC - Agazeta.net<\/title>\n<meta name=\"robots\" content=\"index, follow, max-snippet:-1, max-image-preview:large, max-video-preview:-1\" \/>\n<link rel=\"canonical\" href=\"https:\/\/nk7-testes.com.br\/agazeta\/ele-tinha-um-sonho-de-vender-pipoca-diz-avo-de-adolescente-morto-eletrocutado-no-interior-do-ac\/\" \/>\n<meta property=\"og:locale\" content=\"pt_BR\" \/>\n<meta property=\"og:type\" content=\"article\" \/>\n<meta property=\"og:title\" content=\"&quot;Ele tinha um sonho de vender pipoca&quot;, diz av\u00f4 de adolescente morto eletrocutado no interior do AC\" \/>\n<meta property=\"og:description\" content=\"Anderson Gomes, de 14 anos, morreu ao tentar entrar em uma propriedade para tirar cacau\" \/>\n<meta property=\"og:url\" content=\"https:\/\/nk7-testes.com.br\/agazeta\/ele-tinha-um-sonho-de-vender-pipoca-diz-avo-de-adolescente-morto-eletrocutado-no-interior-do-ac\/\" \/>\n<meta property=\"og:site_name\" content=\"Agazeta.net\" \/>\n<meta property=\"article:published_time\" content=\"2024-05-07T19:29:26+00:00\" \/>\n<meta property=\"og:image\" content=\"https:\/\/nk7-testes.com.br\/agazeta\/wp-content\/uploads\/2024\/05\/WhatsApp-Image-2024-05-07-at-14.24.54-1-jpeg.webp\" \/>\n\t<meta property=\"og:image:width\" content=\"800\" \/>\n\t<meta property=\"og:image:height\" content=\"402\" \/>\n\t<meta property=\"og:image:type\" content=\"image\/jpeg\" \/>\n<meta name=\"author\" content=\"Agazeta.Net\" \/>\n<meta name=\"twitter:card\" content=\"summary_large_image\" \/>\n<meta name=\"twitter:label1\" content=\"Escrito por\" \/>\n\t<meta name=\"twitter:data1\" content=\"Agazeta.Net\" \/>\n\t<meta name=\"twitter:label2\" content=\"Est. tempo de leitura\" \/>\n\t<meta name=\"twitter:data2\" content=\"2 minutos\" \/>\n<script type=\"application\/ld+json\" class=\"yoast-schema-graph\">{\"@context\":\"https:\/\/schema.org\",\"@graph\":[{\"@type\":\"WebPage\",\"@id\":\"https:\/\/nk7-testes.com.br\/agazeta\/ele-tinha-um-sonho-de-vender-pipoca-diz-avo-de-adolescente-morto-eletrocutado-no-interior-do-ac\/\",\"url\":\"https:\/\/nk7-testes.com.br\/agazeta\/ele-tinha-um-sonho-de-vender-pipoca-diz-avo-de-adolescente-morto-eletrocutado-no-interior-do-ac\/\",\"name\":\"\\\"Ele tinha um sonho de vender pipoca\\\", diz av\u00f4 de adolescente morto eletrocutado no interior do AC - Agazeta.net\",\"isPartOf\":{\"@id\":\"https:\/\/nk7-testes.com.br\/agazeta\/#website\"},\"primaryImageOfPage\":{\"@id\":\"https:\/\/nk7-testes.com.br\/agazeta\/ele-tinha-um-sonho-de-vender-pipoca-diz-avo-de-adolescente-morto-eletrocutado-no-interior-do-ac\/#primaryimage\"},\"image\":{\"@id\":\"https:\/\/nk7-testes.com.br\/agazeta\/ele-tinha-um-sonho-de-vender-pipoca-diz-avo-de-adolescente-morto-eletrocutado-no-interior-do-ac\/#primaryimage\"},\"thumbnailUrl\":\"https:\/\/nk7-testes.com.br\/agazeta\/wp-content\/uploads\/2024\/05\/WhatsApp-Image-2024-05-07-at-14.24.54-1-jpeg.webp\",\"datePublished\":\"2024-05-07T19:29:26+00:00\",\"author\":{\"@id\":\"https:\/\/nk7-testes.com.br\/agazeta\/#\/schema\/person\/6d6e25cb0435eb4a02fd44d30b4e3020\"},\"breadcrumb\":{\"@id\":\"https:\/\/nk7-testes.com.br\/agazeta\/ele-tinha-um-sonho-de-vender-pipoca-diz-avo-de-adolescente-morto-eletrocutado-no-interior-do-ac\/#breadcrumb\"},\"inLanguage\":\"pt-BR\",\"potentialAction\":[{\"@type\":\"ReadAction\",\"target\":[\"https:\/\/nk7-testes.com.br\/agazeta\/ele-tinha-um-sonho-de-vender-pipoca-diz-avo-de-adolescente-morto-eletrocutado-no-interior-do-ac\/\"]}]},{\"@type\":\"ImageObject\",\"inLanguage\":\"pt-BR\",\"@id\":\"https:\/\/nk7-testes.com.br\/agazeta\/ele-tinha-um-sonho-de-vender-pipoca-diz-avo-de-adolescente-morto-eletrocutado-no-interior-do-ac\/#primaryimage\",\"url\":\"https:\/\/nk7-testes.com.br\/agazeta\/wp-content\/uploads\/2024\/05\/WhatsApp-Image-2024-05-07-at-14.24.54-1-jpeg.webp\",\"contentUrl\":\"https:\/\/nk7-testes.com.br\/agazeta\/wp-content\/uploads\/2024\/05\/WhatsApp-Image-2024-05-07-at-14.24.54-1-jpeg.webp\",\"width\":800,\"height\":402,\"caption\":\"Imagem: Cedida\"},{\"@type\":\"BreadcrumbList\",\"@id\":\"https:\/\/nk7-testes.com.br\/agazeta\/ele-tinha-um-sonho-de-vender-pipoca-diz-avo-de-adolescente-morto-eletrocutado-no-interior-do-ac\/#breadcrumb\",\"itemListElement\":[{\"@type\":\"ListItem\",\"position\":1,\"name\":\"In\u00edcio\",\"item\":\"https:\/\/nk7-testes.com.br\/agazeta\/\"},{\"@type\":\"ListItem\",\"position\":2,\"name\":\"&#8220;Ele tinha um sonho de vender pipoca&#8221;, diz av\u00f4 de adolescente morto eletrocutado no interior do AC\"}]},{\"@type\":\"WebSite\",\"@id\":\"https:\/\/nk7-testes.com.br\/agazeta\/#website\",\"url\":\"https:\/\/nk7-testes.com.br\/agazeta\/\",\"name\":\"Agazeta.net\",\"description\":\"Agazeta.net - Not\u00edcias de Rio Branco\/AC\",\"potentialAction\":[{\"@type\":\"SearchAction\",\"target\":{\"@type\":\"EntryPoint\",\"urlTemplate\":\"https:\/\/nk7-testes.com.br\/agazeta\/?s={search_term_string}\"},\"query-input\":{\"@type\":\"PropertyValueSpecification\",\"valueRequired\":true,\"valueName\":\"search_term_string\"}}],\"inLanguage\":\"pt-BR\"},{\"@type\":\"Person\",\"@id\":\"https:\/\/nk7-testes.com.br\/agazeta\/#\/schema\/person\/6d6e25cb0435eb4a02fd44d30b4e3020\",\"name\":\"Agazeta.Net\",\"url\":\"https:\/\/nk7-testes.com.br\/agazeta\/author\/agazeta\/\"}]}<\/script>\n<!-- \/ Yoast SEO plugin. -->","yoast_head_json":{"title":"\"Ele tinha um sonho de vender pipoca\", diz av\u00f4 de adolescente morto eletrocutado no interior do AC - Agazeta.net","robots":{"index":"index","follow":"follow","max-snippet":"max-snippet:-1","max-image-preview":"max-image-preview:large","max-video-preview":"max-video-preview:-1"},"canonical":"https:\/\/nk7-testes.com.br\/agazeta\/ele-tinha-um-sonho-de-vender-pipoca-diz-avo-de-adolescente-morto-eletrocutado-no-interior-do-ac\/","og_locale":"pt_BR","og_type":"article","og_title":"\"Ele tinha um sonho de vender pipoca\", diz av\u00f4 de adolescente morto eletrocutado no interior do AC","og_description":"Anderson Gomes, de 14 anos, morreu ao tentar entrar em uma propriedade para tirar cacau","og_url":"https:\/\/nk7-testes.com.br\/agazeta\/ele-tinha-um-sonho-de-vender-pipoca-diz-avo-de-adolescente-morto-eletrocutado-no-interior-do-ac\/","og_site_name":"Agazeta.net","article_published_time":"2024-05-07T19:29:26+00:00","og_image":[{"width":800,"height":402,"url":"https:\/\/nk7-testes.com.br\/agazeta\/wp-content\/uploads\/2024\/05\/WhatsApp-Image-2024-05-07-at-14.24.54-1-jpeg.webp","type":"image\/jpeg"}],"author":"Agazeta.Net","twitter_card":"summary_large_image","twitter_misc":{"Escrito por":"Agazeta.Net","Est. tempo de leitura":"2 minutos"},"schema":{"@context":"https:\/\/schema.org","@graph":[{"@type":"WebPage","@id":"https:\/\/nk7-testes.com.br\/agazeta\/ele-tinha-um-sonho-de-vender-pipoca-diz-avo-de-adolescente-morto-eletrocutado-no-interior-do-ac\/","url":"https:\/\/nk7-testes.com.br\/agazeta\/ele-tinha-um-sonho-de-vender-pipoca-diz-avo-de-adolescente-morto-eletrocutado-no-interior-do-ac\/","name":"\"Ele tinha um sonho de vender pipoca\", diz av\u00f4 de adolescente morto eletrocutado no interior do AC - Agazeta.net","isPartOf":{"@id":"https:\/\/nk7-testes.com.br\/agazeta\/#website"},"primaryImageOfPage":{"@id":"https:\/\/nk7-testes.com.br\/agazeta\/ele-tinha-um-sonho-de-vender-pipoca-diz-avo-de-adolescente-morto-eletrocutado-no-interior-do-ac\/#primaryimage"},"image":{"@id":"https:\/\/nk7-testes.com.br\/agazeta\/ele-tinha-um-sonho-de-vender-pipoca-diz-avo-de-adolescente-morto-eletrocutado-no-interior-do-ac\/#primaryimage"},"thumbnailUrl":"https:\/\/nk7-testes.com.br\/agazeta\/wp-content\/uploads\/2024\/05\/WhatsApp-Image-2024-05-07-at-14.24.54-1-jpeg.webp","datePublished":"2024-05-07T19:29:26+00:00","author":{"@id":"https:\/\/nk7-testes.com.br\/agazeta\/#\/schema\/person\/6d6e25cb0435eb4a02fd44d30b4e3020"},"breadcrumb":{"@id":"https:\/\/nk7-testes.com.br\/agazeta\/ele-tinha-um-sonho-de-vender-pipoca-diz-avo-de-adolescente-morto-eletrocutado-no-interior-do-ac\/#breadcrumb"},"inLanguage":"pt-BR","potentialAction":[{"@type":"ReadAction","target":["https:\/\/nk7-testes.com.br\/agazeta\/ele-tinha-um-sonho-de-vender-pipoca-diz-avo-de-adolescente-morto-eletrocutado-no-interior-do-ac\/"]}]},{"@type":"ImageObject","inLanguage":"pt-BR","@id":"https:\/\/nk7-testes.com.br\/agazeta\/ele-tinha-um-sonho-de-vender-pipoca-diz-avo-de-adolescente-morto-eletrocutado-no-interior-do-ac\/#primaryimage","url":"https:\/\/nk7-testes.com.br\/agazeta\/wp-content\/uploads\/2024\/05\/WhatsApp-Image-2024-05-07-at-14.24.54-1-jpeg.webp","contentUrl":"https:\/\/nk7-testes.com.br\/agazeta\/wp-content\/uploads\/2024\/05\/WhatsApp-Image-2024-05-07-at-14.24.54-1-jpeg.webp","width":800,"height":402,"caption":"Imagem: Cedida"},{"@type":"BreadcrumbList","@id":"https:\/\/nk7-testes.com.br\/agazeta\/ele-tinha-um-sonho-de-vender-pipoca-diz-avo-de-adolescente-morto-eletrocutado-no-interior-do-ac\/#breadcrumb","itemListElement":[{"@type":"ListItem","position":1,"name":"In\u00edcio","item":"https:\/\/nk7-testes.com.br\/agazeta\/"},{"@type":"ListItem","position":2,"name":"&#8220;Ele tinha um sonho de vender pipoca&#8221;, diz av\u00f4 de adolescente morto eletrocutado no interior do AC"}]},{"@type":"WebSite","@id":"https:\/\/nk7-testes.com.br\/agazeta\/#website","url":"https:\/\/nk7-testes.com.br\/agazeta\/","name":"Agazeta.net","description":"Agazeta.net - Not\u00edcias de Rio Branco\/AC","potentialAction":[{"@type":"SearchAction","target":{"@type":"EntryPoint","urlTemplate":"https:\/\/nk7-testes.com.br\/agazeta\/?s={search_term_string}"},"query-input":{"@type":"PropertyValueSpecification","valueRequired":true,"valueName":"search_term_string"}}],"inLanguage":"pt-BR"},{"@type":"Person","@id":"https:\/\/nk7-testes.com.br\/agazeta\/#\/schema\/person\/6d6e25cb0435eb4a02fd44d30b4e3020","name":"Agazeta.Net","url":"https:\/\/nk7-testes.com.br\/agazeta\/author\/agazeta\/"}]}},"_links":{"self":[{"href":"https:\/\/nk7-testes.com.br\/agazeta\/wp-json\/wp\/v2\/posts\/131850","targetHints":{"allow":["GET"]}}],"collection":[{"href":"https:\/\/nk7-testes.com.br\/agazeta\/wp-json\/wp\/v2\/posts"}],"about":[{"href":"https:\/\/nk7-testes.com.br\/agazeta\/wp-json\/wp\/v2\/types\/post"}],"author":[{"embeddable":true,"href":"https:\/\/nk7-testes.com.br\/agazeta\/wp-json\/wp\/v2\/users\/4"}],"replies":[{"embeddable":true,"href":"https:\/\/nk7-testes.com.br\/agazeta\/wp-json\/wp\/v2\/comments?post=131850"}],"version-history":[{"count":0,"href":"https:\/\/nk7-testes.com.br\/agazeta\/wp-json\/wp\/v2\/posts\/131850\/revisions"}],"wp:featuredmedia":[{"embeddable":true,"href":"https:\/\/nk7-testes.com.br\/agazeta\/wp-json\/wp\/v2\/media\/131851"}],"wp:attachment":[{"href":"https:\/\/nk7-testes.com.br\/agazeta\/wp-json\/wp\/v2\/media?parent=131850"}],"wp:term":[{"taxonomy":"category","embeddable":true,"href":"https:\/\/nk7-testes.com.br\/agazeta\/wp-json\/wp\/v2\/categories?post=131850"},{"taxonomy":"post_tag","embeddable":true,"href":"https:\/\/nk7-testes.com.br\/agazeta\/wp-json\/wp\/v2\/tags?post=131850"}],"curies":[{"name":"wp","href":"https:\/\/api.w.org\/{rel}","templated":true}]}}