{"id":131401,"date":"2024-04-26T15:53:18","date_gmt":"2024-04-26T20:53:18","guid":{"rendered":"https:\/\/nk7-testes.com.br\/?p=131401"},"modified":"2024-04-26T15:53:18","modified_gmt":"2024-04-26T20:53:18","slug":"cerca-de-515-da-populacao-acreana-vive-na-pobreza-segundo-estudo","status":"publish","type":"post","link":"https:\/\/nk7-testes.com.br\/agazeta\/cerca-de-515-da-populacao-acreana-vive-na-pobreza-segundo-estudo\/","title":{"rendered":"Cerca de 51,5% da popula\u00e7\u00e3o acreana vive na pobreza, segundo estudo"},"content":{"rendered":"<p style=\"text-align: justify;\">Um estudo realizado pelo Instituto Jones dos Santos Neves revelou que a taxa de pobreza nacional teve uma redu\u00e7\u00e3o significativa, caindo de 31,6% em 2022 para 27,5% em 2023 e atingiu o menor n\u00edvel desde o in\u00edcio da s\u00e9rie hist\u00f3rica em 2012. No entanto, o Acre foi o \u00fanico Estado a apresentar um aumento na taxa.<\/p>\n<p style=\"text-align: justify;\">Em 2022, o n\u00famero era de 51,1% e foi para 51,5% em 2023. Com isso, ficou entre os dois Estado com as maiores taxas de pobreza do pa\u00eds, ao lado do Maranh\u00e3o.<\/p>\n<p style=\"text-align: justify;\">De acordo com o estudo, o Amap\u00e1 foi o Estado que apresentou a maior redu\u00e7\u00e3o percentual na taxa de pobreza, indo de 47,8% em 2022 para 33% em 2023. Outros Estados que registraram quedas expressivas foram Roraima e Amazonas.<\/p>\n<p style=\"text-align: justify;\">Essa diminui\u00e7\u00e3o foi atribu\u00edda a uma s\u00e9rie de fatores, como a retomada das atividades econ\u00f4micas ap\u00f3s a pandemia, conforme apontado pelo economista Carlos Franco.<\/p>\n<p style=\"text-align: justify;\">Franco ressaltou que a situa\u00e7\u00e3o de pobreza no Brasil \u00e9 hist\u00f3rica e complexa, pois \u00e9 um reflexo das desigualdades que persistem ao longo do tempo. A depend\u00eancia de programas de transfer\u00eancia de renda, como o Bolsa Fam\u00edlia, \u00e9 evidenciada com quase metade da popula\u00e7\u00e3o acreana benefici\u00e1ria do programa.<\/p>\n<p style=\"text-align: justify;\">\u201cA situa\u00e7\u00e3o de pobreza no Brasil \u00e9 uma situa\u00e7\u00e3o hist\u00f3rica, que se arrasta desde o processo de ocupa\u00e7\u00e3o do territ\u00f3rio brasileiro. Ent\u00e3o, \u00e9 uma situa\u00e7\u00e3o que n\u00e3o \u00e9 poss\u00edvel de ser alterada em um espa\u00e7o curto de tempo. Tanto \u00e9 que n\u00f3s estamos h\u00e1 s\u00e9culos e n\u00e3o conseguimos reverter essa situa\u00e7\u00e3o. N\u00f3s temos um pa\u00eds rico que tem uma popula\u00e7\u00e3o pobre, porque a riqueza \u00e9 mal distribu\u00edda. Os n\u00edveis de pobreza reduzem, porque o governo aumentou a quantidade de pessoas que recebem bolsa fam\u00edlia\u201d, explica o economista.<\/p>\n<p style=\"text-align: justify;\">Embora essas a\u00e7\u00f5es sejam necess\u00e1rias no curto prazo, o economista pontuou a import\u00e2ncia de pol\u00edticas de m\u00e9dio e longo prazo que promovam a inclus\u00e3o produtiva e a gera\u00e7\u00e3o de renda sustent\u00e1vel para a popula\u00e7\u00e3o.<\/p>\n<p style=\"text-align: justify;\">\u201cExiste um n\u00famero muito grande de pessoas que s\u00e3o dependentes do Bolsa Fam\u00edlia. A situa\u00e7\u00e3o ideal seria se a pobreza ou a extrema pobreza diminu\u00edssem sem a necessidade do aumento do Bolsa Fam\u00edlia. \u00c9 uma a\u00e7\u00e3o justa, necess\u00e1ria que o governo faz, porque precisa de fato ter uma a\u00e7\u00e3o en\u00e9rgica para reduzir a pobreza. Mas n\u00f3s precisar\u00edamos de pol\u00edticas de m\u00e9dio e longo prazo que fossem incluindo essa popula\u00e7\u00e3o em atividades produtivas sem necessitar de programas de transfer\u00eancia do governo\u201d, conclui.<\/p>\n<p style=\"text-align: justify;\">A quest\u00e3o da qualifica\u00e7\u00e3o da m\u00e3o de obra e a necessidade de pol\u00edticas eficazes que incentivem a atividade econ\u00f4mica local foram apontadas como fundamentais para a redu\u00e7\u00e3o consistente da pobreza. O estudo destaca a import\u00e2ncia de programas de qualifica\u00e7\u00e3o e apoio ao empreendedorismo como medidas a serem adotadas no m\u00e9dio e longo prazo para enfrentar os desafios estruturais relacionados \u00e0 pobreza no Brasil.<\/p>\n<p style=\"text-align: justify;\"><em><strong>Mat\u00e9ria produzida em v\u00eddeo pela rep\u00f3rter Wanessa Souza para a TV Gazeta<\/strong><\/em><\/p>\n","protected":false},"excerpt":{"rendered":"<p>Um estudo realizado pelo Instituto Jones dos Santos Neves revelou que a taxa de pobreza nacional teve uma redu\u00e7\u00e3o significativa, caindo de 31,6% em 2022 para 27,5% em 2023 e atingiu o menor n\u00edvel desde o in\u00edcio da s\u00e9rie hist\u00f3rica em 2012. No entanto, o Acre foi o \u00fanico Estado a apresentar um aumento na [&hellip;]<\/p>\n","protected":false},"author":4,"featured_media":131402,"comment_status":"open","ping_status":"open","sticky":false,"template":"","format":"standard","meta":{"jnews-multi-image_gallery":[],"jnews_single_post":{"source_name":"","source_url":"","via_name":"","via_url":"","override_template":"0","override":[{"template":"custom","single_blog_custom":"110746","parallax":"1","fullscreen":"1","layout":"right-sidebar","sidebar":"default-sidebar","second_sidebar":"default-sidebar","sticky_sidebar":"1","share_position":"top","share_float_style":"share-monocrhome","show_share_counter":"1","show_view_counter":"1","show_featured":"1","show_post_meta":"1","show_post_author":"1","show_post_author_image":"1","show_post_date":"1","post_date_format":"default","post_date_format_custom":"Y\/m\/d","show_post_category":"1","show_post_reading_time":"0","post_reading_time_wpm":"300","show_zoom_button":"0","zoom_button_out_step":"2","zoom_button_in_step":"3","show_post_tag":"1","show_prev_next_post":"1","show_popup_post":"1","number_popup_post":"1","show_author_box":"0","show_post_related":"1","show_inline_post_related":"0"}],"override_image_size":"0","image_override":[{"single_post_thumbnail_size":"crop-500","single_post_gallery_size":"crop-500"}],"trending_post":"0","trending_post_position":"meta","trending_post_label":"Trending","sponsored_post":"0","sponsored_post_label":"Sponsored by","sponsored_post_name":"","sponsored_post_url":"","sponsored_post_logo_enable":"0","sponsored_post_logo":"","sponsored_post_desc":"","disable_ad":"0"},"jnews_primary_category":{"id":"","hide":""},"jnews_social_meta":{"fb_title":"","fb_description":"","fb_image":"","twitter_title":"","twitter_description":"","twitter_image":""},"jnews_review":[],"enable_review":"0","type":"percentage","name":"","summary":"","brand":"","sku":"","good":[{"good_text":""}],"bad":[{"bad_text":""}],"score_override":"0","override_value":"","rating":[{"rating_text":"","rating_number":"10"}],"price":[{"shop":"","price":"","link":"","icon":""}],"footnotes":""},"categories":[54],"tags":[],"class_list":["post-131401","post","type-post","status-publish","format-standard","has-post-thumbnail","hentry","category-cotidiano"],"yoast_head":"<!-- This site is optimized with the Yoast SEO plugin v26.5 - https:\/\/yoast.com\/wordpress\/plugins\/seo\/ -->\n<title>Cerca de 51,5% da popula\u00e7\u00e3o acreana vive na pobreza, segundo estudo - Agazeta.net<\/title>\n<meta name=\"robots\" content=\"index, follow, max-snippet:-1, max-image-preview:large, max-video-preview:-1\" \/>\n<link rel=\"canonical\" href=\"https:\/\/nk7-testes.com.br\/agazeta\/cerca-de-515-da-populacao-acreana-vive-na-pobreza-segundo-estudo\/\" \/>\n<meta property=\"og:locale\" content=\"pt_BR\" \/>\n<meta property=\"og:type\" content=\"article\" \/>\n<meta property=\"og:title\" content=\"Cerca de 51,5% da popula\u00e7\u00e3o acreana vive na pobreza, segundo estudo\" \/>\n<meta property=\"og:description\" content=\"Acre \u00e9 o \u00fanico estado do pa\u00eds que n\u00e3o apresentou queda na taxa de pobreza em 2023\" \/>\n<meta property=\"og:url\" content=\"https:\/\/nk7-testes.com.br\/agazeta\/cerca-de-515-da-populacao-acreana-vive-na-pobreza-segundo-estudo\/\" \/>\n<meta property=\"og:site_name\" content=\"Agazeta.net\" \/>\n<meta property=\"article:published_time\" content=\"2024-04-26T20:53:18+00:00\" \/>\n<meta property=\"og:image\" content=\"https:\/\/nk7-testes.com.br\/agazeta\/wp-content\/uploads\/2024\/04\/Rio-Acre_Mastro-Bandeira.-Odair-Leal_SECOM-9-1-1-jpg.webp\" \/>\n\t<meta property=\"og:image:width\" content=\"800\" \/>\n\t<meta property=\"og:image:height\" content=\"409\" \/>\n\t<meta property=\"og:image:type\" content=\"image\/jpeg\" \/>\n<meta name=\"author\" content=\"Agazeta.Net\" \/>\n<meta name=\"twitter:card\" content=\"summary_large_image\" \/>\n<meta name=\"twitter:label1\" content=\"Escrito por\" \/>\n\t<meta name=\"twitter:data1\" content=\"Agazeta.Net\" \/>\n\t<meta name=\"twitter:label2\" content=\"Est. tempo de leitura\" \/>\n\t<meta name=\"twitter:data2\" content=\"3 minutos\" \/>\n<script type=\"application\/ld+json\" class=\"yoast-schema-graph\">{\"@context\":\"https:\/\/schema.org\",\"@graph\":[{\"@type\":\"WebPage\",\"@id\":\"https:\/\/nk7-testes.com.br\/agazeta\/cerca-de-515-da-populacao-acreana-vive-na-pobreza-segundo-estudo\/\",\"url\":\"https:\/\/nk7-testes.com.br\/agazeta\/cerca-de-515-da-populacao-acreana-vive-na-pobreza-segundo-estudo\/\",\"name\":\"Cerca de 51,5% da popula\u00e7\u00e3o acreana vive na pobreza, segundo estudo - Agazeta.net\",\"isPartOf\":{\"@id\":\"https:\/\/nk7-testes.com.br\/agazeta\/#website\"},\"primaryImageOfPage\":{\"@id\":\"https:\/\/nk7-testes.com.br\/agazeta\/cerca-de-515-da-populacao-acreana-vive-na-pobreza-segundo-estudo\/#primaryimage\"},\"image\":{\"@id\":\"https:\/\/nk7-testes.com.br\/agazeta\/cerca-de-515-da-populacao-acreana-vive-na-pobreza-segundo-estudo\/#primaryimage\"},\"thumbnailUrl\":\"https:\/\/nk7-testes.com.br\/agazeta\/wp-content\/uploads\/2024\/04\/Rio-Acre_Mastro-Bandeira.-Odair-Leal_SECOM-9-1-1-jpg.webp\",\"datePublished\":\"2024-04-26T20:53:18+00:00\",\"author\":{\"@id\":\"https:\/\/nk7-testes.com.br\/agazeta\/#\/schema\/person\/6d6e25cb0435eb4a02fd44d30b4e3020\"},\"breadcrumb\":{\"@id\":\"https:\/\/nk7-testes.com.br\/agazeta\/cerca-de-515-da-populacao-acreana-vive-na-pobreza-segundo-estudo\/#breadcrumb\"},\"inLanguage\":\"pt-BR\",\"potentialAction\":[{\"@type\":\"ReadAction\",\"target\":[\"https:\/\/nk7-testes.com.br\/agazeta\/cerca-de-515-da-populacao-acreana-vive-na-pobreza-segundo-estudo\/\"]}]},{\"@type\":\"ImageObject\",\"inLanguage\":\"pt-BR\",\"@id\":\"https:\/\/nk7-testes.com.br\/agazeta\/cerca-de-515-da-populacao-acreana-vive-na-pobreza-segundo-estudo\/#primaryimage\",\"url\":\"https:\/\/nk7-testes.com.br\/agazeta\/wp-content\/uploads\/2024\/04\/Rio-Acre_Mastro-Bandeira.-Odair-Leal_SECOM-9-1-1-jpg.webp\",\"contentUrl\":\"https:\/\/nk7-testes.com.br\/agazeta\/wp-content\/uploads\/2024\/04\/Rio-Acre_Mastro-Bandeira.-Odair-Leal_SECOM-9-1-1-jpg.webp\",\"width\":800,\"height\":409,\"caption\":\"Imagem: Odair Leal\/Secom\"},{\"@type\":\"BreadcrumbList\",\"@id\":\"https:\/\/nk7-testes.com.br\/agazeta\/cerca-de-515-da-populacao-acreana-vive-na-pobreza-segundo-estudo\/#breadcrumb\",\"itemListElement\":[{\"@type\":\"ListItem\",\"position\":1,\"name\":\"In\u00edcio\",\"item\":\"https:\/\/nk7-testes.com.br\/agazeta\/\"},{\"@type\":\"ListItem\",\"position\":2,\"name\":\"Cerca de 51,5% da popula\u00e7\u00e3o acreana vive na pobreza, segundo estudo\"}]},{\"@type\":\"WebSite\",\"@id\":\"https:\/\/nk7-testes.com.br\/agazeta\/#website\",\"url\":\"https:\/\/nk7-testes.com.br\/agazeta\/\",\"name\":\"Agazeta.net\",\"description\":\"Agazeta.net - Not\u00edcias de Rio Branco\/AC\",\"potentialAction\":[{\"@type\":\"SearchAction\",\"target\":{\"@type\":\"EntryPoint\",\"urlTemplate\":\"https:\/\/nk7-testes.com.br\/agazeta\/?s={search_term_string}\"},\"query-input\":{\"@type\":\"PropertyValueSpecification\",\"valueRequired\":true,\"valueName\":\"search_term_string\"}}],\"inLanguage\":\"pt-BR\"},{\"@type\":\"Person\",\"@id\":\"https:\/\/nk7-testes.com.br\/agazeta\/#\/schema\/person\/6d6e25cb0435eb4a02fd44d30b4e3020\",\"name\":\"Agazeta.Net\",\"url\":\"https:\/\/nk7-testes.com.br\/agazeta\/author\/agazeta\/\"}]}<\/script>\n<!-- \/ Yoast SEO plugin. -->","yoast_head_json":{"title":"Cerca de 51,5% da popula\u00e7\u00e3o acreana vive na pobreza, segundo estudo - Agazeta.net","robots":{"index":"index","follow":"follow","max-snippet":"max-snippet:-1","max-image-preview":"max-image-preview:large","max-video-preview":"max-video-preview:-1"},"canonical":"https:\/\/nk7-testes.com.br\/agazeta\/cerca-de-515-da-populacao-acreana-vive-na-pobreza-segundo-estudo\/","og_locale":"pt_BR","og_type":"article","og_title":"Cerca de 51,5% da popula\u00e7\u00e3o acreana vive na pobreza, segundo estudo","og_description":"Acre \u00e9 o \u00fanico estado do pa\u00eds que n\u00e3o apresentou queda na taxa de pobreza em 2023","og_url":"https:\/\/nk7-testes.com.br\/agazeta\/cerca-de-515-da-populacao-acreana-vive-na-pobreza-segundo-estudo\/","og_site_name":"Agazeta.net","article_published_time":"2024-04-26T20:53:18+00:00","og_image":[{"width":800,"height":409,"url":"https:\/\/nk7-testes.com.br\/agazeta\/wp-content\/uploads\/2024\/04\/Rio-Acre_Mastro-Bandeira.-Odair-Leal_SECOM-9-1-1-jpg.webp","type":"image\/jpeg"}],"author":"Agazeta.Net","twitter_card":"summary_large_image","twitter_misc":{"Escrito por":"Agazeta.Net","Est. tempo de leitura":"3 minutos"},"schema":{"@context":"https:\/\/schema.org","@graph":[{"@type":"WebPage","@id":"https:\/\/nk7-testes.com.br\/agazeta\/cerca-de-515-da-populacao-acreana-vive-na-pobreza-segundo-estudo\/","url":"https:\/\/nk7-testes.com.br\/agazeta\/cerca-de-515-da-populacao-acreana-vive-na-pobreza-segundo-estudo\/","name":"Cerca de 51,5% da popula\u00e7\u00e3o acreana vive na pobreza, segundo estudo - Agazeta.net","isPartOf":{"@id":"https:\/\/nk7-testes.com.br\/agazeta\/#website"},"primaryImageOfPage":{"@id":"https:\/\/nk7-testes.com.br\/agazeta\/cerca-de-515-da-populacao-acreana-vive-na-pobreza-segundo-estudo\/#primaryimage"},"image":{"@id":"https:\/\/nk7-testes.com.br\/agazeta\/cerca-de-515-da-populacao-acreana-vive-na-pobreza-segundo-estudo\/#primaryimage"},"thumbnailUrl":"https:\/\/nk7-testes.com.br\/agazeta\/wp-content\/uploads\/2024\/04\/Rio-Acre_Mastro-Bandeira.-Odair-Leal_SECOM-9-1-1-jpg.webp","datePublished":"2024-04-26T20:53:18+00:00","author":{"@id":"https:\/\/nk7-testes.com.br\/agazeta\/#\/schema\/person\/6d6e25cb0435eb4a02fd44d30b4e3020"},"breadcrumb":{"@id":"https:\/\/nk7-testes.com.br\/agazeta\/cerca-de-515-da-populacao-acreana-vive-na-pobreza-segundo-estudo\/#breadcrumb"},"inLanguage":"pt-BR","potentialAction":[{"@type":"ReadAction","target":["https:\/\/nk7-testes.com.br\/agazeta\/cerca-de-515-da-populacao-acreana-vive-na-pobreza-segundo-estudo\/"]}]},{"@type":"ImageObject","inLanguage":"pt-BR","@id":"https:\/\/nk7-testes.com.br\/agazeta\/cerca-de-515-da-populacao-acreana-vive-na-pobreza-segundo-estudo\/#primaryimage","url":"https:\/\/nk7-testes.com.br\/agazeta\/wp-content\/uploads\/2024\/04\/Rio-Acre_Mastro-Bandeira.-Odair-Leal_SECOM-9-1-1-jpg.webp","contentUrl":"https:\/\/nk7-testes.com.br\/agazeta\/wp-content\/uploads\/2024\/04\/Rio-Acre_Mastro-Bandeira.-Odair-Leal_SECOM-9-1-1-jpg.webp","width":800,"height":409,"caption":"Imagem: Odair Leal\/Secom"},{"@type":"BreadcrumbList","@id":"https:\/\/nk7-testes.com.br\/agazeta\/cerca-de-515-da-populacao-acreana-vive-na-pobreza-segundo-estudo\/#breadcrumb","itemListElement":[{"@type":"ListItem","position":1,"name":"In\u00edcio","item":"https:\/\/nk7-testes.com.br\/agazeta\/"},{"@type":"ListItem","position":2,"name":"Cerca de 51,5% da popula\u00e7\u00e3o acreana vive na pobreza, segundo estudo"}]},{"@type":"WebSite","@id":"https:\/\/nk7-testes.com.br\/agazeta\/#website","url":"https:\/\/nk7-testes.com.br\/agazeta\/","name":"Agazeta.net","description":"Agazeta.net - Not\u00edcias de Rio Branco\/AC","potentialAction":[{"@type":"SearchAction","target":{"@type":"EntryPoint","urlTemplate":"https:\/\/nk7-testes.com.br\/agazeta\/?s={search_term_string}"},"query-input":{"@type":"PropertyValueSpecification","valueRequired":true,"valueName":"search_term_string"}}],"inLanguage":"pt-BR"},{"@type":"Person","@id":"https:\/\/nk7-testes.com.br\/agazeta\/#\/schema\/person\/6d6e25cb0435eb4a02fd44d30b4e3020","name":"Agazeta.Net","url":"https:\/\/nk7-testes.com.br\/agazeta\/author\/agazeta\/"}]}},"_links":{"self":[{"href":"https:\/\/nk7-testes.com.br\/agazeta\/wp-json\/wp\/v2\/posts\/131401","targetHints":{"allow":["GET"]}}],"collection":[{"href":"https:\/\/nk7-testes.com.br\/agazeta\/wp-json\/wp\/v2\/posts"}],"about":[{"href":"https:\/\/nk7-testes.com.br\/agazeta\/wp-json\/wp\/v2\/types\/post"}],"author":[{"embeddable":true,"href":"https:\/\/nk7-testes.com.br\/agazeta\/wp-json\/wp\/v2\/users\/4"}],"replies":[{"embeddable":true,"href":"https:\/\/nk7-testes.com.br\/agazeta\/wp-json\/wp\/v2\/comments?post=131401"}],"version-history":[{"count":0,"href":"https:\/\/nk7-testes.com.br\/agazeta\/wp-json\/wp\/v2\/posts\/131401\/revisions"}],"wp:featuredmedia":[{"embeddable":true,"href":"https:\/\/nk7-testes.com.br\/agazeta\/wp-json\/wp\/v2\/media\/131402"}],"wp:attachment":[{"href":"https:\/\/nk7-testes.com.br\/agazeta\/wp-json\/wp\/v2\/media?parent=131401"}],"wp:term":[{"taxonomy":"category","embeddable":true,"href":"https:\/\/nk7-testes.com.br\/agazeta\/wp-json\/wp\/v2\/categories?post=131401"},{"taxonomy":"post_tag","embeddable":true,"href":"https:\/\/nk7-testes.com.br\/agazeta\/wp-json\/wp\/v2\/tags?post=131401"}],"curies":[{"name":"wp","href":"https:\/\/api.w.org\/{rel}","templated":true}]}}