{"id":131155,"date":"2024-04-23T13:01:29","date_gmt":"2024-04-23T18:01:29","guid":{"rendered":"https:\/\/nk7-testes.com.br\/?p=131155"},"modified":"2024-04-23T13:01:29","modified_gmt":"2024-04-23T18:01:29","slug":"reitora-da-ufac-comemora-volta-do-bonus-regional-nao-contraria-nenhum-principio-da-constituicao","status":"publish","type":"post","link":"https:\/\/nk7-testes.com.br\/agazeta\/reitora-da-ufac-comemora-volta-do-bonus-regional-nao-contraria-nenhum-principio-da-constituicao\/","title":{"rendered":"Reitora da Ufac comemora volta do b\u00f4nus regional: &#8220;N\u00e3o contraria nenhum princ\u00edpio da Constitui\u00e7\u00e3o&#8221;"},"content":{"rendered":"<p style=\"text-align: justify;\">A bonifica\u00e7\u00e3o de 15% para ingresso na Universidade Federal do Acre (Ufac), pelo Sistema de Sele\u00e7\u00e3o Unificada (Sisu), para candidatos que cursaram o ensino m\u00e9dio inteiro no Estado, foi mais uma vez alvo de disputa judicial, sendo derrubada mais uma vez. A Ufac buscou na Justi\u00e7a o direito de manter o benef\u00edcio estadual, que visa promover a inclus\u00e3o e reduzir desigualdades na educa\u00e7\u00e3o p\u00fablica.<\/p>\n<p style=\"text-align: justify;\">A reitora da institui\u00e7\u00e3o, Guida Aquino, lamentou a tentativa de derrubar o b\u00f4nus e destacou o compromisso social da universidade em promover a igualdade educacional.<\/p>\n<p style=\"text-align: justify;\">\u201cN\u00f3s lamentamos muito mais uma vez essa tentativa de derrubar o b\u00f4nus que objetiva a inclus\u00e3o, que objetiva diminuir a desigualdade que n\u00f3s temos na educa\u00e7\u00e3o p\u00fablica, a responsabilidade social que a universidade tem. O juiz federal, Wendelson Pereira Pessoa, da 1\u00aa Vara da Justi\u00e7a Federal do Acre. O Acre reconhece que a bonifica\u00e7\u00e3o diminui a desigualdade educacional e reconhece que a medida n\u00e3o contraria nenhum princ\u00edpio da Constitui\u00e7\u00e3o\u201d, explica a reitora.<\/p>\n<p style=\"text-align: justify;\">A institui\u00e7\u00e3o entrou com um recurso na Procuradoria-Geral Federal e obteve apoio do juiz da 1\u00aa Vara da Justi\u00e7a Federal do Acre, Wendelson Pereira Pessoa, que reconheceu a import\u00e2ncia do benef\u00edcio para diminuir as disparidades na educa\u00e7\u00e3o e constatou a conformidade da medida com a Constitui\u00e7\u00e3o.<\/p>\n<p style=\"text-align: justify;\">A decis\u00e3o, que ainda pode ser objeto de recurso, foi comemorada pela reitora como uma vit\u00f3ria, e todo o processo de matr\u00edculas na Ufac ser\u00e1 retomado durante a semana. A manuten\u00e7\u00e3o do b\u00f4nus regional, implementado em 2018, j\u00e1 mostrou um aumento significativo de estudantes acreanos matriculados, principalmente em cursos como medicina.<\/p>\n<p style=\"text-align: justify;\">Antes da bonifica\u00e7\u00e3o, pouco mais de dois alunos acreanos conseguiam ingressar no curso, mas ap\u00f3s a implementa\u00e7\u00e3o do b\u00f4nus, cerca de 50% dos integrantes do curso s\u00e3o do Estado.<\/p>\n<p style=\"text-align: justify;\">A reitora ressaltou a satisfa\u00e7\u00e3o com a decis\u00e3o favor\u00e1vel e a import\u00e2ncia do b\u00f4nus em cumprir seu prop\u00f3sito de inclus\u00e3o e equidade na educa\u00e7\u00e3o. Al\u00e9m disso, refor\u00e7ou que vai retomar as matr\u00edculas dos estudantes sem as amea\u00e7as anteriores, com ressalva para a import\u00e2ncia do benef\u00edcio regional para a comunidade acad\u00eamica da Ufac.<\/p>\n<p style=\"text-align: justify;\">\u201cAs matr\u00edculas permanecem as que j\u00e1 tinham sido feitas e essa semana vamos retomar com as matr\u00edculas dos nossos estudantes de forma c\u00e9lebre, para que todos os alunos, nossos pais de fam\u00edlias que tamb\u00e9m estiveram apreensivos junto conosco com a amea\u00e7a de derrubada do b\u00f4nus, vamos agora retomar e esses alunos v\u00e3o poder ingressar o mais r\u00e1pido poss\u00edvel na universidade, fazendo o seu curso e diminuindo essa desigualdade\u201d, conclui.<\/p>\n<p><strong><em>Mat\u00e9ria em v\u00eddeo produzida pela rep\u00f3rter D\u00e9bora Ribeiro para a TV Gazeta<\/em><\/strong><\/p>\n","protected":false},"excerpt":{"rendered":"<p>A bonifica\u00e7\u00e3o de 15% para ingresso na Universidade Federal do Acre (Ufac), pelo Sistema de Sele\u00e7\u00e3o Unificada (Sisu), para candidatos que cursaram o ensino m\u00e9dio inteiro no Estado, foi mais uma vez alvo de disputa judicial, sendo derrubada mais uma vez. A Ufac buscou na Justi\u00e7a o direito de manter o benef\u00edcio estadual, que visa [&hellip;]<\/p>\n","protected":false},"author":4,"featured_media":131156,"comment_status":"open","ping_status":"open","sticky":false,"template":"","format":"standard","meta":{"jnews-multi-image_gallery":[],"jnews_single_post":{"source_name":"","source_url":"","via_name":"","via_url":"","override_template":"0","override":[{"template":"custom","single_blog_custom":"110746","parallax":"1","fullscreen":"1","layout":"right-sidebar","sidebar":"default-sidebar","second_sidebar":"default-sidebar","sticky_sidebar":"1","share_position":"top","share_float_style":"share-monocrhome","show_share_counter":"1","show_view_counter":"1","show_featured":"1","show_post_meta":"1","show_post_author":"1","show_post_author_image":"1","show_post_date":"1","post_date_format":"default","post_date_format_custom":"Y\/m\/d","show_post_category":"1","show_post_reading_time":"0","post_reading_time_wpm":"300","show_zoom_button":"0","zoom_button_out_step":"2","zoom_button_in_step":"3","show_post_tag":"1","show_prev_next_post":"1","show_popup_post":"1","number_popup_post":"1","show_author_box":"0","show_post_related":"1","show_inline_post_related":"0"}],"override_image_size":"0","image_override":[{"single_post_thumbnail_size":"crop-500","single_post_gallery_size":"crop-500"}],"trending_post":"0","trending_post_position":"meta","trending_post_label":"Trending","sponsored_post":"0","sponsored_post_label":"Sponsored by","sponsored_post_name":"","sponsored_post_url":"","sponsored_post_logo_enable":"0","sponsored_post_logo":"","sponsored_post_desc":"","disable_ad":"0"},"jnews_primary_category":{"id":"","hide":""},"jnews_social_meta":{"fb_title":"","fb_description":"","fb_image":"","twitter_title":"","twitter_description":"","twitter_image":""},"jnews_review":[],"enable_review":"0","type":"percentage","name":"","summary":"","brand":"","sku":"","good":[{"good_text":""}],"bad":[{"bad_text":""}],"score_override":"0","override_value":"","rating":[{"rating_text":"","rating_number":"10"}],"price":[{"shop":"","price":"","link":"","icon":""}],"footnotes":""},"categories":[54],"tags":[],"class_list":["post-131155","post","type-post","status-publish","format-standard","has-post-thumbnail","hentry","category-cotidiano"],"yoast_head":"<!-- This site is optimized with the Yoast SEO plugin v26.5 - https:\/\/yoast.com\/wordpress\/plugins\/seo\/ -->\n<title>Reitora da Ufac comemora volta do b\u00f4nus regional: &quot;N\u00e3o contraria nenhum princ\u00edpio da Constitui\u00e7\u00e3o&quot; - Agazeta.net<\/title>\n<meta name=\"robots\" content=\"index, follow, max-snippet:-1, max-image-preview:large, max-video-preview:-1\" \/>\n<link rel=\"canonical\" href=\"https:\/\/nk7-testes.com.br\/agazeta\/reitora-da-ufac-comemora-volta-do-bonus-regional-nao-contraria-nenhum-principio-da-constituicao\/\" \/>\n<meta property=\"og:locale\" content=\"pt_BR\" \/>\n<meta property=\"og:type\" content=\"article\" \/>\n<meta property=\"og:title\" content=\"Reitora da Ufac comemora volta do b\u00f4nus regional: &quot;N\u00e3o contraria nenhum princ\u00edpio da Constitui\u00e7\u00e3o&quot;\" \/>\n<meta property=\"og:description\" content=\"De acordo com Guida Aquino, as matr\u00edculas que j\u00e1 haviam sido feitas v\u00e3o permanecer\" \/>\n<meta property=\"og:url\" content=\"https:\/\/nk7-testes.com.br\/agazeta\/reitora-da-ufac-comemora-volta-do-bonus-regional-nao-contraria-nenhum-principio-da-constituicao\/\" \/>\n<meta property=\"og:site_name\" content=\"Agazeta.net\" \/>\n<meta property=\"article:published_time\" content=\"2024-04-23T18:01:29+00:00\" \/>\n<meta property=\"og:image\" content=\"https:\/\/nk7-testes.com.br\/agazeta\/wp-content\/uploads\/2024\/04\/WhatsApp-Image-2024-04-23-at-12.59.46-jpeg.webp\" \/>\n\t<meta property=\"og:image:width\" content=\"800\" \/>\n\t<meta property=\"og:image:height\" content=\"402\" \/>\n\t<meta property=\"og:image:type\" content=\"image\/jpeg\" \/>\n<meta name=\"author\" content=\"Agazeta.Net\" \/>\n<meta name=\"twitter:card\" content=\"summary_large_image\" \/>\n<meta name=\"twitter:label1\" content=\"Escrito por\" \/>\n\t<meta name=\"twitter:data1\" content=\"Agazeta.Net\" \/>\n\t<meta name=\"twitter:label2\" content=\"Est. tempo de leitura\" \/>\n\t<meta name=\"twitter:data2\" content=\"2 minutos\" \/>\n<script type=\"application\/ld+json\" class=\"yoast-schema-graph\">{\"@context\":\"https:\/\/schema.org\",\"@graph\":[{\"@type\":\"WebPage\",\"@id\":\"https:\/\/nk7-testes.com.br\/agazeta\/reitora-da-ufac-comemora-volta-do-bonus-regional-nao-contraria-nenhum-principio-da-constituicao\/\",\"url\":\"https:\/\/nk7-testes.com.br\/agazeta\/reitora-da-ufac-comemora-volta-do-bonus-regional-nao-contraria-nenhum-principio-da-constituicao\/\",\"name\":\"Reitora da Ufac comemora volta do b\u00f4nus regional: \\\"N\u00e3o contraria nenhum princ\u00edpio da Constitui\u00e7\u00e3o\\\" - Agazeta.net\",\"isPartOf\":{\"@id\":\"https:\/\/nk7-testes.com.br\/agazeta\/#website\"},\"primaryImageOfPage\":{\"@id\":\"https:\/\/nk7-testes.com.br\/agazeta\/reitora-da-ufac-comemora-volta-do-bonus-regional-nao-contraria-nenhum-principio-da-constituicao\/#primaryimage\"},\"image\":{\"@id\":\"https:\/\/nk7-testes.com.br\/agazeta\/reitora-da-ufac-comemora-volta-do-bonus-regional-nao-contraria-nenhum-principio-da-constituicao\/#primaryimage\"},\"thumbnailUrl\":\"https:\/\/nk7-testes.com.br\/agazeta\/wp-content\/uploads\/2024\/04\/WhatsApp-Image-2024-04-23-at-12.59.46-jpeg.webp\",\"datePublished\":\"2024-04-23T18:01:29+00:00\",\"author\":{\"@id\":\"https:\/\/nk7-testes.com.br\/agazeta\/#\/schema\/person\/ff6b39d54d6973bfc57f4140f659b23f\"},\"breadcrumb\":{\"@id\":\"https:\/\/nk7-testes.com.br\/agazeta\/reitora-da-ufac-comemora-volta-do-bonus-regional-nao-contraria-nenhum-principio-da-constituicao\/#breadcrumb\"},\"inLanguage\":\"pt-BR\",\"potentialAction\":[{\"@type\":\"ReadAction\",\"target\":[\"https:\/\/nk7-testes.com.br\/agazeta\/reitora-da-ufac-comemora-volta-do-bonus-regional-nao-contraria-nenhum-principio-da-constituicao\/\"]}]},{\"@type\":\"ImageObject\",\"inLanguage\":\"pt-BR\",\"@id\":\"https:\/\/nk7-testes.com.br\/agazeta\/reitora-da-ufac-comemora-volta-do-bonus-regional-nao-contraria-nenhum-principio-da-constituicao\/#primaryimage\",\"url\":\"https:\/\/nk7-testes.com.br\/agazeta\/wp-content\/uploads\/2024\/04\/WhatsApp-Image-2024-04-23-at-12.59.46-jpeg.webp\",\"contentUrl\":\"https:\/\/nk7-testes.com.br\/agazeta\/wp-content\/uploads\/2024\/04\/WhatsApp-Image-2024-04-23-at-12.59.46-jpeg.webp\",\"width\":800,\"height\":402,\"caption\":\"Imagem: Reprodu\u00e7\u00e3o\/Instagram: @guida_aquino\"},{\"@type\":\"BreadcrumbList\",\"@id\":\"https:\/\/nk7-testes.com.br\/agazeta\/reitora-da-ufac-comemora-volta-do-bonus-regional-nao-contraria-nenhum-principio-da-constituicao\/#breadcrumb\",\"itemListElement\":[{\"@type\":\"ListItem\",\"position\":1,\"name\":\"In\u00edcio\",\"item\":\"https:\/\/nk7-testes.com.br\/agazeta\/\"},{\"@type\":\"ListItem\",\"position\":2,\"name\":\"Reitora da Ufac comemora volta do b\u00f4nus regional: &#8220;N\u00e3o contraria nenhum princ\u00edpio da Constitui\u00e7\u00e3o&#8221;\"}]},{\"@type\":\"WebSite\",\"@id\":\"https:\/\/nk7-testes.com.br\/agazeta\/#website\",\"url\":\"https:\/\/nk7-testes.com.br\/agazeta\/\",\"name\":\"Agazeta.net\",\"description\":\"Agazeta.net - Not\u00edcias de Rio Branco\/AC\",\"potentialAction\":[{\"@type\":\"SearchAction\",\"target\":{\"@type\":\"EntryPoint\",\"urlTemplate\":\"https:\/\/nk7-testes.com.br\/agazeta\/?s={search_term_string}\"},\"query-input\":{\"@type\":\"PropertyValueSpecification\",\"valueRequired\":true,\"valueName\":\"search_term_string\"}}],\"inLanguage\":\"pt-BR\"},{\"@type\":\"Person\",\"@id\":\"https:\/\/nk7-testes.com.br\/agazeta\/#\/schema\/person\/ff6b39d54d6973bfc57f4140f659b23f\",\"name\":\"Agazeta.Net\",\"url\":\"https:\/\/nk7-testes.com.br\/agazeta\/author\/agazeta\/\"}]}<\/script>\n<!-- \/ Yoast SEO plugin. -->","yoast_head_json":{"title":"Reitora da Ufac comemora volta do b\u00f4nus regional: \"N\u00e3o contraria nenhum princ\u00edpio da Constitui\u00e7\u00e3o\" - Agazeta.net","robots":{"index":"index","follow":"follow","max-snippet":"max-snippet:-1","max-image-preview":"max-image-preview:large","max-video-preview":"max-video-preview:-1"},"canonical":"https:\/\/nk7-testes.com.br\/agazeta\/reitora-da-ufac-comemora-volta-do-bonus-regional-nao-contraria-nenhum-principio-da-constituicao\/","og_locale":"pt_BR","og_type":"article","og_title":"Reitora da Ufac comemora volta do b\u00f4nus regional: \"N\u00e3o contraria nenhum princ\u00edpio da Constitui\u00e7\u00e3o\"","og_description":"De acordo com Guida Aquino, as matr\u00edculas que j\u00e1 haviam sido feitas v\u00e3o permanecer","og_url":"https:\/\/nk7-testes.com.br\/agazeta\/reitora-da-ufac-comemora-volta-do-bonus-regional-nao-contraria-nenhum-principio-da-constituicao\/","og_site_name":"Agazeta.net","article_published_time":"2024-04-23T18:01:29+00:00","og_image":[{"width":800,"height":402,"url":"https:\/\/nk7-testes.com.br\/agazeta\/wp-content\/uploads\/2024\/04\/WhatsApp-Image-2024-04-23-at-12.59.46-jpeg.webp","type":"image\/jpeg"}],"author":"Agazeta.Net","twitter_card":"summary_large_image","twitter_misc":{"Escrito por":"Agazeta.Net","Est. tempo de leitura":"2 minutos"},"schema":{"@context":"https:\/\/schema.org","@graph":[{"@type":"WebPage","@id":"https:\/\/nk7-testes.com.br\/agazeta\/reitora-da-ufac-comemora-volta-do-bonus-regional-nao-contraria-nenhum-principio-da-constituicao\/","url":"https:\/\/nk7-testes.com.br\/agazeta\/reitora-da-ufac-comemora-volta-do-bonus-regional-nao-contraria-nenhum-principio-da-constituicao\/","name":"Reitora da Ufac comemora volta do b\u00f4nus regional: \"N\u00e3o contraria nenhum princ\u00edpio da Constitui\u00e7\u00e3o\" - Agazeta.net","isPartOf":{"@id":"https:\/\/nk7-testes.com.br\/agazeta\/#website"},"primaryImageOfPage":{"@id":"https:\/\/nk7-testes.com.br\/agazeta\/reitora-da-ufac-comemora-volta-do-bonus-regional-nao-contraria-nenhum-principio-da-constituicao\/#primaryimage"},"image":{"@id":"https:\/\/nk7-testes.com.br\/agazeta\/reitora-da-ufac-comemora-volta-do-bonus-regional-nao-contraria-nenhum-principio-da-constituicao\/#primaryimage"},"thumbnailUrl":"https:\/\/nk7-testes.com.br\/agazeta\/wp-content\/uploads\/2024\/04\/WhatsApp-Image-2024-04-23-at-12.59.46-jpeg.webp","datePublished":"2024-04-23T18:01:29+00:00","author":{"@id":"https:\/\/nk7-testes.com.br\/agazeta\/#\/schema\/person\/ff6b39d54d6973bfc57f4140f659b23f"},"breadcrumb":{"@id":"https:\/\/nk7-testes.com.br\/agazeta\/reitora-da-ufac-comemora-volta-do-bonus-regional-nao-contraria-nenhum-principio-da-constituicao\/#breadcrumb"},"inLanguage":"pt-BR","potentialAction":[{"@type":"ReadAction","target":["https:\/\/nk7-testes.com.br\/agazeta\/reitora-da-ufac-comemora-volta-do-bonus-regional-nao-contraria-nenhum-principio-da-constituicao\/"]}]},{"@type":"ImageObject","inLanguage":"pt-BR","@id":"https:\/\/nk7-testes.com.br\/agazeta\/reitora-da-ufac-comemora-volta-do-bonus-regional-nao-contraria-nenhum-principio-da-constituicao\/#primaryimage","url":"https:\/\/nk7-testes.com.br\/agazeta\/wp-content\/uploads\/2024\/04\/WhatsApp-Image-2024-04-23-at-12.59.46-jpeg.webp","contentUrl":"https:\/\/nk7-testes.com.br\/agazeta\/wp-content\/uploads\/2024\/04\/WhatsApp-Image-2024-04-23-at-12.59.46-jpeg.webp","width":800,"height":402,"caption":"Imagem: Reprodu\u00e7\u00e3o\/Instagram: @guida_aquino"},{"@type":"BreadcrumbList","@id":"https:\/\/nk7-testes.com.br\/agazeta\/reitora-da-ufac-comemora-volta-do-bonus-regional-nao-contraria-nenhum-principio-da-constituicao\/#breadcrumb","itemListElement":[{"@type":"ListItem","position":1,"name":"In\u00edcio","item":"https:\/\/nk7-testes.com.br\/agazeta\/"},{"@type":"ListItem","position":2,"name":"Reitora da Ufac comemora volta do b\u00f4nus regional: &#8220;N\u00e3o contraria nenhum princ\u00edpio da Constitui\u00e7\u00e3o&#8221;"}]},{"@type":"WebSite","@id":"https:\/\/nk7-testes.com.br\/agazeta\/#website","url":"https:\/\/nk7-testes.com.br\/agazeta\/","name":"Agazeta.net","description":"Agazeta.net - Not\u00edcias de Rio Branco\/AC","potentialAction":[{"@type":"SearchAction","target":{"@type":"EntryPoint","urlTemplate":"https:\/\/nk7-testes.com.br\/agazeta\/?s={search_term_string}"},"query-input":{"@type":"PropertyValueSpecification","valueRequired":true,"valueName":"search_term_string"}}],"inLanguage":"pt-BR"},{"@type":"Person","@id":"https:\/\/nk7-testes.com.br\/agazeta\/#\/schema\/person\/ff6b39d54d6973bfc57f4140f659b23f","name":"Agazeta.Net","url":"https:\/\/nk7-testes.com.br\/agazeta\/author\/agazeta\/"}]}},"_links":{"self":[{"href":"https:\/\/nk7-testes.com.br\/agazeta\/wp-json\/wp\/v2\/posts\/131155","targetHints":{"allow":["GET"]}}],"collection":[{"href":"https:\/\/nk7-testes.com.br\/agazeta\/wp-json\/wp\/v2\/posts"}],"about":[{"href":"https:\/\/nk7-testes.com.br\/agazeta\/wp-json\/wp\/v2\/types\/post"}],"author":[{"embeddable":true,"href":"https:\/\/nk7-testes.com.br\/agazeta\/wp-json\/wp\/v2\/users\/4"}],"replies":[{"embeddable":true,"href":"https:\/\/nk7-testes.com.br\/agazeta\/wp-json\/wp\/v2\/comments?post=131155"}],"version-history":[{"count":0,"href":"https:\/\/nk7-testes.com.br\/agazeta\/wp-json\/wp\/v2\/posts\/131155\/revisions"}],"wp:featuredmedia":[{"embeddable":true,"href":"https:\/\/nk7-testes.com.br\/agazeta\/wp-json\/wp\/v2\/media\/131156"}],"wp:attachment":[{"href":"https:\/\/nk7-testes.com.br\/agazeta\/wp-json\/wp\/v2\/media?parent=131155"}],"wp:term":[{"taxonomy":"category","embeddable":true,"href":"https:\/\/nk7-testes.com.br\/agazeta\/wp-json\/wp\/v2\/categories?post=131155"},{"taxonomy":"post_tag","embeddable":true,"href":"https:\/\/nk7-testes.com.br\/agazeta\/wp-json\/wp\/v2\/tags?post=131155"}],"curies":[{"name":"wp","href":"https:\/\/api.w.org\/{rel}","templated":true}]}}