{"id":130907,"date":"2024-04-19T13:14:11","date_gmt":"2024-04-19T18:14:11","guid":{"rendered":"https:\/\/nk7-testes.com.br\/?p=130907"},"modified":"2024-04-19T13:14:11","modified_gmt":"2024-04-19T18:14:11","slug":"ato-em-prol-do-bonus-regional-da-ufac-acontece-nesta-sexta-feira-na-praca-da-revolucao","status":"publish","type":"post","link":"https:\/\/nk7-testes.com.br\/agazeta\/ato-em-prol-do-bonus-regional-da-ufac-acontece-nesta-sexta-feira-na-praca-da-revolucao\/","title":{"rendered":"Ato em prol do b\u00f4nus regional da Ufac acontece nesta sexta-feira na Pra\u00e7a da Revolu\u00e7\u00e3o"},"content":{"rendered":"<p style=\"text-align: justify;\">Estudantes da Universidade Federal do Acre (Ufac) realizam nesta sexta-feira, 19, com concentra\u00e7\u00e3o na Pra\u00e7a da Revolu\u00e7\u00e3o, em Rio Branco, \u00e0s 15h, um ato contra a derrubada do b\u00f4nus regional de 15%, que beneficia acreanos a entrarem na institui\u00e7\u00e3o pelo Sistema de Sele\u00e7\u00e3o Unificada (Sisu).<\/p>\n<p style=\"text-align: justify;\">De acordo com a presidente do Diret\u00f3rio Central dos Estudantes (DCE), Ingrid Maia, a organiza\u00e7\u00e3o foi feita por estudantes que \u00a0defendem a continuidade do b\u00f4nus de inclus\u00e3o regional na Ufac. Al\u00e9m disso, ela destaca que mais de 400 pessoas devem participar, incluindo membros do DCE, de Atl\u00e9tica e de Sindicatos.<\/p>\n<p style=\"text-align: justify;\">&#8220;Foi organizado por estudantes que defendem a continuidade do b\u00f4nus de inclus\u00e3o regional. S\u00e3o mais de 400 pessoas, do DCE, de Centros Acad\u00eamicos, atl\u00e9ticas, UJC, MUP, Sindicatos, movimentos sociais, entre outros defensores da educa\u00e7\u00e3o&#8221;, informa Maia.<\/p>\n<p style=\"text-align: justify;\">A manifesta\u00e7\u00e3o tem concentra\u00e7\u00e3o na Pra\u00e7a da Revolu\u00e7\u00e3o e segue at\u00e9 a Assembleia Legislativa do Estado do Acre (Aleac), na tentativa de chamar serem vistos pelos deputados estaduais. Segundo a presidente, \u00e9 necess\u00e1rio que os pol\u00edticos abracem a causa.<\/p>\n<p style=\"text-align: justify;\">&#8220;\u00c9 necess\u00e1rio para mostrar perante a sociedade um posicionamento dos estudantes em defesa da pol\u00edtica afirmativa do b\u00f4nus e chamar aten\u00e7\u00e3o dos pol\u00edticos para abra\u00e7ar a causa&#8221;, pontua Ingrid Maia.<\/p>\n<h4>B\u00f4nus \u00e9 inconstitucional?<\/h4>\n<p style=\"text-align: justify;\">De acordo com o advogado e professor do ensino superior Pierre Elie Kassab, n\u00e3o existe consenso a respeito da constitucionalidade, ou inconstitucionalidade, do b\u00f4nus regional oferecido por algumas universidades do pa\u00eds, atrav\u00e9s do Sistema de Sele\u00e7\u00e3o Unificada (SiSU).<\/p>\n<p style=\"text-align: justify;\">\u201cQuando algu\u00e9m fala que alguma lei ou conduta \u00e9 inconstitucional, est\u00e1 a afirmar que a constitui\u00e7\u00e3o n\u00e3o est\u00e1 sendo respeitada. \u00c9 importante mencionar que n\u00e3o existe consenso acerca da constitucionalidade, ou n\u00e3o, do b\u00f4nus regional. Existem decis\u00f5es judiciais permitindo a ado\u00e7\u00e3o desse tipo de pol\u00edtica p\u00fablica pelas Universidades Federais e outras n\u00e3o. Dentro da autonomia universit\u00e1ria e no combate \u00e0s desigualdades sociais e regionais, a Ufac fez o que lhe cabia para implementa\u00e7\u00e3o do b\u00f4nus\u201d, explica Kassab.<\/p>\n<p style=\"text-align: justify;\">Ele ressalta que outras institui\u00e7\u00f5es pelo pa\u00eds tamb\u00e9m adotaram a pol\u00edtica, mas, assim como a Ufac atualmente, precisam responder a\u00e7\u00f5es de candidatos que questionaram a legalidade do b\u00f4nus regional. Segundo Pierre Kassab, em alguns julgamentos a bonifica\u00e7\u00e3o foi considerada ilegal.<\/p>\n<p>https:\/\/nk7-testes.com.br\/bonus-regional-da-ufac-e-inconstitucional-advogado-acreano-explica\/<\/p>\n","protected":false},"excerpt":{"rendered":"<p>Estudantes da Universidade Federal do Acre (Ufac) realizam nesta sexta-feira, 19, com concentra\u00e7\u00e3o na Pra\u00e7a da Revolu\u00e7\u00e3o, em Rio Branco, \u00e0s 15h, um ato contra a derrubada do b\u00f4nus regional de 15%, que beneficia acreanos a entrarem na institui\u00e7\u00e3o pelo Sistema de Sele\u00e7\u00e3o Unificada (Sisu). De acordo com a presidente do Diret\u00f3rio Central dos Estudantes [&hellip;]<\/p>\n","protected":false},"author":4,"featured_media":130918,"comment_status":"open","ping_status":"open","sticky":false,"template":"","format":"standard","meta":{"jnews-multi-image_gallery":[],"jnews_single_post":{"source_name":"","source_url":"","via_name":"","via_url":"","override_template":"0","override":[{"template":"custom","single_blog_custom":"110746","parallax":"1","fullscreen":"1","layout":"right-sidebar","sidebar":"default-sidebar","second_sidebar":"default-sidebar","sticky_sidebar":"1","share_position":"top","share_float_style":"share-monocrhome","show_share_counter":"1","show_view_counter":"1","show_featured":"1","show_post_meta":"1","show_post_author":"1","show_post_author_image":"1","show_post_date":"1","post_date_format":"default","post_date_format_custom":"Y\/m\/d","show_post_category":"1","show_post_reading_time":"0","post_reading_time_wpm":"300","show_zoom_button":"0","zoom_button_out_step":"2","zoom_button_in_step":"3","show_post_tag":"1","show_prev_next_post":"1","show_popup_post":"1","number_popup_post":"1","show_author_box":"0","show_post_related":"1","show_inline_post_related":"0"}],"override_image_size":"0","image_override":[{"single_post_thumbnail_size":"crop-500","single_post_gallery_size":"crop-500"}],"trending_post":"0","trending_post_position":"meta","trending_post_label":"Trending","sponsored_post":"0","sponsored_post_label":"Sponsored by","sponsored_post_name":"","sponsored_post_url":"","sponsored_post_logo_enable":"0","sponsored_post_logo":"","sponsored_post_desc":"","disable_ad":"0"},"jnews_primary_category":{"id":"","hide":""},"jnews_social_meta":{"fb_title":"","fb_description":"","fb_image":"","twitter_title":"","twitter_description":"","twitter_image":""},"jnews_review":[],"enable_review":"0","type":"percentage","name":"","summary":"","brand":"","sku":"","good":[{"good_text":""}],"bad":[{"bad_text":""}],"score_override":"0","override_value":"","rating":[{"rating_text":"","rating_number":"10"}],"price":[{"shop":"","price":"","link":"","icon":""}],"footnotes":""},"categories":[54],"tags":[152],"class_list":["post-130907","post","type-post","status-publish","format-standard","has-post-thumbnail","hentry","category-cotidiano","tag-destaque"],"yoast_head":"<!-- This site is optimized with the Yoast SEO plugin v26.5 - https:\/\/yoast.com\/wordpress\/plugins\/seo\/ -->\n<title>Ato em prol do b\u00f4nus regional da Ufac acontece nesta sexta-feira na Pra\u00e7a da Revolu\u00e7\u00e3o - Agazeta.net<\/title>\n<meta name=\"robots\" content=\"index, follow, max-snippet:-1, max-image-preview:large, max-video-preview:-1\" \/>\n<link rel=\"canonical\" href=\"https:\/\/nk7-testes.com.br\/agazeta\/ato-em-prol-do-bonus-regional-da-ufac-acontece-nesta-sexta-feira-na-praca-da-revolucao\/\" \/>\n<meta property=\"og:locale\" content=\"pt_BR\" \/>\n<meta property=\"og:type\" content=\"article\" \/>\n<meta property=\"og:title\" content=\"Ato em prol do b\u00f4nus regional da Ufac acontece nesta sexta-feira na Pra\u00e7a da Revolu\u00e7\u00e3o\" \/>\n<meta property=\"og:description\" content=\"A presidente do Diret\u00f3rio Central dos Estudantes estima que 400 pessoas devem comparecer\" \/>\n<meta property=\"og:url\" content=\"https:\/\/nk7-testes.com.br\/agazeta\/ato-em-prol-do-bonus-regional-da-ufac-acontece-nesta-sexta-feira-na-praca-da-revolucao\/\" \/>\n<meta property=\"og:site_name\" content=\"Agazeta.net\" \/>\n<meta property=\"article:published_time\" content=\"2024-04-19T18:14:11+00:00\" \/>\n<meta property=\"og:image\" content=\"https:\/\/nk7-testes.com.br\/agazeta\/wp-content\/uploads\/2024\/04\/WhatsApp-Image-2024-04-19-at-12.12.04-jpeg.webp\" \/>\n\t<meta property=\"og:image:width\" content=\"640\" \/>\n\t<meta property=\"og:image:height\" content=\"406\" \/>\n\t<meta property=\"og:image:type\" content=\"image\/jpeg\" \/>\n<meta name=\"author\" content=\"Agazeta.Net\" \/>\n<meta name=\"twitter:card\" content=\"summary_large_image\" \/>\n<meta name=\"twitter:label1\" content=\"Escrito por\" \/>\n\t<meta name=\"twitter:data1\" content=\"Agazeta.Net\" \/>\n\t<meta name=\"twitter:label2\" content=\"Est. tempo de leitura\" \/>\n\t<meta name=\"twitter:data2\" content=\"2 minutos\" \/>\n<script type=\"application\/ld+json\" class=\"yoast-schema-graph\">{\"@context\":\"https:\/\/schema.org\",\"@graph\":[{\"@type\":\"WebPage\",\"@id\":\"https:\/\/nk7-testes.com.br\/agazeta\/ato-em-prol-do-bonus-regional-da-ufac-acontece-nesta-sexta-feira-na-praca-da-revolucao\/\",\"url\":\"https:\/\/nk7-testes.com.br\/agazeta\/ato-em-prol-do-bonus-regional-da-ufac-acontece-nesta-sexta-feira-na-praca-da-revolucao\/\",\"name\":\"Ato em prol do b\u00f4nus regional da Ufac acontece nesta sexta-feira na Pra\u00e7a da Revolu\u00e7\u00e3o - Agazeta.net\",\"isPartOf\":{\"@id\":\"https:\/\/nk7-testes.com.br\/agazeta\/#website\"},\"primaryImageOfPage\":{\"@id\":\"https:\/\/nk7-testes.com.br\/agazeta\/ato-em-prol-do-bonus-regional-da-ufac-acontece-nesta-sexta-feira-na-praca-da-revolucao\/#primaryimage\"},\"image\":{\"@id\":\"https:\/\/nk7-testes.com.br\/agazeta\/ato-em-prol-do-bonus-regional-da-ufac-acontece-nesta-sexta-feira-na-praca-da-revolucao\/#primaryimage\"},\"thumbnailUrl\":\"https:\/\/nk7-testes.com.br\/agazeta\/wp-content\/uploads\/2024\/04\/WhatsApp-Image-2024-04-19-at-12.12.04-jpeg.webp\",\"datePublished\":\"2024-04-19T18:14:11+00:00\",\"author\":{\"@id\":\"https:\/\/nk7-testes.com.br\/agazeta\/#\/schema\/person\/ff6b39d54d6973bfc57f4140f659b23f\"},\"breadcrumb\":{\"@id\":\"https:\/\/nk7-testes.com.br\/agazeta\/ato-em-prol-do-bonus-regional-da-ufac-acontece-nesta-sexta-feira-na-praca-da-revolucao\/#breadcrumb\"},\"inLanguage\":\"pt-BR\",\"potentialAction\":[{\"@type\":\"ReadAction\",\"target\":[\"https:\/\/nk7-testes.com.br\/agazeta\/ato-em-prol-do-bonus-regional-da-ufac-acontece-nesta-sexta-feira-na-praca-da-revolucao\/\"]}]},{\"@type\":\"ImageObject\",\"inLanguage\":\"pt-BR\",\"@id\":\"https:\/\/nk7-testes.com.br\/agazeta\/ato-em-prol-do-bonus-regional-da-ufac-acontece-nesta-sexta-feira-na-praca-da-revolucao\/#primaryimage\",\"url\":\"https:\/\/nk7-testes.com.br\/agazeta\/wp-content\/uploads\/2024\/04\/WhatsApp-Image-2024-04-19-at-12.12.04-jpeg.webp\",\"contentUrl\":\"https:\/\/nk7-testes.com.br\/agazeta\/wp-content\/uploads\/2024\/04\/WhatsApp-Image-2024-04-19-at-12.12.04-jpeg.webp\",\"width\":640,\"height\":406},{\"@type\":\"BreadcrumbList\",\"@id\":\"https:\/\/nk7-testes.com.br\/agazeta\/ato-em-prol-do-bonus-regional-da-ufac-acontece-nesta-sexta-feira-na-praca-da-revolucao\/#breadcrumb\",\"itemListElement\":[{\"@type\":\"ListItem\",\"position\":1,\"name\":\"In\u00edcio\",\"item\":\"https:\/\/nk7-testes.com.br\/agazeta\/\"},{\"@type\":\"ListItem\",\"position\":2,\"name\":\"Ato em prol do b\u00f4nus regional da Ufac acontece nesta sexta-feira na Pra\u00e7a da Revolu\u00e7\u00e3o\"}]},{\"@type\":\"WebSite\",\"@id\":\"https:\/\/nk7-testes.com.br\/agazeta\/#website\",\"url\":\"https:\/\/nk7-testes.com.br\/agazeta\/\",\"name\":\"Agazeta.net\",\"description\":\"Agazeta.net - Not\u00edcias de Rio Branco\/AC\",\"potentialAction\":[{\"@type\":\"SearchAction\",\"target\":{\"@type\":\"EntryPoint\",\"urlTemplate\":\"https:\/\/nk7-testes.com.br\/agazeta\/?s={search_term_string}\"},\"query-input\":{\"@type\":\"PropertyValueSpecification\",\"valueRequired\":true,\"valueName\":\"search_term_string\"}}],\"inLanguage\":\"pt-BR\"},{\"@type\":\"Person\",\"@id\":\"https:\/\/nk7-testes.com.br\/agazeta\/#\/schema\/person\/ff6b39d54d6973bfc57f4140f659b23f\",\"name\":\"Agazeta.Net\",\"url\":\"https:\/\/nk7-testes.com.br\/agazeta\/author\/agazeta\/\"}]}<\/script>\n<!-- \/ Yoast SEO plugin. -->","yoast_head_json":{"title":"Ato em prol do b\u00f4nus regional da Ufac acontece nesta sexta-feira na Pra\u00e7a da Revolu\u00e7\u00e3o - Agazeta.net","robots":{"index":"index","follow":"follow","max-snippet":"max-snippet:-1","max-image-preview":"max-image-preview:large","max-video-preview":"max-video-preview:-1"},"canonical":"https:\/\/nk7-testes.com.br\/agazeta\/ato-em-prol-do-bonus-regional-da-ufac-acontece-nesta-sexta-feira-na-praca-da-revolucao\/","og_locale":"pt_BR","og_type":"article","og_title":"Ato em prol do b\u00f4nus regional da Ufac acontece nesta sexta-feira na Pra\u00e7a da Revolu\u00e7\u00e3o","og_description":"A presidente do Diret\u00f3rio Central dos Estudantes estima que 400 pessoas devem comparecer","og_url":"https:\/\/nk7-testes.com.br\/agazeta\/ato-em-prol-do-bonus-regional-da-ufac-acontece-nesta-sexta-feira-na-praca-da-revolucao\/","og_site_name":"Agazeta.net","article_published_time":"2024-04-19T18:14:11+00:00","og_image":[{"width":640,"height":406,"url":"https:\/\/nk7-testes.com.br\/agazeta\/wp-content\/uploads\/2024\/04\/WhatsApp-Image-2024-04-19-at-12.12.04-jpeg.webp","type":"image\/jpeg"}],"author":"Agazeta.Net","twitter_card":"summary_large_image","twitter_misc":{"Escrito por":"Agazeta.Net","Est. tempo de leitura":"2 minutos"},"schema":{"@context":"https:\/\/schema.org","@graph":[{"@type":"WebPage","@id":"https:\/\/nk7-testes.com.br\/agazeta\/ato-em-prol-do-bonus-regional-da-ufac-acontece-nesta-sexta-feira-na-praca-da-revolucao\/","url":"https:\/\/nk7-testes.com.br\/agazeta\/ato-em-prol-do-bonus-regional-da-ufac-acontece-nesta-sexta-feira-na-praca-da-revolucao\/","name":"Ato em prol do b\u00f4nus regional da Ufac acontece nesta sexta-feira na Pra\u00e7a da Revolu\u00e7\u00e3o - Agazeta.net","isPartOf":{"@id":"https:\/\/nk7-testes.com.br\/agazeta\/#website"},"primaryImageOfPage":{"@id":"https:\/\/nk7-testes.com.br\/agazeta\/ato-em-prol-do-bonus-regional-da-ufac-acontece-nesta-sexta-feira-na-praca-da-revolucao\/#primaryimage"},"image":{"@id":"https:\/\/nk7-testes.com.br\/agazeta\/ato-em-prol-do-bonus-regional-da-ufac-acontece-nesta-sexta-feira-na-praca-da-revolucao\/#primaryimage"},"thumbnailUrl":"https:\/\/nk7-testes.com.br\/agazeta\/wp-content\/uploads\/2024\/04\/WhatsApp-Image-2024-04-19-at-12.12.04-jpeg.webp","datePublished":"2024-04-19T18:14:11+00:00","author":{"@id":"https:\/\/nk7-testes.com.br\/agazeta\/#\/schema\/person\/ff6b39d54d6973bfc57f4140f659b23f"},"breadcrumb":{"@id":"https:\/\/nk7-testes.com.br\/agazeta\/ato-em-prol-do-bonus-regional-da-ufac-acontece-nesta-sexta-feira-na-praca-da-revolucao\/#breadcrumb"},"inLanguage":"pt-BR","potentialAction":[{"@type":"ReadAction","target":["https:\/\/nk7-testes.com.br\/agazeta\/ato-em-prol-do-bonus-regional-da-ufac-acontece-nesta-sexta-feira-na-praca-da-revolucao\/"]}]},{"@type":"ImageObject","inLanguage":"pt-BR","@id":"https:\/\/nk7-testes.com.br\/agazeta\/ato-em-prol-do-bonus-regional-da-ufac-acontece-nesta-sexta-feira-na-praca-da-revolucao\/#primaryimage","url":"https:\/\/nk7-testes.com.br\/agazeta\/wp-content\/uploads\/2024\/04\/WhatsApp-Image-2024-04-19-at-12.12.04-jpeg.webp","contentUrl":"https:\/\/nk7-testes.com.br\/agazeta\/wp-content\/uploads\/2024\/04\/WhatsApp-Image-2024-04-19-at-12.12.04-jpeg.webp","width":640,"height":406},{"@type":"BreadcrumbList","@id":"https:\/\/nk7-testes.com.br\/agazeta\/ato-em-prol-do-bonus-regional-da-ufac-acontece-nesta-sexta-feira-na-praca-da-revolucao\/#breadcrumb","itemListElement":[{"@type":"ListItem","position":1,"name":"In\u00edcio","item":"https:\/\/nk7-testes.com.br\/agazeta\/"},{"@type":"ListItem","position":2,"name":"Ato em prol do b\u00f4nus regional da Ufac acontece nesta sexta-feira na Pra\u00e7a da Revolu\u00e7\u00e3o"}]},{"@type":"WebSite","@id":"https:\/\/nk7-testes.com.br\/agazeta\/#website","url":"https:\/\/nk7-testes.com.br\/agazeta\/","name":"Agazeta.net","description":"Agazeta.net - Not\u00edcias de Rio Branco\/AC","potentialAction":[{"@type":"SearchAction","target":{"@type":"EntryPoint","urlTemplate":"https:\/\/nk7-testes.com.br\/agazeta\/?s={search_term_string}"},"query-input":{"@type":"PropertyValueSpecification","valueRequired":true,"valueName":"search_term_string"}}],"inLanguage":"pt-BR"},{"@type":"Person","@id":"https:\/\/nk7-testes.com.br\/agazeta\/#\/schema\/person\/ff6b39d54d6973bfc57f4140f659b23f","name":"Agazeta.Net","url":"https:\/\/nk7-testes.com.br\/agazeta\/author\/agazeta\/"}]}},"_links":{"self":[{"href":"https:\/\/nk7-testes.com.br\/agazeta\/wp-json\/wp\/v2\/posts\/130907","targetHints":{"allow":["GET"]}}],"collection":[{"href":"https:\/\/nk7-testes.com.br\/agazeta\/wp-json\/wp\/v2\/posts"}],"about":[{"href":"https:\/\/nk7-testes.com.br\/agazeta\/wp-json\/wp\/v2\/types\/post"}],"author":[{"embeddable":true,"href":"https:\/\/nk7-testes.com.br\/agazeta\/wp-json\/wp\/v2\/users\/4"}],"replies":[{"embeddable":true,"href":"https:\/\/nk7-testes.com.br\/agazeta\/wp-json\/wp\/v2\/comments?post=130907"}],"version-history":[{"count":0,"href":"https:\/\/nk7-testes.com.br\/agazeta\/wp-json\/wp\/v2\/posts\/130907\/revisions"}],"wp:featuredmedia":[{"embeddable":true,"href":"https:\/\/nk7-testes.com.br\/agazeta\/wp-json\/wp\/v2\/media\/130918"}],"wp:attachment":[{"href":"https:\/\/nk7-testes.com.br\/agazeta\/wp-json\/wp\/v2\/media?parent=130907"}],"wp:term":[{"taxonomy":"category","embeddable":true,"href":"https:\/\/nk7-testes.com.br\/agazeta\/wp-json\/wp\/v2\/categories?post=130907"},{"taxonomy":"post_tag","embeddable":true,"href":"https:\/\/nk7-testes.com.br\/agazeta\/wp-json\/wp\/v2\/tags?post=130907"}],"curies":[{"name":"wp","href":"https:\/\/api.w.org\/{rel}","templated":true}]}}