{"id":130902,"date":"2024-04-19T11:20:13","date_gmt":"2024-04-19T16:20:13","guid":{"rendered":"https:\/\/nk7-testes.com.br\/?p=130902"},"modified":"2024-04-19T11:30:40","modified_gmt":"2024-04-19T16:30:40","slug":"cadeira-odontologica-doada-em-2012-para-presidio-de-seguranca-maxima-em-rio-branco-nunca-foi-utilizada","status":"publish","type":"post","link":"https:\/\/nk7-testes.com.br\/agazeta\/cadeira-odontologica-doada-em-2012-para-presidio-de-seguranca-maxima-em-rio-branco-nunca-foi-utilizada\/","title":{"rendered":"Cadeira odontol\u00f3gica doada em 2012 para pres\u00eddio de seguran\u00e7a m\u00e1xima em Rio Branco nunca foi utilizada"},"content":{"rendered":"<p style=\"text-align: justify;\">O promotor de Justi\u00e7a Tales Tranin, titular da 4\u00aa Promotoria de Justi\u00e7a Criminal da Comarca de Rio Branco, confirmou em entrevista \u00e0 TV Gazeta, a den\u00fancia de que o pres\u00eddio de Seguran\u00e7a M\u00e1xima Ant\u00f4nio Amaro possui uma cadeira odontol\u00f3gica em condi\u00e7\u00f5es prec\u00e1rias doada em 2012 e que nunca foi utilizada. Dessa forma, os <span class=\"selectable-text copyable-text\">reeducandos quando precisam de atendimento odontol\u00f3gico s\u00e3o deslocados para o Complexo Penitenci\u00e1rio\u00a0Francisco de Oliveira Conde.\u00a0<\/span><\/p>\n<p style=\"text-align: justify;\">A den\u00fancia foi feita pelos policiais penais, e ap\u00f3s uma inspe\u00e7\u00e3o na unidade, o promotor de Justi\u00e7a Tales Tranin confirmou pessoalmente o abandono da pe\u00e7a.\u00a0A partir dessa constata\u00e7\u00e3o, o Minist\u00e9rio P\u00fablico do Acre (MPAC) quer entender por que motivos que o estado n\u00e3o designou nenhum dentista para atender nessa unidade.<\/p>\n<p style=\"text-align: justify;\">&#8220;Eu estou oficiando o Secret\u00e1rio Estadual de Sa\u00fade e tamb\u00e9m o presidente do Iapen para que eles tenham sensibilidade nesse sentido de designar pelo menos uma equipe uma vez por m\u00eas para atender aquela popula\u00e7\u00e3o do Santo Amaro, que hoje \u00e9 por volta de uns 85 <span class=\"selectable-text copyable-text\">reeducandos&#8221;, explica<\/span> Tranin.<\/p>\n<p style=\"text-align: justify;\">O promotor explica ainda que, pelo fato da unidade n\u00e3o possuir um consult\u00f3rio odontol\u00f3gico em funcionamento, os policiais penas precisam realizar toda uma log\u00edstica de risco. Eles saem com os detentos do Santo Amaro e levam at\u00e9 o dentista que atende no <span class=\"selectable-text copyable-text\">Complexo Penitenci\u00e1rio <\/span>Francisco de Oliveira Conde.<\/p>\n<p style=\"text-align: justify;\">&#8220;<span class=\"selectable-text copyable-text\">Como \u00e9 p\u00fablico e not\u00f3rio o baixo efetivo de policiais penais, a gente coloca em risco esses profissionais. Acaba tendo uma imin\u00eancia de risco de fuga, porque os reeducandos de Mossor\u00f3 era do Santo Amaro. Ent\u00e3o, logisticamente \u00e9 mais f\u00e1cil colocar um dentista no Santo Amaro para atender aqueles reeducandos do que fazer esse deslocamento&#8221;,\u00a0<\/span> acrescenta o promotor.<\/p>\n<p style=\"text-align: justify;\">\u00c9 preciso considerar ainda que, mesmo se o estado disponibilizar um profissional para atender na unidade, pelas p\u00e9ssimas condi\u00e7\u00f5es da cadeira odontol\u00f3gica, ela vai precisar ser submetida a um servi\u00e7o de manuten\u00e7\u00e3o, mesmo nunca tendo sido usada antes.<\/p>\n<p>&#8220;Pelas fotos a gente percebe que est\u00e1 bem deteriorada. Vamos tentar ver se ainda conseguimos salvar esse equipamento&#8221;, finaliza Tranin.<\/p>\n<p><em><strong>Mat\u00e9ria produzida pela rep\u00f3rter D\u00e9bora Ribeiro para TV Gazeta\u00a0<\/strong><\/em><\/p>\n","protected":false},"excerpt":{"rendered":"<p>O promotor de Justi\u00e7a Tales Tranin, titular da 4\u00aa Promotoria de Justi\u00e7a Criminal da Comarca de Rio Branco, confirmou em entrevista \u00e0 TV Gazeta, a den\u00fancia de que o pres\u00eddio de Seguran\u00e7a M\u00e1xima Ant\u00f4nio Amaro possui uma cadeira odontol\u00f3gica em condi\u00e7\u00f5es prec\u00e1rias doada em 2012 e que nunca foi utilizada. Dessa forma, os reeducandos quando [&hellip;]<\/p>\n","protected":false},"author":4,"featured_media":130903,"comment_status":"open","ping_status":"open","sticky":false,"template":"","format":"standard","meta":{"jnews-multi-image_gallery":[],"jnews_single_post":{"source_name":"","source_url":"","via_name":"","via_url":"","override_template":"0","override":[{"template":"custom","single_blog_custom":"110746","parallax":"1","fullscreen":"1","layout":"right-sidebar","sidebar":"default-sidebar","second_sidebar":"default-sidebar","sticky_sidebar":"1","share_position":"top","share_float_style":"share-monocrhome","show_share_counter":"1","show_view_counter":"1","show_featured":"1","show_post_meta":"1","show_post_author":"1","show_post_author_image":"1","show_post_date":"1","post_date_format":"default","post_date_format_custom":"Y\/m\/d","show_post_category":"1","show_post_reading_time":"0","post_reading_time_wpm":"300","show_zoom_button":"0","zoom_button_out_step":"2","zoom_button_in_step":"3","show_post_tag":"1","show_prev_next_post":"1","show_popup_post":"1","number_popup_post":"1","show_author_box":"0","show_post_related":"1","show_inline_post_related":"0"}],"override_image_size":"0","image_override":[{"single_post_thumbnail_size":"crop-500","single_post_gallery_size":"crop-500"}],"trending_post":"0","trending_post_position":"meta","trending_post_label":"Trending","sponsored_post":"0","sponsored_post_label":"Sponsored by","sponsored_post_name":"","sponsored_post_url":"","sponsored_post_logo_enable":"0","sponsored_post_logo":"","sponsored_post_desc":"","disable_ad":"0"},"jnews_primary_category":{"id":"","hide":""},"jnews_social_meta":{"fb_title":"","fb_description":"","fb_image":"","twitter_title":"","twitter_description":"","twitter_image":""},"jnews_review":[],"enable_review":"0","type":"percentage","name":"","summary":"","brand":"","sku":"","good":[{"good_text":""}],"bad":[{"bad_text":""}],"score_override":"0","override_value":"","rating":[{"rating_text":"","rating_number":"10"}],"price":[{"shop":"","price":"","link":"","icon":""}],"footnotes":""},"categories":[54],"tags":[],"class_list":["post-130902","post","type-post","status-publish","format-standard","has-post-thumbnail","hentry","category-cotidiano"],"yoast_head":"<!-- This site is optimized with the Yoast SEO plugin v26.5 - https:\/\/yoast.com\/wordpress\/plugins\/seo\/ -->\n<title>Cadeira odontol\u00f3gica doada em 2012 para pres\u00eddio de seguran\u00e7a m\u00e1xima em Rio Branco nunca foi utilizada - Agazeta.net<\/title>\n<meta name=\"robots\" content=\"index, follow, max-snippet:-1, max-image-preview:large, max-video-preview:-1\" \/>\n<link rel=\"canonical\" href=\"https:\/\/nk7-testes.com.br\/agazeta\/cadeira-odontologica-doada-em-2012-para-presidio-de-seguranca-maxima-em-rio-branco-nunca-foi-utilizada\/\" \/>\n<meta property=\"og:locale\" content=\"pt_BR\" \/>\n<meta property=\"og:type\" content=\"article\" \/>\n<meta property=\"og:title\" content=\"Cadeira odontol\u00f3gica doada em 2012 para pres\u00eddio de seguran\u00e7a m\u00e1xima em Rio Branco nunca foi utilizada\" \/>\n<meta property=\"og:description\" content=\"O MPAC quer entender por que motivos que o estado n\u00e3o designou nenhum dentista para atender nessa unidade\" \/>\n<meta property=\"og:url\" content=\"https:\/\/nk7-testes.com.br\/agazeta\/cadeira-odontologica-doada-em-2012-para-presidio-de-seguranca-maxima-em-rio-branco-nunca-foi-utilizada\/\" \/>\n<meta property=\"og:site_name\" content=\"Agazeta.net\" \/>\n<meta property=\"article:published_time\" content=\"2024-04-19T16:20:13+00:00\" \/>\n<meta property=\"article:modified_time\" content=\"2024-04-19T16:30:40+00:00\" \/>\n<meta property=\"og:image\" content=\"https:\/\/nk7-testes.com.br\/agazeta\/wp-content\/uploads\/2024\/04\/0bc0b43e-1749-4146-8f7b-46cd5a51539b-jpg.webp\" \/>\n\t<meta property=\"og:image:width\" content=\"800\" \/>\n\t<meta property=\"og:image:height\" content=\"371\" \/>\n\t<meta property=\"og:image:type\" content=\"image\/jpeg\" \/>\n<meta name=\"author\" content=\"Agazeta.Net\" \/>\n<meta name=\"twitter:card\" content=\"summary_large_image\" \/>\n<meta name=\"twitter:title\" content=\"Cadeira odontol\u00f3gica doada em 2012 para pres\u00eddio de seguran\u00e7a m\u00e1xima em Rio Branco nunca foi utilizada\" \/>\n<meta name=\"twitter:description\" content=\"O MPAC quer entender por que motivos que o estado n\u00e3o designou nenhum dentista para atender nessa unidade\" \/>\n<meta name=\"twitter:image\" content=\"https:\/\/nk7-testes.com.br\/agazeta\/wp-content\/uploads\/2024\/04\/0bc0b43e-1749-4146-8f7b-46cd5a51539b-jpg.webp\" \/>\n<meta name=\"twitter:label1\" content=\"Escrito por\" \/>\n\t<meta name=\"twitter:data1\" content=\"Agazeta.Net\" \/>\n\t<meta name=\"twitter:label2\" content=\"Est. tempo de leitura\" \/>\n\t<meta name=\"twitter:data2\" content=\"2 minutos\" \/>\n<script type=\"application\/ld+json\" class=\"yoast-schema-graph\">{\"@context\":\"https:\/\/schema.org\",\"@graph\":[{\"@type\":\"WebPage\",\"@id\":\"https:\/\/nk7-testes.com.br\/agazeta\/cadeira-odontologica-doada-em-2012-para-presidio-de-seguranca-maxima-em-rio-branco-nunca-foi-utilizada\/\",\"url\":\"https:\/\/nk7-testes.com.br\/agazeta\/cadeira-odontologica-doada-em-2012-para-presidio-de-seguranca-maxima-em-rio-branco-nunca-foi-utilizada\/\",\"name\":\"Cadeira odontol\u00f3gica doada em 2012 para pres\u00eddio de seguran\u00e7a m\u00e1xima em Rio Branco nunca foi utilizada - Agazeta.net\",\"isPartOf\":{\"@id\":\"https:\/\/nk7-testes.com.br\/agazeta\/#website\"},\"primaryImageOfPage\":{\"@id\":\"https:\/\/nk7-testes.com.br\/agazeta\/cadeira-odontologica-doada-em-2012-para-presidio-de-seguranca-maxima-em-rio-branco-nunca-foi-utilizada\/#primaryimage\"},\"image\":{\"@id\":\"https:\/\/nk7-testes.com.br\/agazeta\/cadeira-odontologica-doada-em-2012-para-presidio-de-seguranca-maxima-em-rio-branco-nunca-foi-utilizada\/#primaryimage\"},\"thumbnailUrl\":\"https:\/\/nk7-testes.com.br\/agazeta\/wp-content\/uploads\/2024\/04\/0bc0b43e-1749-4146-8f7b-46cd5a51539b-jpg.webp\",\"datePublished\":\"2024-04-19T16:20:13+00:00\",\"dateModified\":\"2024-04-19T16:30:40+00:00\",\"author\":{\"@id\":\"https:\/\/nk7-testes.com.br\/agazeta\/#\/schema\/person\/ff6b39d54d6973bfc57f4140f659b23f\"},\"breadcrumb\":{\"@id\":\"https:\/\/nk7-testes.com.br\/agazeta\/cadeira-odontologica-doada-em-2012-para-presidio-de-seguranca-maxima-em-rio-branco-nunca-foi-utilizada\/#breadcrumb\"},\"inLanguage\":\"pt-BR\",\"potentialAction\":[{\"@type\":\"ReadAction\",\"target\":[\"https:\/\/nk7-testes.com.br\/agazeta\/cadeira-odontologica-doada-em-2012-para-presidio-de-seguranca-maxima-em-rio-branco-nunca-foi-utilizada\/\"]}]},{\"@type\":\"ImageObject\",\"inLanguage\":\"pt-BR\",\"@id\":\"https:\/\/nk7-testes.com.br\/agazeta\/cadeira-odontologica-doada-em-2012-para-presidio-de-seguranca-maxima-em-rio-branco-nunca-foi-utilizada\/#primaryimage\",\"url\":\"https:\/\/nk7-testes.com.br\/agazeta\/wp-content\/uploads\/2024\/04\/0bc0b43e-1749-4146-8f7b-46cd5a51539b-jpg.webp\",\"contentUrl\":\"https:\/\/nk7-testes.com.br\/agazeta\/wp-content\/uploads\/2024\/04\/0bc0b43e-1749-4146-8f7b-46cd5a51539b-jpg.webp\",\"width\":800,\"height\":371},{\"@type\":\"BreadcrumbList\",\"@id\":\"https:\/\/nk7-testes.com.br\/agazeta\/cadeira-odontologica-doada-em-2012-para-presidio-de-seguranca-maxima-em-rio-branco-nunca-foi-utilizada\/#breadcrumb\",\"itemListElement\":[{\"@type\":\"ListItem\",\"position\":1,\"name\":\"In\u00edcio\",\"item\":\"https:\/\/nk7-testes.com.br\/agazeta\/\"},{\"@type\":\"ListItem\",\"position\":2,\"name\":\"Cadeira odontol\u00f3gica doada em 2012 para pres\u00eddio de seguran\u00e7a m\u00e1xima em Rio Branco nunca foi utilizada\"}]},{\"@type\":\"WebSite\",\"@id\":\"https:\/\/nk7-testes.com.br\/agazeta\/#website\",\"url\":\"https:\/\/nk7-testes.com.br\/agazeta\/\",\"name\":\"Agazeta.net\",\"description\":\"Agazeta.net - Not\u00edcias de Rio Branco\/AC\",\"potentialAction\":[{\"@type\":\"SearchAction\",\"target\":{\"@type\":\"EntryPoint\",\"urlTemplate\":\"https:\/\/nk7-testes.com.br\/agazeta\/?s={search_term_string}\"},\"query-input\":{\"@type\":\"PropertyValueSpecification\",\"valueRequired\":true,\"valueName\":\"search_term_string\"}}],\"inLanguage\":\"pt-BR\"},{\"@type\":\"Person\",\"@id\":\"https:\/\/nk7-testes.com.br\/agazeta\/#\/schema\/person\/ff6b39d54d6973bfc57f4140f659b23f\",\"name\":\"Agazeta.Net\",\"url\":\"https:\/\/nk7-testes.com.br\/agazeta\/author\/agazeta\/\"}]}<\/script>\n<!-- \/ Yoast SEO plugin. -->","yoast_head_json":{"title":"Cadeira odontol\u00f3gica doada em 2012 para pres\u00eddio de seguran\u00e7a m\u00e1xima em Rio Branco nunca foi utilizada - Agazeta.net","robots":{"index":"index","follow":"follow","max-snippet":"max-snippet:-1","max-image-preview":"max-image-preview:large","max-video-preview":"max-video-preview:-1"},"canonical":"https:\/\/nk7-testes.com.br\/agazeta\/cadeira-odontologica-doada-em-2012-para-presidio-de-seguranca-maxima-em-rio-branco-nunca-foi-utilizada\/","og_locale":"pt_BR","og_type":"article","og_title":"Cadeira odontol\u00f3gica doada em 2012 para pres\u00eddio de seguran\u00e7a m\u00e1xima em Rio Branco nunca foi utilizada","og_description":"O MPAC quer entender por que motivos que o estado n\u00e3o designou nenhum dentista para atender nessa unidade","og_url":"https:\/\/nk7-testes.com.br\/agazeta\/cadeira-odontologica-doada-em-2012-para-presidio-de-seguranca-maxima-em-rio-branco-nunca-foi-utilizada\/","og_site_name":"Agazeta.net","article_published_time":"2024-04-19T16:20:13+00:00","article_modified_time":"2024-04-19T16:30:40+00:00","og_image":[{"width":800,"height":371,"url":"https:\/\/nk7-testes.com.br\/agazeta\/wp-content\/uploads\/2024\/04\/0bc0b43e-1749-4146-8f7b-46cd5a51539b-jpg.webp","type":"image\/jpeg"}],"author":"Agazeta.Net","twitter_card":"summary_large_image","twitter_title":"Cadeira odontol\u00f3gica doada em 2012 para pres\u00eddio de seguran\u00e7a m\u00e1xima em Rio Branco nunca foi utilizada","twitter_description":"O MPAC quer entender por que motivos que o estado n\u00e3o designou nenhum dentista para atender nessa unidade","twitter_image":"https:\/\/nk7-testes.com.br\/agazeta\/wp-content\/uploads\/2024\/04\/0bc0b43e-1749-4146-8f7b-46cd5a51539b-jpg.webp","twitter_misc":{"Escrito por":"Agazeta.Net","Est. tempo de leitura":"2 minutos"},"schema":{"@context":"https:\/\/schema.org","@graph":[{"@type":"WebPage","@id":"https:\/\/nk7-testes.com.br\/agazeta\/cadeira-odontologica-doada-em-2012-para-presidio-de-seguranca-maxima-em-rio-branco-nunca-foi-utilizada\/","url":"https:\/\/nk7-testes.com.br\/agazeta\/cadeira-odontologica-doada-em-2012-para-presidio-de-seguranca-maxima-em-rio-branco-nunca-foi-utilizada\/","name":"Cadeira odontol\u00f3gica doada em 2012 para pres\u00eddio de seguran\u00e7a m\u00e1xima em Rio Branco nunca foi utilizada - Agazeta.net","isPartOf":{"@id":"https:\/\/nk7-testes.com.br\/agazeta\/#website"},"primaryImageOfPage":{"@id":"https:\/\/nk7-testes.com.br\/agazeta\/cadeira-odontologica-doada-em-2012-para-presidio-de-seguranca-maxima-em-rio-branco-nunca-foi-utilizada\/#primaryimage"},"image":{"@id":"https:\/\/nk7-testes.com.br\/agazeta\/cadeira-odontologica-doada-em-2012-para-presidio-de-seguranca-maxima-em-rio-branco-nunca-foi-utilizada\/#primaryimage"},"thumbnailUrl":"https:\/\/nk7-testes.com.br\/agazeta\/wp-content\/uploads\/2024\/04\/0bc0b43e-1749-4146-8f7b-46cd5a51539b-jpg.webp","datePublished":"2024-04-19T16:20:13+00:00","dateModified":"2024-04-19T16:30:40+00:00","author":{"@id":"https:\/\/nk7-testes.com.br\/agazeta\/#\/schema\/person\/ff6b39d54d6973bfc57f4140f659b23f"},"breadcrumb":{"@id":"https:\/\/nk7-testes.com.br\/agazeta\/cadeira-odontologica-doada-em-2012-para-presidio-de-seguranca-maxima-em-rio-branco-nunca-foi-utilizada\/#breadcrumb"},"inLanguage":"pt-BR","potentialAction":[{"@type":"ReadAction","target":["https:\/\/nk7-testes.com.br\/agazeta\/cadeira-odontologica-doada-em-2012-para-presidio-de-seguranca-maxima-em-rio-branco-nunca-foi-utilizada\/"]}]},{"@type":"ImageObject","inLanguage":"pt-BR","@id":"https:\/\/nk7-testes.com.br\/agazeta\/cadeira-odontologica-doada-em-2012-para-presidio-de-seguranca-maxima-em-rio-branco-nunca-foi-utilizada\/#primaryimage","url":"https:\/\/nk7-testes.com.br\/agazeta\/wp-content\/uploads\/2024\/04\/0bc0b43e-1749-4146-8f7b-46cd5a51539b-jpg.webp","contentUrl":"https:\/\/nk7-testes.com.br\/agazeta\/wp-content\/uploads\/2024\/04\/0bc0b43e-1749-4146-8f7b-46cd5a51539b-jpg.webp","width":800,"height":371},{"@type":"BreadcrumbList","@id":"https:\/\/nk7-testes.com.br\/agazeta\/cadeira-odontologica-doada-em-2012-para-presidio-de-seguranca-maxima-em-rio-branco-nunca-foi-utilizada\/#breadcrumb","itemListElement":[{"@type":"ListItem","position":1,"name":"In\u00edcio","item":"https:\/\/nk7-testes.com.br\/agazeta\/"},{"@type":"ListItem","position":2,"name":"Cadeira odontol\u00f3gica doada em 2012 para pres\u00eddio de seguran\u00e7a m\u00e1xima em Rio Branco nunca foi utilizada"}]},{"@type":"WebSite","@id":"https:\/\/nk7-testes.com.br\/agazeta\/#website","url":"https:\/\/nk7-testes.com.br\/agazeta\/","name":"Agazeta.net","description":"Agazeta.net - Not\u00edcias de Rio Branco\/AC","potentialAction":[{"@type":"SearchAction","target":{"@type":"EntryPoint","urlTemplate":"https:\/\/nk7-testes.com.br\/agazeta\/?s={search_term_string}"},"query-input":{"@type":"PropertyValueSpecification","valueRequired":true,"valueName":"search_term_string"}}],"inLanguage":"pt-BR"},{"@type":"Person","@id":"https:\/\/nk7-testes.com.br\/agazeta\/#\/schema\/person\/ff6b39d54d6973bfc57f4140f659b23f","name":"Agazeta.Net","url":"https:\/\/nk7-testes.com.br\/agazeta\/author\/agazeta\/"}]}},"_links":{"self":[{"href":"https:\/\/nk7-testes.com.br\/agazeta\/wp-json\/wp\/v2\/posts\/130902","targetHints":{"allow":["GET"]}}],"collection":[{"href":"https:\/\/nk7-testes.com.br\/agazeta\/wp-json\/wp\/v2\/posts"}],"about":[{"href":"https:\/\/nk7-testes.com.br\/agazeta\/wp-json\/wp\/v2\/types\/post"}],"author":[{"embeddable":true,"href":"https:\/\/nk7-testes.com.br\/agazeta\/wp-json\/wp\/v2\/users\/4"}],"replies":[{"embeddable":true,"href":"https:\/\/nk7-testes.com.br\/agazeta\/wp-json\/wp\/v2\/comments?post=130902"}],"version-history":[{"count":0,"href":"https:\/\/nk7-testes.com.br\/agazeta\/wp-json\/wp\/v2\/posts\/130902\/revisions"}],"wp:featuredmedia":[{"embeddable":true,"href":"https:\/\/nk7-testes.com.br\/agazeta\/wp-json\/wp\/v2\/media\/130903"}],"wp:attachment":[{"href":"https:\/\/nk7-testes.com.br\/agazeta\/wp-json\/wp\/v2\/media?parent=130902"}],"wp:term":[{"taxonomy":"category","embeddable":true,"href":"https:\/\/nk7-testes.com.br\/agazeta\/wp-json\/wp\/v2\/categories?post=130902"},{"taxonomy":"post_tag","embeddable":true,"href":"https:\/\/nk7-testes.com.br\/agazeta\/wp-json\/wp\/v2\/tags?post=130902"}],"curies":[{"name":"wp","href":"https:\/\/api.w.org\/{rel}","templated":true}]}}