{"id":130877,"date":"2024-04-18T15:46:36","date_gmt":"2024-04-18T20:46:36","guid":{"rendered":"https:\/\/nk7-testes.com.br\/?p=130877"},"modified":"2024-04-18T15:46:36","modified_gmt":"2024-04-18T20:46:36","slug":"apos-mais-de-um-mes-tecnicos-administrativos-da-ufac-continuam-em-greve-sem-previsao-de-termino","status":"publish","type":"post","link":"https:\/\/nk7-testes.com.br\/agazeta\/apos-mais-de-um-mes-tecnicos-administrativos-da-ufac-continuam-em-greve-sem-previsao-de-termino\/","title":{"rendered":"Ap\u00f3s mais de um m\u00eas, t\u00e9cnicos-administrativos da Ufac continuam em greve; sem previs\u00e3o de t\u00e9rmino"},"content":{"rendered":"<p style=\"text-align: justify;\">Os servidores T\u00e9cnicos-Administrativos em Educa\u00e7\u00e3o (TAE) da Universidade Federal do Acre (Ufac) continuam em greve, ap\u00f3s mais de um m\u00eas do in\u00edcio da paralisa\u00e7\u00e3o, e n\u00e3o t\u00eam previs\u00e3o para encerrar. A principal reivindica\u00e7\u00e3o da classe \u00e9 o reajuste salarial em que recomponha a infla\u00e7\u00e3o dos \u00faltimos seis anos.<\/p>\n<p style=\"text-align: justify;\">De acordo com o tesoureiro do Sindicato dos Trabalhadores em Educa\u00e7\u00e3o do Terceiro Grau do Acre (Sintest\/AC), Charles Brasil, al\u00e9m do reajuste salarial, outro pedido dos servidores \u00e9 a restrutura\u00e7\u00e3o do Plano de Carreira dos Cargos T\u00e9cnico-Administrativos em Educa\u00e7\u00e3o (PCCTAE).<\/p>\n<p style=\"text-align: justify;\">&#8220;A greve j\u00e1 dura 37 dias. As principais reivindica\u00e7\u00f5es s\u00e3o reajuste salarial em 2024 que recomponha a infla\u00e7\u00e3o dos \u00faltimos seis anos e restrutura\u00e7\u00e3o da carreira dos T\u00e9cnicos-Administrativos em Educa\u00e7\u00e3o, que \u00e9 nosso PCCTAE&#8221;, conta o tesoureiro.<\/p>\n<h4>Proposta do Governo Federal<\/h4>\n<p style=\"text-align: justify;\">Os servidores aceitaram, nesta ter\u00e7a-feira (16), a proposta do Governo Federal para os reajustes de aux\u00edlio alimenta\u00e7\u00e3o, creche e sa\u00fade. Apesar disso, a greve deve continuar e, atualmente, todos os t\u00e9cnicos-administrativos da Ufac se encontram paralisados.<\/p>\n<p style=\"text-align: justify;\">Com a proposta do Governo, o valor do aux\u00edlio alimenta\u00e7\u00e3o vai de R$ 658 para R$ 1 mil, uma alta de 51,9%; do aux\u00edlio sa\u00fade vai de R$ 144,38 para cerca de R$ 215; e o aux\u00edlio creche passa a ser R$ 484,90, tendo em vista que o valor era R$ 321.<\/p>\n<p style=\"text-align: justify;\">&#8220;A categoria do Sintest Acre decidiu aceitar a proposta dos aux\u00edlios, que deve ser pago em junho com efeitos de maio em diante, se a maioria da categoria do servi\u00e7o p\u00fablico federal aceitar. Mas a greve continua porque esse ponto n\u00e3o \u00e9 a centralidade da nossa pauta, que \u00e9 a restrutura\u00e7\u00e3o da carreira e o reajuste salarial em 2024&#8221;, pontua Charles Brasil.<\/p>\n<h4>Nova assembleia<\/h4>\n<p style=\"text-align: justify;\">De acordo com o representante do Sintest\/AC, na pr\u00f3xima ter\u00e7a-feira (23) acontece uma nova assembleia, pois na sexta-feira (20) desta semana vai acontecer uma reuni\u00e3o com o Governo Federal sobre a pauta central da paralisa\u00e7\u00e3o.<\/p>\n<p style=\"text-align: justify;\">&#8220;Ter\u00e7a-feira que vem vamos ter uma assembleia importante, porque na sexta-feira vai ter uma reuni\u00e3o com o Governo sobre a nossa pauta central&#8221;, destaca Brasil.<\/p>\n","protected":false},"excerpt":{"rendered":"<p>Os servidores T\u00e9cnicos-Administrativos em Educa\u00e7\u00e3o (TAE) da Universidade Federal do Acre (Ufac) continuam em greve, ap\u00f3s mais de um m\u00eas do in\u00edcio da paralisa\u00e7\u00e3o, e n\u00e3o t\u00eam previs\u00e3o para encerrar. A principal reivindica\u00e7\u00e3o da classe \u00e9 o reajuste salarial em que recomponha a infla\u00e7\u00e3o dos \u00faltimos seis anos. De acordo com o tesoureiro do Sindicato [&hellip;]<\/p>\n","protected":false},"author":4,"featured_media":130878,"comment_status":"open","ping_status":"open","sticky":false,"template":"","format":"standard","meta":{"jnews-multi-image_gallery":[],"jnews_single_post":{"source_name":"","source_url":"","via_name":"","via_url":"","override_template":"0","override":[{"template":"custom","single_blog_custom":"110746","parallax":"1","fullscreen":"1","layout":"right-sidebar","sidebar":"default-sidebar","second_sidebar":"default-sidebar","sticky_sidebar":"1","share_position":"top","share_float_style":"share-monocrhome","show_share_counter":"1","show_view_counter":"1","show_featured":"1","show_post_meta":"1","show_post_author":"1","show_post_author_image":"1","show_post_date":"1","post_date_format":"default","post_date_format_custom":"Y\/m\/d","show_post_category":"1","show_post_reading_time":"0","post_reading_time_wpm":"300","show_zoom_button":"0","zoom_button_out_step":"2","zoom_button_in_step":"3","show_post_tag":"1","show_prev_next_post":"1","show_popup_post":"1","number_popup_post":"1","show_author_box":"0","show_post_related":"1","show_inline_post_related":"0"}],"override_image_size":"0","image_override":[{"single_post_thumbnail_size":"crop-500","single_post_gallery_size":"crop-500"}],"trending_post":"0","trending_post_position":"meta","trending_post_label":"Trending","sponsored_post":"0","sponsored_post_label":"Sponsored by","sponsored_post_name":"","sponsored_post_url":"","sponsored_post_logo_enable":"0","sponsored_post_logo":"","sponsored_post_desc":"","disable_ad":"0"},"jnews_primary_category":{"id":"","hide":""},"jnews_social_meta":{"fb_title":"","fb_description":"","fb_image":"","twitter_title":"","twitter_description":"","twitter_image":""},"jnews_review":[],"enable_review":"0","type":"percentage","name":"","summary":"","brand":"","sku":"","good":[{"good_text":""}],"bad":[{"bad_text":""}],"score_override":"0","override_value":"","rating":[{"rating_text":"","rating_number":"10"}],"price":[{"shop":"","price":"","link":"","icon":""}],"footnotes":""},"categories":[54],"tags":[152],"class_list":["post-130877","post","type-post","status-publish","format-standard","has-post-thumbnail","hentry","category-cotidiano","tag-destaque"],"yoast_head":"<!-- This site is optimized with the Yoast SEO plugin v26.5 - https:\/\/yoast.com\/wordpress\/plugins\/seo\/ -->\n<title>Ap\u00f3s mais de um m\u00eas, t\u00e9cnicos-administrativos da Ufac continuam em greve; sem previs\u00e3o de t\u00e9rmino - Agazeta.net<\/title>\n<meta name=\"robots\" content=\"index, follow, max-snippet:-1, max-image-preview:large, max-video-preview:-1\" \/>\n<link rel=\"canonical\" href=\"https:\/\/nk7-testes.com.br\/agazeta\/apos-mais-de-um-mes-tecnicos-administrativos-da-ufac-continuam-em-greve-sem-previsao-de-termino\/\" \/>\n<meta property=\"og:locale\" content=\"pt_BR\" \/>\n<meta property=\"og:type\" content=\"article\" \/>\n<meta property=\"og:title\" content=\"Ap\u00f3s mais de um m\u00eas, t\u00e9cnicos-administrativos da Ufac continuam em greve; sem previs\u00e3o de t\u00e9rmino\" \/>\n<meta property=\"og:description\" content=\"Nesta semana, a classe aceitou a proposta do Governo Federal para reajustes de aux\u00edlio alimenta\u00e7\u00e3o, creche e sa\u00fade\" \/>\n<meta property=\"og:url\" content=\"https:\/\/nk7-testes.com.br\/agazeta\/apos-mais-de-um-mes-tecnicos-administrativos-da-ufac-continuam-em-greve-sem-previsao-de-termino\/\" \/>\n<meta property=\"og:site_name\" content=\"Agazeta.net\" \/>\n<meta property=\"article:published_time\" content=\"2024-04-18T20:46:36+00:00\" \/>\n<meta property=\"og:image\" content=\"https:\/\/nk7-testes.com.br\/agazeta\/wp-content\/uploads\/2024\/04\/image-jpeg.webp\" \/>\n\t<meta property=\"og:image:width\" content=\"800\" \/>\n\t<meta property=\"og:image:height\" content=\"399\" \/>\n\t<meta property=\"og:image:type\" content=\"image\/jpeg\" \/>\n<meta name=\"author\" content=\"Agazeta.Net\" \/>\n<meta name=\"twitter:card\" content=\"summary_large_image\" \/>\n<meta name=\"twitter:label1\" content=\"Escrito por\" \/>\n\t<meta name=\"twitter:data1\" content=\"Agazeta.Net\" \/>\n\t<meta name=\"twitter:label2\" content=\"Est. tempo de leitura\" \/>\n\t<meta name=\"twitter:data2\" content=\"2 minutos\" \/>\n<script type=\"application\/ld+json\" class=\"yoast-schema-graph\">{\"@context\":\"https:\/\/schema.org\",\"@graph\":[{\"@type\":\"WebPage\",\"@id\":\"https:\/\/nk7-testes.com.br\/agazeta\/apos-mais-de-um-mes-tecnicos-administrativos-da-ufac-continuam-em-greve-sem-previsao-de-termino\/\",\"url\":\"https:\/\/nk7-testes.com.br\/agazeta\/apos-mais-de-um-mes-tecnicos-administrativos-da-ufac-continuam-em-greve-sem-previsao-de-termino\/\",\"name\":\"Ap\u00f3s mais de um m\u00eas, t\u00e9cnicos-administrativos da Ufac continuam em greve; sem previs\u00e3o de t\u00e9rmino - Agazeta.net\",\"isPartOf\":{\"@id\":\"https:\/\/nk7-testes.com.br\/agazeta\/#website\"},\"primaryImageOfPage\":{\"@id\":\"https:\/\/nk7-testes.com.br\/agazeta\/apos-mais-de-um-mes-tecnicos-administrativos-da-ufac-continuam-em-greve-sem-previsao-de-termino\/#primaryimage\"},\"image\":{\"@id\":\"https:\/\/nk7-testes.com.br\/agazeta\/apos-mais-de-um-mes-tecnicos-administrativos-da-ufac-continuam-em-greve-sem-previsao-de-termino\/#primaryimage\"},\"thumbnailUrl\":\"https:\/\/nk7-testes.com.br\/agazeta\/wp-content\/uploads\/2024\/04\/image-jpeg.webp\",\"datePublished\":\"2024-04-18T20:46:36+00:00\",\"author\":{\"@id\":\"https:\/\/nk7-testes.com.br\/agazeta\/#\/schema\/person\/ff6b39d54d6973bfc57f4140f659b23f\"},\"breadcrumb\":{\"@id\":\"https:\/\/nk7-testes.com.br\/agazeta\/apos-mais-de-um-mes-tecnicos-administrativos-da-ufac-continuam-em-greve-sem-previsao-de-termino\/#breadcrumb\"},\"inLanguage\":\"pt-BR\",\"potentialAction\":[{\"@type\":\"ReadAction\",\"target\":[\"https:\/\/nk7-testes.com.br\/agazeta\/apos-mais-de-um-mes-tecnicos-administrativos-da-ufac-continuam-em-greve-sem-previsao-de-termino\/\"]}]},{\"@type\":\"ImageObject\",\"inLanguage\":\"pt-BR\",\"@id\":\"https:\/\/nk7-testes.com.br\/agazeta\/apos-mais-de-um-mes-tecnicos-administrativos-da-ufac-continuam-em-greve-sem-previsao-de-termino\/#primaryimage\",\"url\":\"https:\/\/nk7-testes.com.br\/agazeta\/wp-content\/uploads\/2024\/04\/image-jpeg.webp\",\"contentUrl\":\"https:\/\/nk7-testes.com.br\/agazeta\/wp-content\/uploads\/2024\/04\/image-jpeg.webp\",\"width\":800,\"height\":399,\"caption\":\"Imagem: Reprodu\u00e7\u00e3o\"},{\"@type\":\"BreadcrumbList\",\"@id\":\"https:\/\/nk7-testes.com.br\/agazeta\/apos-mais-de-um-mes-tecnicos-administrativos-da-ufac-continuam-em-greve-sem-previsao-de-termino\/#breadcrumb\",\"itemListElement\":[{\"@type\":\"ListItem\",\"position\":1,\"name\":\"In\u00edcio\",\"item\":\"https:\/\/nk7-testes.com.br\/agazeta\/\"},{\"@type\":\"ListItem\",\"position\":2,\"name\":\"Ap\u00f3s mais de um m\u00eas, t\u00e9cnicos-administrativos da Ufac continuam em greve; sem previs\u00e3o de t\u00e9rmino\"}]},{\"@type\":\"WebSite\",\"@id\":\"https:\/\/nk7-testes.com.br\/agazeta\/#website\",\"url\":\"https:\/\/nk7-testes.com.br\/agazeta\/\",\"name\":\"Agazeta.net\",\"description\":\"Agazeta.net - Not\u00edcias de Rio Branco\/AC\",\"potentialAction\":[{\"@type\":\"SearchAction\",\"target\":{\"@type\":\"EntryPoint\",\"urlTemplate\":\"https:\/\/nk7-testes.com.br\/agazeta\/?s={search_term_string}\"},\"query-input\":{\"@type\":\"PropertyValueSpecification\",\"valueRequired\":true,\"valueName\":\"search_term_string\"}}],\"inLanguage\":\"pt-BR\"},{\"@type\":\"Person\",\"@id\":\"https:\/\/nk7-testes.com.br\/agazeta\/#\/schema\/person\/ff6b39d54d6973bfc57f4140f659b23f\",\"name\":\"Agazeta.Net\",\"url\":\"https:\/\/nk7-testes.com.br\/agazeta\/author\/agazeta\/\"}]}<\/script>\n<!-- \/ Yoast SEO plugin. -->","yoast_head_json":{"title":"Ap\u00f3s mais de um m\u00eas, t\u00e9cnicos-administrativos da Ufac continuam em greve; sem previs\u00e3o de t\u00e9rmino - Agazeta.net","robots":{"index":"index","follow":"follow","max-snippet":"max-snippet:-1","max-image-preview":"max-image-preview:large","max-video-preview":"max-video-preview:-1"},"canonical":"https:\/\/nk7-testes.com.br\/agazeta\/apos-mais-de-um-mes-tecnicos-administrativos-da-ufac-continuam-em-greve-sem-previsao-de-termino\/","og_locale":"pt_BR","og_type":"article","og_title":"Ap\u00f3s mais de um m\u00eas, t\u00e9cnicos-administrativos da Ufac continuam em greve; sem previs\u00e3o de t\u00e9rmino","og_description":"Nesta semana, a classe aceitou a proposta do Governo Federal para reajustes de aux\u00edlio alimenta\u00e7\u00e3o, creche e sa\u00fade","og_url":"https:\/\/nk7-testes.com.br\/agazeta\/apos-mais-de-um-mes-tecnicos-administrativos-da-ufac-continuam-em-greve-sem-previsao-de-termino\/","og_site_name":"Agazeta.net","article_published_time":"2024-04-18T20:46:36+00:00","og_image":[{"width":800,"height":399,"url":"https:\/\/nk7-testes.com.br\/agazeta\/wp-content\/uploads\/2024\/04\/image-jpeg.webp","type":"image\/jpeg"}],"author":"Agazeta.Net","twitter_card":"summary_large_image","twitter_misc":{"Escrito por":"Agazeta.Net","Est. tempo de leitura":"2 minutos"},"schema":{"@context":"https:\/\/schema.org","@graph":[{"@type":"WebPage","@id":"https:\/\/nk7-testes.com.br\/agazeta\/apos-mais-de-um-mes-tecnicos-administrativos-da-ufac-continuam-em-greve-sem-previsao-de-termino\/","url":"https:\/\/nk7-testes.com.br\/agazeta\/apos-mais-de-um-mes-tecnicos-administrativos-da-ufac-continuam-em-greve-sem-previsao-de-termino\/","name":"Ap\u00f3s mais de um m\u00eas, t\u00e9cnicos-administrativos da Ufac continuam em greve; sem previs\u00e3o de t\u00e9rmino - Agazeta.net","isPartOf":{"@id":"https:\/\/nk7-testes.com.br\/agazeta\/#website"},"primaryImageOfPage":{"@id":"https:\/\/nk7-testes.com.br\/agazeta\/apos-mais-de-um-mes-tecnicos-administrativos-da-ufac-continuam-em-greve-sem-previsao-de-termino\/#primaryimage"},"image":{"@id":"https:\/\/nk7-testes.com.br\/agazeta\/apos-mais-de-um-mes-tecnicos-administrativos-da-ufac-continuam-em-greve-sem-previsao-de-termino\/#primaryimage"},"thumbnailUrl":"https:\/\/nk7-testes.com.br\/agazeta\/wp-content\/uploads\/2024\/04\/image-jpeg.webp","datePublished":"2024-04-18T20:46:36+00:00","author":{"@id":"https:\/\/nk7-testes.com.br\/agazeta\/#\/schema\/person\/ff6b39d54d6973bfc57f4140f659b23f"},"breadcrumb":{"@id":"https:\/\/nk7-testes.com.br\/agazeta\/apos-mais-de-um-mes-tecnicos-administrativos-da-ufac-continuam-em-greve-sem-previsao-de-termino\/#breadcrumb"},"inLanguage":"pt-BR","potentialAction":[{"@type":"ReadAction","target":["https:\/\/nk7-testes.com.br\/agazeta\/apos-mais-de-um-mes-tecnicos-administrativos-da-ufac-continuam-em-greve-sem-previsao-de-termino\/"]}]},{"@type":"ImageObject","inLanguage":"pt-BR","@id":"https:\/\/nk7-testes.com.br\/agazeta\/apos-mais-de-um-mes-tecnicos-administrativos-da-ufac-continuam-em-greve-sem-previsao-de-termino\/#primaryimage","url":"https:\/\/nk7-testes.com.br\/agazeta\/wp-content\/uploads\/2024\/04\/image-jpeg.webp","contentUrl":"https:\/\/nk7-testes.com.br\/agazeta\/wp-content\/uploads\/2024\/04\/image-jpeg.webp","width":800,"height":399,"caption":"Imagem: Reprodu\u00e7\u00e3o"},{"@type":"BreadcrumbList","@id":"https:\/\/nk7-testes.com.br\/agazeta\/apos-mais-de-um-mes-tecnicos-administrativos-da-ufac-continuam-em-greve-sem-previsao-de-termino\/#breadcrumb","itemListElement":[{"@type":"ListItem","position":1,"name":"In\u00edcio","item":"https:\/\/nk7-testes.com.br\/agazeta\/"},{"@type":"ListItem","position":2,"name":"Ap\u00f3s mais de um m\u00eas, t\u00e9cnicos-administrativos da Ufac continuam em greve; sem previs\u00e3o de t\u00e9rmino"}]},{"@type":"WebSite","@id":"https:\/\/nk7-testes.com.br\/agazeta\/#website","url":"https:\/\/nk7-testes.com.br\/agazeta\/","name":"Agazeta.net","description":"Agazeta.net - Not\u00edcias de Rio Branco\/AC","potentialAction":[{"@type":"SearchAction","target":{"@type":"EntryPoint","urlTemplate":"https:\/\/nk7-testes.com.br\/agazeta\/?s={search_term_string}"},"query-input":{"@type":"PropertyValueSpecification","valueRequired":true,"valueName":"search_term_string"}}],"inLanguage":"pt-BR"},{"@type":"Person","@id":"https:\/\/nk7-testes.com.br\/agazeta\/#\/schema\/person\/ff6b39d54d6973bfc57f4140f659b23f","name":"Agazeta.Net","url":"https:\/\/nk7-testes.com.br\/agazeta\/author\/agazeta\/"}]}},"_links":{"self":[{"href":"https:\/\/nk7-testes.com.br\/agazeta\/wp-json\/wp\/v2\/posts\/130877","targetHints":{"allow":["GET"]}}],"collection":[{"href":"https:\/\/nk7-testes.com.br\/agazeta\/wp-json\/wp\/v2\/posts"}],"about":[{"href":"https:\/\/nk7-testes.com.br\/agazeta\/wp-json\/wp\/v2\/types\/post"}],"author":[{"embeddable":true,"href":"https:\/\/nk7-testes.com.br\/agazeta\/wp-json\/wp\/v2\/users\/4"}],"replies":[{"embeddable":true,"href":"https:\/\/nk7-testes.com.br\/agazeta\/wp-json\/wp\/v2\/comments?post=130877"}],"version-history":[{"count":0,"href":"https:\/\/nk7-testes.com.br\/agazeta\/wp-json\/wp\/v2\/posts\/130877\/revisions"}],"wp:featuredmedia":[{"embeddable":true,"href":"https:\/\/nk7-testes.com.br\/agazeta\/wp-json\/wp\/v2\/media\/130878"}],"wp:attachment":[{"href":"https:\/\/nk7-testes.com.br\/agazeta\/wp-json\/wp\/v2\/media?parent=130877"}],"wp:term":[{"taxonomy":"category","embeddable":true,"href":"https:\/\/nk7-testes.com.br\/agazeta\/wp-json\/wp\/v2\/categories?post=130877"},{"taxonomy":"post_tag","embeddable":true,"href":"https:\/\/nk7-testes.com.br\/agazeta\/wp-json\/wp\/v2\/tags?post=130877"}],"curies":[{"name":"wp","href":"https:\/\/api.w.org\/{rel}","templated":true}]}}