{"id":130870,"date":"2024-04-18T14:37:30","date_gmt":"2024-04-18T19:37:30","guid":{"rendered":"https:\/\/nk7-testes.com.br\/?p=130870"},"modified":"2024-04-18T14:37:30","modified_gmt":"2024-04-18T19:37:30","slug":"obra-de-revitalizacao-da-biblioteca-da-floresta-em-rio-branco-vai-custar-r-3-milhoes","status":"publish","type":"post","link":"https:\/\/nk7-testes.com.br\/agazeta\/obra-de-revitalizacao-da-biblioteca-da-floresta-em-rio-branco-vai-custar-r-3-milhoes\/","title":{"rendered":"Obra de revitaliza\u00e7\u00e3o da Biblioteca da Floresta em Rio Branco vai custar R$ 3 milh\u00f5es"},"content":{"rendered":"<p style=\"text-align: justify;\">Inaugurada em 2007, a Biblioteca da Floresta fechou as portas doze anos depois, em 2019. O espa\u00e7o, hoje, est\u00e1 deteriorado. Por\u00e9m, a ordem de servi\u00e7o para a revitaliza\u00e7\u00e3o do espa\u00e7o j\u00e1 foi assinada e a previs\u00e3o \u00e9 a de que, dentro do prazo de um ano, a biblioteca seja reaberta e entregue \u00e0 popula\u00e7\u00e3o.<\/p>\n<p style=\"text-align: justify;\">O pr\u00e9dio, al\u00e9m da biblioteca, conta com um pequeno audit\u00f3rio e sala para exposi\u00e7\u00f5es. Pela forma como foi constru\u00edda e pela quantidade de informa\u00e7\u00f5es e conte\u00fado, chegou a ser considerada um ponto tur\u00edstico na capital.<\/p>\n<p style=\"text-align: justify;\">O an\u00fancio do in\u00edcio dos trabalhos foi feito pelo pr\u00f3prio governador do Acre. Ao lado do secret\u00e1rio de Obras P\u00fablicas \u00cdtalo Lopes, Gladson Cameli ressaltou a import\u00e2ncia da biblioteca ser restaurada e devolvida ao povo acreano.<\/p>\n<p style=\"text-align: justify;\">&#8220;A hist\u00f3ria est\u00e1 mostrando o valor e a dedica\u00e7\u00e3o de cada um. \u00c9 por isso que eu falo sempre, n\u00f3s temos que cuidar desse diamante que \u00e9 o Acre e o Acre pertence a milhares de pessoas&#8221;, afirma Cameli.<\/p>\n<p style=\"text-align: justify;\">Com a assinatura da ordem de servi\u00e7o, a empresa respons\u00e1vel pelos servi\u00e7os de revitaliza\u00e7\u00e3o j\u00e1 tem prazo definido para iniciar os trabalhos.<\/p>\n<p style=\"text-align: justify;\">&#8220;Vai ser um investimento de R$ 3 milh\u00f5es a revitaliza\u00e7\u00e3o da Biblioteca. \u00c9 um revitaliza\u00e7\u00e3o que visa trazer mais conforto para os usu\u00e1rios, atualizar tamb\u00e9m em rela\u00e7\u00e3o \u00e0s normas vigentes, tanto de acessibilidade, quanto prote\u00e7\u00e3o na quest\u00e3o de um poss\u00edvel inc\u00eandio. Trazer tudo isso para a modernidade, mas sem perder a identidade&#8221;, pontua \u00cdtalo Lopes.<\/p>\n<p style=\"text-align: justify;\">A Funda\u00e7\u00e3o de Cultura Elias Mansour (FEM) vai ser a respons\u00e1vel pela administra\u00e7\u00e3o do espa\u00e7o. Ter a biblioteca da Floresta de volta ao acervo cultural do estado, \u00e9 motivo de muita comemora\u00e7\u00e3o por parte do presidente da FEM.<\/p>\n<p style=\"text-align: justify;\">&#8220;A gente na verdade est\u00e1 demonstrando o nosso respeito e carinho pela identidade do povo acreano. Quantas e quantas pessoas j\u00e1 passaram por ali, j\u00e1 estudaram e j\u00e1 passaram pelo vestibular? \u00c9 um espa\u00e7o que segue um conceito. Por isso que a gente da FEM acompanha&#8221;, diz Minoru Kinpara, presidente da FEM.<\/p>\n<p><em><strong>Mat\u00e9ria produzida em v\u00eddeo pela rep\u00f3rter D\u00e9bora Ribeiro para a TV Gazeta<\/strong><\/em><\/p>\n","protected":false},"excerpt":{"rendered":"<p>Inaugurada em 2007, a Biblioteca da Floresta fechou as portas doze anos depois, em 2019. O espa\u00e7o, hoje, est\u00e1 deteriorado. Por\u00e9m, a ordem de servi\u00e7o para a revitaliza\u00e7\u00e3o do espa\u00e7o j\u00e1 foi assinada e a previs\u00e3o \u00e9 a de que, dentro do prazo de um ano, a biblioteca seja reaberta e entregue \u00e0 popula\u00e7\u00e3o. O [&hellip;]<\/p>\n","protected":false},"author":4,"featured_media":130871,"comment_status":"open","ping_status":"open","sticky":false,"template":"","format":"standard","meta":{"jnews-multi-image_gallery":[],"jnews_single_post":{"source_name":"","source_url":"","via_name":"","via_url":"","override_template":"0","override":[{"template":"custom","single_blog_custom":"110746","parallax":"1","fullscreen":"1","layout":"right-sidebar","sidebar":"default-sidebar","second_sidebar":"default-sidebar","sticky_sidebar":"1","share_position":"top","share_float_style":"share-monocrhome","show_share_counter":"1","show_view_counter":"1","show_featured":"1","show_post_meta":"1","show_post_author":"1","show_post_author_image":"1","show_post_date":"1","post_date_format":"default","post_date_format_custom":"Y\/m\/d","show_post_category":"1","show_post_reading_time":"0","post_reading_time_wpm":"300","show_zoom_button":"0","zoom_button_out_step":"2","zoom_button_in_step":"3","show_post_tag":"1","show_prev_next_post":"1","show_popup_post":"1","number_popup_post":"1","show_author_box":"0","show_post_related":"1","show_inline_post_related":"0"}],"override_image_size":"0","image_override":[{"single_post_thumbnail_size":"crop-500","single_post_gallery_size":"crop-500"}],"trending_post":"0","trending_post_position":"meta","trending_post_label":"Trending","sponsored_post":"0","sponsored_post_label":"Sponsored by","sponsored_post_name":"","sponsored_post_url":"","sponsored_post_logo_enable":"0","sponsored_post_logo":"","sponsored_post_desc":"","disable_ad":"0"},"jnews_primary_category":{"id":"","hide":""},"jnews_social_meta":{"fb_title":"","fb_description":"","fb_image":"","twitter_title":"","twitter_description":"","twitter_image":""},"jnews_review":[],"enable_review":"0","type":"percentage","name":"","summary":"","brand":"","sku":"","good":[{"good_text":""}],"bad":[{"bad_text":""}],"score_override":"0","override_value":"","rating":[{"rating_text":"","rating_number":"10"}],"price":[{"shop":"","price":"","link":"","icon":""}],"footnotes":""},"categories":[54],"tags":[],"class_list":["post-130870","post","type-post","status-publish","format-standard","has-post-thumbnail","hentry","category-cotidiano"],"yoast_head":"<!-- This site is optimized with the Yoast SEO plugin v26.5 - https:\/\/yoast.com\/wordpress\/plugins\/seo\/ -->\n<title>Obra de revitaliza\u00e7\u00e3o da Biblioteca da Floresta em Rio Branco vai custar R$ 3 milh\u00f5es - Agazeta.net<\/title>\n<meta name=\"robots\" content=\"index, follow, max-snippet:-1, max-image-preview:large, max-video-preview:-1\" \/>\n<link rel=\"canonical\" href=\"https:\/\/nk7-testes.com.br\/agazeta\/obra-de-revitalizacao-da-biblioteca-da-floresta-em-rio-branco-vai-custar-r-3-milhoes\/\" \/>\n<meta property=\"og:locale\" content=\"pt_BR\" \/>\n<meta property=\"og:type\" content=\"article\" \/>\n<meta property=\"og:title\" content=\"Obra de revitaliza\u00e7\u00e3o da Biblioteca da Floresta em Rio Branco vai custar R$ 3 milh\u00f5es\" \/>\n<meta property=\"og:description\" content=\"Ordem de servi\u00e7o j\u00e1 foi assinada e a previs\u00e3o \u00e9 que seja entregue dentro do prazo de um ano\" \/>\n<meta property=\"og:url\" content=\"https:\/\/nk7-testes.com.br\/agazeta\/obra-de-revitalizacao-da-biblioteca-da-floresta-em-rio-branco-vai-custar-r-3-milhoes\/\" \/>\n<meta property=\"og:site_name\" content=\"Agazeta.net\" \/>\n<meta property=\"article:published_time\" content=\"2024-04-18T19:37:30+00:00\" \/>\n<meta property=\"og:image\" content=\"https:\/\/nk7-testes.com.br\/agazeta\/wp-content\/uploads\/2024\/04\/biblioteca-da-floresta-jpg.webp\" \/>\n\t<meta property=\"og:image:width\" content=\"800\" \/>\n\t<meta property=\"og:image:height\" content=\"404\" \/>\n\t<meta property=\"og:image:type\" content=\"image\/jpeg\" \/>\n<meta name=\"author\" content=\"Agazeta.Net\" \/>\n<meta name=\"twitter:card\" content=\"summary_large_image\" \/>\n<meta name=\"twitter:label1\" content=\"Escrito por\" \/>\n\t<meta name=\"twitter:data1\" content=\"Agazeta.Net\" \/>\n\t<meta name=\"twitter:label2\" content=\"Est. tempo de leitura\" \/>\n\t<meta name=\"twitter:data2\" content=\"2 minutos\" \/>\n<script type=\"application\/ld+json\" class=\"yoast-schema-graph\">{\"@context\":\"https:\/\/schema.org\",\"@graph\":[{\"@type\":\"WebPage\",\"@id\":\"https:\/\/nk7-testes.com.br\/agazeta\/obra-de-revitalizacao-da-biblioteca-da-floresta-em-rio-branco-vai-custar-r-3-milhoes\/\",\"url\":\"https:\/\/nk7-testes.com.br\/agazeta\/obra-de-revitalizacao-da-biblioteca-da-floresta-em-rio-branco-vai-custar-r-3-milhoes\/\",\"name\":\"Obra de revitaliza\u00e7\u00e3o da Biblioteca da Floresta em Rio Branco vai custar R$ 3 milh\u00f5es - Agazeta.net\",\"isPartOf\":{\"@id\":\"https:\/\/nk7-testes.com.br\/agazeta\/#website\"},\"primaryImageOfPage\":{\"@id\":\"https:\/\/nk7-testes.com.br\/agazeta\/obra-de-revitalizacao-da-biblioteca-da-floresta-em-rio-branco-vai-custar-r-3-milhoes\/#primaryimage\"},\"image\":{\"@id\":\"https:\/\/nk7-testes.com.br\/agazeta\/obra-de-revitalizacao-da-biblioteca-da-floresta-em-rio-branco-vai-custar-r-3-milhoes\/#primaryimage\"},\"thumbnailUrl\":\"https:\/\/nk7-testes.com.br\/agazeta\/wp-content\/uploads\/2024\/04\/biblioteca-da-floresta-jpg.webp\",\"datePublished\":\"2024-04-18T19:37:30+00:00\",\"author\":{\"@id\":\"https:\/\/nk7-testes.com.br\/agazeta\/#\/schema\/person\/ff6b39d54d6973bfc57f4140f659b23f\"},\"breadcrumb\":{\"@id\":\"https:\/\/nk7-testes.com.br\/agazeta\/obra-de-revitalizacao-da-biblioteca-da-floresta-em-rio-branco-vai-custar-r-3-milhoes\/#breadcrumb\"},\"inLanguage\":\"pt-BR\",\"potentialAction\":[{\"@type\":\"ReadAction\",\"target\":[\"https:\/\/nk7-testes.com.br\/agazeta\/obra-de-revitalizacao-da-biblioteca-da-floresta-em-rio-branco-vai-custar-r-3-milhoes\/\"]}]},{\"@type\":\"ImageObject\",\"inLanguage\":\"pt-BR\",\"@id\":\"https:\/\/nk7-testes.com.br\/agazeta\/obra-de-revitalizacao-da-biblioteca-da-floresta-em-rio-branco-vai-custar-r-3-milhoes\/#primaryimage\",\"url\":\"https:\/\/nk7-testes.com.br\/agazeta\/wp-content\/uploads\/2024\/04\/biblioteca-da-floresta-jpg.webp\",\"contentUrl\":\"https:\/\/nk7-testes.com.br\/agazeta\/wp-content\/uploads\/2024\/04\/biblioteca-da-floresta-jpg.webp\",\"width\":800,\"height\":404,\"caption\":\"Imagem: Reprodu\u00e7\u00e3o\"},{\"@type\":\"BreadcrumbList\",\"@id\":\"https:\/\/nk7-testes.com.br\/agazeta\/obra-de-revitalizacao-da-biblioteca-da-floresta-em-rio-branco-vai-custar-r-3-milhoes\/#breadcrumb\",\"itemListElement\":[{\"@type\":\"ListItem\",\"position\":1,\"name\":\"In\u00edcio\",\"item\":\"https:\/\/nk7-testes.com.br\/agazeta\/\"},{\"@type\":\"ListItem\",\"position\":2,\"name\":\"Obra de revitaliza\u00e7\u00e3o da Biblioteca da Floresta em Rio Branco vai custar R$ 3 milh\u00f5es\"}]},{\"@type\":\"WebSite\",\"@id\":\"https:\/\/nk7-testes.com.br\/agazeta\/#website\",\"url\":\"https:\/\/nk7-testes.com.br\/agazeta\/\",\"name\":\"Agazeta.net\",\"description\":\"Agazeta.net - Not\u00edcias de Rio Branco\/AC\",\"potentialAction\":[{\"@type\":\"SearchAction\",\"target\":{\"@type\":\"EntryPoint\",\"urlTemplate\":\"https:\/\/nk7-testes.com.br\/agazeta\/?s={search_term_string}\"},\"query-input\":{\"@type\":\"PropertyValueSpecification\",\"valueRequired\":true,\"valueName\":\"search_term_string\"}}],\"inLanguage\":\"pt-BR\"},{\"@type\":\"Person\",\"@id\":\"https:\/\/nk7-testes.com.br\/agazeta\/#\/schema\/person\/ff6b39d54d6973bfc57f4140f659b23f\",\"name\":\"Agazeta.Net\",\"url\":\"https:\/\/nk7-testes.com.br\/agazeta\/author\/agazeta\/\"}]}<\/script>\n<!-- \/ Yoast SEO plugin. -->","yoast_head_json":{"title":"Obra de revitaliza\u00e7\u00e3o da Biblioteca da Floresta em Rio Branco vai custar R$ 3 milh\u00f5es - Agazeta.net","robots":{"index":"index","follow":"follow","max-snippet":"max-snippet:-1","max-image-preview":"max-image-preview:large","max-video-preview":"max-video-preview:-1"},"canonical":"https:\/\/nk7-testes.com.br\/agazeta\/obra-de-revitalizacao-da-biblioteca-da-floresta-em-rio-branco-vai-custar-r-3-milhoes\/","og_locale":"pt_BR","og_type":"article","og_title":"Obra de revitaliza\u00e7\u00e3o da Biblioteca da Floresta em Rio Branco vai custar R$ 3 milh\u00f5es","og_description":"Ordem de servi\u00e7o j\u00e1 foi assinada e a previs\u00e3o \u00e9 que seja entregue dentro do prazo de um ano","og_url":"https:\/\/nk7-testes.com.br\/agazeta\/obra-de-revitalizacao-da-biblioteca-da-floresta-em-rio-branco-vai-custar-r-3-milhoes\/","og_site_name":"Agazeta.net","article_published_time":"2024-04-18T19:37:30+00:00","og_image":[{"width":800,"height":404,"url":"https:\/\/nk7-testes.com.br\/agazeta\/wp-content\/uploads\/2024\/04\/biblioteca-da-floresta-jpg.webp","type":"image\/jpeg"}],"author":"Agazeta.Net","twitter_card":"summary_large_image","twitter_misc":{"Escrito por":"Agazeta.Net","Est. tempo de leitura":"2 minutos"},"schema":{"@context":"https:\/\/schema.org","@graph":[{"@type":"WebPage","@id":"https:\/\/nk7-testes.com.br\/agazeta\/obra-de-revitalizacao-da-biblioteca-da-floresta-em-rio-branco-vai-custar-r-3-milhoes\/","url":"https:\/\/nk7-testes.com.br\/agazeta\/obra-de-revitalizacao-da-biblioteca-da-floresta-em-rio-branco-vai-custar-r-3-milhoes\/","name":"Obra de revitaliza\u00e7\u00e3o da Biblioteca da Floresta em Rio Branco vai custar R$ 3 milh\u00f5es - Agazeta.net","isPartOf":{"@id":"https:\/\/nk7-testes.com.br\/agazeta\/#website"},"primaryImageOfPage":{"@id":"https:\/\/nk7-testes.com.br\/agazeta\/obra-de-revitalizacao-da-biblioteca-da-floresta-em-rio-branco-vai-custar-r-3-milhoes\/#primaryimage"},"image":{"@id":"https:\/\/nk7-testes.com.br\/agazeta\/obra-de-revitalizacao-da-biblioteca-da-floresta-em-rio-branco-vai-custar-r-3-milhoes\/#primaryimage"},"thumbnailUrl":"https:\/\/nk7-testes.com.br\/agazeta\/wp-content\/uploads\/2024\/04\/biblioteca-da-floresta-jpg.webp","datePublished":"2024-04-18T19:37:30+00:00","author":{"@id":"https:\/\/nk7-testes.com.br\/agazeta\/#\/schema\/person\/ff6b39d54d6973bfc57f4140f659b23f"},"breadcrumb":{"@id":"https:\/\/nk7-testes.com.br\/agazeta\/obra-de-revitalizacao-da-biblioteca-da-floresta-em-rio-branco-vai-custar-r-3-milhoes\/#breadcrumb"},"inLanguage":"pt-BR","potentialAction":[{"@type":"ReadAction","target":["https:\/\/nk7-testes.com.br\/agazeta\/obra-de-revitalizacao-da-biblioteca-da-floresta-em-rio-branco-vai-custar-r-3-milhoes\/"]}]},{"@type":"ImageObject","inLanguage":"pt-BR","@id":"https:\/\/nk7-testes.com.br\/agazeta\/obra-de-revitalizacao-da-biblioteca-da-floresta-em-rio-branco-vai-custar-r-3-milhoes\/#primaryimage","url":"https:\/\/nk7-testes.com.br\/agazeta\/wp-content\/uploads\/2024\/04\/biblioteca-da-floresta-jpg.webp","contentUrl":"https:\/\/nk7-testes.com.br\/agazeta\/wp-content\/uploads\/2024\/04\/biblioteca-da-floresta-jpg.webp","width":800,"height":404,"caption":"Imagem: Reprodu\u00e7\u00e3o"},{"@type":"BreadcrumbList","@id":"https:\/\/nk7-testes.com.br\/agazeta\/obra-de-revitalizacao-da-biblioteca-da-floresta-em-rio-branco-vai-custar-r-3-milhoes\/#breadcrumb","itemListElement":[{"@type":"ListItem","position":1,"name":"In\u00edcio","item":"https:\/\/nk7-testes.com.br\/agazeta\/"},{"@type":"ListItem","position":2,"name":"Obra de revitaliza\u00e7\u00e3o da Biblioteca da Floresta em Rio Branco vai custar R$ 3 milh\u00f5es"}]},{"@type":"WebSite","@id":"https:\/\/nk7-testes.com.br\/agazeta\/#website","url":"https:\/\/nk7-testes.com.br\/agazeta\/","name":"Agazeta.net","description":"Agazeta.net - Not\u00edcias de Rio Branco\/AC","potentialAction":[{"@type":"SearchAction","target":{"@type":"EntryPoint","urlTemplate":"https:\/\/nk7-testes.com.br\/agazeta\/?s={search_term_string}"},"query-input":{"@type":"PropertyValueSpecification","valueRequired":true,"valueName":"search_term_string"}}],"inLanguage":"pt-BR"},{"@type":"Person","@id":"https:\/\/nk7-testes.com.br\/agazeta\/#\/schema\/person\/ff6b39d54d6973bfc57f4140f659b23f","name":"Agazeta.Net","url":"https:\/\/nk7-testes.com.br\/agazeta\/author\/agazeta\/"}]}},"_links":{"self":[{"href":"https:\/\/nk7-testes.com.br\/agazeta\/wp-json\/wp\/v2\/posts\/130870","targetHints":{"allow":["GET"]}}],"collection":[{"href":"https:\/\/nk7-testes.com.br\/agazeta\/wp-json\/wp\/v2\/posts"}],"about":[{"href":"https:\/\/nk7-testes.com.br\/agazeta\/wp-json\/wp\/v2\/types\/post"}],"author":[{"embeddable":true,"href":"https:\/\/nk7-testes.com.br\/agazeta\/wp-json\/wp\/v2\/users\/4"}],"replies":[{"embeddable":true,"href":"https:\/\/nk7-testes.com.br\/agazeta\/wp-json\/wp\/v2\/comments?post=130870"}],"version-history":[{"count":0,"href":"https:\/\/nk7-testes.com.br\/agazeta\/wp-json\/wp\/v2\/posts\/130870\/revisions"}],"wp:featuredmedia":[{"embeddable":true,"href":"https:\/\/nk7-testes.com.br\/agazeta\/wp-json\/wp\/v2\/media\/130871"}],"wp:attachment":[{"href":"https:\/\/nk7-testes.com.br\/agazeta\/wp-json\/wp\/v2\/media?parent=130870"}],"wp:term":[{"taxonomy":"category","embeddable":true,"href":"https:\/\/nk7-testes.com.br\/agazeta\/wp-json\/wp\/v2\/categories?post=130870"},{"taxonomy":"post_tag","embeddable":true,"href":"https:\/\/nk7-testes.com.br\/agazeta\/wp-json\/wp\/v2\/tags?post=130870"}],"curies":[{"name":"wp","href":"https:\/\/api.w.org\/{rel}","templated":true}]}}