{"id":130864,"date":"2024-04-18T13:06:23","date_gmt":"2024-04-18T18:06:23","guid":{"rendered":"https:\/\/nk7-testes.com.br\/?p=130864"},"modified":"2024-04-18T13:06:23","modified_gmt":"2024-04-18T18:06:23","slug":"decreto-legislativo-tenta-suspender-afastamento-de-diretora-do-colegio-armando-nogueira","status":"publish","type":"post","link":"https:\/\/nk7-testes.com.br\/agazeta\/decreto-legislativo-tenta-suspender-afastamento-de-diretora-do-colegio-armando-nogueira\/","title":{"rendered":"Decreto legislativo tenta suspender afastamento de diretora do col\u00e9gio Armando Nogueira"},"content":{"rendered":"<p style=\"text-align: justify;\">O deputado estadual Edvaldo Magalh\u00e3es (PCdoB), tomou uma a\u00e7\u00e3o legislativa ao dar entrada em um decreto legislativo com o objetivo de suspender a decis\u00e3o da Secretaria de Educa\u00e7\u00e3o do Acre (SEE), que resultou no afastamento da diretora do Col\u00e9gio Estadual Armando Nogueira (Cean), Ada Cristina, e da coordenadora de ensino, Rosenil de Mesquita.<\/p>\n<p style=\"text-align: justify;\">Enquanto buscava apoio dos demais deputados para aprova\u00e7\u00e3o do decreto, o secret\u00e1rio de Educa\u00e7\u00e3o, Aberson Carvalho, mantinha di\u00e1logos com parlamentares da base governista, em uma tentativa de amenizar a crise instaurada.<\/p>\n<p style=\"text-align: justify;\">Os desdobramentos tiveram in\u00edcio na \u00faltima sexta-feira (12), quando merendeiras da escola revelaram que parte da carne destinada \u00e0 merenda escolar estava impr\u00f3pria para consumo. A SEE, no mesmo dia, anunciou o afastamento das duas gestoras da escola ap\u00f3s o resultado de uma sindic\u00e2ncia. A situa\u00e7\u00e3o gerou protestos por parte dos alunos e a interven\u00e7\u00e3o do Minist\u00e9rio P\u00fablico do Acre (MPAC), que apreendeu 102 quilos de carne na institui\u00e7\u00e3o de ensino.<\/p>\n<p style=\"text-align: justify;\">Para o deputado Edvaldo Magalh\u00e3es, a medida adotada pela SEE aparenta ser uma tentativa de encobrir a real problem\u00e1tica relacionada \u00e0 qualidade dos produtos fornecidos para a merenda, com puni\u00e7\u00e3o \u00e0s gestoras sem abordar as ra\u00edzes do problema.<\/p>\n<p style=\"text-align: justify;\">\u201c\u00c9 uma tentativa de jogar o lixo para debaixo do tapete, esconder os reais motivos da crise que o ensino e as escolas est\u00e3o enfrentando com a merenda escolar de p\u00e9ssima qualidade, de pouca quantidade. E quem resolve denunciar se transforma num alvo, um alvo que precisa ser exemplarmente punido, um alvo que precisa ser exposto para que os demais, digamos assim, aprendam a li\u00e7\u00e3o\u201d, explica o deputado.<\/p>\n<p style=\"text-align: justify;\">A discuss\u00e3o sobre a merenda escolar, envolvendo den\u00fancias e investiga\u00e7\u00f5es de desvios de recursos, vem ganhando destaque, com cr\u00edticas \u00e0 qualidade e quantidade dos alimentos destinados \u00e0s escolas.<\/p>\n<p style=\"text-align: justify;\">O secret\u00e1rio Aberson Carvalho ressaltou que houve melhorias significativas na merenda escolar e que o afastamento da diretora da escola Armando Nogueira n\u00e3o est\u00e1 relacionado diretamente \u00e0 quest\u00e3o alimentar, mas sim a procedimentos de sindic\u00e2ncia. A fiscaliza\u00e7\u00e3o e puni\u00e7\u00e3o de empresas fornecedoras que n\u00e3o cumprem os requisitos de qualidade e prazo de entrega tamb\u00e9m foram destacadas como medidas adotadas pela Secretaria de Educa\u00e7\u00e3o.<\/p>\n<p style=\"text-align: justify;\">\u201cS\u00e3o v\u00e1rias as multas e afastamentos de fornecedores. Inclusive, o Estado n\u00e3o compra mais de empresas da fam\u00edlia do deputado estadual Manoel Moraes, l\u00edder do governo, que al\u00e9m de vender para o governo, tem contratos com v\u00e1rias prefeituras. E temos a\u00ed v\u00e1rios processos administrativos abertos pela Secretaria de Educa\u00e7\u00e3o com diversas empresas\u201d, comenta Carvalho.<\/p>\n<p style=\"text-align: justify;\">Deputados de oposi\u00e7\u00e3o e parlamentares sugerem a necessidade de investigar a fundo a situa\u00e7\u00e3o da merenda em todas as escolas, especialmente nas regi\u00f5es mais distantes, para garantir a seguran\u00e7a nutricional dos alunos e a transpar\u00eancia na gest\u00e3o dos recursos p\u00fablicos.<\/p>\n<p style=\"text-align: justify;\">A Assembleia Legislativa do Acre (Aleac) e o MPAC prometem acompanhar de perto a situa\u00e7\u00e3o, a fim de garantir a qualidade da alimenta\u00e7\u00e3o escolar e a responsabilidade na gest\u00e3o educacional no estado do Acre. O cen\u00e1rio atual levanta questionamentos sobre a aplica\u00e7\u00e3o dos recursos destinados \u00e0 merenda escolar, a qualidade dos produtos oferecidos e a rela\u00e7\u00e3o entre empresas fornecedoras e agentes pol\u00edticos.<\/p>\n<p><em><strong>Mat\u00e9ria produzida em v\u00eddeo pelo rep\u00f3rter Adailson Oliveira para a TV Gazeta<\/strong><\/em><\/p>\n","protected":false},"excerpt":{"rendered":"<p>O deputado estadual Edvaldo Magalh\u00e3es (PCdoB), tomou uma a\u00e7\u00e3o legislativa ao dar entrada em um decreto legislativo com o objetivo de suspender a decis\u00e3o da Secretaria de Educa\u00e7\u00e3o do Acre (SEE), que resultou no afastamento da diretora do Col\u00e9gio Estadual Armando Nogueira (Cean), Ada Cristina, e da coordenadora de ensino, Rosenil de Mesquita. Enquanto buscava [&hellip;]<\/p>\n","protected":false},"author":4,"featured_media":130865,"comment_status":"open","ping_status":"open","sticky":false,"template":"","format":"standard","meta":{"jnews-multi-image_gallery":[],"jnews_single_post":{"source_name":"","source_url":"","via_name":"","via_url":"","override_template":"0","override":[{"template":"custom","single_blog_custom":"110746","parallax":"1","fullscreen":"1","layout":"right-sidebar","sidebar":"default-sidebar","second_sidebar":"default-sidebar","sticky_sidebar":"1","share_position":"top","share_float_style":"share-monocrhome","show_share_counter":"1","show_view_counter":"1","show_featured":"1","show_post_meta":"1","show_post_author":"1","show_post_author_image":"1","show_post_date":"1","post_date_format":"default","post_date_format_custom":"Y\/m\/d","show_post_category":"1","show_post_reading_time":"0","post_reading_time_wpm":"300","show_zoom_button":"0","zoom_button_out_step":"2","zoom_button_in_step":"3","show_post_tag":"1","show_prev_next_post":"1","show_popup_post":"1","number_popup_post":"1","show_author_box":"0","show_post_related":"1","show_inline_post_related":"0"}],"override_image_size":"0","image_override":[{"single_post_thumbnail_size":"crop-500","single_post_gallery_size":"crop-500"}],"trending_post":"0","trending_post_position":"meta","trending_post_label":"Trending","sponsored_post":"0","sponsored_post_label":"Sponsored by","sponsored_post_name":"","sponsored_post_url":"","sponsored_post_logo_enable":"0","sponsored_post_logo":"","sponsored_post_desc":"","disable_ad":"0"},"jnews_primary_category":{"id":"","hide":""},"jnews_social_meta":{"fb_title":"","fb_description":"","fb_image":"","twitter_title":"","twitter_description":"","twitter_image":""},"jnews_review":[],"enable_review":"0","type":"percentage","name":"","summary":"","brand":"","sku":"","good":[{"good_text":""}],"bad":[{"bad_text":""}],"score_override":"0","override_value":"","rating":[{"rating_text":"","rating_number":"10"}],"price":[{"shop":"","price":"","link":"","icon":""}],"footnotes":""},"categories":[54],"tags":[],"class_list":["post-130864","post","type-post","status-publish","format-standard","has-post-thumbnail","hentry","category-cotidiano"],"yoast_head":"<!-- This site is optimized with the Yoast SEO plugin v26.5 - https:\/\/yoast.com\/wordpress\/plugins\/seo\/ -->\n<title>Decreto legislativo tenta suspender afastamento de diretora do col\u00e9gio Armando Nogueira - Agazeta.net<\/title>\n<meta name=\"robots\" content=\"index, follow, max-snippet:-1, max-image-preview:large, max-video-preview:-1\" \/>\n<link rel=\"canonical\" href=\"https:\/\/nk7-testes.com.br\/agazeta\/decreto-legislativo-tenta-suspender-afastamento-de-diretora-do-colegio-armando-nogueira\/\" \/>\n<meta property=\"og:locale\" content=\"pt_BR\" \/>\n<meta property=\"og:type\" content=\"article\" \/>\n<meta property=\"og:title\" content=\"Decreto legislativo tenta suspender afastamento de diretora do col\u00e9gio Armando Nogueira\" \/>\n<meta property=\"og:description\" content=\"Segundo o deputado Edvaldo Magalh\u00e3es, a medida da SEE aparenta ser uma tentativa de encobrir os problemas da qualidade da merenda\" \/>\n<meta property=\"og:url\" content=\"https:\/\/nk7-testes.com.br\/agazeta\/decreto-legislativo-tenta-suspender-afastamento-de-diretora-do-colegio-armando-nogueira\/\" \/>\n<meta property=\"og:site_name\" content=\"Agazeta.net\" \/>\n<meta property=\"article:published_time\" content=\"2024-04-18T18:06:23+00:00\" \/>\n<meta property=\"og:image\" content=\"https:\/\/nk7-testes.com.br\/agazeta\/wp-content\/uploads\/2024\/04\/WhatsApp-Image-2024-04-18-at-13.03.25-jpeg.webp\" \/>\n\t<meta property=\"og:image:width\" content=\"800\" \/>\n\t<meta property=\"og:image:height\" content=\"402\" \/>\n\t<meta property=\"og:image:type\" content=\"image\/jpeg\" \/>\n<meta name=\"author\" content=\"Agazeta.Net\" \/>\n<meta name=\"twitter:card\" content=\"summary_large_image\" \/>\n<meta name=\"twitter:label1\" content=\"Escrito por\" \/>\n\t<meta name=\"twitter:data1\" content=\"Agazeta.Net\" \/>\n\t<meta name=\"twitter:label2\" content=\"Est. tempo de leitura\" \/>\n\t<meta name=\"twitter:data2\" content=\"3 minutos\" \/>\n<script type=\"application\/ld+json\" class=\"yoast-schema-graph\">{\"@context\":\"https:\/\/schema.org\",\"@graph\":[{\"@type\":\"WebPage\",\"@id\":\"https:\/\/nk7-testes.com.br\/agazeta\/decreto-legislativo-tenta-suspender-afastamento-de-diretora-do-colegio-armando-nogueira\/\",\"url\":\"https:\/\/nk7-testes.com.br\/agazeta\/decreto-legislativo-tenta-suspender-afastamento-de-diretora-do-colegio-armando-nogueira\/\",\"name\":\"Decreto legislativo tenta suspender afastamento de diretora do col\u00e9gio Armando Nogueira - Agazeta.net\",\"isPartOf\":{\"@id\":\"https:\/\/nk7-testes.com.br\/agazeta\/#website\"},\"primaryImageOfPage\":{\"@id\":\"https:\/\/nk7-testes.com.br\/agazeta\/decreto-legislativo-tenta-suspender-afastamento-de-diretora-do-colegio-armando-nogueira\/#primaryimage\"},\"image\":{\"@id\":\"https:\/\/nk7-testes.com.br\/agazeta\/decreto-legislativo-tenta-suspender-afastamento-de-diretora-do-colegio-armando-nogueira\/#primaryimage\"},\"thumbnailUrl\":\"https:\/\/nk7-testes.com.br\/agazeta\/wp-content\/uploads\/2024\/04\/WhatsApp-Image-2024-04-18-at-13.03.25-jpeg.webp\",\"datePublished\":\"2024-04-18T18:06:23+00:00\",\"author\":{\"@id\":\"https:\/\/nk7-testes.com.br\/agazeta\/#\/schema\/person\/ff6b39d54d6973bfc57f4140f659b23f\"},\"breadcrumb\":{\"@id\":\"https:\/\/nk7-testes.com.br\/agazeta\/decreto-legislativo-tenta-suspender-afastamento-de-diretora-do-colegio-armando-nogueira\/#breadcrumb\"},\"inLanguage\":\"pt-BR\",\"potentialAction\":[{\"@type\":\"ReadAction\",\"target\":[\"https:\/\/nk7-testes.com.br\/agazeta\/decreto-legislativo-tenta-suspender-afastamento-de-diretora-do-colegio-armando-nogueira\/\"]}]},{\"@type\":\"ImageObject\",\"inLanguage\":\"pt-BR\",\"@id\":\"https:\/\/nk7-testes.com.br\/agazeta\/decreto-legislativo-tenta-suspender-afastamento-de-diretora-do-colegio-armando-nogueira\/#primaryimage\",\"url\":\"https:\/\/nk7-testes.com.br\/agazeta\/wp-content\/uploads\/2024\/04\/WhatsApp-Image-2024-04-18-at-13.03.25-jpeg.webp\",\"contentUrl\":\"https:\/\/nk7-testes.com.br\/agazeta\/wp-content\/uploads\/2024\/04\/WhatsApp-Image-2024-04-18-at-13.03.25-jpeg.webp\",\"width\":800,\"height\":402,\"caption\":\"Imagem: Reprodu\u00e7\u00e3o\"},{\"@type\":\"BreadcrumbList\",\"@id\":\"https:\/\/nk7-testes.com.br\/agazeta\/decreto-legislativo-tenta-suspender-afastamento-de-diretora-do-colegio-armando-nogueira\/#breadcrumb\",\"itemListElement\":[{\"@type\":\"ListItem\",\"position\":1,\"name\":\"In\u00edcio\",\"item\":\"https:\/\/nk7-testes.com.br\/agazeta\/\"},{\"@type\":\"ListItem\",\"position\":2,\"name\":\"Decreto legislativo tenta suspender afastamento de diretora do col\u00e9gio Armando Nogueira\"}]},{\"@type\":\"WebSite\",\"@id\":\"https:\/\/nk7-testes.com.br\/agazeta\/#website\",\"url\":\"https:\/\/nk7-testes.com.br\/agazeta\/\",\"name\":\"Agazeta.net\",\"description\":\"Agazeta.net - Not\u00edcias de Rio Branco\/AC\",\"potentialAction\":[{\"@type\":\"SearchAction\",\"target\":{\"@type\":\"EntryPoint\",\"urlTemplate\":\"https:\/\/nk7-testes.com.br\/agazeta\/?s={search_term_string}\"},\"query-input\":{\"@type\":\"PropertyValueSpecification\",\"valueRequired\":true,\"valueName\":\"search_term_string\"}}],\"inLanguage\":\"pt-BR\"},{\"@type\":\"Person\",\"@id\":\"https:\/\/nk7-testes.com.br\/agazeta\/#\/schema\/person\/ff6b39d54d6973bfc57f4140f659b23f\",\"name\":\"Agazeta.Net\",\"url\":\"https:\/\/nk7-testes.com.br\/agazeta\/author\/agazeta\/\"}]}<\/script>\n<!-- \/ Yoast SEO plugin. -->","yoast_head_json":{"title":"Decreto legislativo tenta suspender afastamento de diretora do col\u00e9gio Armando Nogueira - Agazeta.net","robots":{"index":"index","follow":"follow","max-snippet":"max-snippet:-1","max-image-preview":"max-image-preview:large","max-video-preview":"max-video-preview:-1"},"canonical":"https:\/\/nk7-testes.com.br\/agazeta\/decreto-legislativo-tenta-suspender-afastamento-de-diretora-do-colegio-armando-nogueira\/","og_locale":"pt_BR","og_type":"article","og_title":"Decreto legislativo tenta suspender afastamento de diretora do col\u00e9gio Armando Nogueira","og_description":"Segundo o deputado Edvaldo Magalh\u00e3es, a medida da SEE aparenta ser uma tentativa de encobrir os problemas da qualidade da merenda","og_url":"https:\/\/nk7-testes.com.br\/agazeta\/decreto-legislativo-tenta-suspender-afastamento-de-diretora-do-colegio-armando-nogueira\/","og_site_name":"Agazeta.net","article_published_time":"2024-04-18T18:06:23+00:00","og_image":[{"width":800,"height":402,"url":"https:\/\/nk7-testes.com.br\/agazeta\/wp-content\/uploads\/2024\/04\/WhatsApp-Image-2024-04-18-at-13.03.25-jpeg.webp","type":"image\/jpeg"}],"author":"Agazeta.Net","twitter_card":"summary_large_image","twitter_misc":{"Escrito por":"Agazeta.Net","Est. tempo de leitura":"3 minutos"},"schema":{"@context":"https:\/\/schema.org","@graph":[{"@type":"WebPage","@id":"https:\/\/nk7-testes.com.br\/agazeta\/decreto-legislativo-tenta-suspender-afastamento-de-diretora-do-colegio-armando-nogueira\/","url":"https:\/\/nk7-testes.com.br\/agazeta\/decreto-legislativo-tenta-suspender-afastamento-de-diretora-do-colegio-armando-nogueira\/","name":"Decreto legislativo tenta suspender afastamento de diretora do col\u00e9gio Armando Nogueira - Agazeta.net","isPartOf":{"@id":"https:\/\/nk7-testes.com.br\/agazeta\/#website"},"primaryImageOfPage":{"@id":"https:\/\/nk7-testes.com.br\/agazeta\/decreto-legislativo-tenta-suspender-afastamento-de-diretora-do-colegio-armando-nogueira\/#primaryimage"},"image":{"@id":"https:\/\/nk7-testes.com.br\/agazeta\/decreto-legislativo-tenta-suspender-afastamento-de-diretora-do-colegio-armando-nogueira\/#primaryimage"},"thumbnailUrl":"https:\/\/nk7-testes.com.br\/agazeta\/wp-content\/uploads\/2024\/04\/WhatsApp-Image-2024-04-18-at-13.03.25-jpeg.webp","datePublished":"2024-04-18T18:06:23+00:00","author":{"@id":"https:\/\/nk7-testes.com.br\/agazeta\/#\/schema\/person\/ff6b39d54d6973bfc57f4140f659b23f"},"breadcrumb":{"@id":"https:\/\/nk7-testes.com.br\/agazeta\/decreto-legislativo-tenta-suspender-afastamento-de-diretora-do-colegio-armando-nogueira\/#breadcrumb"},"inLanguage":"pt-BR","potentialAction":[{"@type":"ReadAction","target":["https:\/\/nk7-testes.com.br\/agazeta\/decreto-legislativo-tenta-suspender-afastamento-de-diretora-do-colegio-armando-nogueira\/"]}]},{"@type":"ImageObject","inLanguage":"pt-BR","@id":"https:\/\/nk7-testes.com.br\/agazeta\/decreto-legislativo-tenta-suspender-afastamento-de-diretora-do-colegio-armando-nogueira\/#primaryimage","url":"https:\/\/nk7-testes.com.br\/agazeta\/wp-content\/uploads\/2024\/04\/WhatsApp-Image-2024-04-18-at-13.03.25-jpeg.webp","contentUrl":"https:\/\/nk7-testes.com.br\/agazeta\/wp-content\/uploads\/2024\/04\/WhatsApp-Image-2024-04-18-at-13.03.25-jpeg.webp","width":800,"height":402,"caption":"Imagem: Reprodu\u00e7\u00e3o"},{"@type":"BreadcrumbList","@id":"https:\/\/nk7-testes.com.br\/agazeta\/decreto-legislativo-tenta-suspender-afastamento-de-diretora-do-colegio-armando-nogueira\/#breadcrumb","itemListElement":[{"@type":"ListItem","position":1,"name":"In\u00edcio","item":"https:\/\/nk7-testes.com.br\/agazeta\/"},{"@type":"ListItem","position":2,"name":"Decreto legislativo tenta suspender afastamento de diretora do col\u00e9gio Armando Nogueira"}]},{"@type":"WebSite","@id":"https:\/\/nk7-testes.com.br\/agazeta\/#website","url":"https:\/\/nk7-testes.com.br\/agazeta\/","name":"Agazeta.net","description":"Agazeta.net - Not\u00edcias de Rio Branco\/AC","potentialAction":[{"@type":"SearchAction","target":{"@type":"EntryPoint","urlTemplate":"https:\/\/nk7-testes.com.br\/agazeta\/?s={search_term_string}"},"query-input":{"@type":"PropertyValueSpecification","valueRequired":true,"valueName":"search_term_string"}}],"inLanguage":"pt-BR"},{"@type":"Person","@id":"https:\/\/nk7-testes.com.br\/agazeta\/#\/schema\/person\/ff6b39d54d6973bfc57f4140f659b23f","name":"Agazeta.Net","url":"https:\/\/nk7-testes.com.br\/agazeta\/author\/agazeta\/"}]}},"_links":{"self":[{"href":"https:\/\/nk7-testes.com.br\/agazeta\/wp-json\/wp\/v2\/posts\/130864","targetHints":{"allow":["GET"]}}],"collection":[{"href":"https:\/\/nk7-testes.com.br\/agazeta\/wp-json\/wp\/v2\/posts"}],"about":[{"href":"https:\/\/nk7-testes.com.br\/agazeta\/wp-json\/wp\/v2\/types\/post"}],"author":[{"embeddable":true,"href":"https:\/\/nk7-testes.com.br\/agazeta\/wp-json\/wp\/v2\/users\/4"}],"replies":[{"embeddable":true,"href":"https:\/\/nk7-testes.com.br\/agazeta\/wp-json\/wp\/v2\/comments?post=130864"}],"version-history":[{"count":0,"href":"https:\/\/nk7-testes.com.br\/agazeta\/wp-json\/wp\/v2\/posts\/130864\/revisions"}],"wp:featuredmedia":[{"embeddable":true,"href":"https:\/\/nk7-testes.com.br\/agazeta\/wp-json\/wp\/v2\/media\/130865"}],"wp:attachment":[{"href":"https:\/\/nk7-testes.com.br\/agazeta\/wp-json\/wp\/v2\/media?parent=130864"}],"wp:term":[{"taxonomy":"category","embeddable":true,"href":"https:\/\/nk7-testes.com.br\/agazeta\/wp-json\/wp\/v2\/categories?post=130864"},{"taxonomy":"post_tag","embeddable":true,"href":"https:\/\/nk7-testes.com.br\/agazeta\/wp-json\/wp\/v2\/tags?post=130864"}],"curies":[{"name":"wp","href":"https:\/\/api.w.org\/{rel}","templated":true}]}}