{"id":130828,"date":"2024-04-17T16:07:38","date_gmt":"2024-04-17T21:07:38","guid":{"rendered":"https:\/\/nk7-testes.com.br\/?p=130828"},"modified":"2024-04-17T16:07:38","modified_gmt":"2024-04-17T21:07:38","slug":"secretario-de-educacao-afirma-que-diretora-do-cean-nao-foi-afastada-pela-denuncia-da-carne-varias-situacoes","status":"publish","type":"post","link":"https:\/\/nk7-testes.com.br\/agazeta\/secretario-de-educacao-afirma-que-diretora-do-cean-nao-foi-afastada-pela-denuncia-da-carne-varias-situacoes\/","title":{"rendered":"Secret\u00e1rio de Educa\u00e7\u00e3o afirma que diretora do Cean n\u00e3o foi afastada pela den\u00fancia da carne: &#8220;V\u00e1rias situa\u00e7\u00f5es&#8221;"},"content":{"rendered":"<p style=\"text-align: justify;\">Durante a participa\u00e7\u00e3o no programa Gazeta Entrevista, da TV Gazeta, nesta quarta-feira (17), o secret\u00e1rio de Estado de Educa\u00e7\u00e3o, Aberson Carvalho, falou sobre a pol\u00eamica que envolve o Col\u00e9gio Estadual Armando Nogueira (Cean), Ele afirma que a gestora Ada Cristina n\u00e3o foi afastada pela den\u00fancia da carne com grande quantidade de pele e gordura.<\/p>\n<p style=\"text-align: justify;\">De acordo com Carvalho, quem fiscaliza o produto perec\u00edvel que chega na institui\u00e7\u00e3o \u00e9 o gestor e n\u00e3o o secret\u00e1rio, para que seja devolvido na mesma hora, caso n\u00e3o seja de qualidade. Ele afirma que os servidores de educa\u00e7\u00e3o recebem orienta\u00e7\u00e3o sobre isso.<\/p>\n<p style=\"text-align: justify;\">&#8220;Quem fiscaliza o produto perec\u00edvel que chega na escola \u00e9 a gest\u00e3o escolar, e n\u00e3o o secret\u00e1rio, porque o produto \u00e9 entregue l\u00e1. E este produto que chega e n\u00e3o \u00e9 de qualidade, devolva na mesma hora. Voc\u00ea, servidor p\u00fablico que recebe esse material, voc\u00ea tem orienta\u00e7\u00e3o do Departamento de Alimenta\u00e7\u00e3o Escolar&#8221;, conta Aberson Carvalho.<\/p>\n<p style=\"text-align: justify;\">Al\u00e9m disso, ele explica que a licita\u00e7\u00e3o \u00e9 feita para uma carne de segunda, por\u00e9m, existe de uma margem de at\u00e9 10% de gordura. Caso seja maior que isso, o material \u00e9 devolvido para a empresa para que, dessa forma, possa ser reposto.<\/p>\n<p style=\"text-align: justify;\">&#8220;Se esse exerc\u00edcio n\u00e3o for feito, n\u00e3o vai ter substitui\u00e7\u00e3o. Ou seja, gestores, n\u00e3o aceitem produtos de m\u00e1 qualidade. Obede\u00e7am a orienta\u00e7\u00e3o que \u00e9 dada pelo Departamento de Alimenta\u00e7\u00e3o Escolar&#8221;, ressalta o secret\u00e1rio de Estado.<\/p>\n<h4>Afastamento da gestora<\/h4>\n<p style=\"text-align: justify;\">Na entrevista, o secret\u00e1rio destacou que Ada Cristina, ex-diretora do Cean, n\u00e3o foi afastada por realizar a den\u00fancia, mas por outras situa\u00e7\u00f5es no passado. Essas quest\u00f5es culminaram no afastamento da servidora do cargo de gestora.<\/p>\n<p style=\"text-align: justify;\">&#8220;Outras coisas l\u00e1 de tr\u00e1s, v\u00e1rias situa\u00e7\u00f5es. Tenho um processo administrativo que culminou no afastamento da gestora. Tem mais de 500 p\u00e1ginas. Foi um processo que se abriu em outubro de 2023 e o afastamento dela se eu por conta da sindic\u00e2ncia, n\u00e3o foi por uma vontade do secret\u00e1rio&#8221;, conta.<\/p>\n","protected":false},"excerpt":{"rendered":"<p>Durante a participa\u00e7\u00e3o no programa Gazeta Entrevista, da TV Gazeta, nesta quarta-feira (17), o secret\u00e1rio de Estado de Educa\u00e7\u00e3o, Aberson Carvalho, falou sobre a pol\u00eamica que envolve o Col\u00e9gio Estadual Armando Nogueira (Cean), Ele afirma que a gestora Ada Cristina n\u00e3o foi afastada pela den\u00fancia da carne com grande quantidade de pele e gordura. De [&hellip;]<\/p>\n","protected":false},"author":4,"featured_media":130829,"comment_status":"open","ping_status":"open","sticky":false,"template":"","format":"standard","meta":{"jnews-multi-image_gallery":[],"jnews_single_post":{"source_name":"","source_url":"","via_name":"","via_url":"","override_template":"0","override":[{"template":"custom","single_blog_custom":"110746","parallax":"1","fullscreen":"1","layout":"right-sidebar","sidebar":"default-sidebar","second_sidebar":"default-sidebar","sticky_sidebar":"1","share_position":"top","share_float_style":"share-monocrhome","show_share_counter":"1","show_view_counter":"1","show_featured":"1","show_post_meta":"1","show_post_author":"1","show_post_author_image":"1","show_post_date":"1","post_date_format":"default","post_date_format_custom":"Y\/m\/d","show_post_category":"1","show_post_reading_time":"0","post_reading_time_wpm":"300","show_zoom_button":"0","zoom_button_out_step":"2","zoom_button_in_step":"3","show_post_tag":"1","show_prev_next_post":"1","show_popup_post":"1","number_popup_post":"1","show_author_box":"0","show_post_related":"1","show_inline_post_related":"0"}],"override_image_size":"0","image_override":[{"single_post_thumbnail_size":"crop-500","single_post_gallery_size":"crop-500"}],"trending_post":"0","trending_post_position":"meta","trending_post_label":"Trending","sponsored_post":"0","sponsored_post_label":"Sponsored by","sponsored_post_name":"","sponsored_post_url":"","sponsored_post_logo_enable":"0","sponsored_post_logo":"","sponsored_post_desc":"","disable_ad":"0"},"jnews_primary_category":{"id":"","hide":""},"jnews_social_meta":{"fb_title":"","fb_description":"","fb_image":"","twitter_title":"","twitter_description":"","twitter_image":""},"jnews_review":[],"enable_review":"0","type":"percentage","name":"","summary":"","brand":"","sku":"","good":[{"good_text":""}],"bad":[{"bad_text":""}],"score_override":"0","override_value":"","rating":[{"rating_text":"","rating_number":"10"}],"price":[{"shop":"","price":"","link":"","icon":""}],"footnotes":""},"categories":[54],"tags":[152],"class_list":["post-130828","post","type-post","status-publish","format-standard","has-post-thumbnail","hentry","category-cotidiano","tag-destaque"],"yoast_head":"<!-- This site is optimized with the Yoast SEO plugin v26.5 - https:\/\/yoast.com\/wordpress\/plugins\/seo\/ -->\n<title>Secret\u00e1rio de Educa\u00e7\u00e3o afirma que diretora do Cean n\u00e3o foi afastada pela den\u00fancia da carne: &quot;V\u00e1rias situa\u00e7\u00f5es&quot; - Agazeta.net<\/title>\n<meta name=\"robots\" content=\"index, follow, max-snippet:-1, max-image-preview:large, max-video-preview:-1\" \/>\n<link rel=\"canonical\" href=\"https:\/\/nk7-testes.com.br\/agazeta\/secretario-de-educacao-afirma-que-diretora-do-cean-nao-foi-afastada-pela-denuncia-da-carne-varias-situacoes\/\" \/>\n<meta property=\"og:locale\" content=\"pt_BR\" \/>\n<meta property=\"og:type\" content=\"article\" \/>\n<meta property=\"og:title\" content=\"Secret\u00e1rio de Educa\u00e7\u00e3o afirma que diretora do Cean n\u00e3o foi afastada pela den\u00fancia da carne: &quot;V\u00e1rias situa\u00e7\u00f5es&quot;\" \/>\n<meta property=\"og:description\" content=\"De acordo com Aberson Carvalho, um processo administrativo com mais de 500 p\u00e1ginas culminou no afastamento\" \/>\n<meta property=\"og:url\" content=\"https:\/\/nk7-testes.com.br\/agazeta\/secretario-de-educacao-afirma-que-diretora-do-cean-nao-foi-afastada-pela-denuncia-da-carne-varias-situacoes\/\" \/>\n<meta property=\"og:site_name\" content=\"Agazeta.net\" \/>\n<meta property=\"article:published_time\" content=\"2024-04-17T21:07:38+00:00\" \/>\n<meta property=\"og:image\" content=\"https:\/\/nk7-testes.com.br\/agazeta\/wp-content\/uploads\/2024\/04\/WhatsApp-Image-2024-04-17-at-16.05.30-jpeg.webp\" \/>\n\t<meta property=\"og:image:width\" content=\"800\" \/>\n\t<meta property=\"og:image:height\" content=\"401\" \/>\n\t<meta property=\"og:image:type\" content=\"image\/jpeg\" \/>\n<meta name=\"author\" content=\"Agazeta.Net\" \/>\n<meta name=\"twitter:card\" content=\"summary_large_image\" \/>\n<meta name=\"twitter:label1\" content=\"Escrito por\" \/>\n\t<meta name=\"twitter:data1\" content=\"Agazeta.Net\" \/>\n\t<meta name=\"twitter:label2\" content=\"Est. tempo de leitura\" \/>\n\t<meta name=\"twitter:data2\" content=\"2 minutos\" \/>\n<script type=\"application\/ld+json\" class=\"yoast-schema-graph\">{\"@context\":\"https:\/\/schema.org\",\"@graph\":[{\"@type\":\"WebPage\",\"@id\":\"https:\/\/nk7-testes.com.br\/agazeta\/secretario-de-educacao-afirma-que-diretora-do-cean-nao-foi-afastada-pela-denuncia-da-carne-varias-situacoes\/\",\"url\":\"https:\/\/nk7-testes.com.br\/agazeta\/secretario-de-educacao-afirma-que-diretora-do-cean-nao-foi-afastada-pela-denuncia-da-carne-varias-situacoes\/\",\"name\":\"Secret\u00e1rio de Educa\u00e7\u00e3o afirma que diretora do Cean n\u00e3o foi afastada pela den\u00fancia da carne: \\\"V\u00e1rias situa\u00e7\u00f5es\\\" - Agazeta.net\",\"isPartOf\":{\"@id\":\"https:\/\/nk7-testes.com.br\/agazeta\/#website\"},\"primaryImageOfPage\":{\"@id\":\"https:\/\/nk7-testes.com.br\/agazeta\/secretario-de-educacao-afirma-que-diretora-do-cean-nao-foi-afastada-pela-denuncia-da-carne-varias-situacoes\/#primaryimage\"},\"image\":{\"@id\":\"https:\/\/nk7-testes.com.br\/agazeta\/secretario-de-educacao-afirma-que-diretora-do-cean-nao-foi-afastada-pela-denuncia-da-carne-varias-situacoes\/#primaryimage\"},\"thumbnailUrl\":\"https:\/\/nk7-testes.com.br\/agazeta\/wp-content\/uploads\/2024\/04\/WhatsApp-Image-2024-04-17-at-16.05.30-jpeg.webp\",\"datePublished\":\"2024-04-17T21:07:38+00:00\",\"author\":{\"@id\":\"https:\/\/nk7-testes.com.br\/agazeta\/#\/schema\/person\/ff6b39d54d6973bfc57f4140f659b23f\"},\"breadcrumb\":{\"@id\":\"https:\/\/nk7-testes.com.br\/agazeta\/secretario-de-educacao-afirma-que-diretora-do-cean-nao-foi-afastada-pela-denuncia-da-carne-varias-situacoes\/#breadcrumb\"},\"inLanguage\":\"pt-BR\",\"potentialAction\":[{\"@type\":\"ReadAction\",\"target\":[\"https:\/\/nk7-testes.com.br\/agazeta\/secretario-de-educacao-afirma-que-diretora-do-cean-nao-foi-afastada-pela-denuncia-da-carne-varias-situacoes\/\"]}]},{\"@type\":\"ImageObject\",\"inLanguage\":\"pt-BR\",\"@id\":\"https:\/\/nk7-testes.com.br\/agazeta\/secretario-de-educacao-afirma-que-diretora-do-cean-nao-foi-afastada-pela-denuncia-da-carne-varias-situacoes\/#primaryimage\",\"url\":\"https:\/\/nk7-testes.com.br\/agazeta\/wp-content\/uploads\/2024\/04\/WhatsApp-Image-2024-04-17-at-16.05.30-jpeg.webp\",\"contentUrl\":\"https:\/\/nk7-testes.com.br\/agazeta\/wp-content\/uploads\/2024\/04\/WhatsApp-Image-2024-04-17-at-16.05.30-jpeg.webp\",\"width\":800,\"height\":401},{\"@type\":\"BreadcrumbList\",\"@id\":\"https:\/\/nk7-testes.com.br\/agazeta\/secretario-de-educacao-afirma-que-diretora-do-cean-nao-foi-afastada-pela-denuncia-da-carne-varias-situacoes\/#breadcrumb\",\"itemListElement\":[{\"@type\":\"ListItem\",\"position\":1,\"name\":\"In\u00edcio\",\"item\":\"https:\/\/nk7-testes.com.br\/agazeta\/\"},{\"@type\":\"ListItem\",\"position\":2,\"name\":\"Secret\u00e1rio de Educa\u00e7\u00e3o afirma que diretora do Cean n\u00e3o foi afastada pela den\u00fancia da carne: &#8220;V\u00e1rias situa\u00e7\u00f5es&#8221;\"}]},{\"@type\":\"WebSite\",\"@id\":\"https:\/\/nk7-testes.com.br\/agazeta\/#website\",\"url\":\"https:\/\/nk7-testes.com.br\/agazeta\/\",\"name\":\"Agazeta.net\",\"description\":\"Agazeta.net - Not\u00edcias de Rio Branco\/AC\",\"potentialAction\":[{\"@type\":\"SearchAction\",\"target\":{\"@type\":\"EntryPoint\",\"urlTemplate\":\"https:\/\/nk7-testes.com.br\/agazeta\/?s={search_term_string}\"},\"query-input\":{\"@type\":\"PropertyValueSpecification\",\"valueRequired\":true,\"valueName\":\"search_term_string\"}}],\"inLanguage\":\"pt-BR\"},{\"@type\":\"Person\",\"@id\":\"https:\/\/nk7-testes.com.br\/agazeta\/#\/schema\/person\/ff6b39d54d6973bfc57f4140f659b23f\",\"name\":\"Agazeta.Net\",\"url\":\"https:\/\/nk7-testes.com.br\/agazeta\/author\/agazeta\/\"}]}<\/script>\n<!-- \/ Yoast SEO plugin. -->","yoast_head_json":{"title":"Secret\u00e1rio de Educa\u00e7\u00e3o afirma que diretora do Cean n\u00e3o foi afastada pela den\u00fancia da carne: \"V\u00e1rias situa\u00e7\u00f5es\" - Agazeta.net","robots":{"index":"index","follow":"follow","max-snippet":"max-snippet:-1","max-image-preview":"max-image-preview:large","max-video-preview":"max-video-preview:-1"},"canonical":"https:\/\/nk7-testes.com.br\/agazeta\/secretario-de-educacao-afirma-que-diretora-do-cean-nao-foi-afastada-pela-denuncia-da-carne-varias-situacoes\/","og_locale":"pt_BR","og_type":"article","og_title":"Secret\u00e1rio de Educa\u00e7\u00e3o afirma que diretora do Cean n\u00e3o foi afastada pela den\u00fancia da carne: \"V\u00e1rias situa\u00e7\u00f5es\"","og_description":"De acordo com Aberson Carvalho, um processo administrativo com mais de 500 p\u00e1ginas culminou no afastamento","og_url":"https:\/\/nk7-testes.com.br\/agazeta\/secretario-de-educacao-afirma-que-diretora-do-cean-nao-foi-afastada-pela-denuncia-da-carne-varias-situacoes\/","og_site_name":"Agazeta.net","article_published_time":"2024-04-17T21:07:38+00:00","og_image":[{"width":800,"height":401,"url":"https:\/\/nk7-testes.com.br\/agazeta\/wp-content\/uploads\/2024\/04\/WhatsApp-Image-2024-04-17-at-16.05.30-jpeg.webp","type":"image\/jpeg"}],"author":"Agazeta.Net","twitter_card":"summary_large_image","twitter_misc":{"Escrito por":"Agazeta.Net","Est. tempo de leitura":"2 minutos"},"schema":{"@context":"https:\/\/schema.org","@graph":[{"@type":"WebPage","@id":"https:\/\/nk7-testes.com.br\/agazeta\/secretario-de-educacao-afirma-que-diretora-do-cean-nao-foi-afastada-pela-denuncia-da-carne-varias-situacoes\/","url":"https:\/\/nk7-testes.com.br\/agazeta\/secretario-de-educacao-afirma-que-diretora-do-cean-nao-foi-afastada-pela-denuncia-da-carne-varias-situacoes\/","name":"Secret\u00e1rio de Educa\u00e7\u00e3o afirma que diretora do Cean n\u00e3o foi afastada pela den\u00fancia da carne: \"V\u00e1rias situa\u00e7\u00f5es\" - Agazeta.net","isPartOf":{"@id":"https:\/\/nk7-testes.com.br\/agazeta\/#website"},"primaryImageOfPage":{"@id":"https:\/\/nk7-testes.com.br\/agazeta\/secretario-de-educacao-afirma-que-diretora-do-cean-nao-foi-afastada-pela-denuncia-da-carne-varias-situacoes\/#primaryimage"},"image":{"@id":"https:\/\/nk7-testes.com.br\/agazeta\/secretario-de-educacao-afirma-que-diretora-do-cean-nao-foi-afastada-pela-denuncia-da-carne-varias-situacoes\/#primaryimage"},"thumbnailUrl":"https:\/\/nk7-testes.com.br\/agazeta\/wp-content\/uploads\/2024\/04\/WhatsApp-Image-2024-04-17-at-16.05.30-jpeg.webp","datePublished":"2024-04-17T21:07:38+00:00","author":{"@id":"https:\/\/nk7-testes.com.br\/agazeta\/#\/schema\/person\/ff6b39d54d6973bfc57f4140f659b23f"},"breadcrumb":{"@id":"https:\/\/nk7-testes.com.br\/agazeta\/secretario-de-educacao-afirma-que-diretora-do-cean-nao-foi-afastada-pela-denuncia-da-carne-varias-situacoes\/#breadcrumb"},"inLanguage":"pt-BR","potentialAction":[{"@type":"ReadAction","target":["https:\/\/nk7-testes.com.br\/agazeta\/secretario-de-educacao-afirma-que-diretora-do-cean-nao-foi-afastada-pela-denuncia-da-carne-varias-situacoes\/"]}]},{"@type":"ImageObject","inLanguage":"pt-BR","@id":"https:\/\/nk7-testes.com.br\/agazeta\/secretario-de-educacao-afirma-que-diretora-do-cean-nao-foi-afastada-pela-denuncia-da-carne-varias-situacoes\/#primaryimage","url":"https:\/\/nk7-testes.com.br\/agazeta\/wp-content\/uploads\/2024\/04\/WhatsApp-Image-2024-04-17-at-16.05.30-jpeg.webp","contentUrl":"https:\/\/nk7-testes.com.br\/agazeta\/wp-content\/uploads\/2024\/04\/WhatsApp-Image-2024-04-17-at-16.05.30-jpeg.webp","width":800,"height":401},{"@type":"BreadcrumbList","@id":"https:\/\/nk7-testes.com.br\/agazeta\/secretario-de-educacao-afirma-que-diretora-do-cean-nao-foi-afastada-pela-denuncia-da-carne-varias-situacoes\/#breadcrumb","itemListElement":[{"@type":"ListItem","position":1,"name":"In\u00edcio","item":"https:\/\/nk7-testes.com.br\/agazeta\/"},{"@type":"ListItem","position":2,"name":"Secret\u00e1rio de Educa\u00e7\u00e3o afirma que diretora do Cean n\u00e3o foi afastada pela den\u00fancia da carne: &#8220;V\u00e1rias situa\u00e7\u00f5es&#8221;"}]},{"@type":"WebSite","@id":"https:\/\/nk7-testes.com.br\/agazeta\/#website","url":"https:\/\/nk7-testes.com.br\/agazeta\/","name":"Agazeta.net","description":"Agazeta.net - Not\u00edcias de Rio Branco\/AC","potentialAction":[{"@type":"SearchAction","target":{"@type":"EntryPoint","urlTemplate":"https:\/\/nk7-testes.com.br\/agazeta\/?s={search_term_string}"},"query-input":{"@type":"PropertyValueSpecification","valueRequired":true,"valueName":"search_term_string"}}],"inLanguage":"pt-BR"},{"@type":"Person","@id":"https:\/\/nk7-testes.com.br\/agazeta\/#\/schema\/person\/ff6b39d54d6973bfc57f4140f659b23f","name":"Agazeta.Net","url":"https:\/\/nk7-testes.com.br\/agazeta\/author\/agazeta\/"}]}},"_links":{"self":[{"href":"https:\/\/nk7-testes.com.br\/agazeta\/wp-json\/wp\/v2\/posts\/130828","targetHints":{"allow":["GET"]}}],"collection":[{"href":"https:\/\/nk7-testes.com.br\/agazeta\/wp-json\/wp\/v2\/posts"}],"about":[{"href":"https:\/\/nk7-testes.com.br\/agazeta\/wp-json\/wp\/v2\/types\/post"}],"author":[{"embeddable":true,"href":"https:\/\/nk7-testes.com.br\/agazeta\/wp-json\/wp\/v2\/users\/4"}],"replies":[{"embeddable":true,"href":"https:\/\/nk7-testes.com.br\/agazeta\/wp-json\/wp\/v2\/comments?post=130828"}],"version-history":[{"count":0,"href":"https:\/\/nk7-testes.com.br\/agazeta\/wp-json\/wp\/v2\/posts\/130828\/revisions"}],"wp:featuredmedia":[{"embeddable":true,"href":"https:\/\/nk7-testes.com.br\/agazeta\/wp-json\/wp\/v2\/media\/130829"}],"wp:attachment":[{"href":"https:\/\/nk7-testes.com.br\/agazeta\/wp-json\/wp\/v2\/media?parent=130828"}],"wp:term":[{"taxonomy":"category","embeddable":true,"href":"https:\/\/nk7-testes.com.br\/agazeta\/wp-json\/wp\/v2\/categories?post=130828"},{"taxonomy":"post_tag","embeddable":true,"href":"https:\/\/nk7-testes.com.br\/agazeta\/wp-json\/wp\/v2\/tags?post=130828"}],"curies":[{"name":"wp","href":"https:\/\/api.w.org\/{rel}","templated":true}]}}