{"id":130787,"date":"2024-04-17T10:39:56","date_gmt":"2024-04-17T15:39:56","guid":{"rendered":"https:\/\/nk7-testes.com.br\/?p=130787"},"modified":"2024-04-17T10:39:56","modified_gmt":"2024-04-17T15:39:56","slug":"governo-alega-nao-ter-orcamento-para-reajuste-salarial-para-policiais-civis-do-acre","status":"publish","type":"post","link":"https:\/\/nk7-testes.com.br\/agazeta\/governo-alega-nao-ter-orcamento-para-reajuste-salarial-para-policiais-civis-do-acre\/","title":{"rendered":"Governo alega n\u00e3o ter or\u00e7amento para reajuste salarial para policiais civis do Acre"},"content":{"rendered":"<p style=\"text-align: justify;\"><span style=\"font-weight: 400;\">Os policiais civis do Acre ganharam novos aliados na luta por melhores sal\u00e1rios e infraestrutura nas delegacias. Em uma audi\u00eancia p\u00fablica realizada nesta\u00a0 segunda-feira (15), o Sindicato dos Policiais Civis do Acre (Sinpol), conseguiu reunir a dire\u00e7\u00e3o de pol\u00edcia, agentes, delegados e deputados estaduais para discutir as condi\u00e7\u00f5es prec\u00e1rias em que as unidades da Pol\u00edcia Civil do Acre (PCAC) se encontram.<\/span><\/p>\n<p style=\"text-align: justify;\"><span style=\"font-weight: 400;\">Os sindicalistas lan\u00e7aram a &#8220;Opera\u00e7\u00e3o Padr\u00e3o&#8221; e est\u00e3o visitando cada unidade da Pol\u00edcia Civil para avaliar a estrutura f\u00edsica dos pr\u00e9dios. As descobertas foram alarmantes, com delegacias em ru\u00ednas e at\u00e9 mesmo com o teto desabando, como foi o caso da unidade no bairro Cidade do Povo, em Rio Branco, onde o forro caiu em cima de uma agente.<\/span><\/p>\n<p style=\"text-align: justify;\"><span style=\"font-weight: 400;\">\u00a0Na Delegacia de Flagrantes (Defla), um curto-circuito destruiu os equipamentos do cart\u00f3rio, queimando inclusive o livro de registro da delegacia.<\/span><\/p>\n<p style=\"text-align: justify;\"><span style=\"font-weight: 400;\">Al\u00e9m das condi\u00e7\u00f5es prec\u00e1rias das delegacias, o sindicato tamb\u00e9m levou para a audi\u00eancia p\u00fablica a demanda por melhorias salariais. O \u00faltimo aumento salarial foi em 2019, e os agentes esperam que a Assembleia Legislativa do Acre (Aleac), pressione o governo do Estado nessa quest\u00e3o.<\/span><\/p>\n<p style=\"text-align: justify;\"><span style=\"font-weight: 400;\">Rafael Diniz, presidente do Sindicato dos Policiais Civis (Sinpol), ressaltou a import\u00e2ncia de mostrar \u00e0 sociedade que n\u00e3o est\u00e1 tudo bem na Pol\u00edcia Civil e que \u00e9 necess\u00e1rio que o Poder Executivo dialogue com o sindicato para encontrar solu\u00e7\u00f5es para a categoria.<\/span><\/p>\n<p style=\"text-align: justify;\"><span style=\"font-weight: 400;\">\u201c\u00c9 o momento derradeiro para a gente fazer uma reflex\u00e3o, a gente tem a obriga\u00e7\u00e3o de mostrar para a sociedade que n\u00e3o est\u00e1 tudo bem na Pol\u00edcia Civil e o Poder Executivo tem que atender o pedido do sindicato que \u00e9 abrir di\u00e1logos para resolu\u00e7\u00f5es plaus\u00edveis para a categoria\u201d, explica o presidente.<\/span><\/p>\n<p style=\"text-align: justify;\"><span style=\"font-weight: 400;\">Para fortalecer a causa, o sindicato contou com a presen\u00e7a do presidente da Confedera\u00e7\u00e3o Brasileira dos Policiais Civis (Cobrapol), Adriano Bandeira, que destacou a import\u00e2ncia de investir na pol\u00edcia como forma de enviar um recado negativo para as fac\u00e7\u00f5es criminosas.<\/span><\/p>\n<p style=\"text-align: justify;\"><span style=\"font-weight: 400;\">\u201cN\u00e3o s\u00f3 o desmotivo policial, como quem paga \u00e9 a sociedade, que \u00e9 o destinat\u00e1rio do nosso servi\u00e7o. Hoje a Cobrapol instala simbolicamente a sede, que \u00e9 em Bras\u00edlia, aqui no Acre, dando visibilidade ao que estava acontecendo aqui no estado, com 122 mil policiais civis no Brasil, os quais representamos. Ent\u00e3o, lamentamos e espero que a nossa presen\u00e7a aqui seja instrumento de abertura de di\u00e1logo resolutivo entre o governo do estado e o Sinpol Acre\u201d, comenta.<\/span><\/p>\n<p style=\"text-align: justify;\"><span style=\"font-weight: 400;\">O diretor-geral da Pol\u00edcia Civil do Acre, Henrique Maciel, afirmou que o estado realiza reformas nas delegacias, com obras j\u00e1 conclu\u00eddas em algumas regi\u00f5es e ordens de servi\u00e7o assinadas para outras,mas ainda alegou que o governo n\u00e3o tem margem no or\u00e7amento para reajustes salariais.\u00a0<\/span><\/p>\n<p style=\"text-align: justify;\"><span style=\"font-weight: 400;\">\u201cN\u00f3s estamos trabalhando, por exemplo, agora com as delegacias em reforma em diversas localidades e aqui em Rio Branco. Sobre o\u00a0 sal\u00e1rio, o sindicato esteve l\u00e1 na Casa Civil, o secret\u00e1rio conversou com ele, explicou toda a situa\u00e7\u00e3o da quest\u00e3o de responsabilidade fiscal. Isso \u00e9 uma quest\u00e3o n\u00e3o s\u00f3 da Pol\u00edcia Civil, eu acredito, mais de todos os servidores do Estado\u201d, completa.<\/span><\/p>\n<p><em>Mat\u00e9ria em v\u00eddeo produzida pelo rep\u00f3rter Adailson Oliveira para a TV Gazeta<\/em><\/p>\n","protected":false},"excerpt":{"rendered":"<p>Os policiais civis do Acre ganharam novos aliados na luta por melhores sal\u00e1rios e infraestrutura nas delegacias. Em uma audi\u00eancia p\u00fablica realizada nesta\u00a0 segunda-feira (15), o Sindicato dos Policiais Civis do Acre (Sinpol), conseguiu reunir a dire\u00e7\u00e3o de pol\u00edcia, agentes, delegados e deputados estaduais para discutir as condi\u00e7\u00f5es prec\u00e1rias em que as unidades da Pol\u00edcia [&hellip;]<\/p>\n","protected":false},"author":4,"featured_media":130788,"comment_status":"open","ping_status":"open","sticky":false,"template":"","format":"standard","meta":{"jnews-multi-image_gallery":[],"jnews_single_post":{"source_name":"","source_url":"","via_name":"","via_url":"","override_template":"0","override":[{"template":"custom","single_blog_custom":"110746","parallax":"1","fullscreen":"1","layout":"right-sidebar","sidebar":"default-sidebar","second_sidebar":"default-sidebar","sticky_sidebar":"1","share_position":"top","share_float_style":"share-monocrhome","show_share_counter":"1","show_view_counter":"1","show_featured":"1","show_post_meta":"1","show_post_author":"1","show_post_author_image":"1","show_post_date":"1","post_date_format":"default","post_date_format_custom":"Y\/m\/d","show_post_category":"1","show_post_reading_time":"0","post_reading_time_wpm":"300","show_zoom_button":"0","zoom_button_out_step":"2","zoom_button_in_step":"3","show_post_tag":"1","show_prev_next_post":"1","show_popup_post":"1","number_popup_post":"1","show_author_box":"0","show_post_related":"1","show_inline_post_related":"0"}],"override_image_size":"0","image_override":[{"single_post_thumbnail_size":"crop-500","single_post_gallery_size":"crop-500"}],"trending_post":"0","trending_post_position":"meta","trending_post_label":"Trending","sponsored_post":"0","sponsored_post_label":"Sponsored by","sponsored_post_name":"","sponsored_post_url":"","sponsored_post_logo_enable":"0","sponsored_post_logo":"","sponsored_post_desc":"","disable_ad":"0"},"jnews_primary_category":{"id":"","hide":""},"jnews_social_meta":{"fb_title":"","fb_description":"","fb_image":"","twitter_title":"","twitter_description":"","twitter_image":""},"jnews_review":[],"enable_review":"0","type":"percentage","name":"","summary":"","brand":"","sku":"","good":[{"good_text":""}],"bad":[{"bad_text":""}],"score_override":"0","override_value":"","rating":[{"rating_text":"","rating_number":"10"}],"price":[{"shop":"","price":"","link":"","icon":""}],"footnotes":""},"categories":[54],"tags":[152],"class_list":["post-130787","post","type-post","status-publish","format-standard","has-post-thumbnail","hentry","category-cotidiano","tag-destaque"],"yoast_head":"<!-- This site is optimized with the Yoast SEO plugin v26.5 - https:\/\/yoast.com\/wordpress\/plugins\/seo\/ -->\n<title>Governo alega n\u00e3o ter or\u00e7amento para reajuste salarial para policiais civis do Acre - Agazeta.net<\/title>\n<meta name=\"robots\" content=\"index, follow, max-snippet:-1, max-image-preview:large, max-video-preview:-1\" \/>\n<link rel=\"canonical\" href=\"https:\/\/nk7-testes.com.br\/agazeta\/governo-alega-nao-ter-orcamento-para-reajuste-salarial-para-policiais-civis-do-acre\/\" \/>\n<meta property=\"og:locale\" content=\"pt_BR\" \/>\n<meta property=\"og:type\" content=\"article\" \/>\n<meta property=\"og:title\" content=\"Governo alega n\u00e3o ter or\u00e7amento para reajuste salarial para policiais civis do Acre\" \/>\n<meta property=\"og:description\" content=\"A informa\u00e7\u00e3o foi confirmada em audi\u00eancia com o Sinpol nesta segunda-feira (15)\" \/>\n<meta property=\"og:url\" content=\"https:\/\/nk7-testes.com.br\/agazeta\/governo-alega-nao-ter-orcamento-para-reajuste-salarial-para-policiais-civis-do-acre\/\" \/>\n<meta property=\"og:site_name\" content=\"Agazeta.net\" \/>\n<meta property=\"article:published_time\" content=\"2024-04-17T15:39:56+00:00\" \/>\n<meta property=\"og:image\" content=\"https:\/\/nk7-testes.com.br\/agazeta\/wp-content\/uploads\/2024\/04\/WhatsApp-Image-2024-04-17-at-10.35.55-1-scaled.webp\" \/>\n\t<meta property=\"og:image:width\" content=\"2560\" \/>\n\t<meta property=\"og:image:height\" content=\"1440\" \/>\n\t<meta property=\"og:image:type\" content=\"image\/jpeg\" \/>\n<meta name=\"author\" content=\"Agazeta.Net\" \/>\n<meta name=\"twitter:card\" content=\"summary_large_image\" \/>\n<meta name=\"twitter:title\" content=\"Governo alega n\u00e3o ter or\u00e7amento para reajuste salarial para policiais civis do Acre\" \/>\n<meta name=\"twitter:description\" content=\"A informa\u00e7\u00e3o foi confirmada em audi\u00eancia com o Sinpol nesta segunda-feira (15)\" \/>\n<meta name=\"twitter:image\" content=\"https:\/\/nk7-testes.com.br\/agazeta\/wp-content\/uploads\/2024\/04\/WhatsApp-Image-2024-04-17-at-10.35.55-1-scaled.webp\" \/>\n<meta name=\"twitter:label1\" content=\"Escrito por\" \/>\n\t<meta name=\"twitter:data1\" content=\"Agazeta.Net\" \/>\n\t<meta name=\"twitter:label2\" content=\"Est. tempo de leitura\" \/>\n\t<meta name=\"twitter:data2\" content=\"3 minutos\" \/>\n<script type=\"application\/ld+json\" class=\"yoast-schema-graph\">{\"@context\":\"https:\/\/schema.org\",\"@graph\":[{\"@type\":\"WebPage\",\"@id\":\"https:\/\/nk7-testes.com.br\/agazeta\/governo-alega-nao-ter-orcamento-para-reajuste-salarial-para-policiais-civis-do-acre\/\",\"url\":\"https:\/\/nk7-testes.com.br\/agazeta\/governo-alega-nao-ter-orcamento-para-reajuste-salarial-para-policiais-civis-do-acre\/\",\"name\":\"Governo alega n\u00e3o ter or\u00e7amento para reajuste salarial para policiais civis do Acre - Agazeta.net\",\"isPartOf\":{\"@id\":\"https:\/\/nk7-testes.com.br\/agazeta\/#website\"},\"primaryImageOfPage\":{\"@id\":\"https:\/\/nk7-testes.com.br\/agazeta\/governo-alega-nao-ter-orcamento-para-reajuste-salarial-para-policiais-civis-do-acre\/#primaryimage\"},\"image\":{\"@id\":\"https:\/\/nk7-testes.com.br\/agazeta\/governo-alega-nao-ter-orcamento-para-reajuste-salarial-para-policiais-civis-do-acre\/#primaryimage\"},\"thumbnailUrl\":\"https:\/\/nk7-testes.com.br\/agazeta\/wp-content\/uploads\/2024\/04\/WhatsApp-Image-2024-04-17-at-10.35.55-1-scaled.webp\",\"datePublished\":\"2024-04-17T15:39:56+00:00\",\"author\":{\"@id\":\"https:\/\/nk7-testes.com.br\/agazeta\/#\/schema\/person\/ff6b39d54d6973bfc57f4140f659b23f\"},\"breadcrumb\":{\"@id\":\"https:\/\/nk7-testes.com.br\/agazeta\/governo-alega-nao-ter-orcamento-para-reajuste-salarial-para-policiais-civis-do-acre\/#breadcrumb\"},\"inLanguage\":\"pt-BR\",\"potentialAction\":[{\"@type\":\"ReadAction\",\"target\":[\"https:\/\/nk7-testes.com.br\/agazeta\/governo-alega-nao-ter-orcamento-para-reajuste-salarial-para-policiais-civis-do-acre\/\"]}]},{\"@type\":\"ImageObject\",\"inLanguage\":\"pt-BR\",\"@id\":\"https:\/\/nk7-testes.com.br\/agazeta\/governo-alega-nao-ter-orcamento-para-reajuste-salarial-para-policiais-civis-do-acre\/#primaryimage\",\"url\":\"https:\/\/nk7-testes.com.br\/agazeta\/wp-content\/uploads\/2024\/04\/WhatsApp-Image-2024-04-17-at-10.35.55-1-scaled.webp\",\"contentUrl\":\"https:\/\/nk7-testes.com.br\/agazeta\/wp-content\/uploads\/2024\/04\/WhatsApp-Image-2024-04-17-at-10.35.55-1-scaled.webp\",\"width\":2560,\"height\":1440,\"caption\":\"Imagem do site da Aleac\"},{\"@type\":\"BreadcrumbList\",\"@id\":\"https:\/\/nk7-testes.com.br\/agazeta\/governo-alega-nao-ter-orcamento-para-reajuste-salarial-para-policiais-civis-do-acre\/#breadcrumb\",\"itemListElement\":[{\"@type\":\"ListItem\",\"position\":1,\"name\":\"In\u00edcio\",\"item\":\"https:\/\/nk7-testes.com.br\/agazeta\/\"},{\"@type\":\"ListItem\",\"position\":2,\"name\":\"Governo alega n\u00e3o ter or\u00e7amento para reajuste salarial para policiais civis do Acre\"}]},{\"@type\":\"WebSite\",\"@id\":\"https:\/\/nk7-testes.com.br\/agazeta\/#website\",\"url\":\"https:\/\/nk7-testes.com.br\/agazeta\/\",\"name\":\"Agazeta.net\",\"description\":\"Agazeta.net - Not\u00edcias de Rio Branco\/AC\",\"potentialAction\":[{\"@type\":\"SearchAction\",\"target\":{\"@type\":\"EntryPoint\",\"urlTemplate\":\"https:\/\/nk7-testes.com.br\/agazeta\/?s={search_term_string}\"},\"query-input\":{\"@type\":\"PropertyValueSpecification\",\"valueRequired\":true,\"valueName\":\"search_term_string\"}}],\"inLanguage\":\"pt-BR\"},{\"@type\":\"Person\",\"@id\":\"https:\/\/nk7-testes.com.br\/agazeta\/#\/schema\/person\/ff6b39d54d6973bfc57f4140f659b23f\",\"name\":\"Agazeta.Net\",\"url\":\"https:\/\/nk7-testes.com.br\/agazeta\/author\/agazeta\/\"}]}<\/script>\n<!-- \/ Yoast SEO plugin. -->","yoast_head_json":{"title":"Governo alega n\u00e3o ter or\u00e7amento para reajuste salarial para policiais civis do Acre - Agazeta.net","robots":{"index":"index","follow":"follow","max-snippet":"max-snippet:-1","max-image-preview":"max-image-preview:large","max-video-preview":"max-video-preview:-1"},"canonical":"https:\/\/nk7-testes.com.br\/agazeta\/governo-alega-nao-ter-orcamento-para-reajuste-salarial-para-policiais-civis-do-acre\/","og_locale":"pt_BR","og_type":"article","og_title":"Governo alega n\u00e3o ter or\u00e7amento para reajuste salarial para policiais civis do Acre","og_description":"A informa\u00e7\u00e3o foi confirmada em audi\u00eancia com o Sinpol nesta segunda-feira (15)","og_url":"https:\/\/nk7-testes.com.br\/agazeta\/governo-alega-nao-ter-orcamento-para-reajuste-salarial-para-policiais-civis-do-acre\/","og_site_name":"Agazeta.net","article_published_time":"2024-04-17T15:39:56+00:00","og_image":[{"width":2560,"height":1440,"url":"https:\/\/nk7-testes.com.br\/agazeta\/wp-content\/uploads\/2024\/04\/WhatsApp-Image-2024-04-17-at-10.35.55-1-scaled.webp","type":"image\/jpeg"}],"author":"Agazeta.Net","twitter_card":"summary_large_image","twitter_title":"Governo alega n\u00e3o ter or\u00e7amento para reajuste salarial para policiais civis do Acre","twitter_description":"A informa\u00e7\u00e3o foi confirmada em audi\u00eancia com o Sinpol nesta segunda-feira (15)","twitter_image":"https:\/\/nk7-testes.com.br\/agazeta\/wp-content\/uploads\/2024\/04\/WhatsApp-Image-2024-04-17-at-10.35.55-1-scaled.webp","twitter_misc":{"Escrito por":"Agazeta.Net","Est. tempo de leitura":"3 minutos"},"schema":{"@context":"https:\/\/schema.org","@graph":[{"@type":"WebPage","@id":"https:\/\/nk7-testes.com.br\/agazeta\/governo-alega-nao-ter-orcamento-para-reajuste-salarial-para-policiais-civis-do-acre\/","url":"https:\/\/nk7-testes.com.br\/agazeta\/governo-alega-nao-ter-orcamento-para-reajuste-salarial-para-policiais-civis-do-acre\/","name":"Governo alega n\u00e3o ter or\u00e7amento para reajuste salarial para policiais civis do Acre - Agazeta.net","isPartOf":{"@id":"https:\/\/nk7-testes.com.br\/agazeta\/#website"},"primaryImageOfPage":{"@id":"https:\/\/nk7-testes.com.br\/agazeta\/governo-alega-nao-ter-orcamento-para-reajuste-salarial-para-policiais-civis-do-acre\/#primaryimage"},"image":{"@id":"https:\/\/nk7-testes.com.br\/agazeta\/governo-alega-nao-ter-orcamento-para-reajuste-salarial-para-policiais-civis-do-acre\/#primaryimage"},"thumbnailUrl":"https:\/\/nk7-testes.com.br\/agazeta\/wp-content\/uploads\/2024\/04\/WhatsApp-Image-2024-04-17-at-10.35.55-1-scaled.webp","datePublished":"2024-04-17T15:39:56+00:00","author":{"@id":"https:\/\/nk7-testes.com.br\/agazeta\/#\/schema\/person\/ff6b39d54d6973bfc57f4140f659b23f"},"breadcrumb":{"@id":"https:\/\/nk7-testes.com.br\/agazeta\/governo-alega-nao-ter-orcamento-para-reajuste-salarial-para-policiais-civis-do-acre\/#breadcrumb"},"inLanguage":"pt-BR","potentialAction":[{"@type":"ReadAction","target":["https:\/\/nk7-testes.com.br\/agazeta\/governo-alega-nao-ter-orcamento-para-reajuste-salarial-para-policiais-civis-do-acre\/"]}]},{"@type":"ImageObject","inLanguage":"pt-BR","@id":"https:\/\/nk7-testes.com.br\/agazeta\/governo-alega-nao-ter-orcamento-para-reajuste-salarial-para-policiais-civis-do-acre\/#primaryimage","url":"https:\/\/nk7-testes.com.br\/agazeta\/wp-content\/uploads\/2024\/04\/WhatsApp-Image-2024-04-17-at-10.35.55-1-scaled.webp","contentUrl":"https:\/\/nk7-testes.com.br\/agazeta\/wp-content\/uploads\/2024\/04\/WhatsApp-Image-2024-04-17-at-10.35.55-1-scaled.webp","width":2560,"height":1440,"caption":"Imagem do site da Aleac"},{"@type":"BreadcrumbList","@id":"https:\/\/nk7-testes.com.br\/agazeta\/governo-alega-nao-ter-orcamento-para-reajuste-salarial-para-policiais-civis-do-acre\/#breadcrumb","itemListElement":[{"@type":"ListItem","position":1,"name":"In\u00edcio","item":"https:\/\/nk7-testes.com.br\/agazeta\/"},{"@type":"ListItem","position":2,"name":"Governo alega n\u00e3o ter or\u00e7amento para reajuste salarial para policiais civis do Acre"}]},{"@type":"WebSite","@id":"https:\/\/nk7-testes.com.br\/agazeta\/#website","url":"https:\/\/nk7-testes.com.br\/agazeta\/","name":"Agazeta.net","description":"Agazeta.net - Not\u00edcias de Rio Branco\/AC","potentialAction":[{"@type":"SearchAction","target":{"@type":"EntryPoint","urlTemplate":"https:\/\/nk7-testes.com.br\/agazeta\/?s={search_term_string}"},"query-input":{"@type":"PropertyValueSpecification","valueRequired":true,"valueName":"search_term_string"}}],"inLanguage":"pt-BR"},{"@type":"Person","@id":"https:\/\/nk7-testes.com.br\/agazeta\/#\/schema\/person\/ff6b39d54d6973bfc57f4140f659b23f","name":"Agazeta.Net","url":"https:\/\/nk7-testes.com.br\/agazeta\/author\/agazeta\/"}]}},"_links":{"self":[{"href":"https:\/\/nk7-testes.com.br\/agazeta\/wp-json\/wp\/v2\/posts\/130787","targetHints":{"allow":["GET"]}}],"collection":[{"href":"https:\/\/nk7-testes.com.br\/agazeta\/wp-json\/wp\/v2\/posts"}],"about":[{"href":"https:\/\/nk7-testes.com.br\/agazeta\/wp-json\/wp\/v2\/types\/post"}],"author":[{"embeddable":true,"href":"https:\/\/nk7-testes.com.br\/agazeta\/wp-json\/wp\/v2\/users\/4"}],"replies":[{"embeddable":true,"href":"https:\/\/nk7-testes.com.br\/agazeta\/wp-json\/wp\/v2\/comments?post=130787"}],"version-history":[{"count":0,"href":"https:\/\/nk7-testes.com.br\/agazeta\/wp-json\/wp\/v2\/posts\/130787\/revisions"}],"wp:featuredmedia":[{"embeddable":true,"href":"https:\/\/nk7-testes.com.br\/agazeta\/wp-json\/wp\/v2\/media\/130788"}],"wp:attachment":[{"href":"https:\/\/nk7-testes.com.br\/agazeta\/wp-json\/wp\/v2\/media?parent=130787"}],"wp:term":[{"taxonomy":"category","embeddable":true,"href":"https:\/\/nk7-testes.com.br\/agazeta\/wp-json\/wp\/v2\/categories?post=130787"},{"taxonomy":"post_tag","embeddable":true,"href":"https:\/\/nk7-testes.com.br\/agazeta\/wp-json\/wp\/v2\/tags?post=130787"}],"curies":[{"name":"wp","href":"https:\/\/api.w.org\/{rel}","templated":true}]}}