{"id":130599,"date":"2024-04-12T12:37:57","date_gmt":"2024-04-12T17:37:57","guid":{"rendered":"https:\/\/nk7-testes.com.br\/?p=130599"},"modified":"2024-04-12T12:37:57","modified_gmt":"2024-04-12T17:37:57","slug":"lei-adote-uma-praca-permite-que-empresas-privadas-realizem-reformas-em-areas-publicas-de-rio-branco","status":"publish","type":"post","link":"https:\/\/nk7-testes.com.br\/agazeta\/lei-adote-uma-praca-permite-que-empresas-privadas-realizem-reformas-em-areas-publicas-de-rio-branco\/","title":{"rendered":"Lei &#8220;Adote uma Pra\u00e7a&#8221; permite que empresas privadas realizem reformas em \u00e1reas p\u00fablicas de Rio Branco"},"content":{"rendered":"<p style=\"text-align: justify;\">O prefeito de Rio Branco, Ti\u00e3o Bocalom (PL), atrav\u00e9s do Di\u00e1rio Oficial do Estado (DOE) desta sexta-feira (12), sancionou a lei, de n\u00b0 2.515, que cria o projeto &#8220;Adote Uma Pra\u00e7a&#8221;, que visa empresas a adotarem \u00e1reas p\u00fablicas de lazer para realizar manuten\u00e7\u00f5es e reformas, e promover a urbaniza\u00e7\u00e3o e conserva\u00e7\u00e3o desses espa\u00e7os\u00a0da capital.<\/p>\n<p style=\"text-align: justify;\">De acordo com o texto, as \u00e1reas de lazer podem se adotadas por empresas, sejam privadas ou n\u00e3o governamentais, que v\u00e3o cuidar da manuten\u00e7\u00e3o, e podem oferecer reformas e melhorias para uso da popula\u00e7\u00e3o. Dessa forma, promovendo melhorias urbanas e culturais.<\/p>\n<p style=\"text-align: justify;\">&#8220;A pra\u00e7a ou \u00e1rea p\u00fablica de lazer poder\u00e1 ser adotada por empresas privadas, institui\u00e7\u00f5es ou entidades n\u00e3o governamentais que cuidar\u00e3o de sua manuten\u00e7\u00e3o, podendo proceder a reformas e melhorias para melhor uso de seus frequentadores, promovendo melhorias urbanas, culturais, sociais, tecnol\u00f3gicas, esportivas, ambientais e paisag\u00edsticas&#8221;, diz o texto.<\/p>\n<p style=\"text-align: justify;\">Segundo a publica\u00e7\u00e3o no DOE, ser\u00e1 permitido \u00e0 empresa adotante a veicula\u00e7\u00e3o de publicidade na pra\u00e7a ou espa\u00e7o p\u00fablico de lazer, e a divulga\u00e7\u00e3o de coopera\u00e7\u00e3o na imprensa e em informes publicit\u00e1rios que envolvem a \u00e1rea objeto da coopera\u00e7\u00e3o.<\/p>\n<p style=\"text-align: justify;\">A ado\u00e7\u00e3o de uma pra\u00e7a ou espa\u00e7o p\u00fablico pode se destinar a:<\/p>\n<ul>\n<li style=\"text-align: justify;\">Urbaniza\u00e7\u00e3o da pra\u00e7a p\u00fablica;<\/li>\n<li style=\"text-align: justify;\">Implanta\u00e7\u00e3o de \u00e1reas de esporte e lazer;<\/li>\n<li style=\"text-align: justify;\">Conserva\u00e7\u00e3o e manuten\u00e7\u00e3o da \u00e1rea adotada; e<\/li>\n<li style=\"text-align: justify;\">Realiza\u00e7\u00e3o de atividades culturais, esportivas ou de lazer, desde que obtenha pr\u00e9via autoriza\u00e7\u00e3o do \u00f3rg\u00e3o competente.<\/li>\n<\/ul>\n<p style=\"text-align: justify;\">O Poder Executivo Municipal vai estabelecer, por meio de decreto, crit\u00e9rios para a realiza\u00e7\u00e3o de coopera\u00e7\u00e3o, estipulando requisitos, direitos, obriga\u00e7\u00f5es, limites e vantagens na ado\u00e7\u00e3o de uma pra\u00e7a ou \u00e1rea p\u00fablica de lazer. A lei j\u00e1 est\u00e1 em vigor.<\/p>\n","protected":false},"excerpt":{"rendered":"<p>O prefeito de Rio Branco, Ti\u00e3o Bocalom (PL), atrav\u00e9s do Di\u00e1rio Oficial do Estado (DOE) desta sexta-feira (12), sancionou a lei, de n\u00b0 2.515, que cria o projeto &#8220;Adote Uma Pra\u00e7a&#8221;, que visa empresas a adotarem \u00e1reas p\u00fablicas de lazer para realizar manuten\u00e7\u00f5es e reformas, e promover a urbaniza\u00e7\u00e3o e conserva\u00e7\u00e3o desses espa\u00e7os\u00a0da capital. De [&hellip;]<\/p>\n","protected":false},"author":4,"featured_media":130600,"comment_status":"open","ping_status":"open","sticky":false,"template":"","format":"standard","meta":{"jnews-multi-image_gallery":[],"jnews_single_post":{"source_name":"","source_url":"","via_name":"","via_url":"","override_template":"0","override":[{"template":"custom","single_blog_custom":"110746","parallax":"1","fullscreen":"1","layout":"right-sidebar","sidebar":"default-sidebar","second_sidebar":"default-sidebar","sticky_sidebar":"1","share_position":"top","share_float_style":"share-monocrhome","show_share_counter":"1","show_view_counter":"1","show_featured":"1","show_post_meta":"1","show_post_author":"1","show_post_author_image":"1","show_post_date":"1","post_date_format":"default","post_date_format_custom":"Y\/m\/d","show_post_category":"1","show_post_reading_time":"0","post_reading_time_wpm":"300","show_zoom_button":"0","zoom_button_out_step":"2","zoom_button_in_step":"3","show_post_tag":"1","show_prev_next_post":"1","show_popup_post":"1","number_popup_post":"1","show_author_box":"0","show_post_related":"1","show_inline_post_related":"0"}],"override_image_size":"0","image_override":[{"single_post_thumbnail_size":"crop-500","single_post_gallery_size":"crop-500"}],"trending_post":"0","trending_post_position":"meta","trending_post_label":"Trending","sponsored_post":"0","sponsored_post_label":"Sponsored by","sponsored_post_name":"","sponsored_post_url":"","sponsored_post_logo_enable":"0","sponsored_post_logo":"","sponsored_post_desc":"","disable_ad":"0"},"jnews_primary_category":{"id":"","hide":""},"jnews_social_meta":{"fb_title":"","fb_description":"","fb_image":"","twitter_title":"","twitter_description":"","twitter_image":""},"jnews_review":[],"enable_review":"0","type":"percentage","name":"","summary":"","brand":"","sku":"","good":[{"good_text":""}],"bad":[{"bad_text":""}],"score_override":"0","override_value":"","rating":[{"rating_text":"","rating_number":"10"}],"price":[{"shop":"","price":"","link":"","icon":""}],"footnotes":""},"categories":[54],"tags":[],"class_list":["post-130599","post","type-post","status-publish","format-standard","has-post-thumbnail","hentry","category-cotidiano"],"yoast_head":"<!-- This site is optimized with the Yoast SEO plugin v26.5 - https:\/\/yoast.com\/wordpress\/plugins\/seo\/ -->\n<title>Lei &quot;Adote uma Pra\u00e7a&quot; permite que empresas privadas realizem reformas em \u00e1reas p\u00fablicas de Rio Branco - Agazeta.net<\/title>\n<meta name=\"robots\" content=\"index, follow, max-snippet:-1, max-image-preview:large, max-video-preview:-1\" \/>\n<link rel=\"canonical\" href=\"https:\/\/nk7-testes.com.br\/agazeta\/lei-adote-uma-praca-permite-que-empresas-privadas-realizem-reformas-em-areas-publicas-de-rio-branco\/\" \/>\n<meta property=\"og:locale\" content=\"pt_BR\" \/>\n<meta property=\"og:type\" content=\"article\" \/>\n<meta property=\"og:title\" content=\"Lei &quot;Adote uma Pra\u00e7a&quot; permite que empresas privadas realizem reformas em \u00e1reas p\u00fablicas de Rio Branco\" \/>\n<meta property=\"og:description\" content=\"Lei foi sancionada pelo prefeito Bocalom atrav\u00e9s do Di\u00e1rio Oficial do Estado desta sexta-feira (12)\" \/>\n<meta property=\"og:url\" content=\"https:\/\/nk7-testes.com.br\/agazeta\/lei-adote-uma-praca-permite-que-empresas-privadas-realizem-reformas-em-areas-publicas-de-rio-branco\/\" \/>\n<meta property=\"og:site_name\" content=\"Agazeta.net\" \/>\n<meta property=\"article:published_time\" content=\"2024-04-12T17:37:57+00:00\" \/>\n<meta property=\"og:image\" content=\"https:\/\/nk7-testes.com.br\/agazeta\/wp-content\/uploads\/2024\/04\/8784748953_96b272772e_o-jpg.webp\" \/>\n\t<meta property=\"og:image:width\" content=\"800\" \/>\n\t<meta property=\"og:image:height\" content=\"400\" \/>\n\t<meta property=\"og:image:type\" content=\"image\/jpeg\" \/>\n<meta name=\"author\" content=\"Agazeta.Net\" \/>\n<meta name=\"twitter:card\" content=\"summary_large_image\" \/>\n<meta name=\"twitter:label1\" content=\"Escrito por\" \/>\n\t<meta name=\"twitter:data1\" content=\"Agazeta.Net\" \/>\n\t<meta name=\"twitter:label2\" content=\"Est. tempo de leitura\" \/>\n\t<meta name=\"twitter:data2\" content=\"2 minutos\" \/>\n<script type=\"application\/ld+json\" class=\"yoast-schema-graph\">{\"@context\":\"https:\/\/schema.org\",\"@graph\":[{\"@type\":\"WebPage\",\"@id\":\"https:\/\/nk7-testes.com.br\/agazeta\/lei-adote-uma-praca-permite-que-empresas-privadas-realizem-reformas-em-areas-publicas-de-rio-branco\/\",\"url\":\"https:\/\/nk7-testes.com.br\/agazeta\/lei-adote-uma-praca-permite-que-empresas-privadas-realizem-reformas-em-areas-publicas-de-rio-branco\/\",\"name\":\"Lei \\\"Adote uma Pra\u00e7a\\\" permite que empresas privadas realizem reformas em \u00e1reas p\u00fablicas de Rio Branco - Agazeta.net\",\"isPartOf\":{\"@id\":\"https:\/\/nk7-testes.com.br\/agazeta\/#website\"},\"primaryImageOfPage\":{\"@id\":\"https:\/\/nk7-testes.com.br\/agazeta\/lei-adote-uma-praca-permite-que-empresas-privadas-realizem-reformas-em-areas-publicas-de-rio-branco\/#primaryimage\"},\"image\":{\"@id\":\"https:\/\/nk7-testes.com.br\/agazeta\/lei-adote-uma-praca-permite-que-empresas-privadas-realizem-reformas-em-areas-publicas-de-rio-branco\/#primaryimage\"},\"thumbnailUrl\":\"https:\/\/nk7-testes.com.br\/agazeta\/wp-content\/uploads\/2024\/04\/8784748953_96b272772e_o-jpg.webp\",\"datePublished\":\"2024-04-12T17:37:57+00:00\",\"author\":{\"@id\":\"https:\/\/nk7-testes.com.br\/agazeta\/#\/schema\/person\/ff6b39d54d6973bfc57f4140f659b23f\"},\"breadcrumb\":{\"@id\":\"https:\/\/nk7-testes.com.br\/agazeta\/lei-adote-uma-praca-permite-que-empresas-privadas-realizem-reformas-em-areas-publicas-de-rio-branco\/#breadcrumb\"},\"inLanguage\":\"pt-BR\",\"potentialAction\":[{\"@type\":\"ReadAction\",\"target\":[\"https:\/\/nk7-testes.com.br\/agazeta\/lei-adote-uma-praca-permite-que-empresas-privadas-realizem-reformas-em-areas-publicas-de-rio-branco\/\"]}]},{\"@type\":\"ImageObject\",\"inLanguage\":\"pt-BR\",\"@id\":\"https:\/\/nk7-testes.com.br\/agazeta\/lei-adote-uma-praca-permite-que-empresas-privadas-realizem-reformas-em-areas-publicas-de-rio-branco\/#primaryimage\",\"url\":\"https:\/\/nk7-testes.com.br\/agazeta\/wp-content\/uploads\/2024\/04\/8784748953_96b272772e_o-jpg.webp\",\"contentUrl\":\"https:\/\/nk7-testes.com.br\/agazeta\/wp-content\/uploads\/2024\/04\/8784748953_96b272772e_o-jpg.webp\",\"width\":800,\"height\":400,\"caption\":\"Imagem: Davi Sopchaki\"},{\"@type\":\"BreadcrumbList\",\"@id\":\"https:\/\/nk7-testes.com.br\/agazeta\/lei-adote-uma-praca-permite-que-empresas-privadas-realizem-reformas-em-areas-publicas-de-rio-branco\/#breadcrumb\",\"itemListElement\":[{\"@type\":\"ListItem\",\"position\":1,\"name\":\"In\u00edcio\",\"item\":\"https:\/\/nk7-testes.com.br\/agazeta\/\"},{\"@type\":\"ListItem\",\"position\":2,\"name\":\"Lei &#8220;Adote uma Pra\u00e7a&#8221; permite que empresas privadas realizem reformas em \u00e1reas p\u00fablicas de Rio Branco\"}]},{\"@type\":\"WebSite\",\"@id\":\"https:\/\/nk7-testes.com.br\/agazeta\/#website\",\"url\":\"https:\/\/nk7-testes.com.br\/agazeta\/\",\"name\":\"Agazeta.net\",\"description\":\"Agazeta.net - Not\u00edcias de Rio Branco\/AC\",\"potentialAction\":[{\"@type\":\"SearchAction\",\"target\":{\"@type\":\"EntryPoint\",\"urlTemplate\":\"https:\/\/nk7-testes.com.br\/agazeta\/?s={search_term_string}\"},\"query-input\":{\"@type\":\"PropertyValueSpecification\",\"valueRequired\":true,\"valueName\":\"search_term_string\"}}],\"inLanguage\":\"pt-BR\"},{\"@type\":\"Person\",\"@id\":\"https:\/\/nk7-testes.com.br\/agazeta\/#\/schema\/person\/ff6b39d54d6973bfc57f4140f659b23f\",\"name\":\"Agazeta.Net\",\"url\":\"https:\/\/nk7-testes.com.br\/agazeta\/author\/agazeta\/\"}]}<\/script>\n<!-- \/ Yoast SEO plugin. -->","yoast_head_json":{"title":"Lei \"Adote uma Pra\u00e7a\" permite que empresas privadas realizem reformas em \u00e1reas p\u00fablicas de Rio Branco - Agazeta.net","robots":{"index":"index","follow":"follow","max-snippet":"max-snippet:-1","max-image-preview":"max-image-preview:large","max-video-preview":"max-video-preview:-1"},"canonical":"https:\/\/nk7-testes.com.br\/agazeta\/lei-adote-uma-praca-permite-que-empresas-privadas-realizem-reformas-em-areas-publicas-de-rio-branco\/","og_locale":"pt_BR","og_type":"article","og_title":"Lei \"Adote uma Pra\u00e7a\" permite que empresas privadas realizem reformas em \u00e1reas p\u00fablicas de Rio Branco","og_description":"Lei foi sancionada pelo prefeito Bocalom atrav\u00e9s do Di\u00e1rio Oficial do Estado desta sexta-feira (12)","og_url":"https:\/\/nk7-testes.com.br\/agazeta\/lei-adote-uma-praca-permite-que-empresas-privadas-realizem-reformas-em-areas-publicas-de-rio-branco\/","og_site_name":"Agazeta.net","article_published_time":"2024-04-12T17:37:57+00:00","og_image":[{"width":800,"height":400,"url":"https:\/\/nk7-testes.com.br\/agazeta\/wp-content\/uploads\/2024\/04\/8784748953_96b272772e_o-jpg.webp","type":"image\/jpeg"}],"author":"Agazeta.Net","twitter_card":"summary_large_image","twitter_misc":{"Escrito por":"Agazeta.Net","Est. tempo de leitura":"2 minutos"},"schema":{"@context":"https:\/\/schema.org","@graph":[{"@type":"WebPage","@id":"https:\/\/nk7-testes.com.br\/agazeta\/lei-adote-uma-praca-permite-que-empresas-privadas-realizem-reformas-em-areas-publicas-de-rio-branco\/","url":"https:\/\/nk7-testes.com.br\/agazeta\/lei-adote-uma-praca-permite-que-empresas-privadas-realizem-reformas-em-areas-publicas-de-rio-branco\/","name":"Lei \"Adote uma Pra\u00e7a\" permite que empresas privadas realizem reformas em \u00e1reas p\u00fablicas de Rio Branco - Agazeta.net","isPartOf":{"@id":"https:\/\/nk7-testes.com.br\/agazeta\/#website"},"primaryImageOfPage":{"@id":"https:\/\/nk7-testes.com.br\/agazeta\/lei-adote-uma-praca-permite-que-empresas-privadas-realizem-reformas-em-areas-publicas-de-rio-branco\/#primaryimage"},"image":{"@id":"https:\/\/nk7-testes.com.br\/agazeta\/lei-adote-uma-praca-permite-que-empresas-privadas-realizem-reformas-em-areas-publicas-de-rio-branco\/#primaryimage"},"thumbnailUrl":"https:\/\/nk7-testes.com.br\/agazeta\/wp-content\/uploads\/2024\/04\/8784748953_96b272772e_o-jpg.webp","datePublished":"2024-04-12T17:37:57+00:00","author":{"@id":"https:\/\/nk7-testes.com.br\/agazeta\/#\/schema\/person\/ff6b39d54d6973bfc57f4140f659b23f"},"breadcrumb":{"@id":"https:\/\/nk7-testes.com.br\/agazeta\/lei-adote-uma-praca-permite-que-empresas-privadas-realizem-reformas-em-areas-publicas-de-rio-branco\/#breadcrumb"},"inLanguage":"pt-BR","potentialAction":[{"@type":"ReadAction","target":["https:\/\/nk7-testes.com.br\/agazeta\/lei-adote-uma-praca-permite-que-empresas-privadas-realizem-reformas-em-areas-publicas-de-rio-branco\/"]}]},{"@type":"ImageObject","inLanguage":"pt-BR","@id":"https:\/\/nk7-testes.com.br\/agazeta\/lei-adote-uma-praca-permite-que-empresas-privadas-realizem-reformas-em-areas-publicas-de-rio-branco\/#primaryimage","url":"https:\/\/nk7-testes.com.br\/agazeta\/wp-content\/uploads\/2024\/04\/8784748953_96b272772e_o-jpg.webp","contentUrl":"https:\/\/nk7-testes.com.br\/agazeta\/wp-content\/uploads\/2024\/04\/8784748953_96b272772e_o-jpg.webp","width":800,"height":400,"caption":"Imagem: Davi Sopchaki"},{"@type":"BreadcrumbList","@id":"https:\/\/nk7-testes.com.br\/agazeta\/lei-adote-uma-praca-permite-que-empresas-privadas-realizem-reformas-em-areas-publicas-de-rio-branco\/#breadcrumb","itemListElement":[{"@type":"ListItem","position":1,"name":"In\u00edcio","item":"https:\/\/nk7-testes.com.br\/agazeta\/"},{"@type":"ListItem","position":2,"name":"Lei &#8220;Adote uma Pra\u00e7a&#8221; permite que empresas privadas realizem reformas em \u00e1reas p\u00fablicas de Rio Branco"}]},{"@type":"WebSite","@id":"https:\/\/nk7-testes.com.br\/agazeta\/#website","url":"https:\/\/nk7-testes.com.br\/agazeta\/","name":"Agazeta.net","description":"Agazeta.net - Not\u00edcias de Rio Branco\/AC","potentialAction":[{"@type":"SearchAction","target":{"@type":"EntryPoint","urlTemplate":"https:\/\/nk7-testes.com.br\/agazeta\/?s={search_term_string}"},"query-input":{"@type":"PropertyValueSpecification","valueRequired":true,"valueName":"search_term_string"}}],"inLanguage":"pt-BR"},{"@type":"Person","@id":"https:\/\/nk7-testes.com.br\/agazeta\/#\/schema\/person\/ff6b39d54d6973bfc57f4140f659b23f","name":"Agazeta.Net","url":"https:\/\/nk7-testes.com.br\/agazeta\/author\/agazeta\/"}]}},"_links":{"self":[{"href":"https:\/\/nk7-testes.com.br\/agazeta\/wp-json\/wp\/v2\/posts\/130599","targetHints":{"allow":["GET"]}}],"collection":[{"href":"https:\/\/nk7-testes.com.br\/agazeta\/wp-json\/wp\/v2\/posts"}],"about":[{"href":"https:\/\/nk7-testes.com.br\/agazeta\/wp-json\/wp\/v2\/types\/post"}],"author":[{"embeddable":true,"href":"https:\/\/nk7-testes.com.br\/agazeta\/wp-json\/wp\/v2\/users\/4"}],"replies":[{"embeddable":true,"href":"https:\/\/nk7-testes.com.br\/agazeta\/wp-json\/wp\/v2\/comments?post=130599"}],"version-history":[{"count":0,"href":"https:\/\/nk7-testes.com.br\/agazeta\/wp-json\/wp\/v2\/posts\/130599\/revisions"}],"wp:featuredmedia":[{"embeddable":true,"href":"https:\/\/nk7-testes.com.br\/agazeta\/wp-json\/wp\/v2\/media\/130600"}],"wp:attachment":[{"href":"https:\/\/nk7-testes.com.br\/agazeta\/wp-json\/wp\/v2\/media?parent=130599"}],"wp:term":[{"taxonomy":"category","embeddable":true,"href":"https:\/\/nk7-testes.com.br\/agazeta\/wp-json\/wp\/v2\/categories?post=130599"},{"taxonomy":"post_tag","embeddable":true,"href":"https:\/\/nk7-testes.com.br\/agazeta\/wp-json\/wp\/v2\/tags?post=130599"}],"curies":[{"name":"wp","href":"https:\/\/api.w.org\/{rel}","templated":true}]}}