{"id":130574,"date":"2024-04-12T08:36:35","date_gmt":"2024-04-12T13:36:35","guid":{"rendered":"https:\/\/nk7-testes.com.br\/?p=130574"},"modified":"2024-04-12T08:36:35","modified_gmt":"2024-04-12T13:36:35","slug":"motoristas-do-transporte-escolar-em-todo-estado-aderem-paralisacao-por-atraso-nos-salarios","status":"publish","type":"post","link":"https:\/\/nk7-testes.com.br\/agazeta\/motoristas-do-transporte-escolar-em-todo-estado-aderem-paralisacao-por-atraso-nos-salarios\/","title":{"rendered":"Motoristas do transporte escolar em todo estado aderem paralisa\u00e7\u00e3o por atraso nos sal\u00e1rios"},"content":{"rendered":"<p style=\"text-align: justify;\">O Sindicato dos Trabalhadores em Transportes de Passageiros e Cargas do Estado do Acre (SINTTPAC), nesta quinta-feira (11), enviou um of\u00edcio ao secret\u00e1rio de educa\u00e7\u00e3o do estado, Aberson Carvalho, para informar a paralisa\u00e7\u00e3o por tempo indeterminado dos motoristas do transporte escolar em todo o estado, a partir desta sexta-feira (12). A decis\u00e3o foi motivada pelo atraso no pagamento dos sal\u00e1rios referentes ao m\u00eas de mar\u00e7o pelas empresas terceirizadas contratadas para o servi\u00e7o.<\/p>\n<p style=\"text-align: justify;\">A situa\u00e7\u00e3o se agravou ap\u00f3s a divulga\u00e7\u00e3o de um \u00e1udio relacionado \u00e0 coordenadora do n\u00facleo da Secretaria de Educa\u00e7\u00e3o no munic\u00edpio de Manoel Urbano, em que \u00e9 feita uma amea\u00e7a aos trabalhadores que cogitam parar devido aos atrasos salariais. O \u00e1udio alerta os motoristas e cuidadores a n\u00e3o aderirem \u00e0 paralisa\u00e7\u00e3o, mencionando poss\u00edveis consequ\u00eancias caso interrompam as atividades.<\/p>\n<p style=\"text-align: justify;\">&#8220;Olha, eu estou na zona rural gravando esse \u00e1udio para mandar pros nossos motoristas e pros nossos cuidadores. Voc\u00eas n\u00e3o v\u00e3o nesse neg\u00f3cio de sindicato e pararem de trabalhar, n\u00e3o. Que isso a\u00ed, se voc\u00eas pararem de trabalhar, vai dar problema pra voc\u00eas. N\u00e3o \u00e9 para o sindicato, n\u00e3o. \u00c9 pra voc\u00eas. Ent\u00e3o, n\u00e3o parem as rotas, por favor&#8221;, diz a coordenadora.<\/p>\n<p style=\"text-align: justify;\">O sindicato relata que os trabalhadores enfrentam dificuldades financeiras devido aos atrasos nos pagamentos, que deveriam ter sido efetuados at\u00e9 o quinto dia \u00fatil de abril, conforme previsto pela legisla\u00e7\u00e3o trabalhista. No entanto, as empresas terceirizadas n\u00e3o cumpriram com as obriga\u00e7\u00f5es, o que levou os motoristas a tomarem a decis\u00e3o de paralisar as atividades.<\/p>\n<p style=\"text-align: justify;\">A situa\u00e7\u00e3o gerou protestos e mobiliza\u00e7\u00f5es dos trabalhadores, com manifesta\u00e7\u00f5es ocorrendo em diferentes pontos do Estado. Enquanto os motoristas da capital receberam os sal\u00e1rios ap\u00f3s press\u00e3o, os profissionais do interior ainda aguardam o pagamento.<\/p>\n<p style=\"text-align: justify;\">O sindicato alerta para a recorr\u00eancia do problema de atrasos salariais por parte das empresas terceirizadas, que muitas vezes n\u00e3o cumprem com as responsabilidades financeiras, o que prejudica os trabalhadores.<\/p>\n","protected":false},"excerpt":{"rendered":"<p>O Sindicato dos Trabalhadores em Transportes de Passageiros e Cargas do Estado do Acre (SINTTPAC), nesta quinta-feira (11), enviou um of\u00edcio ao secret\u00e1rio de educa\u00e7\u00e3o do estado, Aberson Carvalho, para informar a paralisa\u00e7\u00e3o por tempo indeterminado dos motoristas do transporte escolar em todo o estado, a partir desta sexta-feira (12). A decis\u00e3o foi motivada pelo [&hellip;]<\/p>\n","protected":false},"author":4,"featured_media":130577,"comment_status":"open","ping_status":"open","sticky":false,"template":"","format":"standard","meta":{"jnews-multi-image_gallery":[],"jnews_single_post":{"source_name":"","source_url":"","via_name":"","via_url":"","override_template":"0","override":[{"template":"custom","single_blog_custom":"110746","parallax":"1","fullscreen":"1","layout":"right-sidebar","sidebar":"default-sidebar","second_sidebar":"default-sidebar","sticky_sidebar":"1","share_position":"top","share_float_style":"share-monocrhome","show_share_counter":"1","show_view_counter":"1","show_featured":"1","show_post_meta":"1","show_post_author":"1","show_post_author_image":"1","show_post_date":"1","post_date_format":"default","post_date_format_custom":"Y\/m\/d","show_post_category":"1","show_post_reading_time":"0","post_reading_time_wpm":"300","show_zoom_button":"0","zoom_button_out_step":"2","zoom_button_in_step":"3","show_post_tag":"1","show_prev_next_post":"1","show_popup_post":"1","number_popup_post":"1","show_author_box":"0","show_post_related":"1","show_inline_post_related":"0"}],"override_image_size":"0","image_override":[{"single_post_thumbnail_size":"crop-500","single_post_gallery_size":"crop-500"}],"trending_post":"0","trending_post_position":"meta","trending_post_label":"Trending","sponsored_post":"0","sponsored_post_label":"Sponsored by","sponsored_post_name":"","sponsored_post_url":"","sponsored_post_logo_enable":"0","sponsored_post_logo":"","sponsored_post_desc":"","disable_ad":"0"},"jnews_primary_category":{"id":"","hide":""},"jnews_social_meta":{"fb_title":"","fb_description":"","fb_image":"","twitter_title":"","twitter_description":"","twitter_image":""},"jnews_review":[],"enable_review":"0","type":"percentage","name":"","summary":"","brand":"","sku":"","good":[{"good_text":""}],"bad":[{"bad_text":""}],"score_override":"0","override_value":"","rating":[{"rating_text":"","rating_number":"10"}],"price":[{"shop":"","price":"","link":"","icon":""}],"footnotes":""},"categories":[54],"tags":[152],"class_list":["post-130574","post","type-post","status-publish","format-standard","has-post-thumbnail","hentry","category-cotidiano","tag-destaque"],"yoast_head":"<!-- This site is optimized with the Yoast SEO plugin v26.5 - https:\/\/yoast.com\/wordpress\/plugins\/seo\/ -->\n<title>Motoristas do transporte escolar em todo estado aderem paralisa\u00e7\u00e3o por atraso nos sal\u00e1rios - Agazeta.net<\/title>\n<meta name=\"robots\" content=\"index, follow, max-snippet:-1, max-image-preview:large, max-video-preview:-1\" \/>\n<link rel=\"canonical\" href=\"https:\/\/nk7-testes.com.br\/agazeta\/motoristas-do-transporte-escolar-em-todo-estado-aderem-paralisacao-por-atraso-nos-salarios\/\" \/>\n<meta property=\"og:locale\" content=\"pt_BR\" \/>\n<meta property=\"og:type\" content=\"article\" \/>\n<meta property=\"og:title\" content=\"Motoristas do transporte escolar em todo estado aderem paralisa\u00e7\u00e3o por atraso nos sal\u00e1rios\" \/>\n<meta property=\"og:description\" content=\"Um of\u00edcio foi enviado ao secret\u00e1rio de educa\u00e7\u00e3o do estado, Aberson Carvalho, para informar a paralisa\u00e7\u00e3o\" \/>\n<meta property=\"og:url\" content=\"https:\/\/nk7-testes.com.br\/agazeta\/motoristas-do-transporte-escolar-em-todo-estado-aderem-paralisacao-por-atraso-nos-salarios\/\" \/>\n<meta property=\"og:site_name\" content=\"Agazeta.net\" \/>\n<meta property=\"article:published_time\" content=\"2024-04-12T13:36:35+00:00\" \/>\n<meta property=\"og:image\" content=\"https:\/\/nk7-testes.com.br\/agazeta\/wp-content\/uploads\/2024\/04\/WhatsApp-Image-2024-04-12-at-08.32.30-1-jpeg.webp\" \/>\n\t<meta property=\"og:image:width\" content=\"1200\" \/>\n\t<meta property=\"og:image:height\" content=\"675\" \/>\n\t<meta property=\"og:image:type\" content=\"image\/jpeg\" \/>\n<meta name=\"author\" content=\"Agazeta.Net\" \/>\n<meta name=\"twitter:card\" content=\"summary_large_image\" \/>\n<meta name=\"twitter:title\" content=\"Motoristas do transporte escolar em todo estado aderem paralisa\u00e7\u00e3o por atraso nos sal\u00e1rios\" \/>\n<meta name=\"twitter:description\" content=\"Um of\u00edcio foi enviado ao secret\u00e1rio de educa\u00e7\u00e3o do estado, Aberson Carvalho, para informar a paralisa\u00e7\u00e3o\" \/>\n<meta name=\"twitter:image\" content=\"https:\/\/nk7-testes.com.br\/agazeta\/wp-content\/uploads\/2024\/04\/WhatsApp-Image-2024-04-12-at-08.32.30-1-jpeg.webp\" \/>\n<meta name=\"twitter:label1\" content=\"Escrito por\" \/>\n\t<meta name=\"twitter:data1\" content=\"Agazeta.Net\" \/>\n\t<meta name=\"twitter:label2\" content=\"Est. tempo de leitura\" \/>\n\t<meta name=\"twitter:data2\" content=\"2 minutos\" \/>\n<script type=\"application\/ld+json\" class=\"yoast-schema-graph\">{\"@context\":\"https:\/\/schema.org\",\"@graph\":[{\"@type\":\"WebPage\",\"@id\":\"https:\/\/nk7-testes.com.br\/agazeta\/motoristas-do-transporte-escolar-em-todo-estado-aderem-paralisacao-por-atraso-nos-salarios\/\",\"url\":\"https:\/\/nk7-testes.com.br\/agazeta\/motoristas-do-transporte-escolar-em-todo-estado-aderem-paralisacao-por-atraso-nos-salarios\/\",\"name\":\"Motoristas do transporte escolar em todo estado aderem paralisa\u00e7\u00e3o por atraso nos sal\u00e1rios - Agazeta.net\",\"isPartOf\":{\"@id\":\"https:\/\/nk7-testes.com.br\/agazeta\/#website\"},\"primaryImageOfPage\":{\"@id\":\"https:\/\/nk7-testes.com.br\/agazeta\/motoristas-do-transporte-escolar-em-todo-estado-aderem-paralisacao-por-atraso-nos-salarios\/#primaryimage\"},\"image\":{\"@id\":\"https:\/\/nk7-testes.com.br\/agazeta\/motoristas-do-transporte-escolar-em-todo-estado-aderem-paralisacao-por-atraso-nos-salarios\/#primaryimage\"},\"thumbnailUrl\":\"https:\/\/nk7-testes.com.br\/agazeta\/wp-content\/uploads\/2024\/04\/WhatsApp-Image-2024-04-12-at-08.32.30-1-jpeg.webp\",\"datePublished\":\"2024-04-12T13:36:35+00:00\",\"author\":{\"@id\":\"https:\/\/nk7-testes.com.br\/agazeta\/#\/schema\/person\/ff6b39d54d6973bfc57f4140f659b23f\"},\"breadcrumb\":{\"@id\":\"https:\/\/nk7-testes.com.br\/agazeta\/motoristas-do-transporte-escolar-em-todo-estado-aderem-paralisacao-por-atraso-nos-salarios\/#breadcrumb\"},\"inLanguage\":\"pt-BR\",\"potentialAction\":[{\"@type\":\"ReadAction\",\"target\":[\"https:\/\/nk7-testes.com.br\/agazeta\/motoristas-do-transporte-escolar-em-todo-estado-aderem-paralisacao-por-atraso-nos-salarios\/\"]}]},{\"@type\":\"ImageObject\",\"inLanguage\":\"pt-BR\",\"@id\":\"https:\/\/nk7-testes.com.br\/agazeta\/motoristas-do-transporte-escolar-em-todo-estado-aderem-paralisacao-por-atraso-nos-salarios\/#primaryimage\",\"url\":\"https:\/\/nk7-testes.com.br\/agazeta\/wp-content\/uploads\/2024\/04\/WhatsApp-Image-2024-04-12-at-08.32.30-1-jpeg.webp\",\"contentUrl\":\"https:\/\/nk7-testes.com.br\/agazeta\/wp-content\/uploads\/2024\/04\/WhatsApp-Image-2024-04-12-at-08.32.30-1-jpeg.webp\",\"width\":1200,\"height\":675,\"caption\":\"Marcos Vicentti\/Secom\"},{\"@type\":\"BreadcrumbList\",\"@id\":\"https:\/\/nk7-testes.com.br\/agazeta\/motoristas-do-transporte-escolar-em-todo-estado-aderem-paralisacao-por-atraso-nos-salarios\/#breadcrumb\",\"itemListElement\":[{\"@type\":\"ListItem\",\"position\":1,\"name\":\"In\u00edcio\",\"item\":\"https:\/\/nk7-testes.com.br\/agazeta\/\"},{\"@type\":\"ListItem\",\"position\":2,\"name\":\"Motoristas do transporte escolar em todo estado aderem paralisa\u00e7\u00e3o por atraso nos sal\u00e1rios\"}]},{\"@type\":\"WebSite\",\"@id\":\"https:\/\/nk7-testes.com.br\/agazeta\/#website\",\"url\":\"https:\/\/nk7-testes.com.br\/agazeta\/\",\"name\":\"Agazeta.net\",\"description\":\"Agazeta.net - Not\u00edcias de Rio Branco\/AC\",\"potentialAction\":[{\"@type\":\"SearchAction\",\"target\":{\"@type\":\"EntryPoint\",\"urlTemplate\":\"https:\/\/nk7-testes.com.br\/agazeta\/?s={search_term_string}\"},\"query-input\":{\"@type\":\"PropertyValueSpecification\",\"valueRequired\":true,\"valueName\":\"search_term_string\"}}],\"inLanguage\":\"pt-BR\"},{\"@type\":\"Person\",\"@id\":\"https:\/\/nk7-testes.com.br\/agazeta\/#\/schema\/person\/ff6b39d54d6973bfc57f4140f659b23f\",\"name\":\"Agazeta.Net\",\"url\":\"https:\/\/nk7-testes.com.br\/agazeta\/author\/agazeta\/\"}]}<\/script>\n<!-- \/ Yoast SEO plugin. -->","yoast_head_json":{"title":"Motoristas do transporte escolar em todo estado aderem paralisa\u00e7\u00e3o por atraso nos sal\u00e1rios - Agazeta.net","robots":{"index":"index","follow":"follow","max-snippet":"max-snippet:-1","max-image-preview":"max-image-preview:large","max-video-preview":"max-video-preview:-1"},"canonical":"https:\/\/nk7-testes.com.br\/agazeta\/motoristas-do-transporte-escolar-em-todo-estado-aderem-paralisacao-por-atraso-nos-salarios\/","og_locale":"pt_BR","og_type":"article","og_title":"Motoristas do transporte escolar em todo estado aderem paralisa\u00e7\u00e3o por atraso nos sal\u00e1rios","og_description":"Um of\u00edcio foi enviado ao secret\u00e1rio de educa\u00e7\u00e3o do estado, Aberson Carvalho, para informar a paralisa\u00e7\u00e3o","og_url":"https:\/\/nk7-testes.com.br\/agazeta\/motoristas-do-transporte-escolar-em-todo-estado-aderem-paralisacao-por-atraso-nos-salarios\/","og_site_name":"Agazeta.net","article_published_time":"2024-04-12T13:36:35+00:00","og_image":[{"width":1200,"height":675,"url":"https:\/\/nk7-testes.com.br\/agazeta\/wp-content\/uploads\/2024\/04\/WhatsApp-Image-2024-04-12-at-08.32.30-1-jpeg.webp","type":"image\/jpeg"}],"author":"Agazeta.Net","twitter_card":"summary_large_image","twitter_title":"Motoristas do transporte escolar em todo estado aderem paralisa\u00e7\u00e3o por atraso nos sal\u00e1rios","twitter_description":"Um of\u00edcio foi enviado ao secret\u00e1rio de educa\u00e7\u00e3o do estado, Aberson Carvalho, para informar a paralisa\u00e7\u00e3o","twitter_image":"https:\/\/nk7-testes.com.br\/agazeta\/wp-content\/uploads\/2024\/04\/WhatsApp-Image-2024-04-12-at-08.32.30-1-jpeg.webp","twitter_misc":{"Escrito por":"Agazeta.Net","Est. tempo de leitura":"2 minutos"},"schema":{"@context":"https:\/\/schema.org","@graph":[{"@type":"WebPage","@id":"https:\/\/nk7-testes.com.br\/agazeta\/motoristas-do-transporte-escolar-em-todo-estado-aderem-paralisacao-por-atraso-nos-salarios\/","url":"https:\/\/nk7-testes.com.br\/agazeta\/motoristas-do-transporte-escolar-em-todo-estado-aderem-paralisacao-por-atraso-nos-salarios\/","name":"Motoristas do transporte escolar em todo estado aderem paralisa\u00e7\u00e3o por atraso nos sal\u00e1rios - Agazeta.net","isPartOf":{"@id":"https:\/\/nk7-testes.com.br\/agazeta\/#website"},"primaryImageOfPage":{"@id":"https:\/\/nk7-testes.com.br\/agazeta\/motoristas-do-transporte-escolar-em-todo-estado-aderem-paralisacao-por-atraso-nos-salarios\/#primaryimage"},"image":{"@id":"https:\/\/nk7-testes.com.br\/agazeta\/motoristas-do-transporte-escolar-em-todo-estado-aderem-paralisacao-por-atraso-nos-salarios\/#primaryimage"},"thumbnailUrl":"https:\/\/nk7-testes.com.br\/agazeta\/wp-content\/uploads\/2024\/04\/WhatsApp-Image-2024-04-12-at-08.32.30-1-jpeg.webp","datePublished":"2024-04-12T13:36:35+00:00","author":{"@id":"https:\/\/nk7-testes.com.br\/agazeta\/#\/schema\/person\/ff6b39d54d6973bfc57f4140f659b23f"},"breadcrumb":{"@id":"https:\/\/nk7-testes.com.br\/agazeta\/motoristas-do-transporte-escolar-em-todo-estado-aderem-paralisacao-por-atraso-nos-salarios\/#breadcrumb"},"inLanguage":"pt-BR","potentialAction":[{"@type":"ReadAction","target":["https:\/\/nk7-testes.com.br\/agazeta\/motoristas-do-transporte-escolar-em-todo-estado-aderem-paralisacao-por-atraso-nos-salarios\/"]}]},{"@type":"ImageObject","inLanguage":"pt-BR","@id":"https:\/\/nk7-testes.com.br\/agazeta\/motoristas-do-transporte-escolar-em-todo-estado-aderem-paralisacao-por-atraso-nos-salarios\/#primaryimage","url":"https:\/\/nk7-testes.com.br\/agazeta\/wp-content\/uploads\/2024\/04\/WhatsApp-Image-2024-04-12-at-08.32.30-1-jpeg.webp","contentUrl":"https:\/\/nk7-testes.com.br\/agazeta\/wp-content\/uploads\/2024\/04\/WhatsApp-Image-2024-04-12-at-08.32.30-1-jpeg.webp","width":1200,"height":675,"caption":"Marcos Vicentti\/Secom"},{"@type":"BreadcrumbList","@id":"https:\/\/nk7-testes.com.br\/agazeta\/motoristas-do-transporte-escolar-em-todo-estado-aderem-paralisacao-por-atraso-nos-salarios\/#breadcrumb","itemListElement":[{"@type":"ListItem","position":1,"name":"In\u00edcio","item":"https:\/\/nk7-testes.com.br\/agazeta\/"},{"@type":"ListItem","position":2,"name":"Motoristas do transporte escolar em todo estado aderem paralisa\u00e7\u00e3o por atraso nos sal\u00e1rios"}]},{"@type":"WebSite","@id":"https:\/\/nk7-testes.com.br\/agazeta\/#website","url":"https:\/\/nk7-testes.com.br\/agazeta\/","name":"Agazeta.net","description":"Agazeta.net - Not\u00edcias de Rio Branco\/AC","potentialAction":[{"@type":"SearchAction","target":{"@type":"EntryPoint","urlTemplate":"https:\/\/nk7-testes.com.br\/agazeta\/?s={search_term_string}"},"query-input":{"@type":"PropertyValueSpecification","valueRequired":true,"valueName":"search_term_string"}}],"inLanguage":"pt-BR"},{"@type":"Person","@id":"https:\/\/nk7-testes.com.br\/agazeta\/#\/schema\/person\/ff6b39d54d6973bfc57f4140f659b23f","name":"Agazeta.Net","url":"https:\/\/nk7-testes.com.br\/agazeta\/author\/agazeta\/"}]}},"_links":{"self":[{"href":"https:\/\/nk7-testes.com.br\/agazeta\/wp-json\/wp\/v2\/posts\/130574","targetHints":{"allow":["GET"]}}],"collection":[{"href":"https:\/\/nk7-testes.com.br\/agazeta\/wp-json\/wp\/v2\/posts"}],"about":[{"href":"https:\/\/nk7-testes.com.br\/agazeta\/wp-json\/wp\/v2\/types\/post"}],"author":[{"embeddable":true,"href":"https:\/\/nk7-testes.com.br\/agazeta\/wp-json\/wp\/v2\/users\/4"}],"replies":[{"embeddable":true,"href":"https:\/\/nk7-testes.com.br\/agazeta\/wp-json\/wp\/v2\/comments?post=130574"}],"version-history":[{"count":0,"href":"https:\/\/nk7-testes.com.br\/agazeta\/wp-json\/wp\/v2\/posts\/130574\/revisions"}],"wp:featuredmedia":[{"embeddable":true,"href":"https:\/\/nk7-testes.com.br\/agazeta\/wp-json\/wp\/v2\/media\/130577"}],"wp:attachment":[{"href":"https:\/\/nk7-testes.com.br\/agazeta\/wp-json\/wp\/v2\/media?parent=130574"}],"wp:term":[{"taxonomy":"category","embeddable":true,"href":"https:\/\/nk7-testes.com.br\/agazeta\/wp-json\/wp\/v2\/categories?post=130574"},{"taxonomy":"post_tag","embeddable":true,"href":"https:\/\/nk7-testes.com.br\/agazeta\/wp-json\/wp\/v2\/tags?post=130574"}],"curies":[{"name":"wp","href":"https:\/\/api.w.org\/{rel}","templated":true}]}}