{"id":130560,"date":"2024-04-11T16:54:16","date_gmt":"2024-04-11T21:54:16","guid":{"rendered":"https:\/\/nk7-testes.com.br\/?p=130560"},"modified":"2024-04-11T16:54:16","modified_gmt":"2024-04-11T21:54:16","slug":"jorge-viana-afirma-estar-animado-para-o-desenvolvimento-do-acre-de-corpo-e-alma-nessa-luta","status":"publish","type":"post","link":"https:\/\/nk7-testes.com.br\/agazeta\/jorge-viana-afirma-estar-animado-para-o-desenvolvimento-do-acre-de-corpo-e-alma-nessa-luta\/","title":{"rendered":"Jorge Viana afirma estar animado para o desenvolvimento do Acre: &#8220;De corpo e alma nessa luta&#8221;"},"content":{"rendered":"<p style=\"text-align: justify;\">Em participa\u00e7\u00e3o no programa Gazeta Entrevista, da TV Gazeta, nesta quinta-feira (11), o presidente da Ag\u00eancia Brasileira de Promo\u00e7\u00e3o de Exporta\u00e7\u00f5es e Investimentos (Apex Brasil) e ex-governador do Acre, Jorge Viana (PT), afirma estar pessimista para ver o desenvolvimento do Estado, e que est\u00e1 &#8220;de corpo e alma nessa luta&#8221;.<\/p>\n<p style=\"text-align: justify;\">De acordo com ele, os pessimismo vivido nos \u00faltimo seis anos no pa\u00eds sejam deixados para tr\u00e1s, e volte o otimismo de que, trabalhando, o Acre possa melhorar. Al\u00e9m disso, ele conta estar em uma miss\u00e3o dada pelo presidente Lula (PT).<\/p>\n<p style=\"text-align: justify;\">&#8220;Estou muito animado. Espero que o pessimismo que a gente viveu durante os \u00faltimos seis anos seja deixado para tr\u00e1s e volte o otimismo, a f\u00e9, a esperan\u00e7a, de que a gente trabalhando o Acre melhora, o Brasil melhora e a vida das fam\u00edlias melhora. Estou de corpo e alma nessa luta, nessa miss\u00e3o que o presidente Lula me deu&#8221;, informa o ex-governador.<\/p>\n<p style=\"text-align: justify;\">Al\u00e9m de Viana, o ministro do Desenvolvimento Agr\u00e1rio e Agricultura Familiar, Paulo Teixeira, tamb\u00e9m esteve presente no Gazeta Entrevista, para um bate-papo com o apresentador Ast\u00e9rio Moreira, onde puderam falar sobre o retorno do Instituto Nacional de Coloniza\u00e7\u00e3o e Reforma Agr\u00e1ria (Incra) ao Acre.<\/p>\n<h4>Editais BNDES<\/h4>\n<p style=\"text-align: justify;\">Teixeira contou, ainda, que o Banco Nacional de Desenvolvimento Econ\u00f4mico e Social (BNDES) vai anunciar dois editais no Acre: um para a recupera\u00e7\u00e3o de \u00e1rea degradadas, atrav\u00e9s dos sistemas agroflorestais, no valor de R$ 450 milh\u00f5es; o segundo vai ser no valor de R$ 40 milh\u00f5es, para as cooperativas.<\/p>\n<p>https:\/\/nk7-testes.com.br\/ministro-anuncia-r-30-milhoes-em-creditos-do-incra-e-edital-de-r-450-milhoes-do-bndes-ao-acre\/<\/p>\n","protected":false},"excerpt":{"rendered":"<p>Em participa\u00e7\u00e3o no programa Gazeta Entrevista, da TV Gazeta, nesta quinta-feira (11), o presidente da Ag\u00eancia Brasileira de Promo\u00e7\u00e3o de Exporta\u00e7\u00f5es e Investimentos (Apex Brasil) e ex-governador do Acre, Jorge Viana (PT), afirma estar pessimista para ver o desenvolvimento do Estado, e que est\u00e1 &#8220;de corpo e alma nessa luta&#8221;. De acordo com ele, os [&hellip;]<\/p>\n","protected":false},"author":4,"featured_media":130565,"comment_status":"open","ping_status":"open","sticky":false,"template":"","format":"standard","meta":{"jnews-multi-image_gallery":[],"jnews_single_post":{"source_name":"","source_url":"","via_name":"","via_url":"","override_template":"0","override":[{"template":"custom","single_blog_custom":"110746","parallax":"1","fullscreen":"1","layout":"right-sidebar","sidebar":"default-sidebar","second_sidebar":"default-sidebar","sticky_sidebar":"1","share_position":"top","share_float_style":"share-monocrhome","show_share_counter":"1","show_view_counter":"1","show_featured":"1","show_post_meta":"1","show_post_author":"1","show_post_author_image":"1","show_post_date":"1","post_date_format":"default","post_date_format_custom":"Y\/m\/d","show_post_category":"1","show_post_reading_time":"0","post_reading_time_wpm":"300","show_zoom_button":"0","zoom_button_out_step":"2","zoom_button_in_step":"3","show_post_tag":"1","show_prev_next_post":"1","show_popup_post":"1","number_popup_post":"1","show_author_box":"0","show_post_related":"1","show_inline_post_related":"0"}],"override_image_size":"0","image_override":[{"single_post_thumbnail_size":"crop-500","single_post_gallery_size":"crop-500"}],"trending_post":"0","trending_post_position":"meta","trending_post_label":"Trending","sponsored_post":"0","sponsored_post_label":"Sponsored by","sponsored_post_name":"","sponsored_post_url":"","sponsored_post_logo_enable":"0","sponsored_post_logo":"","sponsored_post_desc":"","disable_ad":"0"},"jnews_primary_category":{"id":"","hide":""},"jnews_social_meta":{"fb_title":"","fb_description":"","fb_image":"","twitter_title":"","twitter_description":"","twitter_image":""},"jnews_review":[],"enable_review":"0","type":"percentage","name":"","summary":"","brand":"","sku":"","good":[{"good_text":""}],"bad":[{"bad_text":""}],"score_override":"0","override_value":"","rating":[{"rating_text":"","rating_number":"10"}],"price":[{"shop":"","price":"","link":"","icon":""}],"footnotes":""},"categories":[54],"tags":[],"class_list":["post-130560","post","type-post","status-publish","format-standard","has-post-thumbnail","hentry","category-cotidiano"],"yoast_head":"<!-- This site is optimized with the Yoast SEO plugin v26.5 - https:\/\/yoast.com\/wordpress\/plugins\/seo\/ -->\n<title>Jorge Viana afirma estar animado para o desenvolvimento do Acre: &quot;De corpo e alma nessa luta&quot; - Agazeta.net<\/title>\n<meta name=\"robots\" content=\"index, follow, max-snippet:-1, max-image-preview:large, max-video-preview:-1\" \/>\n<link rel=\"canonical\" href=\"https:\/\/nk7-testes.com.br\/agazeta\/jorge-viana-afirma-estar-animado-para-o-desenvolvimento-do-acre-de-corpo-e-alma-nessa-luta\/\" \/>\n<meta property=\"og:locale\" content=\"pt_BR\" \/>\n<meta property=\"og:type\" content=\"article\" \/>\n<meta property=\"og:title\" content=\"Jorge Viana afirma estar animado para o desenvolvimento do Acre: &quot;De corpo e alma nessa luta&quot;\" \/>\n<meta property=\"og:description\" content=\"&quot;Espero que o pessimismo que a gente viveu durante os \u00faltimos seis anos seja deixado para tr\u00e1s&quot;, disse o presidente da Apex\" \/>\n<meta property=\"og:url\" content=\"https:\/\/nk7-testes.com.br\/agazeta\/jorge-viana-afirma-estar-animado-para-o-desenvolvimento-do-acre-de-corpo-e-alma-nessa-luta\/\" \/>\n<meta property=\"og:site_name\" content=\"Agazeta.net\" \/>\n<meta property=\"article:published_time\" content=\"2024-04-11T21:54:16+00:00\" \/>\n<meta property=\"og:image\" content=\"https:\/\/nk7-testes.com.br\/agazeta\/wp-content\/uploads\/2024\/04\/viana-mwc-softex-jpeg.webp\" \/>\n\t<meta property=\"og:image:width\" content=\"800\" \/>\n\t<meta property=\"og:image:height\" content=\"400\" \/>\n\t<meta property=\"og:image:type\" content=\"image\/jpeg\" \/>\n<meta name=\"author\" content=\"Agazeta.Net\" \/>\n<meta name=\"twitter:card\" content=\"summary_large_image\" \/>\n<meta name=\"twitter:label1\" content=\"Escrito por\" \/>\n\t<meta name=\"twitter:data1\" content=\"Agazeta.Net\" \/>\n\t<meta name=\"twitter:label2\" content=\"Est. tempo de leitura\" \/>\n\t<meta name=\"twitter:data2\" content=\"1 minuto\" \/>\n<script type=\"application\/ld+json\" class=\"yoast-schema-graph\">{\"@context\":\"https:\/\/schema.org\",\"@graph\":[{\"@type\":\"WebPage\",\"@id\":\"https:\/\/nk7-testes.com.br\/agazeta\/jorge-viana-afirma-estar-animado-para-o-desenvolvimento-do-acre-de-corpo-e-alma-nessa-luta\/\",\"url\":\"https:\/\/nk7-testes.com.br\/agazeta\/jorge-viana-afirma-estar-animado-para-o-desenvolvimento-do-acre-de-corpo-e-alma-nessa-luta\/\",\"name\":\"Jorge Viana afirma estar animado para o desenvolvimento do Acre: \\\"De corpo e alma nessa luta\\\" - Agazeta.net\",\"isPartOf\":{\"@id\":\"https:\/\/nk7-testes.com.br\/agazeta\/#website\"},\"primaryImageOfPage\":{\"@id\":\"https:\/\/nk7-testes.com.br\/agazeta\/jorge-viana-afirma-estar-animado-para-o-desenvolvimento-do-acre-de-corpo-e-alma-nessa-luta\/#primaryimage\"},\"image\":{\"@id\":\"https:\/\/nk7-testes.com.br\/agazeta\/jorge-viana-afirma-estar-animado-para-o-desenvolvimento-do-acre-de-corpo-e-alma-nessa-luta\/#primaryimage\"},\"thumbnailUrl\":\"https:\/\/nk7-testes.com.br\/agazeta\/wp-content\/uploads\/2024\/04\/viana-mwc-softex-jpeg.webp\",\"datePublished\":\"2024-04-11T21:54:16+00:00\",\"author\":{\"@id\":\"https:\/\/nk7-testes.com.br\/agazeta\/#\/schema\/person\/ff6b39d54d6973bfc57f4140f659b23f\"},\"breadcrumb\":{\"@id\":\"https:\/\/nk7-testes.com.br\/agazeta\/jorge-viana-afirma-estar-animado-para-o-desenvolvimento-do-acre-de-corpo-e-alma-nessa-luta\/#breadcrumb\"},\"inLanguage\":\"pt-BR\",\"potentialAction\":[{\"@type\":\"ReadAction\",\"target\":[\"https:\/\/nk7-testes.com.br\/agazeta\/jorge-viana-afirma-estar-animado-para-o-desenvolvimento-do-acre-de-corpo-e-alma-nessa-luta\/\"]}]},{\"@type\":\"ImageObject\",\"inLanguage\":\"pt-BR\",\"@id\":\"https:\/\/nk7-testes.com.br\/agazeta\/jorge-viana-afirma-estar-animado-para-o-desenvolvimento-do-acre-de-corpo-e-alma-nessa-luta\/#primaryimage\",\"url\":\"https:\/\/nk7-testes.com.br\/agazeta\/wp-content\/uploads\/2024\/04\/viana-mwc-softex-jpeg.webp\",\"contentUrl\":\"https:\/\/nk7-testes.com.br\/agazeta\/wp-content\/uploads\/2024\/04\/viana-mwc-softex-jpeg.webp\",\"width\":800,\"height\":400},{\"@type\":\"BreadcrumbList\",\"@id\":\"https:\/\/nk7-testes.com.br\/agazeta\/jorge-viana-afirma-estar-animado-para-o-desenvolvimento-do-acre-de-corpo-e-alma-nessa-luta\/#breadcrumb\",\"itemListElement\":[{\"@type\":\"ListItem\",\"position\":1,\"name\":\"In\u00edcio\",\"item\":\"https:\/\/nk7-testes.com.br\/agazeta\/\"},{\"@type\":\"ListItem\",\"position\":2,\"name\":\"Jorge Viana afirma estar animado para o desenvolvimento do Acre: &#8220;De corpo e alma nessa luta&#8221;\"}]},{\"@type\":\"WebSite\",\"@id\":\"https:\/\/nk7-testes.com.br\/agazeta\/#website\",\"url\":\"https:\/\/nk7-testes.com.br\/agazeta\/\",\"name\":\"Agazeta.net\",\"description\":\"Agazeta.net - Not\u00edcias de Rio Branco\/AC\",\"potentialAction\":[{\"@type\":\"SearchAction\",\"target\":{\"@type\":\"EntryPoint\",\"urlTemplate\":\"https:\/\/nk7-testes.com.br\/agazeta\/?s={search_term_string}\"},\"query-input\":{\"@type\":\"PropertyValueSpecification\",\"valueRequired\":true,\"valueName\":\"search_term_string\"}}],\"inLanguage\":\"pt-BR\"},{\"@type\":\"Person\",\"@id\":\"https:\/\/nk7-testes.com.br\/agazeta\/#\/schema\/person\/ff6b39d54d6973bfc57f4140f659b23f\",\"name\":\"Agazeta.Net\",\"url\":\"https:\/\/nk7-testes.com.br\/agazeta\/author\/agazeta\/\"}]}<\/script>\n<!-- \/ Yoast SEO plugin. -->","yoast_head_json":{"title":"Jorge Viana afirma estar animado para o desenvolvimento do Acre: \"De corpo e alma nessa luta\" - Agazeta.net","robots":{"index":"index","follow":"follow","max-snippet":"max-snippet:-1","max-image-preview":"max-image-preview:large","max-video-preview":"max-video-preview:-1"},"canonical":"https:\/\/nk7-testes.com.br\/agazeta\/jorge-viana-afirma-estar-animado-para-o-desenvolvimento-do-acre-de-corpo-e-alma-nessa-luta\/","og_locale":"pt_BR","og_type":"article","og_title":"Jorge Viana afirma estar animado para o desenvolvimento do Acre: \"De corpo e alma nessa luta\"","og_description":"\"Espero que o pessimismo que a gente viveu durante os \u00faltimos seis anos seja deixado para tr\u00e1s\", disse o presidente da Apex","og_url":"https:\/\/nk7-testes.com.br\/agazeta\/jorge-viana-afirma-estar-animado-para-o-desenvolvimento-do-acre-de-corpo-e-alma-nessa-luta\/","og_site_name":"Agazeta.net","article_published_time":"2024-04-11T21:54:16+00:00","og_image":[{"width":800,"height":400,"url":"https:\/\/nk7-testes.com.br\/agazeta\/wp-content\/uploads\/2024\/04\/viana-mwc-softex-jpeg.webp","type":"image\/jpeg"}],"author":"Agazeta.Net","twitter_card":"summary_large_image","twitter_misc":{"Escrito por":"Agazeta.Net","Est. tempo de leitura":"1 minuto"},"schema":{"@context":"https:\/\/schema.org","@graph":[{"@type":"WebPage","@id":"https:\/\/nk7-testes.com.br\/agazeta\/jorge-viana-afirma-estar-animado-para-o-desenvolvimento-do-acre-de-corpo-e-alma-nessa-luta\/","url":"https:\/\/nk7-testes.com.br\/agazeta\/jorge-viana-afirma-estar-animado-para-o-desenvolvimento-do-acre-de-corpo-e-alma-nessa-luta\/","name":"Jorge Viana afirma estar animado para o desenvolvimento do Acre: \"De corpo e alma nessa luta\" - Agazeta.net","isPartOf":{"@id":"https:\/\/nk7-testes.com.br\/agazeta\/#website"},"primaryImageOfPage":{"@id":"https:\/\/nk7-testes.com.br\/agazeta\/jorge-viana-afirma-estar-animado-para-o-desenvolvimento-do-acre-de-corpo-e-alma-nessa-luta\/#primaryimage"},"image":{"@id":"https:\/\/nk7-testes.com.br\/agazeta\/jorge-viana-afirma-estar-animado-para-o-desenvolvimento-do-acre-de-corpo-e-alma-nessa-luta\/#primaryimage"},"thumbnailUrl":"https:\/\/nk7-testes.com.br\/agazeta\/wp-content\/uploads\/2024\/04\/viana-mwc-softex-jpeg.webp","datePublished":"2024-04-11T21:54:16+00:00","author":{"@id":"https:\/\/nk7-testes.com.br\/agazeta\/#\/schema\/person\/ff6b39d54d6973bfc57f4140f659b23f"},"breadcrumb":{"@id":"https:\/\/nk7-testes.com.br\/agazeta\/jorge-viana-afirma-estar-animado-para-o-desenvolvimento-do-acre-de-corpo-e-alma-nessa-luta\/#breadcrumb"},"inLanguage":"pt-BR","potentialAction":[{"@type":"ReadAction","target":["https:\/\/nk7-testes.com.br\/agazeta\/jorge-viana-afirma-estar-animado-para-o-desenvolvimento-do-acre-de-corpo-e-alma-nessa-luta\/"]}]},{"@type":"ImageObject","inLanguage":"pt-BR","@id":"https:\/\/nk7-testes.com.br\/agazeta\/jorge-viana-afirma-estar-animado-para-o-desenvolvimento-do-acre-de-corpo-e-alma-nessa-luta\/#primaryimage","url":"https:\/\/nk7-testes.com.br\/agazeta\/wp-content\/uploads\/2024\/04\/viana-mwc-softex-jpeg.webp","contentUrl":"https:\/\/nk7-testes.com.br\/agazeta\/wp-content\/uploads\/2024\/04\/viana-mwc-softex-jpeg.webp","width":800,"height":400},{"@type":"BreadcrumbList","@id":"https:\/\/nk7-testes.com.br\/agazeta\/jorge-viana-afirma-estar-animado-para-o-desenvolvimento-do-acre-de-corpo-e-alma-nessa-luta\/#breadcrumb","itemListElement":[{"@type":"ListItem","position":1,"name":"In\u00edcio","item":"https:\/\/nk7-testes.com.br\/agazeta\/"},{"@type":"ListItem","position":2,"name":"Jorge Viana afirma estar animado para o desenvolvimento do Acre: &#8220;De corpo e alma nessa luta&#8221;"}]},{"@type":"WebSite","@id":"https:\/\/nk7-testes.com.br\/agazeta\/#website","url":"https:\/\/nk7-testes.com.br\/agazeta\/","name":"Agazeta.net","description":"Agazeta.net - Not\u00edcias de Rio Branco\/AC","potentialAction":[{"@type":"SearchAction","target":{"@type":"EntryPoint","urlTemplate":"https:\/\/nk7-testes.com.br\/agazeta\/?s={search_term_string}"},"query-input":{"@type":"PropertyValueSpecification","valueRequired":true,"valueName":"search_term_string"}}],"inLanguage":"pt-BR"},{"@type":"Person","@id":"https:\/\/nk7-testes.com.br\/agazeta\/#\/schema\/person\/ff6b39d54d6973bfc57f4140f659b23f","name":"Agazeta.Net","url":"https:\/\/nk7-testes.com.br\/agazeta\/author\/agazeta\/"}]}},"_links":{"self":[{"href":"https:\/\/nk7-testes.com.br\/agazeta\/wp-json\/wp\/v2\/posts\/130560","targetHints":{"allow":["GET"]}}],"collection":[{"href":"https:\/\/nk7-testes.com.br\/agazeta\/wp-json\/wp\/v2\/posts"}],"about":[{"href":"https:\/\/nk7-testes.com.br\/agazeta\/wp-json\/wp\/v2\/types\/post"}],"author":[{"embeddable":true,"href":"https:\/\/nk7-testes.com.br\/agazeta\/wp-json\/wp\/v2\/users\/4"}],"replies":[{"embeddable":true,"href":"https:\/\/nk7-testes.com.br\/agazeta\/wp-json\/wp\/v2\/comments?post=130560"}],"version-history":[{"count":0,"href":"https:\/\/nk7-testes.com.br\/agazeta\/wp-json\/wp\/v2\/posts\/130560\/revisions"}],"wp:featuredmedia":[{"embeddable":true,"href":"https:\/\/nk7-testes.com.br\/agazeta\/wp-json\/wp\/v2\/media\/130565"}],"wp:attachment":[{"href":"https:\/\/nk7-testes.com.br\/agazeta\/wp-json\/wp\/v2\/media?parent=130560"}],"wp:term":[{"taxonomy":"category","embeddable":true,"href":"https:\/\/nk7-testes.com.br\/agazeta\/wp-json\/wp\/v2\/categories?post=130560"},{"taxonomy":"post_tag","embeddable":true,"href":"https:\/\/nk7-testes.com.br\/agazeta\/wp-json\/wp\/v2\/tags?post=130560"}],"curies":[{"name":"wp","href":"https:\/\/api.w.org\/{rel}","templated":true}]}}