{"id":130552,"date":"2024-04-11T14:26:39","date_gmt":"2024-04-11T19:26:39","guid":{"rendered":"https:\/\/nk7-testes.com.br\/?p=130552"},"modified":"2024-04-11T14:26:39","modified_gmt":"2024-04-11T19:26:39","slug":"deputado-federal-do-acre-apresenta-pl-que-assegura-bonus-regional-em-todas-instituicoes-de-ensino","status":"publish","type":"post","link":"https:\/\/nk7-testes.com.br\/agazeta\/deputado-federal-do-acre-apresenta-pl-que-assegura-bonus-regional-em-todas-instituicoes-de-ensino\/","title":{"rendered":"Deputado federal do Acre apresenta PL que assegura b\u00f4nus regional em todas institui\u00e7\u00f5es de ensino"},"content":{"rendered":"<p style=\"text-align: justify;\">O deputado federal do estado do Acre, Roberto Duarte (Republicanos), prop\u00f4s um projeto de lei com o objetivo de assegurar o b\u00f4nus de inclus\u00e3o regional nos processos de sele\u00e7\u00e3o para ingress\u00e3o de candidatos em cursos de gradua\u00e7\u00e3o oferecidos por universidades e institutos federais de ensino superior do pa\u00eds.<\/p>\n<p style=\"text-align: justify;\">O PL \u00e9 motivo pela atual situa\u00e7\u00e3o da Universidade Federal do Acre (Ufac), ap\u00f3s a Justi\u00e7a Federal derrubar o b\u00f4nus regional de 15%, que beneficia estudantes que conclu\u00edram o ensino m\u00e9dio em escolas p\u00fablicas ou privadas do Estado, e ingressam atrav\u00e9s do Sistema \u00danico de Sa\u00fade (SiSU) com a nota do Exame Nacional do Ensino M\u00e9dio (Enem).<\/p>\n<p style=\"text-align: justify;\">De acordo com o deputado, o projeto serve como embasador, em forma de lei, para a exist\u00eancia dos b\u00f4nus regionais pelo pa\u00eds, que j\u00e1 existem em v\u00e1rias regi\u00f5es, por\u00e9m, que s\u00e3o contestadas pela Justi\u00e7a atrav\u00e9s da proibi\u00e7\u00e3o da pr\u00e1tica.<\/p>\n<p style=\"text-align: justify;\">&#8220;O Projeto busca embasar em lei a exist\u00eancia dos b\u00f4nus regionais, que existem em diversas Institui\u00e7\u00f5es Federais, que est\u00e3o sendo confrontadas judicialmente pela aplica\u00e7\u00e3o da medida, com concess\u00e3o de liminares proibindo a pr\u00e1tica. No Acre, \u00e0 guisa de exemplo, a Justi\u00e7a Federal derrubou a bonifica\u00e7\u00e3o regional de 15%, afetando candidatos aprovados no \u00faltimo Enem, obrigando a Ufac a reelaborar a lista de classificados, excluindo o percentual concedido&#8221;, explica Duarte.<\/p>\n<p>Al\u00e9m disso, conta que o principal objetivo do projeto de lei \u00e9 atender aos princ\u00edpios constitucionais de garantir o desenvolvimento nacional, assim como erradicar a pobreza e a marginaliza\u00e7\u00e3o, e reduzir as desigualdades sociais em determinadas regi\u00f5es do Brasil.<\/p>\n<p style=\"text-align: justify;\">&#8220;O PL visa atender aos princ\u00edpios constitucionais de garantir o desenvolvimento nacional, bem como o da erradica\u00e7\u00e3o da pobreza e da marginaliza\u00e7\u00e3o e da redu\u00e7\u00e3o das desigualdades sociais e regionais. Nas regi\u00f5es Norte e Nordeste do pa\u00eds, o n\u00famero de estudantes aprovados no vestibular e que conclu\u00edram o ensino m\u00e9dio na mesma unidade federativa das universidades chega ser inferior a 5% das vagas dispon\u00edveis, principalmente nos cursos de medicina e direito.&#8221;<\/p>\n<p style=\"text-align: justify;\">Duarte lembra tamb\u00e9m que o PL tamb\u00e9m vai ajudar na redu\u00e7\u00e3o contra a evas\u00e3o. Segundo ele, muitos estudantes de outros estados abandonam os cursos nos primeiros per\u00edodos da gradua\u00e7\u00e3o.<\/p>\n<p style=\"text-align: justify;\">&#8220;Lembro que o PL contribuir\u00e1 muito para a redu\u00e7\u00e3o da evas\u00e3o, pois muitas vezes candidatos de outros estados e regi\u00f5es aprovados nos processos seletivos abandonam, por diversos motivos, os cursos nos primeiros per\u00edodos da gradua\u00e7\u00e3o, impossibilitando que essas vagas possam ser supridas por outros alunos.&#8221;, salienta.<\/p>\n<p style=\"text-align: justify;\">O deputado conta que o PL vai ser discutido nas comiss\u00f5es tem\u00e1ticas e na Comiss\u00e3o de Constitui\u00e7\u00e3o e Justi\u00e7a, onde ainda pode sofrer modifica\u00e7\u00f5es e aprimoramentos.<\/p>\n<h4>Movimento 19 de Abril<\/h4>\n<p style=\"text-align: justify;\">Estudantes da Ufac organizam uma mobiliza\u00e7\u00e3o, no dia 19 de abril em Rio Branco, contra a decis\u00e3o da Justi\u00e7a Federal de retirar a bonifica\u00e7\u00e3o regional de 15%. Al\u00e9m dos alunos da Federal, \u00e9 esperado que secundaristas tamb\u00e9m participem do ato, pois podem ser prejudicados no futuro.<\/p>\n<blockquote>\n<p style=\"text-align: justify;\">&#8220;Juntos, podemos mostrar a for\u00e7a da nossa uni\u00e3o e lutar por um futuro justo e igualit\u00e1rio para todos. A voz da juventude \u00e9 poderosa, e juntos podemos fazer a diferen\u00e7a. Vamos nos unir, manifestar e garantir que nossos direitos sejam respeitados!&#8221;, afirma a organiza\u00e7\u00e3o.<\/p>\n<\/blockquote>\n<p style=\"text-align: justify;\">Mais informa\u00e7\u00f5es, como hor\u00e1rio e local, devem ser divulgadas em breve pelo Instagram oficial da mobiliza\u00e7\u00e3o <strong>@movimento19deabril<\/strong>.<\/p>\n<p><img decoding=\"async\" class=\"aligncenter wp-image-130554 \" src=\"https:\/\/nk7-testes.com.br\/wp-content\/uploads\/2024\/04\/WhatsApp-Image-2024-04-11-at-16.13.36-jpeg.webp\" alt=\"\" width=\"611\" height=\"599\" srcset=\"https:\/\/nk7-testes.com.br\/agazeta\/wp-content\/uploads\/2024\/04\/WhatsApp-Image-2024-04-11-at-16.13.36-jpeg.webp 1170w, https:\/\/nk7-testes.com.br\/agazeta\/wp-content\/uploads\/2024\/04\/WhatsApp-Image-2024-04-11-at-16.13.36-300x294.webp 300w, https:\/\/nk7-testes.com.br\/agazeta\/wp-content\/uploads\/2024\/04\/WhatsApp-Image-2024-04-11-at-16.13.36-1024x1003.webp 1024w, https:\/\/nk7-testes.com.br\/agazeta\/wp-content\/uploads\/2024\/04\/WhatsApp-Image-2024-04-11-at-16.13.36-768x752.webp 768w, https:\/\/nk7-testes.com.br\/agazeta\/wp-content\/uploads\/2024\/04\/WhatsApp-Image-2024-04-11-at-16.13.36-75x75.webp 75w, https:\/\/nk7-testes.com.br\/agazeta\/wp-content\/uploads\/2024\/04\/WhatsApp-Image-2024-04-11-at-16.13.36-750x735.webp 750w, https:\/\/nk7-testes.com.br\/agazeta\/wp-content\/uploads\/2024\/04\/WhatsApp-Image-2024-04-11-at-16.13.36-1140x1117.webp 1140w\" sizes=\"(max-width: 611px) 100vw, 611px\" \/><\/p>\n","protected":false},"excerpt":{"rendered":"<p>O deputado federal do estado do Acre, Roberto Duarte (Republicanos), prop\u00f4s um projeto de lei com o objetivo de assegurar o b\u00f4nus de inclus\u00e3o regional nos processos de sele\u00e7\u00e3o para ingress\u00e3o de candidatos em cursos de gradua\u00e7\u00e3o oferecidos por universidades e institutos federais de ensino superior do pa\u00eds. O PL \u00e9 motivo pela atual situa\u00e7\u00e3o [&hellip;]<\/p>\n","protected":false},"author":4,"featured_media":130555,"comment_status":"open","ping_status":"open","sticky":false,"template":"","format":"standard","meta":{"jnews-multi-image_gallery":[],"jnews_single_post":{"source_name":"","source_url":"","via_name":"","via_url":"","override_template":"0","override":[{"template":"custom","single_blog_custom":"110746","parallax":"1","fullscreen":"1","layout":"right-sidebar","sidebar":"default-sidebar","second_sidebar":"default-sidebar","sticky_sidebar":"1","share_position":"top","share_float_style":"share-monocrhome","show_share_counter":"1","show_view_counter":"1","show_featured":"1","show_post_meta":"1","show_post_author":"1","show_post_author_image":"1","show_post_date":"1","post_date_format":"default","post_date_format_custom":"Y\/m\/d","show_post_category":"1","show_post_reading_time":"0","post_reading_time_wpm":"300","show_zoom_button":"0","zoom_button_out_step":"2","zoom_button_in_step":"3","show_post_tag":"1","show_prev_next_post":"1","show_popup_post":"1","number_popup_post":"1","show_author_box":"0","show_post_related":"1","show_inline_post_related":"0"}],"override_image_size":"0","image_override":[{"single_post_thumbnail_size":"crop-500","single_post_gallery_size":"crop-500"}],"trending_post":"0","trending_post_position":"meta","trending_post_label":"Trending","sponsored_post":"0","sponsored_post_label":"Sponsored by","sponsored_post_name":"","sponsored_post_url":"","sponsored_post_logo_enable":"0","sponsored_post_logo":"","sponsored_post_desc":"","disable_ad":"0"},"jnews_primary_category":{"id":"","hide":""},"jnews_social_meta":{"fb_title":"","fb_description":"","fb_image":"","twitter_title":"","twitter_description":"","twitter_image":""},"jnews_review":[],"enable_review":"0","type":"percentage","name":"","summary":"","brand":"","sku":"","good":[{"good_text":""}],"bad":[{"bad_text":""}],"score_override":"0","override_value":"","rating":[{"rating_text":"","rating_number":"10"}],"price":[{"shop":"","price":"","link":"","icon":""}],"footnotes":""},"categories":[54],"tags":[152],"class_list":["post-130552","post","type-post","status-publish","format-standard","has-post-thumbnail","hentry","category-cotidiano","tag-destaque"],"yoast_head":"<!-- This site is optimized with the Yoast SEO plugin v26.5 - https:\/\/yoast.com\/wordpress\/plugins\/seo\/ -->\n<title>Deputado federal do Acre apresenta PL que assegura b\u00f4nus regional em todas institui\u00e7\u00f5es de ensino - Agazeta.net<\/title>\n<meta name=\"robots\" content=\"index, follow, max-snippet:-1, max-image-preview:large, max-video-preview:-1\" \/>\n<link rel=\"canonical\" href=\"https:\/\/nk7-testes.com.br\/agazeta\/deputado-federal-do-acre-apresenta-pl-que-assegura-bonus-regional-em-todas-instituicoes-de-ensino\/\" \/>\n<meta property=\"og:locale\" content=\"pt_BR\" \/>\n<meta property=\"og:type\" content=\"article\" \/>\n<meta property=\"og:title\" content=\"Deputado federal do Acre apresenta PL que assegura b\u00f4nus regional em todas institui\u00e7\u00f5es de ensino\" \/>\n<meta property=\"og:description\" content=\"Universit\u00e1rios v\u00e3o realizar uma manifesta\u00e7\u00e3o contra a retirada da bonifica\u00e7\u00e3o da Ufac pela Justi\u00e7a no dia 19 de abril\" \/>\n<meta property=\"og:url\" content=\"https:\/\/nk7-testes.com.br\/agazeta\/deputado-federal-do-acre-apresenta-pl-que-assegura-bonus-regional-em-todas-instituicoes-de-ensino\/\" \/>\n<meta property=\"og:site_name\" content=\"Agazeta.net\" \/>\n<meta property=\"article:published_time\" content=\"2024-04-11T19:26:39+00:00\" \/>\n<meta property=\"og:image\" content=\"https:\/\/nk7-testes.com.br\/agazeta\/wp-content\/uploads\/2024\/04\/ufac-1-jpg.webp\" \/>\n\t<meta property=\"og:image:width\" content=\"800\" \/>\n\t<meta property=\"og:image:height\" content=\"400\" \/>\n\t<meta property=\"og:image:type\" content=\"image\/jpeg\" \/>\n<meta name=\"author\" content=\"Agazeta.Net\" \/>\n<meta name=\"twitter:card\" content=\"summary_large_image\" \/>\n<meta name=\"twitter:label1\" content=\"Escrito por\" \/>\n\t<meta name=\"twitter:data1\" content=\"Agazeta.Net\" \/>\n\t<meta name=\"twitter:label2\" content=\"Est. tempo de leitura\" \/>\n\t<meta name=\"twitter:data2\" content=\"3 minutos\" \/>\n<script type=\"application\/ld+json\" class=\"yoast-schema-graph\">{\"@context\":\"https:\/\/schema.org\",\"@graph\":[{\"@type\":\"WebPage\",\"@id\":\"https:\/\/nk7-testes.com.br\/agazeta\/deputado-federal-do-acre-apresenta-pl-que-assegura-bonus-regional-em-todas-instituicoes-de-ensino\/\",\"url\":\"https:\/\/nk7-testes.com.br\/agazeta\/deputado-federal-do-acre-apresenta-pl-que-assegura-bonus-regional-em-todas-instituicoes-de-ensino\/\",\"name\":\"Deputado federal do Acre apresenta PL que assegura b\u00f4nus regional em todas institui\u00e7\u00f5es de ensino - Agazeta.net\",\"isPartOf\":{\"@id\":\"https:\/\/nk7-testes.com.br\/agazeta\/#website\"},\"primaryImageOfPage\":{\"@id\":\"https:\/\/nk7-testes.com.br\/agazeta\/deputado-federal-do-acre-apresenta-pl-que-assegura-bonus-regional-em-todas-instituicoes-de-ensino\/#primaryimage\"},\"image\":{\"@id\":\"https:\/\/nk7-testes.com.br\/agazeta\/deputado-federal-do-acre-apresenta-pl-que-assegura-bonus-regional-em-todas-instituicoes-de-ensino\/#primaryimage\"},\"thumbnailUrl\":\"https:\/\/nk7-testes.com.br\/agazeta\/wp-content\/uploads\/2024\/04\/ufac-1-jpg.webp\",\"datePublished\":\"2024-04-11T19:26:39+00:00\",\"author\":{\"@id\":\"https:\/\/nk7-testes.com.br\/agazeta\/#\/schema\/person\/ff6b39d54d6973bfc57f4140f659b23f\"},\"breadcrumb\":{\"@id\":\"https:\/\/nk7-testes.com.br\/agazeta\/deputado-federal-do-acre-apresenta-pl-que-assegura-bonus-regional-em-todas-instituicoes-de-ensino\/#breadcrumb\"},\"inLanguage\":\"pt-BR\",\"potentialAction\":[{\"@type\":\"ReadAction\",\"target\":[\"https:\/\/nk7-testes.com.br\/agazeta\/deputado-federal-do-acre-apresenta-pl-que-assegura-bonus-regional-em-todas-instituicoes-de-ensino\/\"]}]},{\"@type\":\"ImageObject\",\"inLanguage\":\"pt-BR\",\"@id\":\"https:\/\/nk7-testes.com.br\/agazeta\/deputado-federal-do-acre-apresenta-pl-que-assegura-bonus-regional-em-todas-instituicoes-de-ensino\/#primaryimage\",\"url\":\"https:\/\/nk7-testes.com.br\/agazeta\/wp-content\/uploads\/2024\/04\/ufac-1-jpg.webp\",\"contentUrl\":\"https:\/\/nk7-testes.com.br\/agazeta\/wp-content\/uploads\/2024\/04\/ufac-1-jpg.webp\",\"width\":800,\"height\":400,\"caption\":\"Imagem: Ascom\/Ufac\"},{\"@type\":\"BreadcrumbList\",\"@id\":\"https:\/\/nk7-testes.com.br\/agazeta\/deputado-federal-do-acre-apresenta-pl-que-assegura-bonus-regional-em-todas-instituicoes-de-ensino\/#breadcrumb\",\"itemListElement\":[{\"@type\":\"ListItem\",\"position\":1,\"name\":\"In\u00edcio\",\"item\":\"https:\/\/nk7-testes.com.br\/agazeta\/\"},{\"@type\":\"ListItem\",\"position\":2,\"name\":\"Deputado federal do Acre apresenta PL que assegura b\u00f4nus regional em todas institui\u00e7\u00f5es de ensino\"}]},{\"@type\":\"WebSite\",\"@id\":\"https:\/\/nk7-testes.com.br\/agazeta\/#website\",\"url\":\"https:\/\/nk7-testes.com.br\/agazeta\/\",\"name\":\"Agazeta.net\",\"description\":\"Agazeta.net - Not\u00edcias de Rio Branco\/AC\",\"potentialAction\":[{\"@type\":\"SearchAction\",\"target\":{\"@type\":\"EntryPoint\",\"urlTemplate\":\"https:\/\/nk7-testes.com.br\/agazeta\/?s={search_term_string}\"},\"query-input\":{\"@type\":\"PropertyValueSpecification\",\"valueRequired\":true,\"valueName\":\"search_term_string\"}}],\"inLanguage\":\"pt-BR\"},{\"@type\":\"Person\",\"@id\":\"https:\/\/nk7-testes.com.br\/agazeta\/#\/schema\/person\/ff6b39d54d6973bfc57f4140f659b23f\",\"name\":\"Agazeta.Net\",\"url\":\"https:\/\/nk7-testes.com.br\/agazeta\/author\/agazeta\/\"}]}<\/script>\n<!-- \/ Yoast SEO plugin. -->","yoast_head_json":{"title":"Deputado federal do Acre apresenta PL que assegura b\u00f4nus regional em todas institui\u00e7\u00f5es de ensino - Agazeta.net","robots":{"index":"index","follow":"follow","max-snippet":"max-snippet:-1","max-image-preview":"max-image-preview:large","max-video-preview":"max-video-preview:-1"},"canonical":"https:\/\/nk7-testes.com.br\/agazeta\/deputado-federal-do-acre-apresenta-pl-que-assegura-bonus-regional-em-todas-instituicoes-de-ensino\/","og_locale":"pt_BR","og_type":"article","og_title":"Deputado federal do Acre apresenta PL que assegura b\u00f4nus regional em todas institui\u00e7\u00f5es de ensino","og_description":"Universit\u00e1rios v\u00e3o realizar uma manifesta\u00e7\u00e3o contra a retirada da bonifica\u00e7\u00e3o da Ufac pela Justi\u00e7a no dia 19 de abril","og_url":"https:\/\/nk7-testes.com.br\/agazeta\/deputado-federal-do-acre-apresenta-pl-que-assegura-bonus-regional-em-todas-instituicoes-de-ensino\/","og_site_name":"Agazeta.net","article_published_time":"2024-04-11T19:26:39+00:00","og_image":[{"width":800,"height":400,"url":"https:\/\/nk7-testes.com.br\/agazeta\/wp-content\/uploads\/2024\/04\/ufac-1-jpg.webp","type":"image\/jpeg"}],"author":"Agazeta.Net","twitter_card":"summary_large_image","twitter_misc":{"Escrito por":"Agazeta.Net","Est. tempo de leitura":"3 minutos"},"schema":{"@context":"https:\/\/schema.org","@graph":[{"@type":"WebPage","@id":"https:\/\/nk7-testes.com.br\/agazeta\/deputado-federal-do-acre-apresenta-pl-que-assegura-bonus-regional-em-todas-instituicoes-de-ensino\/","url":"https:\/\/nk7-testes.com.br\/agazeta\/deputado-federal-do-acre-apresenta-pl-que-assegura-bonus-regional-em-todas-instituicoes-de-ensino\/","name":"Deputado federal do Acre apresenta PL que assegura b\u00f4nus regional em todas institui\u00e7\u00f5es de ensino - Agazeta.net","isPartOf":{"@id":"https:\/\/nk7-testes.com.br\/agazeta\/#website"},"primaryImageOfPage":{"@id":"https:\/\/nk7-testes.com.br\/agazeta\/deputado-federal-do-acre-apresenta-pl-que-assegura-bonus-regional-em-todas-instituicoes-de-ensino\/#primaryimage"},"image":{"@id":"https:\/\/nk7-testes.com.br\/agazeta\/deputado-federal-do-acre-apresenta-pl-que-assegura-bonus-regional-em-todas-instituicoes-de-ensino\/#primaryimage"},"thumbnailUrl":"https:\/\/nk7-testes.com.br\/agazeta\/wp-content\/uploads\/2024\/04\/ufac-1-jpg.webp","datePublished":"2024-04-11T19:26:39+00:00","author":{"@id":"https:\/\/nk7-testes.com.br\/agazeta\/#\/schema\/person\/ff6b39d54d6973bfc57f4140f659b23f"},"breadcrumb":{"@id":"https:\/\/nk7-testes.com.br\/agazeta\/deputado-federal-do-acre-apresenta-pl-que-assegura-bonus-regional-em-todas-instituicoes-de-ensino\/#breadcrumb"},"inLanguage":"pt-BR","potentialAction":[{"@type":"ReadAction","target":["https:\/\/nk7-testes.com.br\/agazeta\/deputado-federal-do-acre-apresenta-pl-que-assegura-bonus-regional-em-todas-instituicoes-de-ensino\/"]}]},{"@type":"ImageObject","inLanguage":"pt-BR","@id":"https:\/\/nk7-testes.com.br\/agazeta\/deputado-federal-do-acre-apresenta-pl-que-assegura-bonus-regional-em-todas-instituicoes-de-ensino\/#primaryimage","url":"https:\/\/nk7-testes.com.br\/agazeta\/wp-content\/uploads\/2024\/04\/ufac-1-jpg.webp","contentUrl":"https:\/\/nk7-testes.com.br\/agazeta\/wp-content\/uploads\/2024\/04\/ufac-1-jpg.webp","width":800,"height":400,"caption":"Imagem: Ascom\/Ufac"},{"@type":"BreadcrumbList","@id":"https:\/\/nk7-testes.com.br\/agazeta\/deputado-federal-do-acre-apresenta-pl-que-assegura-bonus-regional-em-todas-instituicoes-de-ensino\/#breadcrumb","itemListElement":[{"@type":"ListItem","position":1,"name":"In\u00edcio","item":"https:\/\/nk7-testes.com.br\/agazeta\/"},{"@type":"ListItem","position":2,"name":"Deputado federal do Acre apresenta PL que assegura b\u00f4nus regional em todas institui\u00e7\u00f5es de ensino"}]},{"@type":"WebSite","@id":"https:\/\/nk7-testes.com.br\/agazeta\/#website","url":"https:\/\/nk7-testes.com.br\/agazeta\/","name":"Agazeta.net","description":"Agazeta.net - Not\u00edcias de Rio Branco\/AC","potentialAction":[{"@type":"SearchAction","target":{"@type":"EntryPoint","urlTemplate":"https:\/\/nk7-testes.com.br\/agazeta\/?s={search_term_string}"},"query-input":{"@type":"PropertyValueSpecification","valueRequired":true,"valueName":"search_term_string"}}],"inLanguage":"pt-BR"},{"@type":"Person","@id":"https:\/\/nk7-testes.com.br\/agazeta\/#\/schema\/person\/ff6b39d54d6973bfc57f4140f659b23f","name":"Agazeta.Net","url":"https:\/\/nk7-testes.com.br\/agazeta\/author\/agazeta\/"}]}},"_links":{"self":[{"href":"https:\/\/nk7-testes.com.br\/agazeta\/wp-json\/wp\/v2\/posts\/130552","targetHints":{"allow":["GET"]}}],"collection":[{"href":"https:\/\/nk7-testes.com.br\/agazeta\/wp-json\/wp\/v2\/posts"}],"about":[{"href":"https:\/\/nk7-testes.com.br\/agazeta\/wp-json\/wp\/v2\/types\/post"}],"author":[{"embeddable":true,"href":"https:\/\/nk7-testes.com.br\/agazeta\/wp-json\/wp\/v2\/users\/4"}],"replies":[{"embeddable":true,"href":"https:\/\/nk7-testes.com.br\/agazeta\/wp-json\/wp\/v2\/comments?post=130552"}],"version-history":[{"count":0,"href":"https:\/\/nk7-testes.com.br\/agazeta\/wp-json\/wp\/v2\/posts\/130552\/revisions"}],"wp:featuredmedia":[{"embeddable":true,"href":"https:\/\/nk7-testes.com.br\/agazeta\/wp-json\/wp\/v2\/media\/130555"}],"wp:attachment":[{"href":"https:\/\/nk7-testes.com.br\/agazeta\/wp-json\/wp\/v2\/media?parent=130552"}],"wp:term":[{"taxonomy":"category","embeddable":true,"href":"https:\/\/nk7-testes.com.br\/agazeta\/wp-json\/wp\/v2\/categories?post=130552"},{"taxonomy":"post_tag","embeddable":true,"href":"https:\/\/nk7-testes.com.br\/agazeta\/wp-json\/wp\/v2\/tags?post=130552"}],"curies":[{"name":"wp","href":"https:\/\/api.w.org\/{rel}","templated":true}]}}