{"id":130493,"date":"2024-04-10T16:41:27","date_gmt":"2024-04-10T21:41:27","guid":{"rendered":"https:\/\/nk7-testes.com.br\/?p=130493"},"modified":"2024-04-10T17:28:54","modified_gmt":"2024-04-10T22:28:54","slug":"empresario-acreano-ceo-do-arasuper-e-premiado-como-profissional-do-ano-em-sao-paulo","status":"publish","type":"post","link":"https:\/\/nk7-testes.com.br\/agazeta\/empresario-acreano-ceo-do-arasuper-e-premiado-como-profissional-do-ano-em-sao-paulo\/","title":{"rendered":"Empres\u00e1rio acreano, CEO do Arasuper \u00e9 premiado como Profissional do Ano em S\u00e3o Paulo"},"content":{"rendered":"<p style=\"text-align: justify;\">Nesta ter\u00e7a-feira, 9, o empres\u00e1rio acreano e CEO do Grupo Arasuper, Adem Ara\u00fajo da Silva, foi consagrado o grande campe\u00e3o do Pr\u00eamio Profissionais do Ano ABRAS, na categoria de CEO (Diretor Geral ou Presidente), em evento em S\u00e3o Paulo. Ele \u00e9 o primeiro e \u00fanico acreano a ser indicado ao pr\u00eamio.<\/p>\n<p style=\"text-align: justify;\">De acordo com o CEO, o pr\u00eamio tem uma import\u00e2ncia muito significativa na vida dele. Ele afirma que esse tipo de reconhecimento mostra que o Acre est\u00e1 presente no cen\u00e1rio nacional, mesmo distante das grandes regi\u00f5es do pa\u00eds.<\/p>\n<p style=\"text-align: justify;\">&#8220;Acho que a gente est\u00e1 em uma regi\u00e3o bem distante das regi\u00f5es mais desenvolvidas do nosso pa\u00eds, mas esse reconhecimento demonstra que a gente est\u00e1 dentro do cen\u00e1rio nacional. Estar competindo com grandes redes. Ent\u00e3o, significa que estamos aprendendo a trabalhar o varejo e isso tem feito com que n\u00f3s possamos nos destacar no cen\u00e1rio nacional tamb\u00e9m&#8221;, afirma Silva.<\/p>\n<p style=\"text-align: justify;\">O acreano conta que toda a gest\u00e3o foi respons\u00e1vel por fazer essa vit\u00f3ria acontecer, devido \u00e0 grande mobiliza\u00e7\u00e3o em busca de torn\u00e1-lo o grande campe\u00e3o da competi\u00e7\u00e3o nacional, atrav\u00e9s dos votos.<\/p>\n<p style=\"text-align: justify;\">&#8220;Foi a equipe. \u00c9 uma vota\u00e7\u00e3o nacional, mas a gente conseguiu, a equipe se mobilizou e buscou votos nas redes sociais, nos amigos, nos vizinhos, ent\u00e3o isso ajudou bastante. Ent\u00e3o a\u00ed envolveu todo mundo, al\u00e9m de clientes, funcion\u00e1rios, colaboradores. E tamb\u00e9m fornecedores, todos os parceiros do Brasil inteiro&#8221;, ressalta.<\/p>\n<p>Sobre desafios em ser um diretor-geral, o empres\u00e1rio destaca que o mercado financeiro no Brasil est\u00e1 cada vez mais competitivo. Por conta disso, existem muitos desafios para enfrentar a concorr\u00eancia que cresce ainda mais a cada tempo que passa.<\/p>\n<p style=\"text-align: justify;\">&#8220;O mercado est\u00e1 ficando cada vez mais competitivo. Cada vez mais se instalam lojas em todas as cidades, velhas e pequenas, principalmente. Ent\u00e3o a gente est\u00e1 cada vez mais buscando prepara\u00e7\u00e3o de conhecimento, tecnologia, forma\u00e7\u00e3o de equipe, para poder enfrentar essa concorr\u00eancia que vai se acirrar cada vez mais. Esses s\u00e3o os nossos desafios&#8221;, explica.<\/p>\n","protected":false},"excerpt":{"rendered":"<p>Nesta ter\u00e7a-feira, 9, o empres\u00e1rio acreano e CEO do Grupo Arasuper, Adem Ara\u00fajo da Silva, foi consagrado o grande campe\u00e3o do Pr\u00eamio Profissionais do Ano ABRAS, na categoria de CEO (Diretor Geral ou Presidente), em evento em S\u00e3o Paulo. Ele \u00e9 o primeiro e \u00fanico acreano a ser indicado ao pr\u00eamio. De acordo com o [&hellip;]<\/p>\n","protected":false},"author":4,"featured_media":130494,"comment_status":"open","ping_status":"open","sticky":false,"template":"","format":"standard","meta":{"jnews-multi-image_gallery":[],"jnews_single_post":{"source_name":"","source_url":"","via_name":"","via_url":"","override_template":"0","override":[{"template":"custom","single_blog_custom":"110746","parallax":"1","fullscreen":"1","layout":"right-sidebar","sidebar":"default-sidebar","second_sidebar":"default-sidebar","sticky_sidebar":"1","share_position":"top","share_float_style":"share-monocrhome","show_share_counter":"1","show_view_counter":"1","show_featured":"1","show_post_meta":"1","show_post_author":"1","show_post_author_image":"1","show_post_date":"1","post_date_format":"default","post_date_format_custom":"Y\/m\/d","show_post_category":"1","show_post_reading_time":"0","post_reading_time_wpm":"300","show_zoom_button":"0","zoom_button_out_step":"2","zoom_button_in_step":"3","show_post_tag":"1","show_prev_next_post":"1","show_popup_post":"1","number_popup_post":"1","show_author_box":"0","show_post_related":"1","show_inline_post_related":"0"}],"override_image_size":"0","image_override":[{"single_post_thumbnail_size":"crop-500","single_post_gallery_size":"crop-500"}],"trending_post":"0","trending_post_position":"meta","trending_post_label":"Trending","sponsored_post":"0","sponsored_post_label":"Sponsored by","sponsored_post_name":"","sponsored_post_url":"","sponsored_post_logo_enable":"0","sponsored_post_logo":"","sponsored_post_desc":"","disable_ad":"0"},"jnews_primary_category":{"id":"","hide":""},"jnews_social_meta":{"fb_title":"","fb_description":"","fb_image":"","twitter_title":"","twitter_description":"","twitter_image":""},"jnews_review":[],"enable_review":"0","type":"percentage","name":"","summary":"","brand":"","sku":"","good":[{"good_text":""}],"bad":[{"bad_text":""}],"score_override":"0","override_value":"","rating":[{"rating_text":"","rating_number":"10"}],"price":[{"shop":"","price":"","link":"","icon":""}],"footnotes":""},"categories":[54],"tags":[],"class_list":["post-130493","post","type-post","status-publish","format-standard","has-post-thumbnail","hentry","category-cotidiano"],"yoast_head":"<!-- This site is optimized with the Yoast SEO plugin v26.5 - https:\/\/yoast.com\/wordpress\/plugins\/seo\/ -->\n<title>Empres\u00e1rio acreano, CEO do Arasuper \u00e9 premiado como Profissional do Ano em S\u00e3o Paulo - Agazeta.net<\/title>\n<meta name=\"robots\" content=\"index, follow, max-snippet:-1, max-image-preview:large, max-video-preview:-1\" \/>\n<link rel=\"canonical\" href=\"https:\/\/nk7-testes.com.br\/agazeta\/empresario-acreano-ceo-do-arasuper-e-premiado-como-profissional-do-ano-em-sao-paulo\/\" \/>\n<meta property=\"og:locale\" content=\"pt_BR\" \/>\n<meta property=\"og:type\" content=\"article\" \/>\n<meta property=\"og:title\" content=\"Empres\u00e1rio acreano, CEO do Arasuper \u00e9 premiado como Profissional do Ano em S\u00e3o Paulo\" \/>\n<meta property=\"og:description\" content=\"Adam Ara\u00fajo afirma que esse reconhecimento mostra que o Acre est\u00e1 presente no cen\u00e1rio nacional\" \/>\n<meta property=\"og:url\" content=\"https:\/\/nk7-testes.com.br\/agazeta\/empresario-acreano-ceo-do-arasuper-e-premiado-como-profissional-do-ano-em-sao-paulo\/\" \/>\n<meta property=\"og:site_name\" content=\"Agazeta.net\" \/>\n<meta property=\"article:published_time\" content=\"2024-04-10T21:41:27+00:00\" \/>\n<meta property=\"article:modified_time\" content=\"2024-04-10T22:28:54+00:00\" \/>\n<meta property=\"og:image\" content=\"https:\/\/nk7-testes.com.br\/agazeta\/wp-content\/uploads\/2024\/04\/WhatsApp-Image-2024-04-10-at-18.03.52-jpeg.webp\" \/>\n\t<meta property=\"og:image:width\" content=\"800\" \/>\n\t<meta property=\"og:image:height\" content=\"398\" \/>\n\t<meta property=\"og:image:type\" content=\"image\/jpeg\" \/>\n<meta name=\"author\" content=\"Agazeta.Net\" \/>\n<meta name=\"twitter:card\" content=\"summary_large_image\" \/>\n<meta name=\"twitter:label1\" content=\"Escrito por\" \/>\n\t<meta name=\"twitter:data1\" content=\"Agazeta.Net\" \/>\n\t<meta name=\"twitter:label2\" content=\"Est. tempo de leitura\" \/>\n\t<meta name=\"twitter:data2\" content=\"2 minutos\" \/>\n<script type=\"application\/ld+json\" class=\"yoast-schema-graph\">{\"@context\":\"https:\/\/schema.org\",\"@graph\":[{\"@type\":\"WebPage\",\"@id\":\"https:\/\/nk7-testes.com.br\/agazeta\/empresario-acreano-ceo-do-arasuper-e-premiado-como-profissional-do-ano-em-sao-paulo\/\",\"url\":\"https:\/\/nk7-testes.com.br\/agazeta\/empresario-acreano-ceo-do-arasuper-e-premiado-como-profissional-do-ano-em-sao-paulo\/\",\"name\":\"Empres\u00e1rio acreano, CEO do Arasuper \u00e9 premiado como Profissional do Ano em S\u00e3o Paulo - Agazeta.net\",\"isPartOf\":{\"@id\":\"https:\/\/nk7-testes.com.br\/agazeta\/#website\"},\"primaryImageOfPage\":{\"@id\":\"https:\/\/nk7-testes.com.br\/agazeta\/empresario-acreano-ceo-do-arasuper-e-premiado-como-profissional-do-ano-em-sao-paulo\/#primaryimage\"},\"image\":{\"@id\":\"https:\/\/nk7-testes.com.br\/agazeta\/empresario-acreano-ceo-do-arasuper-e-premiado-como-profissional-do-ano-em-sao-paulo\/#primaryimage\"},\"thumbnailUrl\":\"https:\/\/nk7-testes.com.br\/agazeta\/wp-content\/uploads\/2024\/04\/WhatsApp-Image-2024-04-10-at-18.03.52-jpeg.webp\",\"datePublished\":\"2024-04-10T21:41:27+00:00\",\"dateModified\":\"2024-04-10T22:28:54+00:00\",\"author\":{\"@id\":\"https:\/\/nk7-testes.com.br\/agazeta\/#\/schema\/person\/ff6b39d54d6973bfc57f4140f659b23f\"},\"breadcrumb\":{\"@id\":\"https:\/\/nk7-testes.com.br\/agazeta\/empresario-acreano-ceo-do-arasuper-e-premiado-como-profissional-do-ano-em-sao-paulo\/#breadcrumb\"},\"inLanguage\":\"pt-BR\",\"potentialAction\":[{\"@type\":\"ReadAction\",\"target\":[\"https:\/\/nk7-testes.com.br\/agazeta\/empresario-acreano-ceo-do-arasuper-e-premiado-como-profissional-do-ano-em-sao-paulo\/\"]}]},{\"@type\":\"ImageObject\",\"inLanguage\":\"pt-BR\",\"@id\":\"https:\/\/nk7-testes.com.br\/agazeta\/empresario-acreano-ceo-do-arasuper-e-premiado-como-profissional-do-ano-em-sao-paulo\/#primaryimage\",\"url\":\"https:\/\/nk7-testes.com.br\/agazeta\/wp-content\/uploads\/2024\/04\/WhatsApp-Image-2024-04-10-at-18.03.52-jpeg.webp\",\"contentUrl\":\"https:\/\/nk7-testes.com.br\/agazeta\/wp-content\/uploads\/2024\/04\/WhatsApp-Image-2024-04-10-at-18.03.52-jpeg.webp\",\"width\":800,\"height\":398,\"caption\":\"Imagem: Cedida\"},{\"@type\":\"BreadcrumbList\",\"@id\":\"https:\/\/nk7-testes.com.br\/agazeta\/empresario-acreano-ceo-do-arasuper-e-premiado-como-profissional-do-ano-em-sao-paulo\/#breadcrumb\",\"itemListElement\":[{\"@type\":\"ListItem\",\"position\":1,\"name\":\"In\u00edcio\",\"item\":\"https:\/\/nk7-testes.com.br\/agazeta\/\"},{\"@type\":\"ListItem\",\"position\":2,\"name\":\"Empres\u00e1rio acreano, CEO do Arasuper \u00e9 premiado como Profissional do Ano em S\u00e3o Paulo\"}]},{\"@type\":\"WebSite\",\"@id\":\"https:\/\/nk7-testes.com.br\/agazeta\/#website\",\"url\":\"https:\/\/nk7-testes.com.br\/agazeta\/\",\"name\":\"Agazeta.net\",\"description\":\"Agazeta.net - Not\u00edcias de Rio Branco\/AC\",\"potentialAction\":[{\"@type\":\"SearchAction\",\"target\":{\"@type\":\"EntryPoint\",\"urlTemplate\":\"https:\/\/nk7-testes.com.br\/agazeta\/?s={search_term_string}\"},\"query-input\":{\"@type\":\"PropertyValueSpecification\",\"valueRequired\":true,\"valueName\":\"search_term_string\"}}],\"inLanguage\":\"pt-BR\"},{\"@type\":\"Person\",\"@id\":\"https:\/\/nk7-testes.com.br\/agazeta\/#\/schema\/person\/ff6b39d54d6973bfc57f4140f659b23f\",\"name\":\"Agazeta.Net\",\"url\":\"https:\/\/nk7-testes.com.br\/agazeta\/author\/agazeta\/\"}]}<\/script>\n<!-- \/ Yoast SEO plugin. -->","yoast_head_json":{"title":"Empres\u00e1rio acreano, CEO do Arasuper \u00e9 premiado como Profissional do Ano em S\u00e3o Paulo - Agazeta.net","robots":{"index":"index","follow":"follow","max-snippet":"max-snippet:-1","max-image-preview":"max-image-preview:large","max-video-preview":"max-video-preview:-1"},"canonical":"https:\/\/nk7-testes.com.br\/agazeta\/empresario-acreano-ceo-do-arasuper-e-premiado-como-profissional-do-ano-em-sao-paulo\/","og_locale":"pt_BR","og_type":"article","og_title":"Empres\u00e1rio acreano, CEO do Arasuper \u00e9 premiado como Profissional do Ano em S\u00e3o Paulo","og_description":"Adam Ara\u00fajo afirma que esse reconhecimento mostra que o Acre est\u00e1 presente no cen\u00e1rio nacional","og_url":"https:\/\/nk7-testes.com.br\/agazeta\/empresario-acreano-ceo-do-arasuper-e-premiado-como-profissional-do-ano-em-sao-paulo\/","og_site_name":"Agazeta.net","article_published_time":"2024-04-10T21:41:27+00:00","article_modified_time":"2024-04-10T22:28:54+00:00","og_image":[{"width":800,"height":398,"url":"https:\/\/nk7-testes.com.br\/agazeta\/wp-content\/uploads\/2024\/04\/WhatsApp-Image-2024-04-10-at-18.03.52-jpeg.webp","type":"image\/jpeg"}],"author":"Agazeta.Net","twitter_card":"summary_large_image","twitter_misc":{"Escrito por":"Agazeta.Net","Est. tempo de leitura":"2 minutos"},"schema":{"@context":"https:\/\/schema.org","@graph":[{"@type":"WebPage","@id":"https:\/\/nk7-testes.com.br\/agazeta\/empresario-acreano-ceo-do-arasuper-e-premiado-como-profissional-do-ano-em-sao-paulo\/","url":"https:\/\/nk7-testes.com.br\/agazeta\/empresario-acreano-ceo-do-arasuper-e-premiado-como-profissional-do-ano-em-sao-paulo\/","name":"Empres\u00e1rio acreano, CEO do Arasuper \u00e9 premiado como Profissional do Ano em S\u00e3o Paulo - Agazeta.net","isPartOf":{"@id":"https:\/\/nk7-testes.com.br\/agazeta\/#website"},"primaryImageOfPage":{"@id":"https:\/\/nk7-testes.com.br\/agazeta\/empresario-acreano-ceo-do-arasuper-e-premiado-como-profissional-do-ano-em-sao-paulo\/#primaryimage"},"image":{"@id":"https:\/\/nk7-testes.com.br\/agazeta\/empresario-acreano-ceo-do-arasuper-e-premiado-como-profissional-do-ano-em-sao-paulo\/#primaryimage"},"thumbnailUrl":"https:\/\/nk7-testes.com.br\/agazeta\/wp-content\/uploads\/2024\/04\/WhatsApp-Image-2024-04-10-at-18.03.52-jpeg.webp","datePublished":"2024-04-10T21:41:27+00:00","dateModified":"2024-04-10T22:28:54+00:00","author":{"@id":"https:\/\/nk7-testes.com.br\/agazeta\/#\/schema\/person\/ff6b39d54d6973bfc57f4140f659b23f"},"breadcrumb":{"@id":"https:\/\/nk7-testes.com.br\/agazeta\/empresario-acreano-ceo-do-arasuper-e-premiado-como-profissional-do-ano-em-sao-paulo\/#breadcrumb"},"inLanguage":"pt-BR","potentialAction":[{"@type":"ReadAction","target":["https:\/\/nk7-testes.com.br\/agazeta\/empresario-acreano-ceo-do-arasuper-e-premiado-como-profissional-do-ano-em-sao-paulo\/"]}]},{"@type":"ImageObject","inLanguage":"pt-BR","@id":"https:\/\/nk7-testes.com.br\/agazeta\/empresario-acreano-ceo-do-arasuper-e-premiado-como-profissional-do-ano-em-sao-paulo\/#primaryimage","url":"https:\/\/nk7-testes.com.br\/agazeta\/wp-content\/uploads\/2024\/04\/WhatsApp-Image-2024-04-10-at-18.03.52-jpeg.webp","contentUrl":"https:\/\/nk7-testes.com.br\/agazeta\/wp-content\/uploads\/2024\/04\/WhatsApp-Image-2024-04-10-at-18.03.52-jpeg.webp","width":800,"height":398,"caption":"Imagem: Cedida"},{"@type":"BreadcrumbList","@id":"https:\/\/nk7-testes.com.br\/agazeta\/empresario-acreano-ceo-do-arasuper-e-premiado-como-profissional-do-ano-em-sao-paulo\/#breadcrumb","itemListElement":[{"@type":"ListItem","position":1,"name":"In\u00edcio","item":"https:\/\/nk7-testes.com.br\/agazeta\/"},{"@type":"ListItem","position":2,"name":"Empres\u00e1rio acreano, CEO do Arasuper \u00e9 premiado como Profissional do Ano em S\u00e3o Paulo"}]},{"@type":"WebSite","@id":"https:\/\/nk7-testes.com.br\/agazeta\/#website","url":"https:\/\/nk7-testes.com.br\/agazeta\/","name":"Agazeta.net","description":"Agazeta.net - Not\u00edcias de Rio Branco\/AC","potentialAction":[{"@type":"SearchAction","target":{"@type":"EntryPoint","urlTemplate":"https:\/\/nk7-testes.com.br\/agazeta\/?s={search_term_string}"},"query-input":{"@type":"PropertyValueSpecification","valueRequired":true,"valueName":"search_term_string"}}],"inLanguage":"pt-BR"},{"@type":"Person","@id":"https:\/\/nk7-testes.com.br\/agazeta\/#\/schema\/person\/ff6b39d54d6973bfc57f4140f659b23f","name":"Agazeta.Net","url":"https:\/\/nk7-testes.com.br\/agazeta\/author\/agazeta\/"}]}},"_links":{"self":[{"href":"https:\/\/nk7-testes.com.br\/agazeta\/wp-json\/wp\/v2\/posts\/130493","targetHints":{"allow":["GET"]}}],"collection":[{"href":"https:\/\/nk7-testes.com.br\/agazeta\/wp-json\/wp\/v2\/posts"}],"about":[{"href":"https:\/\/nk7-testes.com.br\/agazeta\/wp-json\/wp\/v2\/types\/post"}],"author":[{"embeddable":true,"href":"https:\/\/nk7-testes.com.br\/agazeta\/wp-json\/wp\/v2\/users\/4"}],"replies":[{"embeddable":true,"href":"https:\/\/nk7-testes.com.br\/agazeta\/wp-json\/wp\/v2\/comments?post=130493"}],"version-history":[{"count":0,"href":"https:\/\/nk7-testes.com.br\/agazeta\/wp-json\/wp\/v2\/posts\/130493\/revisions"}],"wp:featuredmedia":[{"embeddable":true,"href":"https:\/\/nk7-testes.com.br\/agazeta\/wp-json\/wp\/v2\/media\/130494"}],"wp:attachment":[{"href":"https:\/\/nk7-testes.com.br\/agazeta\/wp-json\/wp\/v2\/media?parent=130493"}],"wp:term":[{"taxonomy":"category","embeddable":true,"href":"https:\/\/nk7-testes.com.br\/agazeta\/wp-json\/wp\/v2\/categories?post=130493"},{"taxonomy":"post_tag","embeddable":true,"href":"https:\/\/nk7-testes.com.br\/agazeta\/wp-json\/wp\/v2\/tags?post=130493"}],"curies":[{"name":"wp","href":"https:\/\/api.w.org\/{rel}","templated":true}]}}