{"id":130100,"date":"2024-04-04T15:47:59","date_gmt":"2024-04-04T20:47:59","guid":{"rendered":"https:\/\/nk7-testes.com.br\/?p=130100"},"modified":"2024-04-04T15:47:59","modified_gmt":"2024-04-04T20:47:59","slug":"dentro-de-um-prazo-razoavel-afirma-lewandowski-sobre-tempo-para-recaptura-dos-fugitivos-de-mossoro","status":"publish","type":"post","link":"https:\/\/nk7-testes.com.br\/agazeta\/dentro-de-um-prazo-razoavel-afirma-lewandowski-sobre-tempo-para-recaptura-dos-fugitivos-de-mossoro\/","title":{"rendered":"&#8220;Dentro de um prazo razo\u00e1vel&#8221;, afirma Lewandowski sobre tempo para recaptura dos fugitivos de Mossor\u00f3"},"content":{"rendered":"<p style=\"text-align: justify;\">Em coletiva de imprensa nesta quinta-feira (4), o ministro da Justi\u00e7a e Seguran\u00e7a P\u00fablica, Ricardo Lewandowski, afirma que a recaptura dos acreanos Deibson Cabral e Rog\u00e9rio Mendon\u00e7a, ap\u00f3s 50 dias da fuga da Penitenci\u00e1ria Federal de Mossor\u00f3, se deu em um prazo razo\u00e1vel.<\/p>\n<p style=\"text-align: justify;\">&#8220;Me parece um prazo razo\u00e1vel, de 50 dias. \u00c9 um prazo que segue os paradigmas internacionais de localiza\u00e7\u00e3o de fugitivos de penitenci\u00e1rias. N\u00e3o chegamos a dois meses, em um pa\u00eds de dimens\u00f5es continentais. Um trabalho de intelig\u00eancia bem sucedido, dentro de um prazo bastante razo\u00e1vel&#8221;, afirma o ministro da Justi\u00e7a.<\/p>\n<p style=\"text-align: justify;\">De acordo com Lewandowski, ve\u00edculos foram enviados aos fugitivos para ajudar na locomo\u00e7\u00e3o at\u00e9 o exterior. O ministro afirma que eram autom\u00f3veis equipados e modernos.<\/p>\n<p style=\"text-align: justify;\">&#8220;Houve a vinda de ve\u00edculos que o transportaram para uma dist\u00e2ncia de 34 quil\u00f4metros, da cidade de Bara\u00fana e, de l\u00e1, procuraram se evadir para o exterior, inclusive com v\u00e1rios outros carros, equipados e modernos. Estavam se preparando para sair do pa\u00eds&#8221;, informa.<\/p>\n<h4>Voltam \u00e0 Penitenci\u00e1ria de Mossor\u00f3<\/h4>\n<p style=\"text-align: justify;\">Durante a coletiva, Lewandowski deixa clara que os acreanos v\u00e3o voltar para a Penitenci\u00e1ria Federal de Mossor\u00f3, por\u00e9m, agora, com a dire\u00e7\u00e3o do pres\u00eddio reformulada e os dois devem ficar separados.<\/p>\n<p style=\"text-align: justify;\">&#8220;Os dois fugitivos voltar\u00e3o para o local de onde sa\u00edram, para a Penitenci\u00e1ria de Mossor\u00f3, totalmente reformulada, o que diz respeito os equipamentos de seguran\u00e7a. Eles ficar\u00e3o separados, haver\u00e1 vistorias di\u00e1rias. A dire\u00e7\u00e3o foi trocada, os protocolos foram reafirmados e aperfei\u00e7oados&#8221;, afirma.<\/p>\n","protected":false},"excerpt":{"rendered":"<p>Em coletiva de imprensa nesta quinta-feira (4), o ministro da Justi\u00e7a e Seguran\u00e7a P\u00fablica, Ricardo Lewandowski, afirma que a recaptura dos acreanos Deibson Cabral e Rog\u00e9rio Mendon\u00e7a, ap\u00f3s 50 dias da fuga da Penitenci\u00e1ria Federal de Mossor\u00f3, se deu em um prazo razo\u00e1vel. &#8220;Me parece um prazo razo\u00e1vel, de 50 dias. \u00c9 um prazo que [&hellip;]<\/p>\n","protected":false},"author":4,"featured_media":130087,"comment_status":"open","ping_status":"open","sticky":false,"template":"","format":"standard","meta":{"jnews-multi-image_gallery":[],"jnews_single_post":{"source_name":"","source_url":"","via_name":"","via_url":"","override_template":"0","override":[{"template":"custom","single_blog_custom":"110746","parallax":"1","fullscreen":"1","layout":"right-sidebar","sidebar":"default-sidebar","second_sidebar":"default-sidebar","sticky_sidebar":"1","share_position":"top","share_float_style":"share-monocrhome","show_share_counter":"1","show_view_counter":"1","show_featured":"1","show_post_meta":"1","show_post_author":"1","show_post_author_image":"1","show_post_date":"1","post_date_format":"default","post_date_format_custom":"Y\/m\/d","show_post_category":"1","show_post_reading_time":"0","post_reading_time_wpm":"300","show_zoom_button":"0","zoom_button_out_step":"2","zoom_button_in_step":"3","show_post_tag":"1","show_prev_next_post":"1","show_popup_post":"1","number_popup_post":"1","show_author_box":"0","show_post_related":"1","show_inline_post_related":"0"}],"override_image_size":"0","image_override":[{"single_post_thumbnail_size":"crop-500","single_post_gallery_size":"crop-500"}],"trending_post":"0","trending_post_position":"meta","trending_post_label":"Trending","sponsored_post":"0","sponsored_post_label":"Sponsored by","sponsored_post_name":"","sponsored_post_url":"","sponsored_post_logo_enable":"0","sponsored_post_logo":"","sponsored_post_desc":"","disable_ad":"0"},"jnews_primary_category":{"id":"","hide":""},"jnews_social_meta":{"fb_title":"","fb_description":"","fb_image":"","twitter_title":"","twitter_description":"","twitter_image":""},"jnews_review":[],"enable_review":"0","type":"percentage","name":"","summary":"","brand":"","sku":"","good":[{"good_text":""}],"bad":[{"bad_text":""}],"score_override":"0","override_value":"","rating":[{"rating_text":"","rating_number":"10"}],"price":[{"shop":"","price":"","link":"","icon":""}],"footnotes":""},"categories":[54],"tags":[152],"class_list":["post-130100","post","type-post","status-publish","format-standard","has-post-thumbnail","hentry","category-cotidiano","tag-destaque"],"yoast_head":"<!-- This site is optimized with the Yoast SEO plugin v26.5 - https:\/\/yoast.com\/wordpress\/plugins\/seo\/ -->\n<title>&quot;Dentro de um prazo razo\u00e1vel&quot;, afirma Lewandowski sobre tempo para recaptura dos fugitivos de Mossor\u00f3 - Agazeta.net<\/title>\n<meta name=\"robots\" content=\"index, follow, max-snippet:-1, max-image-preview:large, max-video-preview:-1\" \/>\n<link rel=\"canonical\" href=\"https:\/\/nk7-testes.com.br\/agazeta\/dentro-de-um-prazo-razoavel-afirma-lewandowski-sobre-tempo-para-recaptura-dos-fugitivos-de-mossoro\/\" \/>\n<meta property=\"og:locale\" content=\"pt_BR\" \/>\n<meta property=\"og:type\" content=\"article\" \/>\n<meta property=\"og:title\" content=\"&quot;Dentro de um prazo razo\u00e1vel&quot;, afirma Lewandowski sobre tempo para recaptura dos fugitivos de Mossor\u00f3\" \/>\n<meta property=\"og:description\" content=\"De acordo com o ministro, os acreanos v\u00e3o voltar \u00e0 Penitenci\u00e1ria Federal de Mossor\u00f3 e ficar\u00e3o separados\" \/>\n<meta property=\"og:url\" content=\"https:\/\/nk7-testes.com.br\/agazeta\/dentro-de-um-prazo-razoavel-afirma-lewandowski-sobre-tempo-para-recaptura-dos-fugitivos-de-mossoro\/\" \/>\n<meta property=\"og:site_name\" content=\"Agazeta.net\" \/>\n<meta property=\"article:published_time\" content=\"2024-04-04T20:47:59+00:00\" \/>\n<meta property=\"og:image\" content=\"https:\/\/nk7-testes.com.br\/agazeta\/wp-content\/uploads\/2024\/04\/WhatsApp-Image-2024-04-04-at-15.23.39-jpeg.webp\" \/>\n\t<meta property=\"og:image:width\" content=\"800\" \/>\n\t<meta property=\"og:image:height\" content=\"405\" \/>\n\t<meta property=\"og:image:type\" content=\"image\/jpeg\" \/>\n<meta name=\"author\" content=\"Agazeta.Net\" \/>\n<meta name=\"twitter:card\" content=\"summary_large_image\" \/>\n<meta name=\"twitter:label1\" content=\"Escrito por\" \/>\n\t<meta name=\"twitter:data1\" content=\"Agazeta.Net\" \/>\n\t<meta name=\"twitter:label2\" content=\"Est. tempo de leitura\" \/>\n\t<meta name=\"twitter:data2\" content=\"1 minuto\" \/>\n<script type=\"application\/ld+json\" class=\"yoast-schema-graph\">{\"@context\":\"https:\/\/schema.org\",\"@graph\":[{\"@type\":\"WebPage\",\"@id\":\"https:\/\/nk7-testes.com.br\/agazeta\/dentro-de-um-prazo-razoavel-afirma-lewandowski-sobre-tempo-para-recaptura-dos-fugitivos-de-mossoro\/\",\"url\":\"https:\/\/nk7-testes.com.br\/agazeta\/dentro-de-um-prazo-razoavel-afirma-lewandowski-sobre-tempo-para-recaptura-dos-fugitivos-de-mossoro\/\",\"name\":\"\\\"Dentro de um prazo razo\u00e1vel\\\", afirma Lewandowski sobre tempo para recaptura dos fugitivos de Mossor\u00f3 - Agazeta.net\",\"isPartOf\":{\"@id\":\"https:\/\/nk7-testes.com.br\/agazeta\/#website\"},\"primaryImageOfPage\":{\"@id\":\"https:\/\/nk7-testes.com.br\/agazeta\/dentro-de-um-prazo-razoavel-afirma-lewandowski-sobre-tempo-para-recaptura-dos-fugitivos-de-mossoro\/#primaryimage\"},\"image\":{\"@id\":\"https:\/\/nk7-testes.com.br\/agazeta\/dentro-de-um-prazo-razoavel-afirma-lewandowski-sobre-tempo-para-recaptura-dos-fugitivos-de-mossoro\/#primaryimage\"},\"thumbnailUrl\":\"https:\/\/nk7-testes.com.br\/agazeta\/wp-content\/uploads\/2024\/04\/WhatsApp-Image-2024-04-04-at-15.23.39-jpeg.webp\",\"datePublished\":\"2024-04-04T20:47:59+00:00\",\"author\":{\"@id\":\"https:\/\/nk7-testes.com.br\/agazeta\/#\/schema\/person\/ff6b39d54d6973bfc57f4140f659b23f\"},\"breadcrumb\":{\"@id\":\"https:\/\/nk7-testes.com.br\/agazeta\/dentro-de-um-prazo-razoavel-afirma-lewandowski-sobre-tempo-para-recaptura-dos-fugitivos-de-mossoro\/#breadcrumb\"},\"inLanguage\":\"pt-BR\",\"potentialAction\":[{\"@type\":\"ReadAction\",\"target\":[\"https:\/\/nk7-testes.com.br\/agazeta\/dentro-de-um-prazo-razoavel-afirma-lewandowski-sobre-tempo-para-recaptura-dos-fugitivos-de-mossoro\/\"]}]},{\"@type\":\"ImageObject\",\"inLanguage\":\"pt-BR\",\"@id\":\"https:\/\/nk7-testes.com.br\/agazeta\/dentro-de-um-prazo-razoavel-afirma-lewandowski-sobre-tempo-para-recaptura-dos-fugitivos-de-mossoro\/#primaryimage\",\"url\":\"https:\/\/nk7-testes.com.br\/agazeta\/wp-content\/uploads\/2024\/04\/WhatsApp-Image-2024-04-04-at-15.23.39-jpeg.webp\",\"contentUrl\":\"https:\/\/nk7-testes.com.br\/agazeta\/wp-content\/uploads\/2024\/04\/WhatsApp-Image-2024-04-04-at-15.23.39-jpeg.webp\",\"width\":800,\"height\":405},{\"@type\":\"BreadcrumbList\",\"@id\":\"https:\/\/nk7-testes.com.br\/agazeta\/dentro-de-um-prazo-razoavel-afirma-lewandowski-sobre-tempo-para-recaptura-dos-fugitivos-de-mossoro\/#breadcrumb\",\"itemListElement\":[{\"@type\":\"ListItem\",\"position\":1,\"name\":\"In\u00edcio\",\"item\":\"https:\/\/nk7-testes.com.br\/agazeta\/\"},{\"@type\":\"ListItem\",\"position\":2,\"name\":\"&#8220;Dentro de um prazo razo\u00e1vel&#8221;, afirma Lewandowski sobre tempo para recaptura dos fugitivos de Mossor\u00f3\"}]},{\"@type\":\"WebSite\",\"@id\":\"https:\/\/nk7-testes.com.br\/agazeta\/#website\",\"url\":\"https:\/\/nk7-testes.com.br\/agazeta\/\",\"name\":\"Agazeta.net\",\"description\":\"Agazeta.net - Not\u00edcias de Rio Branco\/AC\",\"potentialAction\":[{\"@type\":\"SearchAction\",\"target\":{\"@type\":\"EntryPoint\",\"urlTemplate\":\"https:\/\/nk7-testes.com.br\/agazeta\/?s={search_term_string}\"},\"query-input\":{\"@type\":\"PropertyValueSpecification\",\"valueRequired\":true,\"valueName\":\"search_term_string\"}}],\"inLanguage\":\"pt-BR\"},{\"@type\":\"Person\",\"@id\":\"https:\/\/nk7-testes.com.br\/agazeta\/#\/schema\/person\/ff6b39d54d6973bfc57f4140f659b23f\",\"name\":\"Agazeta.Net\",\"url\":\"https:\/\/nk7-testes.com.br\/agazeta\/author\/agazeta\/\"}]}<\/script>\n<!-- \/ Yoast SEO plugin. -->","yoast_head_json":{"title":"\"Dentro de um prazo razo\u00e1vel\", afirma Lewandowski sobre tempo para recaptura dos fugitivos de Mossor\u00f3 - Agazeta.net","robots":{"index":"index","follow":"follow","max-snippet":"max-snippet:-1","max-image-preview":"max-image-preview:large","max-video-preview":"max-video-preview:-1"},"canonical":"https:\/\/nk7-testes.com.br\/agazeta\/dentro-de-um-prazo-razoavel-afirma-lewandowski-sobre-tempo-para-recaptura-dos-fugitivos-de-mossoro\/","og_locale":"pt_BR","og_type":"article","og_title":"\"Dentro de um prazo razo\u00e1vel\", afirma Lewandowski sobre tempo para recaptura dos fugitivos de Mossor\u00f3","og_description":"De acordo com o ministro, os acreanos v\u00e3o voltar \u00e0 Penitenci\u00e1ria Federal de Mossor\u00f3 e ficar\u00e3o separados","og_url":"https:\/\/nk7-testes.com.br\/agazeta\/dentro-de-um-prazo-razoavel-afirma-lewandowski-sobre-tempo-para-recaptura-dos-fugitivos-de-mossoro\/","og_site_name":"Agazeta.net","article_published_time":"2024-04-04T20:47:59+00:00","og_image":[{"width":800,"height":405,"url":"https:\/\/nk7-testes.com.br\/agazeta\/wp-content\/uploads\/2024\/04\/WhatsApp-Image-2024-04-04-at-15.23.39-jpeg.webp","type":"image\/jpeg"}],"author":"Agazeta.Net","twitter_card":"summary_large_image","twitter_misc":{"Escrito por":"Agazeta.Net","Est. tempo de leitura":"1 minuto"},"schema":{"@context":"https:\/\/schema.org","@graph":[{"@type":"WebPage","@id":"https:\/\/nk7-testes.com.br\/agazeta\/dentro-de-um-prazo-razoavel-afirma-lewandowski-sobre-tempo-para-recaptura-dos-fugitivos-de-mossoro\/","url":"https:\/\/nk7-testes.com.br\/agazeta\/dentro-de-um-prazo-razoavel-afirma-lewandowski-sobre-tempo-para-recaptura-dos-fugitivos-de-mossoro\/","name":"\"Dentro de um prazo razo\u00e1vel\", afirma Lewandowski sobre tempo para recaptura dos fugitivos de Mossor\u00f3 - Agazeta.net","isPartOf":{"@id":"https:\/\/nk7-testes.com.br\/agazeta\/#website"},"primaryImageOfPage":{"@id":"https:\/\/nk7-testes.com.br\/agazeta\/dentro-de-um-prazo-razoavel-afirma-lewandowski-sobre-tempo-para-recaptura-dos-fugitivos-de-mossoro\/#primaryimage"},"image":{"@id":"https:\/\/nk7-testes.com.br\/agazeta\/dentro-de-um-prazo-razoavel-afirma-lewandowski-sobre-tempo-para-recaptura-dos-fugitivos-de-mossoro\/#primaryimage"},"thumbnailUrl":"https:\/\/nk7-testes.com.br\/agazeta\/wp-content\/uploads\/2024\/04\/WhatsApp-Image-2024-04-04-at-15.23.39-jpeg.webp","datePublished":"2024-04-04T20:47:59+00:00","author":{"@id":"https:\/\/nk7-testes.com.br\/agazeta\/#\/schema\/person\/ff6b39d54d6973bfc57f4140f659b23f"},"breadcrumb":{"@id":"https:\/\/nk7-testes.com.br\/agazeta\/dentro-de-um-prazo-razoavel-afirma-lewandowski-sobre-tempo-para-recaptura-dos-fugitivos-de-mossoro\/#breadcrumb"},"inLanguage":"pt-BR","potentialAction":[{"@type":"ReadAction","target":["https:\/\/nk7-testes.com.br\/agazeta\/dentro-de-um-prazo-razoavel-afirma-lewandowski-sobre-tempo-para-recaptura-dos-fugitivos-de-mossoro\/"]}]},{"@type":"ImageObject","inLanguage":"pt-BR","@id":"https:\/\/nk7-testes.com.br\/agazeta\/dentro-de-um-prazo-razoavel-afirma-lewandowski-sobre-tempo-para-recaptura-dos-fugitivos-de-mossoro\/#primaryimage","url":"https:\/\/nk7-testes.com.br\/agazeta\/wp-content\/uploads\/2024\/04\/WhatsApp-Image-2024-04-04-at-15.23.39-jpeg.webp","contentUrl":"https:\/\/nk7-testes.com.br\/agazeta\/wp-content\/uploads\/2024\/04\/WhatsApp-Image-2024-04-04-at-15.23.39-jpeg.webp","width":800,"height":405},{"@type":"BreadcrumbList","@id":"https:\/\/nk7-testes.com.br\/agazeta\/dentro-de-um-prazo-razoavel-afirma-lewandowski-sobre-tempo-para-recaptura-dos-fugitivos-de-mossoro\/#breadcrumb","itemListElement":[{"@type":"ListItem","position":1,"name":"In\u00edcio","item":"https:\/\/nk7-testes.com.br\/agazeta\/"},{"@type":"ListItem","position":2,"name":"&#8220;Dentro de um prazo razo\u00e1vel&#8221;, afirma Lewandowski sobre tempo para recaptura dos fugitivos de Mossor\u00f3"}]},{"@type":"WebSite","@id":"https:\/\/nk7-testes.com.br\/agazeta\/#website","url":"https:\/\/nk7-testes.com.br\/agazeta\/","name":"Agazeta.net","description":"Agazeta.net - Not\u00edcias de Rio Branco\/AC","potentialAction":[{"@type":"SearchAction","target":{"@type":"EntryPoint","urlTemplate":"https:\/\/nk7-testes.com.br\/agazeta\/?s={search_term_string}"},"query-input":{"@type":"PropertyValueSpecification","valueRequired":true,"valueName":"search_term_string"}}],"inLanguage":"pt-BR"},{"@type":"Person","@id":"https:\/\/nk7-testes.com.br\/agazeta\/#\/schema\/person\/ff6b39d54d6973bfc57f4140f659b23f","name":"Agazeta.Net","url":"https:\/\/nk7-testes.com.br\/agazeta\/author\/agazeta\/"}]}},"_links":{"self":[{"href":"https:\/\/nk7-testes.com.br\/agazeta\/wp-json\/wp\/v2\/posts\/130100","targetHints":{"allow":["GET"]}}],"collection":[{"href":"https:\/\/nk7-testes.com.br\/agazeta\/wp-json\/wp\/v2\/posts"}],"about":[{"href":"https:\/\/nk7-testes.com.br\/agazeta\/wp-json\/wp\/v2\/types\/post"}],"author":[{"embeddable":true,"href":"https:\/\/nk7-testes.com.br\/agazeta\/wp-json\/wp\/v2\/users\/4"}],"replies":[{"embeddable":true,"href":"https:\/\/nk7-testes.com.br\/agazeta\/wp-json\/wp\/v2\/comments?post=130100"}],"version-history":[{"count":0,"href":"https:\/\/nk7-testes.com.br\/agazeta\/wp-json\/wp\/v2\/posts\/130100\/revisions"}],"wp:featuredmedia":[{"embeddable":true,"href":"https:\/\/nk7-testes.com.br\/agazeta\/wp-json\/wp\/v2\/media\/130087"}],"wp:attachment":[{"href":"https:\/\/nk7-testes.com.br\/agazeta\/wp-json\/wp\/v2\/media?parent=130100"}],"wp:term":[{"taxonomy":"category","embeddable":true,"href":"https:\/\/nk7-testes.com.br\/agazeta\/wp-json\/wp\/v2\/categories?post=130100"},{"taxonomy":"post_tag","embeddable":true,"href":"https:\/\/nk7-testes.com.br\/agazeta\/wp-json\/wp\/v2\/tags?post=130100"}],"curies":[{"name":"wp","href":"https:\/\/api.w.org\/{rel}","templated":true}]}}