{"id":130027,"date":"2024-04-03T15:03:19","date_gmt":"2024-04-03T20:03:19","guid":{"rendered":"https:\/\/nk7-testes.com.br\/?p=130027"},"modified":"2024-04-03T15:03:19","modified_gmt":"2024-04-03T20:03:19","slug":"policial-acusado-de-matar-jovem-na-expoacre-e-ouvido-em-audiencia-precisa-responder-pela-monstruosidade","status":"publish","type":"post","link":"https:\/\/nk7-testes.com.br\/agazeta\/policial-acusado-de-matar-jovem-na-expoacre-e-ouvido-em-audiencia-precisa-responder-pela-monstruosidade\/","title":{"rendered":"Policial acusado de matar jovem na Expoacre \u00e9 ouvido em audi\u00eancia: &#8220;Precisa responder pela monstruosidade&#8221;"},"content":{"rendered":"<p style=\"text-align: justify;\">Na manh\u00e3 desta quarta-feira (3), aconteceu a audi\u00eancia de instru\u00e7\u00e3o e julgamento do policial penal Raimundo Nonato Veloso da Silva, acusado de assassinar a tiros o jovem Wesley Santos, de apenas 20 anos, na \u00faltima noite da Expoacre 2023, em agosto do ano passado.<\/p>\n<p style=\"text-align: justify;\">Do lado de fora do Tribunal de Juri, parentes e amigos do jovem exibiam uma faixa e vestiam camisas com a foto da v\u00edtima. Al\u00e9m de Wesley Santos, a namorada na \u00e9poca do ocorrido, Rita de C\u00e1ssia, tamb\u00e9m foi atingida por disparos. Oito meses depois e ainda com sequelas, ela vai depor contra o policial penal.<\/p>\n<p style=\"text-align: justify;\">&#8220;Todo dia passa o filme na cabe\u00e7a, n\u00e3o tenha um momento no dia que n\u00e3o lembro. Hoje a gente vem aqui implorar justi\u00e7a, porque n\u00e3o tem como isso ficar impune&#8221;, conta a mulher.<\/p>\n<p style=\"text-align: justify;\">Os pais da v\u00edtima foram para frente da Cidade da Justi\u00e7a, junto aos amigos e familiares, e se mostravam emocionados. Mesmo sabendo que nada pode trazer o filho de volta, ainda assim esperam encontrar alguma resposta da Justi\u00e7a.<\/p>\n<p style=\"text-align: justify;\">&#8220;A morte do meu filho se deu por uma importuna\u00e7\u00e3o sexual. O homem tem que respeitar uma mulher e o Raimundo Nonato n\u00e3o respeitou. Ent\u00e3o, ele precisa responder pela monstruosidade que ele fez. N\u00f3s todos estamos aqui pedindo justi\u00e7a e que ele pague pela maldade de ceifar a vida de um menino que sonhos pela frente&#8221;, afirma Isa Santos, m\u00e3e de Wesley Santos.<\/p>\n<p style=\"text-align: justify;\">Vale ressaltar que o policial \u00e9 acusado, tamb\u00e9m, de cometer ass\u00e9dio contra Rita de C\u00e1ssia, algo que teria dado in\u00edcio \u00e0 confus\u00e3o no estabelecimento onde ocorreu o tiroteio.<\/p>\n<p>https:\/\/nk7-testes.com.br\/policial-suspeito-de-matar-jovem-na-expoacre-teria-assediado-namorada-da-vitima\/<\/p>\n<p>&nbsp;<\/p>\n<p style=\"text-align: justify;\">\nDurante essa audi\u00eancia, s\u00e3o apresentadas as provas e colhidos depoimentos. Com base nessas informa\u00e7\u00f5es, o magistrado decide se o policial penal ir\u00e1, ou n\u00e3o, \u00e0 J\u00fari Popular.<\/p>\n<p><em><strong>Mat\u00e9ria produzida em v\u00eddeo pela rep\u00f3rter D\u00e9bora Ribeiro para a TV Gazeta<\/strong><\/em><\/p>\n","protected":false},"excerpt":{"rendered":"<p>Na manh\u00e3 desta quarta-feira (3), aconteceu a audi\u00eancia de instru\u00e7\u00e3o e julgamento do policial penal Raimundo Nonato Veloso da Silva, acusado de assassinar a tiros o jovem Wesley Santos, de apenas 20 anos, na \u00faltima noite da Expoacre 2023, em agosto do ano passado. Do lado de fora do Tribunal de Juri, parentes e amigos [&hellip;]<\/p>\n","protected":false},"author":4,"featured_media":130040,"comment_status":"open","ping_status":"open","sticky":false,"template":"","format":"standard","meta":{"jnews-multi-image_gallery":[],"jnews_single_post":{"source_name":"","source_url":"","via_name":"","via_url":"","override_template":"0","override":[{"template":"custom","single_blog_custom":"110746","parallax":"1","fullscreen":"1","layout":"right-sidebar","sidebar":"default-sidebar","second_sidebar":"default-sidebar","sticky_sidebar":"1","share_position":"top","share_float_style":"share-monocrhome","show_share_counter":"1","show_view_counter":"1","show_featured":"1","show_post_meta":"1","show_post_author":"1","show_post_author_image":"1","show_post_date":"1","post_date_format":"default","post_date_format_custom":"Y\/m\/d","show_post_category":"1","show_post_reading_time":"0","post_reading_time_wpm":"300","show_zoom_button":"0","zoom_button_out_step":"2","zoom_button_in_step":"3","show_post_tag":"1","show_prev_next_post":"1","show_popup_post":"1","number_popup_post":"1","show_author_box":"0","show_post_related":"1","show_inline_post_related":"0"}],"override_image_size":"0","image_override":[{"single_post_thumbnail_size":"crop-500","single_post_gallery_size":"crop-500"}],"trending_post":"0","trending_post_position":"meta","trending_post_label":"Trending","sponsored_post":"0","sponsored_post_label":"Sponsored by","sponsored_post_name":"","sponsored_post_url":"","sponsored_post_logo_enable":"0","sponsored_post_logo":"","sponsored_post_desc":"","disable_ad":"0"},"jnews_primary_category":{"id":"","hide":""},"jnews_social_meta":{"fb_title":"","fb_description":"","fb_image":"","twitter_title":"","twitter_description":"","twitter_image":""},"jnews_review":[],"enable_review":"0","type":"percentage","name":"","summary":"","brand":"","sku":"","good":[{"good_text":""}],"bad":[{"bad_text":""}],"score_override":"0","override_value":"","rating":[{"rating_text":"","rating_number":"10"}],"price":[{"shop":"","price":"","link":"","icon":""}],"footnotes":""},"categories":[54],"tags":[152],"class_list":["post-130027","post","type-post","status-publish","format-standard","has-post-thumbnail","hentry","category-cotidiano","tag-destaque"],"yoast_head":"<!-- This site is optimized with the Yoast SEO plugin v26.5 - https:\/\/yoast.com\/wordpress\/plugins\/seo\/ -->\n<title>Policial acusado de matar jovem na Expoacre \u00e9 ouvido em audi\u00eancia: &quot;Precisa responder pela monstruosidade&quot; - Agazeta.net<\/title>\n<meta name=\"robots\" content=\"index, follow, max-snippet:-1, max-image-preview:large, max-video-preview:-1\" \/>\n<link rel=\"canonical\" href=\"https:\/\/nk7-testes.com.br\/agazeta\/policial-acusado-de-matar-jovem-na-expoacre-e-ouvido-em-audiencia-precisa-responder-pela-monstruosidade\/\" \/>\n<meta property=\"og:locale\" content=\"pt_BR\" \/>\n<meta property=\"og:type\" content=\"article\" \/>\n<meta property=\"og:title\" content=\"Policial acusado de matar jovem na Expoacre \u00e9 ouvido em audi\u00eancia: &quot;Precisa responder pela monstruosidade&quot;\" \/>\n<meta property=\"og:description\" content=\"Segundo Isa Santos, m\u00e3e da v\u00edtima, Raimundo Nonato precisa responder pelo crime me cometeu\" \/>\n<meta property=\"og:url\" content=\"https:\/\/nk7-testes.com.br\/agazeta\/policial-acusado-de-matar-jovem-na-expoacre-e-ouvido-em-audiencia-precisa-responder-pela-monstruosidade\/\" \/>\n<meta property=\"og:site_name\" content=\"Agazeta.net\" \/>\n<meta property=\"article:published_time\" content=\"2024-04-03T20:03:19+00:00\" \/>\n<meta property=\"og:image\" content=\"https:\/\/nk7-testes.com.br\/agazeta\/wp-content\/uploads\/2024\/04\/WhatsApp-Image-2024-04-03-at-5.01.31-PM-jpeg.webp\" \/>\n\t<meta property=\"og:image:width\" content=\"800\" \/>\n\t<meta property=\"og:image:height\" content=\"410\" \/>\n\t<meta property=\"og:image:type\" content=\"image\/jpeg\" \/>\n<meta name=\"author\" content=\"Agazeta.Net\" \/>\n<meta name=\"twitter:card\" content=\"summary_large_image\" \/>\n<meta name=\"twitter:label1\" content=\"Escrito por\" \/>\n\t<meta name=\"twitter:data1\" content=\"Agazeta.Net\" \/>\n\t<meta name=\"twitter:label2\" content=\"Est. tempo de leitura\" \/>\n\t<meta name=\"twitter:data2\" content=\"2 minutos\" \/>\n<script type=\"application\/ld+json\" class=\"yoast-schema-graph\">{\"@context\":\"https:\/\/schema.org\",\"@graph\":[{\"@type\":\"WebPage\",\"@id\":\"https:\/\/nk7-testes.com.br\/agazeta\/policial-acusado-de-matar-jovem-na-expoacre-e-ouvido-em-audiencia-precisa-responder-pela-monstruosidade\/\",\"url\":\"https:\/\/nk7-testes.com.br\/agazeta\/policial-acusado-de-matar-jovem-na-expoacre-e-ouvido-em-audiencia-precisa-responder-pela-monstruosidade\/\",\"name\":\"Policial acusado de matar jovem na Expoacre \u00e9 ouvido em audi\u00eancia: \\\"Precisa responder pela monstruosidade\\\" - Agazeta.net\",\"isPartOf\":{\"@id\":\"https:\/\/nk7-testes.com.br\/agazeta\/#website\"},\"primaryImageOfPage\":{\"@id\":\"https:\/\/nk7-testes.com.br\/agazeta\/policial-acusado-de-matar-jovem-na-expoacre-e-ouvido-em-audiencia-precisa-responder-pela-monstruosidade\/#primaryimage\"},\"image\":{\"@id\":\"https:\/\/nk7-testes.com.br\/agazeta\/policial-acusado-de-matar-jovem-na-expoacre-e-ouvido-em-audiencia-precisa-responder-pela-monstruosidade\/#primaryimage\"},\"thumbnailUrl\":\"https:\/\/nk7-testes.com.br\/agazeta\/wp-content\/uploads\/2024\/04\/WhatsApp-Image-2024-04-03-at-5.01.31-PM-jpeg.webp\",\"datePublished\":\"2024-04-03T20:03:19+00:00\",\"author\":{\"@id\":\"https:\/\/nk7-testes.com.br\/agazeta\/#\/schema\/person\/ff6b39d54d6973bfc57f4140f659b23f\"},\"breadcrumb\":{\"@id\":\"https:\/\/nk7-testes.com.br\/agazeta\/policial-acusado-de-matar-jovem-na-expoacre-e-ouvido-em-audiencia-precisa-responder-pela-monstruosidade\/#breadcrumb\"},\"inLanguage\":\"pt-BR\",\"potentialAction\":[{\"@type\":\"ReadAction\",\"target\":[\"https:\/\/nk7-testes.com.br\/agazeta\/policial-acusado-de-matar-jovem-na-expoacre-e-ouvido-em-audiencia-precisa-responder-pela-monstruosidade\/\"]}]},{\"@type\":\"ImageObject\",\"inLanguage\":\"pt-BR\",\"@id\":\"https:\/\/nk7-testes.com.br\/agazeta\/policial-acusado-de-matar-jovem-na-expoacre-e-ouvido-em-audiencia-precisa-responder-pela-monstruosidade\/#primaryimage\",\"url\":\"https:\/\/nk7-testes.com.br\/agazeta\/wp-content\/uploads\/2024\/04\/WhatsApp-Image-2024-04-03-at-5.01.31-PM-jpeg.webp\",\"contentUrl\":\"https:\/\/nk7-testes.com.br\/agazeta\/wp-content\/uploads\/2024\/04\/WhatsApp-Image-2024-04-03-at-5.01.31-PM-jpeg.webp\",\"width\":800,\"height\":410},{\"@type\":\"BreadcrumbList\",\"@id\":\"https:\/\/nk7-testes.com.br\/agazeta\/policial-acusado-de-matar-jovem-na-expoacre-e-ouvido-em-audiencia-precisa-responder-pela-monstruosidade\/#breadcrumb\",\"itemListElement\":[{\"@type\":\"ListItem\",\"position\":1,\"name\":\"In\u00edcio\",\"item\":\"https:\/\/nk7-testes.com.br\/agazeta\/\"},{\"@type\":\"ListItem\",\"position\":2,\"name\":\"Policial acusado de matar jovem na Expoacre \u00e9 ouvido em audi\u00eancia: &#8220;Precisa responder pela monstruosidade&#8221;\"}]},{\"@type\":\"WebSite\",\"@id\":\"https:\/\/nk7-testes.com.br\/agazeta\/#website\",\"url\":\"https:\/\/nk7-testes.com.br\/agazeta\/\",\"name\":\"Agazeta.net\",\"description\":\"Agazeta.net - Not\u00edcias de Rio Branco\/AC\",\"potentialAction\":[{\"@type\":\"SearchAction\",\"target\":{\"@type\":\"EntryPoint\",\"urlTemplate\":\"https:\/\/nk7-testes.com.br\/agazeta\/?s={search_term_string}\"},\"query-input\":{\"@type\":\"PropertyValueSpecification\",\"valueRequired\":true,\"valueName\":\"search_term_string\"}}],\"inLanguage\":\"pt-BR\"},{\"@type\":\"Person\",\"@id\":\"https:\/\/nk7-testes.com.br\/agazeta\/#\/schema\/person\/ff6b39d54d6973bfc57f4140f659b23f\",\"name\":\"Agazeta.Net\",\"url\":\"https:\/\/nk7-testes.com.br\/agazeta\/author\/agazeta\/\"}]}<\/script>\n<!-- \/ Yoast SEO plugin. -->","yoast_head_json":{"title":"Policial acusado de matar jovem na Expoacre \u00e9 ouvido em audi\u00eancia: \"Precisa responder pela monstruosidade\" - Agazeta.net","robots":{"index":"index","follow":"follow","max-snippet":"max-snippet:-1","max-image-preview":"max-image-preview:large","max-video-preview":"max-video-preview:-1"},"canonical":"https:\/\/nk7-testes.com.br\/agazeta\/policial-acusado-de-matar-jovem-na-expoacre-e-ouvido-em-audiencia-precisa-responder-pela-monstruosidade\/","og_locale":"pt_BR","og_type":"article","og_title":"Policial acusado de matar jovem na Expoacre \u00e9 ouvido em audi\u00eancia: \"Precisa responder pela monstruosidade\"","og_description":"Segundo Isa Santos, m\u00e3e da v\u00edtima, Raimundo Nonato precisa responder pelo crime me cometeu","og_url":"https:\/\/nk7-testes.com.br\/agazeta\/policial-acusado-de-matar-jovem-na-expoacre-e-ouvido-em-audiencia-precisa-responder-pela-monstruosidade\/","og_site_name":"Agazeta.net","article_published_time":"2024-04-03T20:03:19+00:00","og_image":[{"width":800,"height":410,"url":"https:\/\/nk7-testes.com.br\/agazeta\/wp-content\/uploads\/2024\/04\/WhatsApp-Image-2024-04-03-at-5.01.31-PM-jpeg.webp","type":"image\/jpeg"}],"author":"Agazeta.Net","twitter_card":"summary_large_image","twitter_misc":{"Escrito por":"Agazeta.Net","Est. tempo de leitura":"2 minutos"},"schema":{"@context":"https:\/\/schema.org","@graph":[{"@type":"WebPage","@id":"https:\/\/nk7-testes.com.br\/agazeta\/policial-acusado-de-matar-jovem-na-expoacre-e-ouvido-em-audiencia-precisa-responder-pela-monstruosidade\/","url":"https:\/\/nk7-testes.com.br\/agazeta\/policial-acusado-de-matar-jovem-na-expoacre-e-ouvido-em-audiencia-precisa-responder-pela-monstruosidade\/","name":"Policial acusado de matar jovem na Expoacre \u00e9 ouvido em audi\u00eancia: \"Precisa responder pela monstruosidade\" - Agazeta.net","isPartOf":{"@id":"https:\/\/nk7-testes.com.br\/agazeta\/#website"},"primaryImageOfPage":{"@id":"https:\/\/nk7-testes.com.br\/agazeta\/policial-acusado-de-matar-jovem-na-expoacre-e-ouvido-em-audiencia-precisa-responder-pela-monstruosidade\/#primaryimage"},"image":{"@id":"https:\/\/nk7-testes.com.br\/agazeta\/policial-acusado-de-matar-jovem-na-expoacre-e-ouvido-em-audiencia-precisa-responder-pela-monstruosidade\/#primaryimage"},"thumbnailUrl":"https:\/\/nk7-testes.com.br\/agazeta\/wp-content\/uploads\/2024\/04\/WhatsApp-Image-2024-04-03-at-5.01.31-PM-jpeg.webp","datePublished":"2024-04-03T20:03:19+00:00","author":{"@id":"https:\/\/nk7-testes.com.br\/agazeta\/#\/schema\/person\/ff6b39d54d6973bfc57f4140f659b23f"},"breadcrumb":{"@id":"https:\/\/nk7-testes.com.br\/agazeta\/policial-acusado-de-matar-jovem-na-expoacre-e-ouvido-em-audiencia-precisa-responder-pela-monstruosidade\/#breadcrumb"},"inLanguage":"pt-BR","potentialAction":[{"@type":"ReadAction","target":["https:\/\/nk7-testes.com.br\/agazeta\/policial-acusado-de-matar-jovem-na-expoacre-e-ouvido-em-audiencia-precisa-responder-pela-monstruosidade\/"]}]},{"@type":"ImageObject","inLanguage":"pt-BR","@id":"https:\/\/nk7-testes.com.br\/agazeta\/policial-acusado-de-matar-jovem-na-expoacre-e-ouvido-em-audiencia-precisa-responder-pela-monstruosidade\/#primaryimage","url":"https:\/\/nk7-testes.com.br\/agazeta\/wp-content\/uploads\/2024\/04\/WhatsApp-Image-2024-04-03-at-5.01.31-PM-jpeg.webp","contentUrl":"https:\/\/nk7-testes.com.br\/agazeta\/wp-content\/uploads\/2024\/04\/WhatsApp-Image-2024-04-03-at-5.01.31-PM-jpeg.webp","width":800,"height":410},{"@type":"BreadcrumbList","@id":"https:\/\/nk7-testes.com.br\/agazeta\/policial-acusado-de-matar-jovem-na-expoacre-e-ouvido-em-audiencia-precisa-responder-pela-monstruosidade\/#breadcrumb","itemListElement":[{"@type":"ListItem","position":1,"name":"In\u00edcio","item":"https:\/\/nk7-testes.com.br\/agazeta\/"},{"@type":"ListItem","position":2,"name":"Policial acusado de matar jovem na Expoacre \u00e9 ouvido em audi\u00eancia: &#8220;Precisa responder pela monstruosidade&#8221;"}]},{"@type":"WebSite","@id":"https:\/\/nk7-testes.com.br\/agazeta\/#website","url":"https:\/\/nk7-testes.com.br\/agazeta\/","name":"Agazeta.net","description":"Agazeta.net - Not\u00edcias de Rio Branco\/AC","potentialAction":[{"@type":"SearchAction","target":{"@type":"EntryPoint","urlTemplate":"https:\/\/nk7-testes.com.br\/agazeta\/?s={search_term_string}"},"query-input":{"@type":"PropertyValueSpecification","valueRequired":true,"valueName":"search_term_string"}}],"inLanguage":"pt-BR"},{"@type":"Person","@id":"https:\/\/nk7-testes.com.br\/agazeta\/#\/schema\/person\/ff6b39d54d6973bfc57f4140f659b23f","name":"Agazeta.Net","url":"https:\/\/nk7-testes.com.br\/agazeta\/author\/agazeta\/"}]}},"_links":{"self":[{"href":"https:\/\/nk7-testes.com.br\/agazeta\/wp-json\/wp\/v2\/posts\/130027","targetHints":{"allow":["GET"]}}],"collection":[{"href":"https:\/\/nk7-testes.com.br\/agazeta\/wp-json\/wp\/v2\/posts"}],"about":[{"href":"https:\/\/nk7-testes.com.br\/agazeta\/wp-json\/wp\/v2\/types\/post"}],"author":[{"embeddable":true,"href":"https:\/\/nk7-testes.com.br\/agazeta\/wp-json\/wp\/v2\/users\/4"}],"replies":[{"embeddable":true,"href":"https:\/\/nk7-testes.com.br\/agazeta\/wp-json\/wp\/v2\/comments?post=130027"}],"version-history":[{"count":0,"href":"https:\/\/nk7-testes.com.br\/agazeta\/wp-json\/wp\/v2\/posts\/130027\/revisions"}],"wp:featuredmedia":[{"embeddable":true,"href":"https:\/\/nk7-testes.com.br\/agazeta\/wp-json\/wp\/v2\/media\/130040"}],"wp:attachment":[{"href":"https:\/\/nk7-testes.com.br\/agazeta\/wp-json\/wp\/v2\/media?parent=130027"}],"wp:term":[{"taxonomy":"category","embeddable":true,"href":"https:\/\/nk7-testes.com.br\/agazeta\/wp-json\/wp\/v2\/categories?post=130027"},{"taxonomy":"post_tag","embeddable":true,"href":"https:\/\/nk7-testes.com.br\/agazeta\/wp-json\/wp\/v2\/tags?post=130027"}],"curies":[{"name":"wp","href":"https:\/\/api.w.org\/{rel}","templated":true}]}}