{"id":130002,"date":"2024-04-03T10:53:14","date_gmt":"2024-04-03T15:53:14","guid":{"rendered":"https:\/\/nk7-testes.com.br\/?p=130002"},"modified":"2024-04-03T11:11:26","modified_gmt":"2024-04-03T16:11:26","slug":"condutor-que-atropelouu-motociclista-que-teve-perna-amputada-e-denunciado-pelo-mpac","status":"publish","type":"post","link":"https:\/\/nk7-testes.com.br\/agazeta\/condutor-que-atropelouu-motociclista-que-teve-perna-amputada-e-denunciado-pelo-mpac\/","title":{"rendered":"Condutor que atropelou motociclista que teve perna amputada \u00e9 denunciado pelo MPAC"},"content":{"rendered":"<p style=\"text-align: justify;\"><span style=\"font-weight: 400;\">Quase oito meses se passaram desde o incidente que mudou a vida de Renan Felipe Bezerra da Silva, de 32 anos, principal v\u00edtima de um acidente de tr\u00e2nsito ocorrido em julho de 2023, no bairro Floresta. Ele conduzia uma moto de 150 cilindradas quando foi surpreendido por um carro Onix que trafegava em sentido contr\u00e1rio. O impacto da colis\u00e3o resultou na perda da perna esquerda de Bezerra, al\u00e9m de deix\u00e1-lo sem movimentos no bra\u00e7o que foi dilacerado pelo impacto.<\/span><\/p>\n<p style=\"text-align: justify;\"><span style=\"font-weight: 400;\">Atualmente, o homem aguarda a cicatriza\u00e7\u00e3o das feridas para ser submetido a uma nova cirurgia, enquanto enfrenta dores intensas e a dificuldade de realizar tarefas cotidianas. Nas pr\u00f3prias palavras, ele descreve a situa\u00e7\u00e3o como devastadora, com a vida praticamente destru\u00edda e a depend\u00eancia de amigos e familiares para a subsist\u00eancia.<\/span><\/p>\n<p style=\"text-align: justify;\"><span style=\"font-weight: 400;\">&#8220;Minha vida est\u00e1 destru\u00edda, porque sem trabalhar, sem poder fazer nada, estou com dificuldade, meu bra\u00e7o n\u00e3o volta ao normal, sinto muita dor. N\u00e3o tendo ajuda de ningu\u00e9m, s\u00f3 amigos familiares para comer. Fiquei sem a minha perna, tive a les\u00e3o de plexo, ainda t\u00f4 com uma ferida ainda no bra\u00e7o&#8221;, esclarece.<\/span><\/p>\n<p style=\"text-align: justify;\"><span style=\"font-weight: 400;\">Al\u00e9m das les\u00f5es f\u00edsicas, ele foi acometido por uma les\u00e3o do plexo braquial, que compromete os nervos que v\u00e3o do pesco\u00e7o at\u00e9 as m\u00e3os, o que resulta em dor, fraqueza e perda de sensibilidade e movimentos. A situa\u00e7\u00e3o emocional dele tamb\u00e9m \u00e9 abalada pela sensa\u00e7\u00e3o de incapacidade e necessidade de ajuda constante para atividades b\u00e1sicas.<\/span><\/p>\n<p style=\"text-align: justify;\"><span style=\"font-weight: 400;\">E o emocional, toda vez d\u00e1 aquela sensa\u00e7\u00e3o de incapacidade, n\u00e3o poder ir ao banheiro, n\u00e3o poder se levantar pra comer, sempre tem que ter ajuda de algu\u00e9m. Minha esposa teve que sair do trabalho pra me ajudar, sou muito alto, meu irm\u00e3o n\u00e3o \u00e9 grande, ent\u00e3o minha m\u00e3e n\u00e3o ia aguentar. Essa \u00e9 a situa\u00e7\u00e3o que eu t\u00f4&#8221;, explica.<\/span><\/p>\n<p style=\"text-align: justify;\"><span style=\"font-weight: 400;\">Em rela\u00e7\u00e3o \u00e0 pessoa respons\u00e1vel pelo acidente, Caio Henrique de Oliveira Poche, que conduzia o ve\u00edculo \u00d4nix e invadiu a contram\u00e3o da pista, o ex-motorista relata que inicialmente houve aux\u00edlio financeiro e suporte m\u00e9dico, mas que tais benef\u00edcios foram suspensos ap\u00f3s a entrada do processo judicial.<\/span><\/p>\n<p style=\"text-align: justify;\"><span style=\"font-weight: 400;\">&#8220;No momento s\u00f3 quando n\u00e3o saiu o processo, ele me ajudou, me dava um sal\u00e1rio m\u00ednimo, comprava meu rem\u00e9dio, fazia terapeuta com a ajuda que ele me pagava. Depois que ele descobriu que eu entrei com uma a\u00e7\u00e3o judicial com ele, cortou tudo&#8221;, comenta.<\/span><\/p>\n<p style=\"text-align: justify;\"><span style=\"font-weight: 400;\">A defesa de Oliveira, o advogado M\u00e1rio Rosas, alega que o acidente foi ocasionado pela apneia grave do sono do empres\u00e1rio, que teria adormecido ao volante. A quest\u00e3o da sa\u00fade de Caio e as circunst\u00e2ncias do acidente ser\u00e3o avaliadas pela justi\u00e7a, que buscar\u00e1 uma resolu\u00e7\u00e3o para o caso.<\/span><\/p>\n<p style=\"text-align: justify;\"><span style=\"font-weight: 400;\">&#8220;Esse apoio da fam\u00edlia e do Caio n\u00e3o se resume em palavras. Desde o in\u00edcio a fam\u00edlia vem apoiando com presta\u00e7\u00e3o pecuni\u00e1ria, m\u00e9dico, apoio tamb\u00e9m \u00e0s quest\u00f5es dele. O pr\u00f3prio Caio j\u00e1 chegou a levar ele no m\u00e9dico pessoalmente. Existia, de fato, um pagamento de um sal\u00e1rio m\u00ednimo mensal, por\u00e9m, quando a v\u00edtima ingressou judicialmente contra a pessoa do Caio, a quest\u00e3o muda de patamar. Ent\u00e3o, passa para decidir a quest\u00e3o na justi\u00e7a, ent\u00e3o na justi\u00e7a, certamente, n\u00f3s vamos buscar resolver.&#8221;, concluiu o advogado.<\/span><\/p>\n<p style=\"text-align: justify;\"><span style=\"font-weight: 400;\">O inqu\u00e9rito do acidente ganhou um novo cap\u00edtulo com a atua\u00e7\u00e3o do Minist\u00e9rio P\u00fablico do Acre (MPAC). A promotora de justi\u00e7a criminal, Aretuza de Almeida Cruz, explicou os detalhes sobre as investiga\u00e7\u00f5es e o andamento do processo.<\/span><\/p>\n<p style=\"text-align: justify;\"><span style=\"font-weight: 400;\">Segundo a promotora, ao analisar o inqu\u00e9rito, foi identificado que as v\u00edtimas que estavam no carro atingido n\u00e3o manifestaram interesse em representar criminalmente contra o condutor e o garupa da moto envolvida no acidente n\u00e3o foi questionado sobre esse aspecto durante o interrogat\u00f3rio. Diante dessa falha, o MPAC solicitou \u00e0 Pol\u00edcia Civil do Acre (PCAC) a coleta de um novo depoimento.<\/span><\/p>\n<p style=\"text-align: justify;\"><span style=\"font-weight: 400;\">No entanto, o prazo de seis meses para ouvir a outra v\u00edtima se esgotou, o que levou o inqu\u00e9rito a estar apto para o oferecimento da den\u00fancia. Mesmo sem um depoimento satisfat\u00f3rio do rapaz, o MPAC decidiu apresentar a den\u00fancia com base nas provas de materialidade e autoria dispon\u00edveis, al\u00e9m da representa\u00e7\u00e3o criminal de uma das v\u00edtimas.<\/span><\/p>\n<p style=\"text-align: justify;\"><span style=\"font-weight: 400;\">O oferecimento da den\u00fancia ocorreu recentemente e agora o caso est\u00e1 sob an\u00e1lise do Poder Judici\u00e1rio para determinar se a den\u00fancia ser\u00e1 aceita. A promotora ressalta que n\u00e3o \u00e9 poss\u00edvel estabelecer um prazo espec\u00edfico para a conclus\u00e3o do processo, uma vez que o r\u00e9u est\u00e1 em liberdade e n\u00e3o h\u00e1 prioridade de tr\u00e2mite devido a essa circunst\u00e2ncia.<\/span><\/p>\n<p style=\"text-align: justify;\"><span style=\"font-weight: 400;\">&#8220;Mesmo n\u00e3o tendo um depoimento satisfat\u00f3rio do rapaz, o Minist\u00e9rio P\u00fablico decidiu oferecer a den\u00fancia, j\u00e1 que o inqu\u00e9rito possui prova de materialidade suficientes de autoria e a representa\u00e7\u00e3o criminal de uma das v\u00edtimas. Ent\u00e3o, foi feito na data de ontem, o oferecimento da den\u00fancia, no que se refere \u00e0s les\u00f5es sofridas pelo senhor Renan, que era o piloto da motocicleta, que ficou lesionado com a\u00e7\u00e3o&#8221;, enfatiza a promotora.<\/span><\/p>\n<p style=\"text-align: justify;\"><span style=\"font-weight: 400;\">A representa\u00e7\u00e3o de Bezerra no inqu\u00e9rito foi destacada, e a promotora esclarece que, mesmo que apenas ele tenha se manifestado at\u00e9 o momento, as demais v\u00edtimas poder\u00e3o ser consideradas em futuras etapas do processo, especialmente no que diz respeito \u00e0 estipula\u00e7\u00e3o da pena. O desfecho do caso permanece em aberto, e aguarda a decis\u00e3o do Judici\u00e1rio e o desenrolar das pr\u00f3ximas etapas judiciais.<\/span><\/p>\n<p style=\"text-align: justify;\"><span style=\"font-weight: 400;\">&#8220;A partir de agora, o feito est\u00e1 sob a an\u00e1lise do Poder Judici\u00e1rio para o seu recebimento ou n\u00e3o da den\u00fancia ofertada. N\u00e3o tem como a gente definir um prazo espec\u00edfico, at\u00e9 porque \u00e9 um processo em que o r\u00e9u est\u00e1 solto, ele n\u00e3o tem um tr\u00e2mite priorit\u00e1rio em raz\u00e3o dessa circunst\u00e2ncia, ent\u00e3o ele vai ser instru\u00eddo conforme a disponibilidade da unidade jurisdicional da vara&#8221;, completa Almeida.<\/span><\/p>\n<p style=\"text-align: justify;\"><em>Mat\u00e9ria em v\u00eddeo produzida pelos rep\u00f3rteres Marilson Maia e Wanessa Lima para a TV Gazeta<\/em><\/p>\n","protected":false},"excerpt":{"rendered":"<p>Quase oito meses se passaram desde o incidente que mudou a vida de Renan Felipe Bezerra da Silva, de 32 anos, principal v\u00edtima de um acidente de tr\u00e2nsito ocorrido em julho de 2023, no bairro Floresta. Ele conduzia uma moto de 150 cilindradas quando foi surpreendido por um carro Onix que trafegava em sentido contr\u00e1rio. [&hellip;]<\/p>\n","protected":false},"author":4,"featured_media":130005,"comment_status":"open","ping_status":"open","sticky":false,"template":"","format":"standard","meta":{"jnews-multi-image_gallery":[],"jnews_single_post":{"source_name":"","source_url":"","via_name":"","via_url":"","override_template":"0","override":[{"template":"custom","single_blog_custom":"110746","parallax":"1","fullscreen":"1","layout":"right-sidebar","sidebar":"default-sidebar","second_sidebar":"default-sidebar","sticky_sidebar":"1","share_position":"top","share_float_style":"share-monocrhome","show_share_counter":"1","show_view_counter":"1","show_featured":"1","show_post_meta":"1","show_post_author":"1","show_post_author_image":"1","show_post_date":"1","post_date_format":"default","post_date_format_custom":"Y\/m\/d","show_post_category":"1","show_post_reading_time":"0","post_reading_time_wpm":"300","show_zoom_button":"0","zoom_button_out_step":"2","zoom_button_in_step":"3","show_post_tag":"1","show_prev_next_post":"1","show_popup_post":"1","number_popup_post":"1","show_author_box":"0","show_post_related":"1","show_inline_post_related":"0"}],"override_image_size":"0","image_override":[{"single_post_thumbnail_size":"crop-500","single_post_gallery_size":"crop-500"}],"trending_post":"0","trending_post_position":"meta","trending_post_label":"Trending","sponsored_post":"0","sponsored_post_label":"Sponsored by","sponsored_post_name":"","sponsored_post_url":"","sponsored_post_logo_enable":"0","sponsored_post_logo":"","sponsored_post_desc":"","disable_ad":"0"},"jnews_primary_category":{"id":"","hide":""},"jnews_social_meta":{"fb_title":"","fb_description":"","fb_image":"","twitter_title":"","twitter_description":"","twitter_image":""},"jnews_review":[],"enable_review":"0","type":"percentage","name":"","summary":"","brand":"","sku":"","good":[{"good_text":""}],"bad":[{"bad_text":""}],"score_override":"0","override_value":"","rating":[{"rating_text":"","rating_number":"10"}],"price":[{"shop":"","price":"","link":"","icon":""}],"footnotes":""},"categories":[54],"tags":[152],"class_list":["post-130002","post","type-post","status-publish","format-standard","has-post-thumbnail","hentry","category-cotidiano","tag-destaque"],"yoast_head":"<!-- This site is optimized with the Yoast SEO plugin v26.5 - https:\/\/yoast.com\/wordpress\/plugins\/seo\/ -->\n<title>Condutor que atropelou motociclista que teve perna amputada \u00e9 denunciado pelo MPAC - Agazeta.net<\/title>\n<meta name=\"robots\" content=\"index, follow, max-snippet:-1, max-image-preview:large, max-video-preview:-1\" \/>\n<link rel=\"canonical\" href=\"https:\/\/nk7-testes.com.br\/agazeta\/condutor-que-atropelouu-motociclista-que-teve-perna-amputada-e-denunciado-pelo-mpac\/\" \/>\n<meta property=\"og:locale\" content=\"pt_BR\" \/>\n<meta property=\"og:type\" content=\"article\" \/>\n<meta property=\"og:title\" content=\"Condutor que atropelou motociclista que teve perna amputada \u00e9 denunciado pelo MPAC\" \/>\n<meta property=\"og:description\" content=\"O incidente ocorreu em julho de 2023 e al\u00e9m da perda da perna, ele tamb\u00e9m ficou com um dos bra\u00e7os debilitados\" \/>\n<meta property=\"og:url\" content=\"https:\/\/nk7-testes.com.br\/agazeta\/condutor-que-atropelouu-motociclista-que-teve-perna-amputada-e-denunciado-pelo-mpac\/\" \/>\n<meta property=\"og:site_name\" content=\"Agazeta.net\" \/>\n<meta property=\"article:published_time\" content=\"2024-04-03T15:53:14+00:00\" \/>\n<meta property=\"article:modified_time\" content=\"2024-04-03T16:11:26+00:00\" \/>\n<meta property=\"og:image\" content=\"https:\/\/nk7-testes.com.br\/agazeta\/wp-content\/uploads\/2024\/04\/WhatsApp-Image-2024-04-03-at-10.45.15-AM-1-jpeg.webp\" \/>\n\t<meta property=\"og:image:width\" content=\"1599\" \/>\n\t<meta property=\"og:image:height\" content=\"899\" \/>\n\t<meta property=\"og:image:type\" content=\"image\/jpeg\" \/>\n<meta name=\"author\" content=\"Agazeta.Net\" \/>\n<meta name=\"twitter:card\" content=\"summary_large_image\" \/>\n<meta name=\"twitter:title\" content=\"Condutor que atropelou motociclista que teve perna amputada \u00e9 denunciado pelo MPAC\" \/>\n<meta name=\"twitter:description\" content=\"O incidente ocorreu em julho de 2023 e al\u00e9m da perda da perna, ele tamb\u00e9m ficou com um dos bra\u00e7os debilitados\" \/>\n<meta name=\"twitter:image\" content=\"https:\/\/nk7-testes.com.br\/agazeta\/wp-content\/uploads\/2024\/04\/WhatsApp-Image-2024-04-03-at-10.45.15-AM-1-jpeg.webp\" \/>\n<meta name=\"twitter:label1\" content=\"Escrito por\" \/>\n\t<meta name=\"twitter:data1\" content=\"Agazeta.Net\" \/>\n\t<meta name=\"twitter:label2\" content=\"Est. tempo de leitura\" \/>\n\t<meta name=\"twitter:data2\" content=\"5 minutos\" \/>\n<script type=\"application\/ld+json\" class=\"yoast-schema-graph\">{\"@context\":\"https:\/\/schema.org\",\"@graph\":[{\"@type\":\"WebPage\",\"@id\":\"https:\/\/nk7-testes.com.br\/agazeta\/condutor-que-atropelouu-motociclista-que-teve-perna-amputada-e-denunciado-pelo-mpac\/\",\"url\":\"https:\/\/nk7-testes.com.br\/agazeta\/condutor-que-atropelouu-motociclista-que-teve-perna-amputada-e-denunciado-pelo-mpac\/\",\"name\":\"Condutor que atropelou motociclista que teve perna amputada \u00e9 denunciado pelo MPAC - Agazeta.net\",\"isPartOf\":{\"@id\":\"https:\/\/nk7-testes.com.br\/agazeta\/#website\"},\"primaryImageOfPage\":{\"@id\":\"https:\/\/nk7-testes.com.br\/agazeta\/condutor-que-atropelouu-motociclista-que-teve-perna-amputada-e-denunciado-pelo-mpac\/#primaryimage\"},\"image\":{\"@id\":\"https:\/\/nk7-testes.com.br\/agazeta\/condutor-que-atropelouu-motociclista-que-teve-perna-amputada-e-denunciado-pelo-mpac\/#primaryimage\"},\"thumbnailUrl\":\"https:\/\/nk7-testes.com.br\/agazeta\/wp-content\/uploads\/2024\/04\/WhatsApp-Image-2024-04-03-at-10.59.59-AM-jpeg.webp\",\"datePublished\":\"2024-04-03T15:53:14+00:00\",\"dateModified\":\"2024-04-03T16:11:26+00:00\",\"author\":{\"@id\":\"https:\/\/nk7-testes.com.br\/agazeta\/#\/schema\/person\/ff6b39d54d6973bfc57f4140f659b23f\"},\"breadcrumb\":{\"@id\":\"https:\/\/nk7-testes.com.br\/agazeta\/condutor-que-atropelouu-motociclista-que-teve-perna-amputada-e-denunciado-pelo-mpac\/#breadcrumb\"},\"inLanguage\":\"pt-BR\",\"potentialAction\":[{\"@type\":\"ReadAction\",\"target\":[\"https:\/\/nk7-testes.com.br\/agazeta\/condutor-que-atropelouu-motociclista-que-teve-perna-amputada-e-denunciado-pelo-mpac\/\"]}]},{\"@type\":\"ImageObject\",\"inLanguage\":\"pt-BR\",\"@id\":\"https:\/\/nk7-testes.com.br\/agazeta\/condutor-que-atropelouu-motociclista-que-teve-perna-amputada-e-denunciado-pelo-mpac\/#primaryimage\",\"url\":\"https:\/\/nk7-testes.com.br\/agazeta\/wp-content\/uploads\/2024\/04\/WhatsApp-Image-2024-04-03-at-10.59.59-AM-jpeg.webp\",\"contentUrl\":\"https:\/\/nk7-testes.com.br\/agazeta\/wp-content\/uploads\/2024\/04\/WhatsApp-Image-2024-04-03-at-10.59.59-AM-jpeg.webp\",\"width\":1599,\"height\":899,\"caption\":\"Imagem: Arquivo Pessoal\"},{\"@type\":\"BreadcrumbList\",\"@id\":\"https:\/\/nk7-testes.com.br\/agazeta\/condutor-que-atropelouu-motociclista-que-teve-perna-amputada-e-denunciado-pelo-mpac\/#breadcrumb\",\"itemListElement\":[{\"@type\":\"ListItem\",\"position\":1,\"name\":\"In\u00edcio\",\"item\":\"https:\/\/nk7-testes.com.br\/agazeta\/\"},{\"@type\":\"ListItem\",\"position\":2,\"name\":\"Condutor que atropelou motociclista que teve perna amputada \u00e9 denunciado pelo MPAC\"}]},{\"@type\":\"WebSite\",\"@id\":\"https:\/\/nk7-testes.com.br\/agazeta\/#website\",\"url\":\"https:\/\/nk7-testes.com.br\/agazeta\/\",\"name\":\"Agazeta.net\",\"description\":\"Agazeta.net - Not\u00edcias de Rio Branco\/AC\",\"potentialAction\":[{\"@type\":\"SearchAction\",\"target\":{\"@type\":\"EntryPoint\",\"urlTemplate\":\"https:\/\/nk7-testes.com.br\/agazeta\/?s={search_term_string}\"},\"query-input\":{\"@type\":\"PropertyValueSpecification\",\"valueRequired\":true,\"valueName\":\"search_term_string\"}}],\"inLanguage\":\"pt-BR\"},{\"@type\":\"Person\",\"@id\":\"https:\/\/nk7-testes.com.br\/agazeta\/#\/schema\/person\/ff6b39d54d6973bfc57f4140f659b23f\",\"name\":\"Agazeta.Net\",\"url\":\"https:\/\/nk7-testes.com.br\/agazeta\/author\/agazeta\/\"}]}<\/script>\n<!-- \/ Yoast SEO plugin. -->","yoast_head_json":{"title":"Condutor que atropelou motociclista que teve perna amputada \u00e9 denunciado pelo MPAC - Agazeta.net","robots":{"index":"index","follow":"follow","max-snippet":"max-snippet:-1","max-image-preview":"max-image-preview:large","max-video-preview":"max-video-preview:-1"},"canonical":"https:\/\/nk7-testes.com.br\/agazeta\/condutor-que-atropelouu-motociclista-que-teve-perna-amputada-e-denunciado-pelo-mpac\/","og_locale":"pt_BR","og_type":"article","og_title":"Condutor que atropelou motociclista que teve perna amputada \u00e9 denunciado pelo MPAC","og_description":"O incidente ocorreu em julho de 2023 e al\u00e9m da perda da perna, ele tamb\u00e9m ficou com um dos bra\u00e7os debilitados","og_url":"https:\/\/nk7-testes.com.br\/agazeta\/condutor-que-atropelouu-motociclista-que-teve-perna-amputada-e-denunciado-pelo-mpac\/","og_site_name":"Agazeta.net","article_published_time":"2024-04-03T15:53:14+00:00","article_modified_time":"2024-04-03T16:11:26+00:00","og_image":[{"width":1599,"height":899,"url":"https:\/\/nk7-testes.com.br\/agazeta\/wp-content\/uploads\/2024\/04\/WhatsApp-Image-2024-04-03-at-10.45.15-AM-1-jpeg.webp","type":"image\/jpeg"}],"author":"Agazeta.Net","twitter_card":"summary_large_image","twitter_title":"Condutor que atropelou motociclista que teve perna amputada \u00e9 denunciado pelo MPAC","twitter_description":"O incidente ocorreu em julho de 2023 e al\u00e9m da perda da perna, ele tamb\u00e9m ficou com um dos bra\u00e7os debilitados","twitter_image":"https:\/\/nk7-testes.com.br\/agazeta\/wp-content\/uploads\/2024\/04\/WhatsApp-Image-2024-04-03-at-10.45.15-AM-1-jpeg.webp","twitter_misc":{"Escrito por":"Agazeta.Net","Est. tempo de leitura":"5 minutos"},"schema":{"@context":"https:\/\/schema.org","@graph":[{"@type":"WebPage","@id":"https:\/\/nk7-testes.com.br\/agazeta\/condutor-que-atropelouu-motociclista-que-teve-perna-amputada-e-denunciado-pelo-mpac\/","url":"https:\/\/nk7-testes.com.br\/agazeta\/condutor-que-atropelouu-motociclista-que-teve-perna-amputada-e-denunciado-pelo-mpac\/","name":"Condutor que atropelou motociclista que teve perna amputada \u00e9 denunciado pelo MPAC - Agazeta.net","isPartOf":{"@id":"https:\/\/nk7-testes.com.br\/agazeta\/#website"},"primaryImageOfPage":{"@id":"https:\/\/nk7-testes.com.br\/agazeta\/condutor-que-atropelouu-motociclista-que-teve-perna-amputada-e-denunciado-pelo-mpac\/#primaryimage"},"image":{"@id":"https:\/\/nk7-testes.com.br\/agazeta\/condutor-que-atropelouu-motociclista-que-teve-perna-amputada-e-denunciado-pelo-mpac\/#primaryimage"},"thumbnailUrl":"https:\/\/nk7-testes.com.br\/agazeta\/wp-content\/uploads\/2024\/04\/WhatsApp-Image-2024-04-03-at-10.59.59-AM-jpeg.webp","datePublished":"2024-04-03T15:53:14+00:00","dateModified":"2024-04-03T16:11:26+00:00","author":{"@id":"https:\/\/nk7-testes.com.br\/agazeta\/#\/schema\/person\/ff6b39d54d6973bfc57f4140f659b23f"},"breadcrumb":{"@id":"https:\/\/nk7-testes.com.br\/agazeta\/condutor-que-atropelouu-motociclista-que-teve-perna-amputada-e-denunciado-pelo-mpac\/#breadcrumb"},"inLanguage":"pt-BR","potentialAction":[{"@type":"ReadAction","target":["https:\/\/nk7-testes.com.br\/agazeta\/condutor-que-atropelouu-motociclista-que-teve-perna-amputada-e-denunciado-pelo-mpac\/"]}]},{"@type":"ImageObject","inLanguage":"pt-BR","@id":"https:\/\/nk7-testes.com.br\/agazeta\/condutor-que-atropelouu-motociclista-que-teve-perna-amputada-e-denunciado-pelo-mpac\/#primaryimage","url":"https:\/\/nk7-testes.com.br\/agazeta\/wp-content\/uploads\/2024\/04\/WhatsApp-Image-2024-04-03-at-10.59.59-AM-jpeg.webp","contentUrl":"https:\/\/nk7-testes.com.br\/agazeta\/wp-content\/uploads\/2024\/04\/WhatsApp-Image-2024-04-03-at-10.59.59-AM-jpeg.webp","width":1599,"height":899,"caption":"Imagem: Arquivo Pessoal"},{"@type":"BreadcrumbList","@id":"https:\/\/nk7-testes.com.br\/agazeta\/condutor-que-atropelouu-motociclista-que-teve-perna-amputada-e-denunciado-pelo-mpac\/#breadcrumb","itemListElement":[{"@type":"ListItem","position":1,"name":"In\u00edcio","item":"https:\/\/nk7-testes.com.br\/agazeta\/"},{"@type":"ListItem","position":2,"name":"Condutor que atropelou motociclista que teve perna amputada \u00e9 denunciado pelo MPAC"}]},{"@type":"WebSite","@id":"https:\/\/nk7-testes.com.br\/agazeta\/#website","url":"https:\/\/nk7-testes.com.br\/agazeta\/","name":"Agazeta.net","description":"Agazeta.net - Not\u00edcias de Rio Branco\/AC","potentialAction":[{"@type":"SearchAction","target":{"@type":"EntryPoint","urlTemplate":"https:\/\/nk7-testes.com.br\/agazeta\/?s={search_term_string}"},"query-input":{"@type":"PropertyValueSpecification","valueRequired":true,"valueName":"search_term_string"}}],"inLanguage":"pt-BR"},{"@type":"Person","@id":"https:\/\/nk7-testes.com.br\/agazeta\/#\/schema\/person\/ff6b39d54d6973bfc57f4140f659b23f","name":"Agazeta.Net","url":"https:\/\/nk7-testes.com.br\/agazeta\/author\/agazeta\/"}]}},"_links":{"self":[{"href":"https:\/\/nk7-testes.com.br\/agazeta\/wp-json\/wp\/v2\/posts\/130002","targetHints":{"allow":["GET"]}}],"collection":[{"href":"https:\/\/nk7-testes.com.br\/agazeta\/wp-json\/wp\/v2\/posts"}],"about":[{"href":"https:\/\/nk7-testes.com.br\/agazeta\/wp-json\/wp\/v2\/types\/post"}],"author":[{"embeddable":true,"href":"https:\/\/nk7-testes.com.br\/agazeta\/wp-json\/wp\/v2\/users\/4"}],"replies":[{"embeddable":true,"href":"https:\/\/nk7-testes.com.br\/agazeta\/wp-json\/wp\/v2\/comments?post=130002"}],"version-history":[{"count":0,"href":"https:\/\/nk7-testes.com.br\/agazeta\/wp-json\/wp\/v2\/posts\/130002\/revisions"}],"wp:featuredmedia":[{"embeddable":true,"href":"https:\/\/nk7-testes.com.br\/agazeta\/wp-json\/wp\/v2\/media\/130005"}],"wp:attachment":[{"href":"https:\/\/nk7-testes.com.br\/agazeta\/wp-json\/wp\/v2\/media?parent=130002"}],"wp:term":[{"taxonomy":"category","embeddable":true,"href":"https:\/\/nk7-testes.com.br\/agazeta\/wp-json\/wp\/v2\/categories?post=130002"},{"taxonomy":"post_tag","embeddable":true,"href":"https:\/\/nk7-testes.com.br\/agazeta\/wp-json\/wp\/v2\/tags?post=130002"}],"curies":[{"name":"wp","href":"https:\/\/api.w.org\/{rel}","templated":true}]}}