{"id":129887,"date":"2024-04-01T15:33:24","date_gmt":"2024-04-01T20:33:24","guid":{"rendered":"https:\/\/nk7-testes.com.br\/?p=129887"},"modified":"2024-04-01T15:33:24","modified_gmt":"2024-04-01T20:33:24","slug":"devem-responder-por-homicidio-triplamente-qualificado-diz-defesa-de-gessica-oliveira-sobre-policiais-acusados","status":"publish","type":"post","link":"https:\/\/nk7-testes.com.br\/agazeta\/devem-responder-por-homicidio-triplamente-qualificado-diz-defesa-de-gessica-oliveira-sobre-policiais-acusados\/","title":{"rendered":"\u201cDevem responder por homic\u00eddio triplamente qualificado\u201d, diz defesa de G\u00e9ssica Oliveira sobre policiais acusados"},"content":{"rendered":"<p style=\"text-align: justify;\">O advogado de defesa da enfermeira G\u00e9ssica Melo de Oliveira, morta durante persegui\u00e7\u00e3o policial no interior do Acre, atrav\u00e9s de um v\u00eddeo disponibilizado \u00e0 imprensa afirma que os policiais acusados de cometerem o crime devem responder por homic\u00eddio triplamente qualificado.<\/p>\n<p style=\"text-align: justify;\">De acordo com Walisson dos Reis, todos os laudos apontam para a execu\u00e7\u00e3o da enfermeira. Al\u00e9m disso, questiona qual a puni\u00e7\u00e3o que a Corregedoria Geral da Pol\u00edcia Militar do Acre (PM\/AC) vai dar aos policiais investigados pela morte de G\u00e9ssica Oliveira.<\/p>\n<p style=\"text-align: justify;\">&#8220;Agora eu quero saber qual a puni\u00e7\u00e3o que a Corregedoria vai dar para esses policiais. V\u00e3o esperar mais o qu\u00ea? Os laudos e tudo apontam para uma execu\u00e7\u00e3o da enfermeira e n\u00f3s queremos justi\u00e7a. \u00c9 um esc\u00e2ndalo para a Pol\u00edcia do Acre. Eles devem responder na forma da lei, por homic\u00eddio triplamente qualificado&#8221;, diz Walisson dos Reis.<\/p>\n<p style=\"text-align: justify;\">O advogado ainda lembra que os policiais foram soltos da pris\u00e3o ap\u00f3s alegarem que precisavam cuidar dos filhos menores de idade, por\u00e9m, segundo Reis, eles n\u00e3o pensaram da mesma forma quando mataram a enfermeira, m\u00e3e de tr\u00eas filhos.<\/p>\n<p style=\"text-align: justify;\">&#8220;Eles forma soltos sob alega\u00e7\u00e3o de que deveriam cuidar dos filhos menores, mas n\u00e3o pensaram da mesma forma quando executaram a enfermeira G\u00e9ssica e deixaram \u00f3rf\u00e3os tr\u00eas crian\u00e7as. Essas crian\u00e7as nunca mais poder\u00e3o dar um abra\u00e7o na m\u00e3e. A m\u00e3e est\u00e1 enterrada para sempre&#8221;, destaca a defesa.<\/p>\n<p><img decoding=\"async\" class=\"aligncenter wp-image-129888 \" src=\"https:\/\/nk7-testes.com.br\/wp-content\/uploads\/2024\/04\/WhatsApp-Image-2024-04-01-at-17.24.37-jpeg.webp\" alt=\"\" width=\"580\" height=\"579\" srcset=\"https:\/\/nk7-testes.com.br\/agazeta\/wp-content\/uploads\/2024\/04\/WhatsApp-Image-2024-04-01-at-17.24.37-jpeg.webp 984w, https:\/\/nk7-testes.com.br\/agazeta\/wp-content\/uploads\/2024\/04\/WhatsApp-Image-2024-04-01-at-17.24.37-300x300.webp 300w, https:\/\/nk7-testes.com.br\/agazeta\/wp-content\/uploads\/2024\/04\/WhatsApp-Image-2024-04-01-at-17.24.37-150x150.webp 150w, https:\/\/nk7-testes.com.br\/agazeta\/wp-content\/uploads\/2024\/04\/WhatsApp-Image-2024-04-01-at-17.24.37-768x766.webp 768w, https:\/\/nk7-testes.com.br\/agazeta\/wp-content\/uploads\/2024\/04\/WhatsApp-Image-2024-04-01-at-17.24.37-75x75.webp 75w, https:\/\/nk7-testes.com.br\/agazeta\/wp-content\/uploads\/2024\/04\/WhatsApp-Image-2024-04-01-at-17.24.37-350x350.webp 350w, https:\/\/nk7-testes.com.br\/agazeta\/wp-content\/uploads\/2024\/04\/WhatsApp-Image-2024-04-01-at-17.24.37-750x748.webp 750w, https:\/\/nk7-testes.com.br\/agazeta\/wp-content\/uploads\/2024\/04\/WhatsApp-Image-2024-04-01-at-17.24.37-400x400.webp 400w\" sizes=\"(max-width: 580px) 100vw, 580px\" \/><\/p>\n<h4>Inqu\u00e9rito MPAC<\/h4>\n<p style=\"text-align: justify;\">Atualiza\u00e7\u00f5es baseadas no inqu\u00e9rito do Minist\u00e9rio P\u00fablico do Acre (MPAC) mostram que, segundo a per\u00edcia, o manuseio da arma respons\u00e1vel por disparar o tiro que matou a enfermeira se deu com a utiliza\u00e7\u00e3o de luvas que impediram a transfer\u00eancia eficiente de vest\u00edgios capazes de identificar quem manuseou a arma.<\/p>\n<p style=\"text-align: justify;\">Ainda de acordo com as atualiza\u00e7\u00f5es das investiga\u00e7\u00f5es, h\u00e1 ind\u00edcios que houve tentativa de \u201cmudar a cena do crime\u201d, com a inser\u00e7\u00e3o de uma arma de fogo, do tipo pistola, por parte dos suspeitos dos disparos que vitimaram a enfermeira, alegando-se pertencer a ela, como uma forma de poderem alegar leg\u00edtima defesa.<\/p>\n<p style=\"text-align: justify;\">Tamb\u00e9m foi realizado a amostra da urina da v\u00edtima, que apontou negativo para bebida alco\u00f3licas ou qualquer tipo de drogas, apenas para os medicamentos antidepressivos que G\u00e9ssica fazia uso.<\/p>\n<h4 class=\"jeg_post_title\">Per\u00edcia afirma que arma de fogo n\u00e3o era de enfermeira<\/h4>\n<p>https:\/\/nk7-testes.com.br\/pericia-afirma-que-arma-de-fogo-nao-era-de-enfermeira-morta-em-perseguicao-policial-no-acre\/<\/p>\n","protected":false},"excerpt":{"rendered":"<p>O advogado de defesa da enfermeira G\u00e9ssica Melo de Oliveira, morta durante persegui\u00e7\u00e3o policial no interior do Acre, atrav\u00e9s de um v\u00eddeo disponibilizado \u00e0 imprensa afirma que os policiais acusados de cometerem o crime devem responder por homic\u00eddio triplamente qualificado. De acordo com Walisson dos Reis, todos os laudos apontam para a execu\u00e7\u00e3o da enfermeira. [&hellip;]<\/p>\n","protected":false},"author":4,"featured_media":129889,"comment_status":"open","ping_status":"open","sticky":false,"template":"","format":"standard","meta":{"jnews-multi-image_gallery":[],"jnews_single_post":{"source_name":"","source_url":"","via_name":"","via_url":"","override_template":"0","override":[{"template":"custom","single_blog_custom":"110746","parallax":"1","fullscreen":"1","layout":"right-sidebar","sidebar":"default-sidebar","second_sidebar":"default-sidebar","sticky_sidebar":"1","share_position":"top","share_float_style":"share-monocrhome","show_share_counter":"1","show_view_counter":"1","show_featured":"1","show_post_meta":"1","show_post_author":"1","show_post_author_image":"1","show_post_date":"1","post_date_format":"default","post_date_format_custom":"Y\/m\/d","show_post_category":"1","show_post_reading_time":"0","post_reading_time_wpm":"300","show_zoom_button":"0","zoom_button_out_step":"2","zoom_button_in_step":"3","show_post_tag":"1","show_prev_next_post":"1","show_popup_post":"1","number_popup_post":"1","show_author_box":"0","show_post_related":"1","show_inline_post_related":"0"}],"override_image_size":"0","image_override":[{"single_post_thumbnail_size":"crop-500","single_post_gallery_size":"crop-500"}],"trending_post":"0","trending_post_position":"meta","trending_post_label":"Trending","sponsored_post":"0","sponsored_post_label":"Sponsored by","sponsored_post_name":"","sponsored_post_url":"","sponsored_post_logo_enable":"0","sponsored_post_logo":"","sponsored_post_desc":"","disable_ad":"0"},"jnews_primary_category":{"id":"","hide":""},"jnews_social_meta":{"fb_title":"","fb_description":"","fb_image":"","twitter_title":"","twitter_description":"","twitter_image":""},"jnews_review":[],"enable_review":"0","type":"percentage","name":"","summary":"","brand":"","sku":"","good":[{"good_text":""}],"bad":[{"bad_text":""}],"score_override":"0","override_value":"","rating":[{"rating_text":"","rating_number":"10"}],"price":[{"shop":"","price":"","link":"","icon":""}],"footnotes":""},"categories":[54],"tags":[152],"class_list":["post-129887","post","type-post","status-publish","format-standard","has-post-thumbnail","hentry","category-cotidiano","tag-destaque"],"yoast_head":"<!-- This site is optimized with the Yoast SEO plugin v26.5 - https:\/\/yoast.com\/wordpress\/plugins\/seo\/ -->\n<title>\u201cDevem responder por homic\u00eddio triplamente qualificado\u201d, diz defesa de G\u00e9ssica Oliveira sobre policiais acusados - Agazeta.net<\/title>\n<meta name=\"robots\" content=\"index, follow, max-snippet:-1, max-image-preview:large, max-video-preview:-1\" \/>\n<link rel=\"canonical\" href=\"https:\/\/nk7-testes.com.br\/agazeta\/devem-responder-por-homicidio-triplamente-qualificado-diz-defesa-de-gessica-oliveira-sobre-policiais-acusados\/\" \/>\n<meta property=\"og:locale\" content=\"pt_BR\" \/>\n<meta property=\"og:type\" content=\"article\" \/>\n<meta property=\"og:title\" content=\"\u201cDevem responder por homic\u00eddio triplamente qualificado\u201d, diz defesa de G\u00e9ssica Oliveira sobre policiais acusados\" \/>\n<meta property=\"og:description\" content=\"Walisson dos Reis questiona qual puni\u00e7\u00e3o a Corregedoria Geral da Pol\u00edcia Militar do Acre vai dar aos policiais\" \/>\n<meta property=\"og:url\" content=\"https:\/\/nk7-testes.com.br\/agazeta\/devem-responder-por-homicidio-triplamente-qualificado-diz-defesa-de-gessica-oliveira-sobre-policiais-acusados\/\" \/>\n<meta property=\"og:site_name\" content=\"Agazeta.net\" \/>\n<meta property=\"article:published_time\" content=\"2024-04-01T20:33:24+00:00\" \/>\n<meta property=\"og:image\" content=\"https:\/\/nk7-testes.com.br\/agazeta\/wp-content\/uploads\/2024\/04\/WhatsApp-Image-2024-04-01-at-17.32.07-jpeg.webp\" \/>\n\t<meta property=\"og:image:width\" content=\"800\" \/>\n\t<meta property=\"og:image:height\" content=\"405\" \/>\n\t<meta property=\"og:image:type\" content=\"image\/jpeg\" \/>\n<meta name=\"author\" content=\"Agazeta.Net\" \/>\n<meta name=\"twitter:card\" content=\"summary_large_image\" \/>\n<meta name=\"twitter:label1\" content=\"Escrito por\" \/>\n\t<meta name=\"twitter:data1\" content=\"Agazeta.Net\" \/>\n\t<meta name=\"twitter:label2\" content=\"Est. tempo de leitura\" \/>\n\t<meta name=\"twitter:data2\" content=\"2 minutos\" \/>\n<script type=\"application\/ld+json\" class=\"yoast-schema-graph\">{\"@context\":\"https:\/\/schema.org\",\"@graph\":[{\"@type\":\"WebPage\",\"@id\":\"https:\/\/nk7-testes.com.br\/agazeta\/devem-responder-por-homicidio-triplamente-qualificado-diz-defesa-de-gessica-oliveira-sobre-policiais-acusados\/\",\"url\":\"https:\/\/nk7-testes.com.br\/agazeta\/devem-responder-por-homicidio-triplamente-qualificado-diz-defesa-de-gessica-oliveira-sobre-policiais-acusados\/\",\"name\":\"\u201cDevem responder por homic\u00eddio triplamente qualificado\u201d, diz defesa de G\u00e9ssica Oliveira sobre policiais acusados - Agazeta.net\",\"isPartOf\":{\"@id\":\"https:\/\/nk7-testes.com.br\/agazeta\/#website\"},\"primaryImageOfPage\":{\"@id\":\"https:\/\/nk7-testes.com.br\/agazeta\/devem-responder-por-homicidio-triplamente-qualificado-diz-defesa-de-gessica-oliveira-sobre-policiais-acusados\/#primaryimage\"},\"image\":{\"@id\":\"https:\/\/nk7-testes.com.br\/agazeta\/devem-responder-por-homicidio-triplamente-qualificado-diz-defesa-de-gessica-oliveira-sobre-policiais-acusados\/#primaryimage\"},\"thumbnailUrl\":\"https:\/\/nk7-testes.com.br\/agazeta\/wp-content\/uploads\/2024\/04\/WhatsApp-Image-2024-04-01-at-17.32.07-jpeg.webp\",\"datePublished\":\"2024-04-01T20:33:24+00:00\",\"author\":{\"@id\":\"https:\/\/nk7-testes.com.br\/agazeta\/#\/schema\/person\/ff6b39d54d6973bfc57f4140f659b23f\"},\"breadcrumb\":{\"@id\":\"https:\/\/nk7-testes.com.br\/agazeta\/devem-responder-por-homicidio-triplamente-qualificado-diz-defesa-de-gessica-oliveira-sobre-policiais-acusados\/#breadcrumb\"},\"inLanguage\":\"pt-BR\",\"potentialAction\":[{\"@type\":\"ReadAction\",\"target\":[\"https:\/\/nk7-testes.com.br\/agazeta\/devem-responder-por-homicidio-triplamente-qualificado-diz-defesa-de-gessica-oliveira-sobre-policiais-acusados\/\"]}]},{\"@type\":\"ImageObject\",\"inLanguage\":\"pt-BR\",\"@id\":\"https:\/\/nk7-testes.com.br\/agazeta\/devem-responder-por-homicidio-triplamente-qualificado-diz-defesa-de-gessica-oliveira-sobre-policiais-acusados\/#primaryimage\",\"url\":\"https:\/\/nk7-testes.com.br\/agazeta\/wp-content\/uploads\/2024\/04\/WhatsApp-Image-2024-04-01-at-17.32.07-jpeg.webp\",\"contentUrl\":\"https:\/\/nk7-testes.com.br\/agazeta\/wp-content\/uploads\/2024\/04\/WhatsApp-Image-2024-04-01-at-17.32.07-jpeg.webp\",\"width\":800,\"height\":405},{\"@type\":\"BreadcrumbList\",\"@id\":\"https:\/\/nk7-testes.com.br\/agazeta\/devem-responder-por-homicidio-triplamente-qualificado-diz-defesa-de-gessica-oliveira-sobre-policiais-acusados\/#breadcrumb\",\"itemListElement\":[{\"@type\":\"ListItem\",\"position\":1,\"name\":\"In\u00edcio\",\"item\":\"https:\/\/nk7-testes.com.br\/agazeta\/\"},{\"@type\":\"ListItem\",\"position\":2,\"name\":\"\u201cDevem responder por homic\u00eddio triplamente qualificado\u201d, diz defesa de G\u00e9ssica Oliveira sobre policiais acusados\"}]},{\"@type\":\"WebSite\",\"@id\":\"https:\/\/nk7-testes.com.br\/agazeta\/#website\",\"url\":\"https:\/\/nk7-testes.com.br\/agazeta\/\",\"name\":\"Agazeta.net\",\"description\":\"Agazeta.net - Not\u00edcias de Rio Branco\/AC\",\"potentialAction\":[{\"@type\":\"SearchAction\",\"target\":{\"@type\":\"EntryPoint\",\"urlTemplate\":\"https:\/\/nk7-testes.com.br\/agazeta\/?s={search_term_string}\"},\"query-input\":{\"@type\":\"PropertyValueSpecification\",\"valueRequired\":true,\"valueName\":\"search_term_string\"}}],\"inLanguage\":\"pt-BR\"},{\"@type\":\"Person\",\"@id\":\"https:\/\/nk7-testes.com.br\/agazeta\/#\/schema\/person\/ff6b39d54d6973bfc57f4140f659b23f\",\"name\":\"Agazeta.Net\",\"url\":\"https:\/\/nk7-testes.com.br\/agazeta\/author\/agazeta\/\"}]}<\/script>\n<!-- \/ Yoast SEO plugin. -->","yoast_head_json":{"title":"\u201cDevem responder por homic\u00eddio triplamente qualificado\u201d, diz defesa de G\u00e9ssica Oliveira sobre policiais acusados - Agazeta.net","robots":{"index":"index","follow":"follow","max-snippet":"max-snippet:-1","max-image-preview":"max-image-preview:large","max-video-preview":"max-video-preview:-1"},"canonical":"https:\/\/nk7-testes.com.br\/agazeta\/devem-responder-por-homicidio-triplamente-qualificado-diz-defesa-de-gessica-oliveira-sobre-policiais-acusados\/","og_locale":"pt_BR","og_type":"article","og_title":"\u201cDevem responder por homic\u00eddio triplamente qualificado\u201d, diz defesa de G\u00e9ssica Oliveira sobre policiais acusados","og_description":"Walisson dos Reis questiona qual puni\u00e7\u00e3o a Corregedoria Geral da Pol\u00edcia Militar do Acre vai dar aos policiais","og_url":"https:\/\/nk7-testes.com.br\/agazeta\/devem-responder-por-homicidio-triplamente-qualificado-diz-defesa-de-gessica-oliveira-sobre-policiais-acusados\/","og_site_name":"Agazeta.net","article_published_time":"2024-04-01T20:33:24+00:00","og_image":[{"width":800,"height":405,"url":"https:\/\/nk7-testes.com.br\/agazeta\/wp-content\/uploads\/2024\/04\/WhatsApp-Image-2024-04-01-at-17.32.07-jpeg.webp","type":"image\/jpeg"}],"author":"Agazeta.Net","twitter_card":"summary_large_image","twitter_misc":{"Escrito por":"Agazeta.Net","Est. tempo de leitura":"2 minutos"},"schema":{"@context":"https:\/\/schema.org","@graph":[{"@type":"WebPage","@id":"https:\/\/nk7-testes.com.br\/agazeta\/devem-responder-por-homicidio-triplamente-qualificado-diz-defesa-de-gessica-oliveira-sobre-policiais-acusados\/","url":"https:\/\/nk7-testes.com.br\/agazeta\/devem-responder-por-homicidio-triplamente-qualificado-diz-defesa-de-gessica-oliveira-sobre-policiais-acusados\/","name":"\u201cDevem responder por homic\u00eddio triplamente qualificado\u201d, diz defesa de G\u00e9ssica Oliveira sobre policiais acusados - Agazeta.net","isPartOf":{"@id":"https:\/\/nk7-testes.com.br\/agazeta\/#website"},"primaryImageOfPage":{"@id":"https:\/\/nk7-testes.com.br\/agazeta\/devem-responder-por-homicidio-triplamente-qualificado-diz-defesa-de-gessica-oliveira-sobre-policiais-acusados\/#primaryimage"},"image":{"@id":"https:\/\/nk7-testes.com.br\/agazeta\/devem-responder-por-homicidio-triplamente-qualificado-diz-defesa-de-gessica-oliveira-sobre-policiais-acusados\/#primaryimage"},"thumbnailUrl":"https:\/\/nk7-testes.com.br\/agazeta\/wp-content\/uploads\/2024\/04\/WhatsApp-Image-2024-04-01-at-17.32.07-jpeg.webp","datePublished":"2024-04-01T20:33:24+00:00","author":{"@id":"https:\/\/nk7-testes.com.br\/agazeta\/#\/schema\/person\/ff6b39d54d6973bfc57f4140f659b23f"},"breadcrumb":{"@id":"https:\/\/nk7-testes.com.br\/agazeta\/devem-responder-por-homicidio-triplamente-qualificado-diz-defesa-de-gessica-oliveira-sobre-policiais-acusados\/#breadcrumb"},"inLanguage":"pt-BR","potentialAction":[{"@type":"ReadAction","target":["https:\/\/nk7-testes.com.br\/agazeta\/devem-responder-por-homicidio-triplamente-qualificado-diz-defesa-de-gessica-oliveira-sobre-policiais-acusados\/"]}]},{"@type":"ImageObject","inLanguage":"pt-BR","@id":"https:\/\/nk7-testes.com.br\/agazeta\/devem-responder-por-homicidio-triplamente-qualificado-diz-defesa-de-gessica-oliveira-sobre-policiais-acusados\/#primaryimage","url":"https:\/\/nk7-testes.com.br\/agazeta\/wp-content\/uploads\/2024\/04\/WhatsApp-Image-2024-04-01-at-17.32.07-jpeg.webp","contentUrl":"https:\/\/nk7-testes.com.br\/agazeta\/wp-content\/uploads\/2024\/04\/WhatsApp-Image-2024-04-01-at-17.32.07-jpeg.webp","width":800,"height":405},{"@type":"BreadcrumbList","@id":"https:\/\/nk7-testes.com.br\/agazeta\/devem-responder-por-homicidio-triplamente-qualificado-diz-defesa-de-gessica-oliveira-sobre-policiais-acusados\/#breadcrumb","itemListElement":[{"@type":"ListItem","position":1,"name":"In\u00edcio","item":"https:\/\/nk7-testes.com.br\/agazeta\/"},{"@type":"ListItem","position":2,"name":"\u201cDevem responder por homic\u00eddio triplamente qualificado\u201d, diz defesa de G\u00e9ssica Oliveira sobre policiais acusados"}]},{"@type":"WebSite","@id":"https:\/\/nk7-testes.com.br\/agazeta\/#website","url":"https:\/\/nk7-testes.com.br\/agazeta\/","name":"Agazeta.net","description":"Agazeta.net - Not\u00edcias de Rio Branco\/AC","potentialAction":[{"@type":"SearchAction","target":{"@type":"EntryPoint","urlTemplate":"https:\/\/nk7-testes.com.br\/agazeta\/?s={search_term_string}"},"query-input":{"@type":"PropertyValueSpecification","valueRequired":true,"valueName":"search_term_string"}}],"inLanguage":"pt-BR"},{"@type":"Person","@id":"https:\/\/nk7-testes.com.br\/agazeta\/#\/schema\/person\/ff6b39d54d6973bfc57f4140f659b23f","name":"Agazeta.Net","url":"https:\/\/nk7-testes.com.br\/agazeta\/author\/agazeta\/"}]}},"_links":{"self":[{"href":"https:\/\/nk7-testes.com.br\/agazeta\/wp-json\/wp\/v2\/posts\/129887","targetHints":{"allow":["GET"]}}],"collection":[{"href":"https:\/\/nk7-testes.com.br\/agazeta\/wp-json\/wp\/v2\/posts"}],"about":[{"href":"https:\/\/nk7-testes.com.br\/agazeta\/wp-json\/wp\/v2\/types\/post"}],"author":[{"embeddable":true,"href":"https:\/\/nk7-testes.com.br\/agazeta\/wp-json\/wp\/v2\/users\/4"}],"replies":[{"embeddable":true,"href":"https:\/\/nk7-testes.com.br\/agazeta\/wp-json\/wp\/v2\/comments?post=129887"}],"version-history":[{"count":0,"href":"https:\/\/nk7-testes.com.br\/agazeta\/wp-json\/wp\/v2\/posts\/129887\/revisions"}],"wp:featuredmedia":[{"embeddable":true,"href":"https:\/\/nk7-testes.com.br\/agazeta\/wp-json\/wp\/v2\/media\/129889"}],"wp:attachment":[{"href":"https:\/\/nk7-testes.com.br\/agazeta\/wp-json\/wp\/v2\/media?parent=129887"}],"wp:term":[{"taxonomy":"category","embeddable":true,"href":"https:\/\/nk7-testes.com.br\/agazeta\/wp-json\/wp\/v2\/categories?post=129887"},{"taxonomy":"post_tag","embeddable":true,"href":"https:\/\/nk7-testes.com.br\/agazeta\/wp-json\/wp\/v2\/tags?post=129887"}],"curies":[{"name":"wp","href":"https:\/\/api.w.org\/{rel}","templated":true}]}}