{"id":129876,"date":"2024-04-01T11:37:04","date_gmt":"2024-04-01T16:37:04","guid":{"rendered":"https:\/\/nk7-testes.com.br\/?p=129876"},"modified":"2024-04-02T08:48:37","modified_gmt":"2024-04-02T13:48:37","slug":"jogador-morto-a-tiros-no-acre-estava-ha-cerca-de-20-dias-no-estado-e-ainda-nao-tinha-participado-de-nenhum-jogo","status":"publish","type":"post","link":"https:\/\/nk7-testes.com.br\/agazeta\/jogador-morto-a-tiros-no-acre-estava-ha-cerca-de-20-dias-no-estado-e-ainda-nao-tinha-participado-de-nenhum-jogo\/","title":{"rendered":"Jogador morto a tiros no Acre estava h\u00e1 cerca de 20 dias no estado e ainda n\u00e3o tinha participado de nenhum jogo"},"content":{"rendered":"<p style=\"text-align: justify;\"><span style=\"font-weight: 400;\">Em entrevista ao Agazeta.net, nesta segunda-feira (01) Adem Ara\u00fajo, s\u00f3cio majorit\u00e1rio do clube Santa Cruz Acre, revelou informa\u00e7\u00f5es sobre o\u00a0 jogador de futebol Thiago Oseias, de 18 anos, que foi morto a tiros em Rio Branco, neste domingo (31).\u00a0<\/span><\/p>\n<p style=\"text-align: justify;\"><span style=\"font-weight: 400;\">Adem Ara\u00fajo expressou pesar pela perda do atleta e ressaltou que ele havia chegado \u00e0 cidade aproximadamente 20 dias antes do ocorrido. O jogador treinava para o campeonato Sub-20 que iniciaria no in\u00edcio de maio, ainda sem ter feito a estreia oficial pelo clube. O empres\u00e1rio destacou o potencial e o talento de Oseias enfatizou a promessa que ele representava para o time.<\/span><\/p>\n<p style=\"text-align: justify;\"><span style=\"font-weight: 400;\">&#8220;A gente lamenta muito. \u00c9 uma pena, infelizmente aconteceu. Mas o Tiago veio, eu creio que h\u00e1 mais ou menos 20 dias aqui em Rio Branco. Ele veio para jogar, um empres\u00e1rio que colocou ele aqui no Santa Cruz. Mas n\u00e3o tinha feito nenhum jogo, estava treinando somente para o campeonato Sub-20, que vai come\u00e7ar no in\u00edcio de maio&#8221;, comenta Ara\u00fajo.<\/span><\/p>\n<p style=\"text-align: justify;\"><span style=\"font-weight: 400;\">Al\u00e9m disso, Ara\u00fajo comentou sobre a presen\u00e7a de outro jovem, Arlindo, que tamb\u00e9m estava na festa onde ocorreu a trag\u00e9dia. Devido ao clima adverso, o empres\u00e1rio optou por levar Arlindo de volta \u00e0 cidade de origem. Al\u00e9m disso, o clube Santa Cruz Acre presta o apoio necess\u00e1rio \u00e0 fam\u00edlia de Oseias, para confort\u00e1-los da melhor maneira poss\u00edvel diante da perda.<\/span><\/p>\n<p style=\"text-align: justify;\"><span style=\"font-weight: 400;\">&#8220;E o outro garoto que veio com ele, que tamb\u00e9m estava junto na festa, o Arlindo, foi embora tamb\u00e9m. N\u00e3o teve clima para ficar aqui. Ent\u00e3o o empres\u00e1rio j\u00e1 o levou de volta para a cidade de origem dele. E a gente est\u00e1 fazendo o que for poss\u00edvel aqui para dar apoio para a fam\u00edlia,\u00a0 para poder confort\u00e1-lo da melhor forma poss\u00edvel&#8221;, explica.<\/span><\/p>\n<p style=\"text-align: justify;\"><span style=\"font-weight: 400;\">Sobre a rotina e estrutura dos jogadores, o empres\u00e1rio detalhou que eles residiam em uma casa acompanhados por respons\u00e1veis, com regras de sa\u00edda e retorno estabelecidas. A v\u00edtima foi ao shopping no s\u00e1bado, com previs\u00e3o de retornar \u00e0s 10 horas, mas acabou indo para a festa onde ocorreu o incidente.<\/span><\/p>\n<p style=\"text-align: justify;\"><span style=\"font-weight: 400;\">&#8220;Sobre a estrutura, eles moram em uma casa grande, acompanhada por pessoas que controlam a sa\u00edda deles. Por ser maior, n\u00e3o precisa de autoriza\u00e7\u00e3o dos pais quando sair, s\u00f3 informa para onde vai e diz o hor\u00e1rio que volta. E assim sempre foi, ne. E ganhava confian\u00e7a de acordo com a rotina e o cumprimento dos hor\u00e1rios deles. O Thiago saiu para o shopping no s\u00e1bado, para voltar \u00e0s 10 horas. Infelizmente, de l\u00e1, seguiu para essa festa&#8221;, diz.<\/span><\/p>\n<p style=\"text-align: justify;\"><span style=\"font-weight: 400;\">Adem Ara\u00fajo tamb\u00e9m mencionou que Arlindo foi levado para um novo clube, pois havia despertado o interesse de outras equipes. O time se comprometeu a auxiliar no traslado do corpo de Oseias para Pernambuco, estado de origem do jogador, como solidariedade e apoio \u00e0 fam\u00edlia nesse momento dif\u00edcil.<\/span><\/p>\n<p style=\"text-align: justify;\"><span style=\"font-weight: 400;\">&#8220;O Arlindo, o empres\u00e1rio dele levou ele, mas para falar a verdade, s\u00f3 ele e o empres\u00e1rio estavam sabendo o destino. Mas ele foi com certeza para um novo clube, porque j\u00e1 tinha outros lugares que tinham interesse na posse dele . O time vai ajudar no translado do corpo para\u00a0 Pernambuco, estamos dando todo apoio e hoje o\u00a0 corpo j\u00e1 sa\u00ed daqui&#8221;, conclui.<\/span><\/p>\n<h3 style=\"text-align: justify;\"><span style=\"font-weight: 400;\">Atualiza\u00e7\u00e3o<\/span><\/h3>\n<p style=\"text-align: justify;\"><span style=\"font-weight: 400;\">Com rela\u00e7\u00e3o aos suspeitos de executarem o crime, oito indiv\u00edduos foram presos neste domingo (31).\u00a0 Dentre os detidos, destaca-se Darcy Fran de Moraes Eduino J\u00fanior, apontado como o respons\u00e1vel por puxar o gatilho que tirou a vida de Oseias. Al\u00e9m disso, Francivaldo Barroso, conhecido como Abacate, foi preso por suspeita de ser o mandante do crime, conforme informa\u00e7\u00f5es da Pol\u00edcia Militar do Acre (PMAC).<\/span><\/p>\n<p style=\"text-align: justify;\"><span style=\"font-weight: 400;\">Durante as dilig\u00eancias, a pol\u00edcia conseguiu apreender uma arma de fogo, muni\u00e7\u00f5es e pertences da v\u00edtima que estavam em posse de membros de uma organiza\u00e7\u00e3o criminosa.<\/span><\/p>\n<p style=\"text-align: justify;\"><span style=\"font-weight: 400;\">Ele e o colega foram convidados para uma festa por um terceiro, tamb\u00e9m jogador. Ao serem questionados e amea\u00e7ados pelos criminosos, Tiago e seu companheiro foram levados para um ambiente separado, onde ocorreu a execu\u00e7\u00e3o.\u00a0<\/span><\/p>\n<p>&nbsp;<\/p>\n","protected":false},"excerpt":{"rendered":"<p>Em entrevista ao Agazeta.net, nesta segunda-feira (01) Adem Ara\u00fajo, s\u00f3cio majorit\u00e1rio do clube Santa Cruz Acre, revelou informa\u00e7\u00f5es sobre o\u00a0 jogador de futebol Thiago Oseias, de 18 anos, que foi morto a tiros em Rio Branco, neste domingo (31).\u00a0 Adem Ara\u00fajo expressou pesar pela perda do atleta e ressaltou que ele havia chegado \u00e0 cidade [&hellip;]<\/p>\n","protected":false},"author":4,"featured_media":129878,"comment_status":"open","ping_status":"open","sticky":false,"template":"","format":"standard","meta":{"jnews-multi-image_gallery":[],"jnews_single_post":{"source_name":"","source_url":"","via_name":"","via_url":"","override_template":"0","override":[{"template":"custom","single_blog_custom":"110746","parallax":"1","fullscreen":"1","layout":"right-sidebar","sidebar":"default-sidebar","second_sidebar":"default-sidebar","sticky_sidebar":"1","share_position":"top","share_float_style":"share-monocrhome","show_share_counter":"1","show_view_counter":"1","show_featured":"1","show_post_meta":"1","show_post_author":"1","show_post_author_image":"1","show_post_date":"1","post_date_format":"default","post_date_format_custom":"Y\/m\/d","show_post_category":"1","show_post_reading_time":"0","post_reading_time_wpm":"300","show_zoom_button":"0","zoom_button_out_step":"2","zoom_button_in_step":"3","show_post_tag":"1","show_prev_next_post":"1","show_popup_post":"1","number_popup_post":"1","show_author_box":"0","show_post_related":"1","show_inline_post_related":"0"}],"override_image_size":"0","image_override":[{"single_post_thumbnail_size":"crop-500","single_post_gallery_size":"crop-500"}],"trending_post":"0","trending_post_position":"meta","trending_post_label":"Trending","sponsored_post":"0","sponsored_post_label":"Sponsored by","sponsored_post_name":"","sponsored_post_url":"","sponsored_post_logo_enable":"0","sponsored_post_logo":"","sponsored_post_desc":"","disable_ad":"0"},"jnews_primary_category":{"id":"","hide":""},"jnews_social_meta":{"fb_title":"","fb_description":"","fb_image":"","twitter_title":"","twitter_description":"","twitter_image":""},"jnews_review":[],"enable_review":"0","type":"percentage","name":"","summary":"","brand":"","sku":"","good":[{"good_text":""}],"bad":[{"bad_text":""}],"score_override":"0","override_value":"","rating":[{"rating_text":"","rating_number":"10"}],"price":[{"shop":"","price":"","link":"","icon":""}],"footnotes":""},"categories":[54],"tags":[152],"class_list":["post-129876","post","type-post","status-publish","format-standard","has-post-thumbnail","hentry","category-cotidiano","tag-destaque"],"yoast_head":"<!-- This site is optimized with the Yoast SEO plugin v26.5 - https:\/\/yoast.com\/wordpress\/plugins\/seo\/ -->\n<title>Jogador morto a tiros no Acre estava h\u00e1 cerca de 20 dias no estado e ainda n\u00e3o tinha participado de nenhum jogo - Agazeta.net<\/title>\n<meta name=\"robots\" content=\"index, follow, max-snippet:-1, max-image-preview:large, max-video-preview:-1\" \/>\n<link rel=\"canonical\" href=\"https:\/\/nk7-testes.com.br\/agazeta\/jogador-morto-a-tiros-no-acre-estava-ha-cerca-de-20-dias-no-estado-e-ainda-nao-tinha-participado-de-nenhum-jogo\/\" \/>\n<meta property=\"og:locale\" content=\"pt_BR\" \/>\n<meta property=\"og:type\" content=\"article\" \/>\n<meta property=\"og:title\" content=\"Jogador morto a tiros no Acre estava h\u00e1 cerca de 20 dias no estado e ainda n\u00e3o tinha participado de nenhum jogo\" \/>\n<meta property=\"og:description\" content=\"O jogo de estreia dele no Santa Cruz Acre seria em maio\" \/>\n<meta property=\"og:url\" content=\"https:\/\/nk7-testes.com.br\/agazeta\/jogador-morto-a-tiros-no-acre-estava-ha-cerca-de-20-dias-no-estado-e-ainda-nao-tinha-participado-de-nenhum-jogo\/\" \/>\n<meta property=\"og:site_name\" content=\"Agazeta.net\" \/>\n<meta property=\"article:published_time\" content=\"2024-04-01T16:37:04+00:00\" \/>\n<meta property=\"article:modified_time\" content=\"2024-04-02T13:48:37+00:00\" \/>\n<meta property=\"og:image\" content=\"https:\/\/nk7-testes.com.br\/agazeta\/wp-content\/uploads\/2024\/04\/WhatsApp-Image-2024-04-01-at-11.35.37-jpeg.webp\" \/>\n\t<meta property=\"og:image:width\" content=\"800\" \/>\n\t<meta property=\"og:image:height\" content=\"414\" \/>\n\t<meta property=\"og:image:type\" content=\"image\/jpeg\" \/>\n<meta name=\"author\" content=\"Agazeta.Net\" \/>\n<meta name=\"twitter:card\" content=\"summary_large_image\" \/>\n<meta name=\"twitter:title\" content=\"Jogador morto a tiros no Acre estava h\u00e1 cerca de 20 dias no estado e ainda n\u00e3o tinha participado de nenhum jogo\" \/>\n<meta name=\"twitter:description\" content=\"O jogo de estreia dele no Santa Cruz Acre seria em maio\" \/>\n<meta name=\"twitter:image\" content=\"https:\/\/nk7-testes.com.br\/agazeta\/wp-content\/uploads\/2024\/04\/WhatsApp-Image-2024-04-01-at-11.35.37-jpeg.webp\" \/>\n<meta name=\"twitter:label1\" content=\"Escrito por\" \/>\n\t<meta name=\"twitter:data1\" content=\"Agazeta.Net\" \/>\n\t<meta name=\"twitter:label2\" content=\"Est. tempo de leitura\" \/>\n\t<meta name=\"twitter:data2\" content=\"4 minutos\" \/>\n<script type=\"application\/ld+json\" class=\"yoast-schema-graph\">{\"@context\":\"https:\/\/schema.org\",\"@graph\":[{\"@type\":\"WebPage\",\"@id\":\"https:\/\/nk7-testes.com.br\/agazeta\/jogador-morto-a-tiros-no-acre-estava-ha-cerca-de-20-dias-no-estado-e-ainda-nao-tinha-participado-de-nenhum-jogo\/\",\"url\":\"https:\/\/nk7-testes.com.br\/agazeta\/jogador-morto-a-tiros-no-acre-estava-ha-cerca-de-20-dias-no-estado-e-ainda-nao-tinha-participado-de-nenhum-jogo\/\",\"name\":\"Jogador morto a tiros no Acre estava h\u00e1 cerca de 20 dias no estado e ainda n\u00e3o tinha participado de nenhum jogo - Agazeta.net\",\"isPartOf\":{\"@id\":\"https:\/\/nk7-testes.com.br\/agazeta\/#website\"},\"primaryImageOfPage\":{\"@id\":\"https:\/\/nk7-testes.com.br\/agazeta\/jogador-morto-a-tiros-no-acre-estava-ha-cerca-de-20-dias-no-estado-e-ainda-nao-tinha-participado-de-nenhum-jogo\/#primaryimage\"},\"image\":{\"@id\":\"https:\/\/nk7-testes.com.br\/agazeta\/jogador-morto-a-tiros-no-acre-estava-ha-cerca-de-20-dias-no-estado-e-ainda-nao-tinha-participado-de-nenhum-jogo\/#primaryimage\"},\"thumbnailUrl\":\"https:\/\/nk7-testes.com.br\/agazeta\/wp-content\/uploads\/2024\/04\/WhatsApp-Image-2024-04-01-at-11.35.37-jpeg.webp\",\"datePublished\":\"2024-04-01T16:37:04+00:00\",\"dateModified\":\"2024-04-02T13:48:37+00:00\",\"author\":{\"@id\":\"https:\/\/nk7-testes.com.br\/agazeta\/#\/schema\/person\/ff6b39d54d6973bfc57f4140f659b23f\"},\"breadcrumb\":{\"@id\":\"https:\/\/nk7-testes.com.br\/agazeta\/jogador-morto-a-tiros-no-acre-estava-ha-cerca-de-20-dias-no-estado-e-ainda-nao-tinha-participado-de-nenhum-jogo\/#breadcrumb\"},\"inLanguage\":\"pt-BR\",\"potentialAction\":[{\"@type\":\"ReadAction\",\"target\":[\"https:\/\/nk7-testes.com.br\/agazeta\/jogador-morto-a-tiros-no-acre-estava-ha-cerca-de-20-dias-no-estado-e-ainda-nao-tinha-participado-de-nenhum-jogo\/\"]}]},{\"@type\":\"ImageObject\",\"inLanguage\":\"pt-BR\",\"@id\":\"https:\/\/nk7-testes.com.br\/agazeta\/jogador-morto-a-tiros-no-acre-estava-ha-cerca-de-20-dias-no-estado-e-ainda-nao-tinha-participado-de-nenhum-jogo\/#primaryimage\",\"url\":\"https:\/\/nk7-testes.com.br\/agazeta\/wp-content\/uploads\/2024\/04\/WhatsApp-Image-2024-04-01-at-11.35.37-jpeg.webp\",\"contentUrl\":\"https:\/\/nk7-testes.com.br\/agazeta\/wp-content\/uploads\/2024\/04\/WhatsApp-Image-2024-04-01-at-11.35.37-jpeg.webp\",\"width\":800,\"height\":414},{\"@type\":\"BreadcrumbList\",\"@id\":\"https:\/\/nk7-testes.com.br\/agazeta\/jogador-morto-a-tiros-no-acre-estava-ha-cerca-de-20-dias-no-estado-e-ainda-nao-tinha-participado-de-nenhum-jogo\/#breadcrumb\",\"itemListElement\":[{\"@type\":\"ListItem\",\"position\":1,\"name\":\"In\u00edcio\",\"item\":\"https:\/\/nk7-testes.com.br\/agazeta\/\"},{\"@type\":\"ListItem\",\"position\":2,\"name\":\"Jogador morto a tiros no Acre estava h\u00e1 cerca de 20 dias no estado e ainda n\u00e3o tinha participado de nenhum jogo\"}]},{\"@type\":\"WebSite\",\"@id\":\"https:\/\/nk7-testes.com.br\/agazeta\/#website\",\"url\":\"https:\/\/nk7-testes.com.br\/agazeta\/\",\"name\":\"Agazeta.net\",\"description\":\"Agazeta.net - Not\u00edcias de Rio Branco\/AC\",\"potentialAction\":[{\"@type\":\"SearchAction\",\"target\":{\"@type\":\"EntryPoint\",\"urlTemplate\":\"https:\/\/nk7-testes.com.br\/agazeta\/?s={search_term_string}\"},\"query-input\":{\"@type\":\"PropertyValueSpecification\",\"valueRequired\":true,\"valueName\":\"search_term_string\"}}],\"inLanguage\":\"pt-BR\"},{\"@type\":\"Person\",\"@id\":\"https:\/\/nk7-testes.com.br\/agazeta\/#\/schema\/person\/ff6b39d54d6973bfc57f4140f659b23f\",\"name\":\"Agazeta.Net\",\"url\":\"https:\/\/nk7-testes.com.br\/agazeta\/author\/agazeta\/\"}]}<\/script>\n<!-- \/ Yoast SEO plugin. -->","yoast_head_json":{"title":"Jogador morto a tiros no Acre estava h\u00e1 cerca de 20 dias no estado e ainda n\u00e3o tinha participado de nenhum jogo - Agazeta.net","robots":{"index":"index","follow":"follow","max-snippet":"max-snippet:-1","max-image-preview":"max-image-preview:large","max-video-preview":"max-video-preview:-1"},"canonical":"https:\/\/nk7-testes.com.br\/agazeta\/jogador-morto-a-tiros-no-acre-estava-ha-cerca-de-20-dias-no-estado-e-ainda-nao-tinha-participado-de-nenhum-jogo\/","og_locale":"pt_BR","og_type":"article","og_title":"Jogador morto a tiros no Acre estava h\u00e1 cerca de 20 dias no estado e ainda n\u00e3o tinha participado de nenhum jogo","og_description":"O jogo de estreia dele no Santa Cruz Acre seria em maio","og_url":"https:\/\/nk7-testes.com.br\/agazeta\/jogador-morto-a-tiros-no-acre-estava-ha-cerca-de-20-dias-no-estado-e-ainda-nao-tinha-participado-de-nenhum-jogo\/","og_site_name":"Agazeta.net","article_published_time":"2024-04-01T16:37:04+00:00","article_modified_time":"2024-04-02T13:48:37+00:00","og_image":[{"width":800,"height":414,"url":"https:\/\/nk7-testes.com.br\/agazeta\/wp-content\/uploads\/2024\/04\/WhatsApp-Image-2024-04-01-at-11.35.37-jpeg.webp","type":"image\/jpeg"}],"author":"Agazeta.Net","twitter_card":"summary_large_image","twitter_title":"Jogador morto a tiros no Acre estava h\u00e1 cerca de 20 dias no estado e ainda n\u00e3o tinha participado de nenhum jogo","twitter_description":"O jogo de estreia dele no Santa Cruz Acre seria em maio","twitter_image":"https:\/\/nk7-testes.com.br\/agazeta\/wp-content\/uploads\/2024\/04\/WhatsApp-Image-2024-04-01-at-11.35.37-jpeg.webp","twitter_misc":{"Escrito por":"Agazeta.Net","Est. tempo de leitura":"4 minutos"},"schema":{"@context":"https:\/\/schema.org","@graph":[{"@type":"WebPage","@id":"https:\/\/nk7-testes.com.br\/agazeta\/jogador-morto-a-tiros-no-acre-estava-ha-cerca-de-20-dias-no-estado-e-ainda-nao-tinha-participado-de-nenhum-jogo\/","url":"https:\/\/nk7-testes.com.br\/agazeta\/jogador-morto-a-tiros-no-acre-estava-ha-cerca-de-20-dias-no-estado-e-ainda-nao-tinha-participado-de-nenhum-jogo\/","name":"Jogador morto a tiros no Acre estava h\u00e1 cerca de 20 dias no estado e ainda n\u00e3o tinha participado de nenhum jogo - Agazeta.net","isPartOf":{"@id":"https:\/\/nk7-testes.com.br\/agazeta\/#website"},"primaryImageOfPage":{"@id":"https:\/\/nk7-testes.com.br\/agazeta\/jogador-morto-a-tiros-no-acre-estava-ha-cerca-de-20-dias-no-estado-e-ainda-nao-tinha-participado-de-nenhum-jogo\/#primaryimage"},"image":{"@id":"https:\/\/nk7-testes.com.br\/agazeta\/jogador-morto-a-tiros-no-acre-estava-ha-cerca-de-20-dias-no-estado-e-ainda-nao-tinha-participado-de-nenhum-jogo\/#primaryimage"},"thumbnailUrl":"https:\/\/nk7-testes.com.br\/agazeta\/wp-content\/uploads\/2024\/04\/WhatsApp-Image-2024-04-01-at-11.35.37-jpeg.webp","datePublished":"2024-04-01T16:37:04+00:00","dateModified":"2024-04-02T13:48:37+00:00","author":{"@id":"https:\/\/nk7-testes.com.br\/agazeta\/#\/schema\/person\/ff6b39d54d6973bfc57f4140f659b23f"},"breadcrumb":{"@id":"https:\/\/nk7-testes.com.br\/agazeta\/jogador-morto-a-tiros-no-acre-estava-ha-cerca-de-20-dias-no-estado-e-ainda-nao-tinha-participado-de-nenhum-jogo\/#breadcrumb"},"inLanguage":"pt-BR","potentialAction":[{"@type":"ReadAction","target":["https:\/\/nk7-testes.com.br\/agazeta\/jogador-morto-a-tiros-no-acre-estava-ha-cerca-de-20-dias-no-estado-e-ainda-nao-tinha-participado-de-nenhum-jogo\/"]}]},{"@type":"ImageObject","inLanguage":"pt-BR","@id":"https:\/\/nk7-testes.com.br\/agazeta\/jogador-morto-a-tiros-no-acre-estava-ha-cerca-de-20-dias-no-estado-e-ainda-nao-tinha-participado-de-nenhum-jogo\/#primaryimage","url":"https:\/\/nk7-testes.com.br\/agazeta\/wp-content\/uploads\/2024\/04\/WhatsApp-Image-2024-04-01-at-11.35.37-jpeg.webp","contentUrl":"https:\/\/nk7-testes.com.br\/agazeta\/wp-content\/uploads\/2024\/04\/WhatsApp-Image-2024-04-01-at-11.35.37-jpeg.webp","width":800,"height":414},{"@type":"BreadcrumbList","@id":"https:\/\/nk7-testes.com.br\/agazeta\/jogador-morto-a-tiros-no-acre-estava-ha-cerca-de-20-dias-no-estado-e-ainda-nao-tinha-participado-de-nenhum-jogo\/#breadcrumb","itemListElement":[{"@type":"ListItem","position":1,"name":"In\u00edcio","item":"https:\/\/nk7-testes.com.br\/agazeta\/"},{"@type":"ListItem","position":2,"name":"Jogador morto a tiros no Acre estava h\u00e1 cerca de 20 dias no estado e ainda n\u00e3o tinha participado de nenhum jogo"}]},{"@type":"WebSite","@id":"https:\/\/nk7-testes.com.br\/agazeta\/#website","url":"https:\/\/nk7-testes.com.br\/agazeta\/","name":"Agazeta.net","description":"Agazeta.net - Not\u00edcias de Rio Branco\/AC","potentialAction":[{"@type":"SearchAction","target":{"@type":"EntryPoint","urlTemplate":"https:\/\/nk7-testes.com.br\/agazeta\/?s={search_term_string}"},"query-input":{"@type":"PropertyValueSpecification","valueRequired":true,"valueName":"search_term_string"}}],"inLanguage":"pt-BR"},{"@type":"Person","@id":"https:\/\/nk7-testes.com.br\/agazeta\/#\/schema\/person\/ff6b39d54d6973bfc57f4140f659b23f","name":"Agazeta.Net","url":"https:\/\/nk7-testes.com.br\/agazeta\/author\/agazeta\/"}]}},"_links":{"self":[{"href":"https:\/\/nk7-testes.com.br\/agazeta\/wp-json\/wp\/v2\/posts\/129876","targetHints":{"allow":["GET"]}}],"collection":[{"href":"https:\/\/nk7-testes.com.br\/agazeta\/wp-json\/wp\/v2\/posts"}],"about":[{"href":"https:\/\/nk7-testes.com.br\/agazeta\/wp-json\/wp\/v2\/types\/post"}],"author":[{"embeddable":true,"href":"https:\/\/nk7-testes.com.br\/agazeta\/wp-json\/wp\/v2\/users\/4"}],"replies":[{"embeddable":true,"href":"https:\/\/nk7-testes.com.br\/agazeta\/wp-json\/wp\/v2\/comments?post=129876"}],"version-history":[{"count":0,"href":"https:\/\/nk7-testes.com.br\/agazeta\/wp-json\/wp\/v2\/posts\/129876\/revisions"}],"wp:featuredmedia":[{"embeddable":true,"href":"https:\/\/nk7-testes.com.br\/agazeta\/wp-json\/wp\/v2\/media\/129878"}],"wp:attachment":[{"href":"https:\/\/nk7-testes.com.br\/agazeta\/wp-json\/wp\/v2\/media?parent=129876"}],"wp:term":[{"taxonomy":"category","embeddable":true,"href":"https:\/\/nk7-testes.com.br\/agazeta\/wp-json\/wp\/v2\/categories?post=129876"},{"taxonomy":"post_tag","embeddable":true,"href":"https:\/\/nk7-testes.com.br\/agazeta\/wp-json\/wp\/v2\/tags?post=129876"}],"curies":[{"name":"wp","href":"https:\/\/api.w.org\/{rel}","templated":true}]}}