{"id":129860,"date":"2024-04-01T09:13:13","date_gmt":"2024-04-01T14:13:13","guid":{"rendered":"https:\/\/nk7-testes.com.br\/?p=129860"},"modified":"2024-04-01T11:05:57","modified_gmt":"2024-04-01T16:05:57","slug":"futebol-esta-de-luto-diz-nota-de-pesar-emitida-pelo-galvez-apos-morte-do-jogador-thiago-oseias","status":"publish","type":"post","link":"https:\/\/nk7-testes.com.br\/agazeta\/futebol-esta-de-luto-diz-nota-de-pesar-emitida-pelo-galvez-apos-morte-do-jogador-thiago-oseias\/","title":{"rendered":"&#8220;Futebol est\u00e1 de luto&#8221;, diz nota de pesar emitida pelo Galvez ap\u00f3s morte do jogador Thiago Oseias"},"content":{"rendered":"<p style=\"text-align: justify;\"><span style=\"font-weight: 400;\">O clube de futebol acreano, Galvez, se manifestou neste domingo (31), por meio de uma nota de pesar divulgada nas redes sociais para lamentar a morte do jogador de futebol, Thiago Oseias, do Clube Santa Cruz, que foi executado a tiros na madrugada de domingo em Rio Branco.<\/span><\/p>\n<p style=\"text-align: justify;\"><span style=\"font-weight: 400;\">De acordo com a nota, o clube presta solidariedade para a fam\u00edlia e o time do jogador. Al\u00e9m disso, pedem das autoridades uma resposta para que crimes como esse sejam contidos no Acre.<\/span><\/p>\n<p style=\"text-align: justify;\"><span style=\"font-weight: 400;\">&#8220;O Galvez Esporte Clube se solidariza com a fam\u00edlia enlutada e com o Santa Cruz Acre Esporte Club (<\/span><a href=\"https:\/\/www.instagram.com\/santacruzacre\/\"><span style=\"font-weight: 400;\">@santacruzacre<\/span><\/a><span style=\"font-weight: 400;\"> ) pela tr\u00e1gica e precoce perda de seu atleta sub 20, Thiago Oseias. Ao mesmo tempo que cobramos das autoridades uma resposta imediata contra a viol\u00eancia que assola o estado&#8221;, esclarece a nota.<\/span><\/p>\n<p style=\"text-align: justify;\"><span style=\"font-weight: 400;\">Al\u00e9m disso, o texto enfatiza que o futebol est\u00e1 de luto\u00a0 e que a sociedade n\u00e3o pode aceitar o dom\u00ednio das organiza\u00e7\u00f5es criminosas que se estendem por todo estado e sobre muitas pessoas.\u00a0<\/span><\/p>\n<p style=\"text-align: justify;\"><span style=\"font-weight: 400;\">&#8220;N\u00e3o podemos jamais normalizar fatos como este que ceifou os sonhos de mais um jovem. N\u00e3o podemos aceitar esse dom\u00ednio de fac\u00e7\u00f5es sobre o destino de pessoas do bem. Hoje o futebol est\u00e1 de luto, mas \u00e9 toda uma sociedade que chora \u00e0 merc\u00ea da viol\u00eancia que atinge nossas crian\u00e7as&#8221;, conclui a nota.<\/span><\/p>\n<p style=\"text-align: justify;\"><span style=\"font-weight: 400;\">O Clube do Santa Cruz tamb\u00e9m se manifestou e logo ap\u00f3s o ocorrido tamb\u00e9m publicou uma nota para lamentar a situa\u00e7\u00e3o.\u00a0 O texto publicado nas redes sociais confirma a morte do jogador e tamb\u00e9m pede conforto ao cora\u00e7\u00e3o dos mais pr\u00f3ximos, como os amigos e familiares.<\/span><\/p>\n<p style=\"text-align: justify;\"><span style=\"font-weight: 400;\">&#8220;\u00c9 com profundo pesar que comunicamos o falecimento do nosso atleta do sub-20, Thiago Os\u00e9as. Neste momento a fam\u00edlia Santa Cruz Acre est\u00e1 de luto! Que o senhor te receba de bra\u00e7os abertos Thiago, e que conforte os cora\u00e7\u00f5es de todos os seus familiares e amigos&#8221;, diz a nota.<\/span><\/p>\n<p style=\"text-align: justify;\"><span style=\"font-weight: 400;\">Al\u00e9m dos dois clubes, a fam\u00edlia de Oseias publicou uma nota de luto nas redes sociais. Eles lamentam o ocorrido e esperam por justi\u00e7a.<\/span><\/p>\n<h3 style=\"text-align: justify;\"><b>Entenda crime<\/b><\/h3>\n<p style=\"text-align: justify;\"><span style=\"font-weight: 400;\">Segundo testemunhas com rela\u00e7\u00e3o ao crime, o jogador estava em uma festa quando homens em um ve\u00edculo o abordaram, juntamente com um amigo, onde foram levados para um local escuro no final da rua.<\/span><\/p>\n<p style=\"text-align: justify;\"><span style=\"font-weight: 400;\">Os criminosos teriam questionado a liga\u00e7\u00e3o do jogador com organiza\u00e7\u00f5es criminosas, motivados por uma foto em do celular. A imagem mostrava o jovem fazendo um sinal que, segundo os agressores, representava uma organiza\u00e7\u00e3o. No entanto, Oseias era natural de Pernambuco e n\u00e3o possu\u00eda qualquer liga\u00e7\u00e3o com atividades criminosas.<\/span><\/p>\n<p style=\"text-align: justify;\"><span style=\"font-weight: 400;\">Ele foi executado com pelo menos tr\u00eas tiros de diferentes calibres, enquanto o amigo foi liberado pelo grupo. A Pol\u00edcia Militar do Acre (PMAC) iniciou investiga\u00e7\u00f5es e coletou informa\u00e7\u00f5es na festa para identificar os respons\u00e1veis pelo crime.<\/span><\/p>\n<p><em>Mat\u00e9rias em v\u00eddeo produzida pela rep\u00f3rter Rose Lima para a TV Gazeta<\/em><\/p>\n","protected":false},"excerpt":{"rendered":"<p>O clube de futebol acreano, Galvez, se manifestou neste domingo (31), por meio de uma nota de pesar divulgada nas redes sociais para lamentar a morte do jogador de futebol, Thiago Oseias, do Clube Santa Cruz, que foi executado a tiros na madrugada de domingo em Rio Branco. De acordo com a nota, o clube [&hellip;]<\/p>\n","protected":false},"author":4,"featured_media":129864,"comment_status":"open","ping_status":"open","sticky":false,"template":"","format":"standard","meta":{"jnews-multi-image_gallery":[],"jnews_single_post":{"source_name":"","source_url":"","via_name":"","via_url":"","override_template":"0","override":[{"template":"custom","single_blog_custom":"110746","parallax":"1","fullscreen":"1","layout":"right-sidebar","sidebar":"default-sidebar","second_sidebar":"default-sidebar","sticky_sidebar":"1","share_position":"top","share_float_style":"share-monocrhome","show_share_counter":"1","show_view_counter":"1","show_featured":"1","show_post_meta":"1","show_post_author":"1","show_post_author_image":"1","show_post_date":"1","post_date_format":"default","post_date_format_custom":"Y\/m\/d","show_post_category":"1","show_post_reading_time":"0","post_reading_time_wpm":"300","show_zoom_button":"0","zoom_button_out_step":"2","zoom_button_in_step":"3","show_post_tag":"1","show_prev_next_post":"1","show_popup_post":"1","number_popup_post":"1","show_author_box":"0","show_post_related":"1","show_inline_post_related":"0"}],"override_image_size":"0","image_override":[{"single_post_thumbnail_size":"crop-500","single_post_gallery_size":"crop-500"}],"trending_post":"0","trending_post_position":"meta","trending_post_label":"Trending","sponsored_post":"0","sponsored_post_label":"Sponsored by","sponsored_post_name":"","sponsored_post_url":"","sponsored_post_logo_enable":"0","sponsored_post_logo":"","sponsored_post_desc":"","disable_ad":"0"},"jnews_primary_category":{"id":"","hide":""},"jnews_social_meta":{"fb_title":"","fb_description":"","fb_image":"","twitter_title":"","twitter_description":"","twitter_image":""},"jnews_review":[],"enable_review":"0","type":"percentage","name":"","summary":"","brand":"","sku":"","good":[{"good_text":""}],"bad":[{"bad_text":""}],"score_override":"0","override_value":"","rating":[{"rating_text":"","rating_number":"10"}],"price":[{"shop":"","price":"","link":"","icon":""}],"footnotes":""},"categories":[54],"tags":[],"class_list":["post-129860","post","type-post","status-publish","format-standard","has-post-thumbnail","hentry","category-cotidiano"],"yoast_head":"<!-- This site is optimized with the Yoast SEO plugin v26.5 - https:\/\/yoast.com\/wordpress\/plugins\/seo\/ -->\n<title>&quot;Futebol est\u00e1 de luto&quot;, diz nota de pesar emitida pelo Galvez ap\u00f3s morte do jogador Thiago Oseias - Agazeta.net<\/title>\n<meta name=\"robots\" content=\"index, follow, max-snippet:-1, max-image-preview:large, max-video-preview:-1\" \/>\n<link rel=\"canonical\" href=\"https:\/\/nk7-testes.com.br\/agazeta\/futebol-esta-de-luto-diz-nota-de-pesar-emitida-pelo-galvez-apos-morte-do-jogador-thiago-oseias\/\" \/>\n<meta property=\"og:locale\" content=\"pt_BR\" \/>\n<meta property=\"og:type\" content=\"article\" \/>\n<meta property=\"og:title\" content=\"&quot;Futebol est\u00e1 de luto&quot;, diz nota de pesar emitida pelo Galvez ap\u00f3s morte do jogador Thiago Oseias\" \/>\n<meta property=\"og:description\" content=\"Ele foi executado a tiros na madrugada deste domingo (31)\" \/>\n<meta property=\"og:url\" content=\"https:\/\/nk7-testes.com.br\/agazeta\/futebol-esta-de-luto-diz-nota-de-pesar-emitida-pelo-galvez-apos-morte-do-jogador-thiago-oseias\/\" \/>\n<meta property=\"og:site_name\" content=\"Agazeta.net\" \/>\n<meta property=\"article:published_time\" content=\"2024-04-01T14:13:13+00:00\" \/>\n<meta property=\"article:modified_time\" content=\"2024-04-01T16:05:57+00:00\" \/>\n<meta property=\"og:image\" content=\"https:\/\/nk7-testes.com.br\/agazeta\/wp-content\/uploads\/2024\/04\/WhatsApp-Image-2024-04-01-at-09.07.03-jpeg.webp\" \/>\n\t<meta property=\"og:image:width\" content=\"750\" \/>\n\t<meta property=\"og:image:height\" content=\"400\" \/>\n\t<meta property=\"og:image:type\" content=\"image\/jpeg\" \/>\n<meta name=\"author\" content=\"Agazeta.Net\" \/>\n<meta name=\"twitter:card\" content=\"summary_large_image\" \/>\n<meta name=\"twitter:title\" content=\"&quot;Futebol est\u00e1 de luto&quot;, diz nota de pesar emitida pelo Galvez ap\u00f3s morte do jogador Thiago Oseias\" \/>\n<meta name=\"twitter:description\" content=\"Ele foi executado a tiros na madrugada deste domingo (31)\" \/>\n<meta name=\"twitter:image\" content=\"https:\/\/nk7-testes.com.br\/agazeta\/wp-content\/uploads\/2024\/04\/WhatsApp-Image-2024-04-01-at-09.07.03-jpeg.webp\" \/>\n<meta name=\"twitter:label1\" content=\"Escrito por\" \/>\n\t<meta name=\"twitter:data1\" content=\"Agazeta.Net\" \/>\n\t<meta name=\"twitter:label2\" content=\"Est. tempo de leitura\" \/>\n\t<meta name=\"twitter:data2\" content=\"3 minutos\" \/>\n<script type=\"application\/ld+json\" class=\"yoast-schema-graph\">{\"@context\":\"https:\/\/schema.org\",\"@graph\":[{\"@type\":\"WebPage\",\"@id\":\"https:\/\/nk7-testes.com.br\/agazeta\/futebol-esta-de-luto-diz-nota-de-pesar-emitida-pelo-galvez-apos-morte-do-jogador-thiago-oseias\/\",\"url\":\"https:\/\/nk7-testes.com.br\/agazeta\/futebol-esta-de-luto-diz-nota-de-pesar-emitida-pelo-galvez-apos-morte-do-jogador-thiago-oseias\/\",\"name\":\"\\\"Futebol est\u00e1 de luto\\\", diz nota de pesar emitida pelo Galvez ap\u00f3s morte do jogador Thiago Oseias - Agazeta.net\",\"isPartOf\":{\"@id\":\"https:\/\/nk7-testes.com.br\/agazeta\/#website\"},\"primaryImageOfPage\":{\"@id\":\"https:\/\/nk7-testes.com.br\/agazeta\/futebol-esta-de-luto-diz-nota-de-pesar-emitida-pelo-galvez-apos-morte-do-jogador-thiago-oseias\/#primaryimage\"},\"image\":{\"@id\":\"https:\/\/nk7-testes.com.br\/agazeta\/futebol-esta-de-luto-diz-nota-de-pesar-emitida-pelo-galvez-apos-morte-do-jogador-thiago-oseias\/#primaryimage\"},\"thumbnailUrl\":\"https:\/\/nk7-testes.com.br\/agazeta\/wp-content\/uploads\/2024\/04\/WhatsApp-Image-2024-04-01-at-09.07.03-jpeg.webp\",\"datePublished\":\"2024-04-01T14:13:13+00:00\",\"dateModified\":\"2024-04-01T16:05:57+00:00\",\"author\":{\"@id\":\"https:\/\/nk7-testes.com.br\/agazeta\/#\/schema\/person\/ff6b39d54d6973bfc57f4140f659b23f\"},\"breadcrumb\":{\"@id\":\"https:\/\/nk7-testes.com.br\/agazeta\/futebol-esta-de-luto-diz-nota-de-pesar-emitida-pelo-galvez-apos-morte-do-jogador-thiago-oseias\/#breadcrumb\"},\"inLanguage\":\"pt-BR\",\"potentialAction\":[{\"@type\":\"ReadAction\",\"target\":[\"https:\/\/nk7-testes.com.br\/agazeta\/futebol-esta-de-luto-diz-nota-de-pesar-emitida-pelo-galvez-apos-morte-do-jogador-thiago-oseias\/\"]}]},{\"@type\":\"ImageObject\",\"inLanguage\":\"pt-BR\",\"@id\":\"https:\/\/nk7-testes.com.br\/agazeta\/futebol-esta-de-luto-diz-nota-de-pesar-emitida-pelo-galvez-apos-morte-do-jogador-thiago-oseias\/#primaryimage\",\"url\":\"https:\/\/nk7-testes.com.br\/agazeta\/wp-content\/uploads\/2024\/04\/WhatsApp-Image-2024-04-01-at-09.07.03-jpeg.webp\",\"contentUrl\":\"https:\/\/nk7-testes.com.br\/agazeta\/wp-content\/uploads\/2024\/04\/WhatsApp-Image-2024-04-01-at-09.07.03-jpeg.webp\",\"width\":750,\"height\":400},{\"@type\":\"BreadcrumbList\",\"@id\":\"https:\/\/nk7-testes.com.br\/agazeta\/futebol-esta-de-luto-diz-nota-de-pesar-emitida-pelo-galvez-apos-morte-do-jogador-thiago-oseias\/#breadcrumb\",\"itemListElement\":[{\"@type\":\"ListItem\",\"position\":1,\"name\":\"In\u00edcio\",\"item\":\"https:\/\/nk7-testes.com.br\/agazeta\/\"},{\"@type\":\"ListItem\",\"position\":2,\"name\":\"&#8220;Futebol est\u00e1 de luto&#8221;, diz nota de pesar emitida pelo Galvez ap\u00f3s morte do jogador Thiago Oseias\"}]},{\"@type\":\"WebSite\",\"@id\":\"https:\/\/nk7-testes.com.br\/agazeta\/#website\",\"url\":\"https:\/\/nk7-testes.com.br\/agazeta\/\",\"name\":\"Agazeta.net\",\"description\":\"Agazeta.net - Not\u00edcias de Rio Branco\/AC\",\"potentialAction\":[{\"@type\":\"SearchAction\",\"target\":{\"@type\":\"EntryPoint\",\"urlTemplate\":\"https:\/\/nk7-testes.com.br\/agazeta\/?s={search_term_string}\"},\"query-input\":{\"@type\":\"PropertyValueSpecification\",\"valueRequired\":true,\"valueName\":\"search_term_string\"}}],\"inLanguage\":\"pt-BR\"},{\"@type\":\"Person\",\"@id\":\"https:\/\/nk7-testes.com.br\/agazeta\/#\/schema\/person\/ff6b39d54d6973bfc57f4140f659b23f\",\"name\":\"Agazeta.Net\",\"url\":\"https:\/\/nk7-testes.com.br\/agazeta\/author\/agazeta\/\"}]}<\/script>\n<!-- \/ Yoast SEO plugin. -->","yoast_head_json":{"title":"\"Futebol est\u00e1 de luto\", diz nota de pesar emitida pelo Galvez ap\u00f3s morte do jogador Thiago Oseias - Agazeta.net","robots":{"index":"index","follow":"follow","max-snippet":"max-snippet:-1","max-image-preview":"max-image-preview:large","max-video-preview":"max-video-preview:-1"},"canonical":"https:\/\/nk7-testes.com.br\/agazeta\/futebol-esta-de-luto-diz-nota-de-pesar-emitida-pelo-galvez-apos-morte-do-jogador-thiago-oseias\/","og_locale":"pt_BR","og_type":"article","og_title":"\"Futebol est\u00e1 de luto\", diz nota de pesar emitida pelo Galvez ap\u00f3s morte do jogador Thiago Oseias","og_description":"Ele foi executado a tiros na madrugada deste domingo (31)","og_url":"https:\/\/nk7-testes.com.br\/agazeta\/futebol-esta-de-luto-diz-nota-de-pesar-emitida-pelo-galvez-apos-morte-do-jogador-thiago-oseias\/","og_site_name":"Agazeta.net","article_published_time":"2024-04-01T14:13:13+00:00","article_modified_time":"2024-04-01T16:05:57+00:00","og_image":[{"width":750,"height":400,"url":"https:\/\/nk7-testes.com.br\/agazeta\/wp-content\/uploads\/2024\/04\/WhatsApp-Image-2024-04-01-at-09.07.03-jpeg.webp","type":"image\/jpeg"}],"author":"Agazeta.Net","twitter_card":"summary_large_image","twitter_title":"\"Futebol est\u00e1 de luto\", diz nota de pesar emitida pelo Galvez ap\u00f3s morte do jogador Thiago Oseias","twitter_description":"Ele foi executado a tiros na madrugada deste domingo (31)","twitter_image":"https:\/\/nk7-testes.com.br\/agazeta\/wp-content\/uploads\/2024\/04\/WhatsApp-Image-2024-04-01-at-09.07.03-jpeg.webp","twitter_misc":{"Escrito por":"Agazeta.Net","Est. tempo de leitura":"3 minutos"},"schema":{"@context":"https:\/\/schema.org","@graph":[{"@type":"WebPage","@id":"https:\/\/nk7-testes.com.br\/agazeta\/futebol-esta-de-luto-diz-nota-de-pesar-emitida-pelo-galvez-apos-morte-do-jogador-thiago-oseias\/","url":"https:\/\/nk7-testes.com.br\/agazeta\/futebol-esta-de-luto-diz-nota-de-pesar-emitida-pelo-galvez-apos-morte-do-jogador-thiago-oseias\/","name":"\"Futebol est\u00e1 de luto\", diz nota de pesar emitida pelo Galvez ap\u00f3s morte do jogador Thiago Oseias - Agazeta.net","isPartOf":{"@id":"https:\/\/nk7-testes.com.br\/agazeta\/#website"},"primaryImageOfPage":{"@id":"https:\/\/nk7-testes.com.br\/agazeta\/futebol-esta-de-luto-diz-nota-de-pesar-emitida-pelo-galvez-apos-morte-do-jogador-thiago-oseias\/#primaryimage"},"image":{"@id":"https:\/\/nk7-testes.com.br\/agazeta\/futebol-esta-de-luto-diz-nota-de-pesar-emitida-pelo-galvez-apos-morte-do-jogador-thiago-oseias\/#primaryimage"},"thumbnailUrl":"https:\/\/nk7-testes.com.br\/agazeta\/wp-content\/uploads\/2024\/04\/WhatsApp-Image-2024-04-01-at-09.07.03-jpeg.webp","datePublished":"2024-04-01T14:13:13+00:00","dateModified":"2024-04-01T16:05:57+00:00","author":{"@id":"https:\/\/nk7-testes.com.br\/agazeta\/#\/schema\/person\/ff6b39d54d6973bfc57f4140f659b23f"},"breadcrumb":{"@id":"https:\/\/nk7-testes.com.br\/agazeta\/futebol-esta-de-luto-diz-nota-de-pesar-emitida-pelo-galvez-apos-morte-do-jogador-thiago-oseias\/#breadcrumb"},"inLanguage":"pt-BR","potentialAction":[{"@type":"ReadAction","target":["https:\/\/nk7-testes.com.br\/agazeta\/futebol-esta-de-luto-diz-nota-de-pesar-emitida-pelo-galvez-apos-morte-do-jogador-thiago-oseias\/"]}]},{"@type":"ImageObject","inLanguage":"pt-BR","@id":"https:\/\/nk7-testes.com.br\/agazeta\/futebol-esta-de-luto-diz-nota-de-pesar-emitida-pelo-galvez-apos-morte-do-jogador-thiago-oseias\/#primaryimage","url":"https:\/\/nk7-testes.com.br\/agazeta\/wp-content\/uploads\/2024\/04\/WhatsApp-Image-2024-04-01-at-09.07.03-jpeg.webp","contentUrl":"https:\/\/nk7-testes.com.br\/agazeta\/wp-content\/uploads\/2024\/04\/WhatsApp-Image-2024-04-01-at-09.07.03-jpeg.webp","width":750,"height":400},{"@type":"BreadcrumbList","@id":"https:\/\/nk7-testes.com.br\/agazeta\/futebol-esta-de-luto-diz-nota-de-pesar-emitida-pelo-galvez-apos-morte-do-jogador-thiago-oseias\/#breadcrumb","itemListElement":[{"@type":"ListItem","position":1,"name":"In\u00edcio","item":"https:\/\/nk7-testes.com.br\/agazeta\/"},{"@type":"ListItem","position":2,"name":"&#8220;Futebol est\u00e1 de luto&#8221;, diz nota de pesar emitida pelo Galvez ap\u00f3s morte do jogador Thiago Oseias"}]},{"@type":"WebSite","@id":"https:\/\/nk7-testes.com.br\/agazeta\/#website","url":"https:\/\/nk7-testes.com.br\/agazeta\/","name":"Agazeta.net","description":"Agazeta.net - Not\u00edcias de Rio Branco\/AC","potentialAction":[{"@type":"SearchAction","target":{"@type":"EntryPoint","urlTemplate":"https:\/\/nk7-testes.com.br\/agazeta\/?s={search_term_string}"},"query-input":{"@type":"PropertyValueSpecification","valueRequired":true,"valueName":"search_term_string"}}],"inLanguage":"pt-BR"},{"@type":"Person","@id":"https:\/\/nk7-testes.com.br\/agazeta\/#\/schema\/person\/ff6b39d54d6973bfc57f4140f659b23f","name":"Agazeta.Net","url":"https:\/\/nk7-testes.com.br\/agazeta\/author\/agazeta\/"}]}},"_links":{"self":[{"href":"https:\/\/nk7-testes.com.br\/agazeta\/wp-json\/wp\/v2\/posts\/129860","targetHints":{"allow":["GET"]}}],"collection":[{"href":"https:\/\/nk7-testes.com.br\/agazeta\/wp-json\/wp\/v2\/posts"}],"about":[{"href":"https:\/\/nk7-testes.com.br\/agazeta\/wp-json\/wp\/v2\/types\/post"}],"author":[{"embeddable":true,"href":"https:\/\/nk7-testes.com.br\/agazeta\/wp-json\/wp\/v2\/users\/4"}],"replies":[{"embeddable":true,"href":"https:\/\/nk7-testes.com.br\/agazeta\/wp-json\/wp\/v2\/comments?post=129860"}],"version-history":[{"count":0,"href":"https:\/\/nk7-testes.com.br\/agazeta\/wp-json\/wp\/v2\/posts\/129860\/revisions"}],"wp:featuredmedia":[{"embeddable":true,"href":"https:\/\/nk7-testes.com.br\/agazeta\/wp-json\/wp\/v2\/media\/129864"}],"wp:attachment":[{"href":"https:\/\/nk7-testes.com.br\/agazeta\/wp-json\/wp\/v2\/media?parent=129860"}],"wp:term":[{"taxonomy":"category","embeddable":true,"href":"https:\/\/nk7-testes.com.br\/agazeta\/wp-json\/wp\/v2\/categories?post=129860"},{"taxonomy":"post_tag","embeddable":true,"href":"https:\/\/nk7-testes.com.br\/agazeta\/wp-json\/wp\/v2\/tags?post=129860"}],"curies":[{"name":"wp","href":"https:\/\/api.w.org\/{rel}","templated":true}]}}