{"id":129817,"date":"2024-03-30T15:01:12","date_gmt":"2024-03-30T20:01:12","guid":{"rendered":"https:\/\/nk7-testes.com.br\/?p=129817"},"modified":"2024-03-30T15:07:20","modified_gmt":"2024-03-30T20:07:20","slug":"velorio-de-jovem-que-morreu-em-queda-de-aviao-em-manoel-urbano-sera-realizado-neste-domingo-31-em-rio-branco","status":"publish","type":"post","link":"https:\/\/nk7-testes.com.br\/agazeta\/velorio-de-jovem-que-morreu-em-queda-de-aviao-em-manoel-urbano-sera-realizado-neste-domingo-31-em-rio-branco\/","title":{"rendered":"Vel\u00f3rio de jovem que morreu em queda de avi\u00e3o em Manoel Urbano ser\u00e1 realizado neste domingo (31), em Rio Branco"},"content":{"rendered":"<p style=\"text-align: justify;\">O funeral e enterro da comerciante Suanne Lostanaud Camello, que morreu v\u00edtima do acidente a\u00e9reo registrado no munic\u00edpio de Manoel Urbano, vai ocorrer neste domingo (31), na capela do cemit\u00e9rio Morada da Paz, na Estrada do Calafate, em Rio Branco. A informa\u00e7\u00e3o foi divulgada pela irm\u00e3 da v\u00edtima, Hemilly Lostanaud\u00a0 nas redes sociais.<\/p>\n<p style=\"text-align: justify;\">A morte de Suanne Lostanaud foi confirmada nesta \u00faltima quinta-feira (27), pelo governo do Acre, por meio da Secretaria de Estado de Sa\u00fade (Sesacre). Ela foi uma das v\u00edtimas do acidente a\u00e9reo ocorrido no dia 18 de mar\u00e7o, quando o avi\u00e3o de pequeno porte, modelo Cessna Skylane, caiu a 1 km da cabeceira da pista de Manoel Urbano, em uma \u00e1rea de dif\u00edcil acesso.<\/p>\n<p style=\"text-align: justify;\">Suanne havia sido resgatada com vida e foi transferida logo ap\u00f3s o acidente para o Pronto-Socorro de Rio Branco, onde foi cuidada pela equipe m\u00e9dica at\u00e9 sua estabiliza\u00e7\u00e3o. Ap\u00f3s apresentar melhora, ela foi transferida via Tratamento Fora de Domic\u00edlio (TFD) na madrugada de\u00a0 s\u00e1bado, 23 de mar\u00e7o, para o Centro de Tratamento de Queimados (CTQ), no Hospital 28 de Agosto, em Manaus.<\/p>\n<p style=\"text-align: justify;\">Sobretudo, apesar dos esfor\u00e7os das equipes envolvidas e devido ao seu delicado estado de sa\u00fade, a jovem n\u00e3o resistiu aos ferimentos e faleceu nesta quarta-feira, 27. Diante da lament\u00e1vel perda precoce, o governo do Acre expressa o mais profundo pesar aos familiares e amigos.<\/p>\n<p><img decoding=\"async\" class=\"aligncenter wp-image-129819\" src=\"https:\/\/nk7-testes.com.br\/wp-content\/uploads\/2024\/03\/8d60c190-9f2d-4720-a8a9-ba1049b85841-jpg.webp\" alt=\"\" width=\"412\" height=\"401\" srcset=\"https:\/\/nk7-testes.com.br\/agazeta\/wp-content\/uploads\/2024\/03\/8d60c190-9f2d-4720-a8a9-ba1049b85841-jpg.webp 640w, https:\/\/nk7-testes.com.br\/agazeta\/wp-content\/uploads\/2024\/03\/8d60c190-9f2d-4720-a8a9-ba1049b85841-300x292.webp 300w\" sizes=\"(max-width: 412px) 100vw, 412px\" \/><\/p>\n<h3>Entenda<\/h3>\n<p>Um avi\u00e3o de pequeno porte, modelo Cessna Skylane, com sete pessoas, sendo tr\u00eas mulheres e quatro homens, caiu a 1 km da cabeceira da pista de Manoel Urbano no dia 18 de mar\u00e7o. As informa\u00e7\u00f5es foram confirmadas pelo Centro de Opera\u00e7\u00f5es Policiais Militares (Copom) e Pol\u00edcia Militar. O avi\u00e3o estava saindo de Manoel Urbano com destino \u00e0 Santa Rosa do Purus.<\/p>\n<p>Informa\u00e7\u00f5es preliminares apontam uma morte de passageiro do sexo masculino e outros seis feridos. O piloto estaria em estado grave. O local do acidente \u00e9 de dif\u00edcil acesso e os militares ainda est\u00e3o na \u00e1rea.<\/p>\n<h3>Saiba mais<\/h3>\n<p>O governo do Acre, por meio da <a href=\"https:\/\/nk7-testes.com.br\/transferencia-de-sobreviventes-do-acidente-aereo-para-centro-especializado-em-manaus-e-concluida-diz-sesacre\/\">Secretaria de Estado de Sa\u00fade (Sesacre), completou<\/a> a transfer\u00eancia de todos os sobreviventes da queda do avi\u00e3o de pequeno porte, modelo Cessna Skylane, em Manoel Urbano, para o Hospital e Pronto-Socorro (HPS) 28 de Agosto \u2013 Centro de Refer\u00eancia em Assist\u00eancia a Queimados de Alta Complexidade do Amazonas, em Manaus.<\/p>\n<p>O paciente Bruno Fernando dos Santos recebeu alta e j\u00e1 est\u00e1 em processo de recupera\u00e7\u00e3o. A jovem Deonicilia Salom\u00e3o Kalisto Kaxinawa, que ficou sob cuidados m\u00e9dicos na Unidade Mista de Manoel Urbano, teve alta hospitalar nesta segunda-feira, 25. Ela continuar\u00e1 com curativos na unidade b\u00e1sica de sa\u00fade e receber\u00e1 acompanhamento psicol\u00f3gico.<\/p>\n","protected":false},"excerpt":{"rendered":"<p>O funeral e enterro da comerciante Suanne Lostanaud Camello, que morreu v\u00edtima do acidente a\u00e9reo registrado no munic\u00edpio de Manoel Urbano, vai ocorrer neste domingo (31), na capela do cemit\u00e9rio Morada da Paz, na Estrada do Calafate, em Rio Branco. A informa\u00e7\u00e3o foi divulgada pela irm\u00e3 da v\u00edtima, Hemilly Lostanaud\u00a0 nas redes sociais. A morte [&hellip;]<\/p>\n","protected":false},"author":4,"featured_media":129820,"comment_status":"open","ping_status":"open","sticky":false,"template":"","format":"standard","meta":{"jnews-multi-image_gallery":[],"jnews_single_post":{"source_name":"","source_url":"","via_name":"","via_url":"","override_template":"0","override":[{"template":"custom","single_blog_custom":"110746","parallax":"1","fullscreen":"1","layout":"right-sidebar","sidebar":"default-sidebar","second_sidebar":"default-sidebar","sticky_sidebar":"1","share_position":"top","share_float_style":"share-monocrhome","show_share_counter":"1","show_view_counter":"1","show_featured":"1","show_post_meta":"1","show_post_author":"1","show_post_author_image":"1","show_post_date":"1","post_date_format":"default","post_date_format_custom":"Y\/m\/d","show_post_category":"1","show_post_reading_time":"0","post_reading_time_wpm":"300","show_zoom_button":"0","zoom_button_out_step":"2","zoom_button_in_step":"3","show_post_tag":"1","show_prev_next_post":"1","show_popup_post":"1","number_popup_post":"1","show_author_box":"0","show_post_related":"1","show_inline_post_related":"0"}],"override_image_size":"0","image_override":[{"single_post_thumbnail_size":"crop-500","single_post_gallery_size":"crop-500"}],"trending_post":"0","trending_post_position":"meta","trending_post_label":"Trending","sponsored_post":"0","sponsored_post_label":"Sponsored by","sponsored_post_name":"","sponsored_post_url":"","sponsored_post_logo_enable":"0","sponsored_post_logo":"","sponsored_post_desc":"","disable_ad":"0"},"jnews_primary_category":{"id":"","hide":""},"jnews_social_meta":{"fb_title":"","fb_description":"","fb_image":"","twitter_title":"","twitter_description":"","twitter_image":""},"jnews_review":[],"enable_review":"0","type":"percentage","name":"","summary":"","brand":"","sku":"","good":[{"good_text":""}],"bad":[{"bad_text":""}],"score_override":"0","override_value":"","rating":[{"rating_text":"","rating_number":"10"}],"price":[{"shop":"","price":"","link":"","icon":""}],"footnotes":""},"categories":[54],"tags":[152],"class_list":["post-129817","post","type-post","status-publish","format-standard","has-post-thumbnail","hentry","category-cotidiano","tag-destaque"],"yoast_head":"<!-- This site is optimized with the Yoast SEO plugin v26.5 - https:\/\/yoast.com\/wordpress\/plugins\/seo\/ -->\n<title>Vel\u00f3rio de jovem que morreu em queda de avi\u00e3o em Manoel Urbano ser\u00e1 realizado neste domingo (31), em Rio Branco - Agazeta.net<\/title>\n<meta name=\"robots\" content=\"index, follow, max-snippet:-1, max-image-preview:large, max-video-preview:-1\" \/>\n<link rel=\"canonical\" href=\"https:\/\/nk7-testes.com.br\/agazeta\/velorio-de-jovem-que-morreu-em-queda-de-aviao-em-manoel-urbano-sera-realizado-neste-domingo-31-em-rio-branco\/\" \/>\n<meta property=\"og:locale\" content=\"pt_BR\" \/>\n<meta property=\"og:type\" content=\"article\" \/>\n<meta property=\"og:title\" content=\"Vel\u00f3rio de jovem que morreu em queda de avi\u00e3o em Manoel Urbano ser\u00e1 realizado neste domingo (31), em Rio Branco\" \/>\n<meta property=\"og:description\" content=\"Ser\u00e1 realizado na capela do cemit\u00e9rio Morada da Paz, na Estrada do Calafate\" \/>\n<meta property=\"og:url\" content=\"https:\/\/nk7-testes.com.br\/agazeta\/velorio-de-jovem-que-morreu-em-queda-de-aviao-em-manoel-urbano-sera-realizado-neste-domingo-31-em-rio-branco\/\" \/>\n<meta property=\"og:site_name\" content=\"Agazeta.net\" \/>\n<meta property=\"article:published_time\" content=\"2024-03-30T20:01:12+00:00\" \/>\n<meta property=\"article:modified_time\" content=\"2024-03-30T20:07:20+00:00\" \/>\n<meta property=\"og:image\" content=\"https:\/\/nk7-testes.com.br\/agazeta\/wp-content\/uploads\/2024\/03\/c05f5616-019d-49d1-9e2e-ebaabda77541-jpg.webp\" \/>\n\t<meta property=\"og:image:width\" content=\"800\" \/>\n\t<meta property=\"og:image:height\" content=\"410\" \/>\n\t<meta property=\"og:image:type\" content=\"image\/jpeg\" \/>\n<meta name=\"author\" content=\"Agazeta.Net\" \/>\n<meta name=\"twitter:card\" content=\"summary_large_image\" \/>\n<meta name=\"twitter:title\" content=\"Vel\u00f3rio de jovem que morreu em queda de avi\u00e3o em Manoel Urbano ser\u00e1 realizado neste domingo (31), em Rio Branco\" \/>\n<meta name=\"twitter:description\" content=\"Ser\u00e1 realizado na capela do cemit\u00e9rio Morada da Paz, na Estrada do Calafate\" \/>\n<meta name=\"twitter:image\" content=\"https:\/\/nk7-testes.com.br\/agazeta\/wp-content\/uploads\/2024\/03\/c05f5616-019d-49d1-9e2e-ebaabda77541-jpg.webp\" \/>\n<meta name=\"twitter:label1\" content=\"Escrito por\" \/>\n\t<meta name=\"twitter:data1\" content=\"Agazeta.Net\" \/>\n\t<meta name=\"twitter:label2\" content=\"Est. tempo de leitura\" \/>\n\t<meta name=\"twitter:data2\" content=\"2 minutos\" \/>\n<script type=\"application\/ld+json\" class=\"yoast-schema-graph\">{\"@context\":\"https:\/\/schema.org\",\"@graph\":[{\"@type\":\"WebPage\",\"@id\":\"https:\/\/nk7-testes.com.br\/agazeta\/velorio-de-jovem-que-morreu-em-queda-de-aviao-em-manoel-urbano-sera-realizado-neste-domingo-31-em-rio-branco\/\",\"url\":\"https:\/\/nk7-testes.com.br\/agazeta\/velorio-de-jovem-que-morreu-em-queda-de-aviao-em-manoel-urbano-sera-realizado-neste-domingo-31-em-rio-branco\/\",\"name\":\"Vel\u00f3rio de jovem que morreu em queda de avi\u00e3o em Manoel Urbano ser\u00e1 realizado neste domingo (31), em Rio Branco - Agazeta.net\",\"isPartOf\":{\"@id\":\"https:\/\/nk7-testes.com.br\/agazeta\/#website\"},\"primaryImageOfPage\":{\"@id\":\"https:\/\/nk7-testes.com.br\/agazeta\/velorio-de-jovem-que-morreu-em-queda-de-aviao-em-manoel-urbano-sera-realizado-neste-domingo-31-em-rio-branco\/#primaryimage\"},\"image\":{\"@id\":\"https:\/\/nk7-testes.com.br\/agazeta\/velorio-de-jovem-que-morreu-em-queda-de-aviao-em-manoel-urbano-sera-realizado-neste-domingo-31-em-rio-branco\/#primaryimage\"},\"thumbnailUrl\":\"https:\/\/nk7-testes.com.br\/agazeta\/wp-content\/uploads\/2024\/03\/c05f5616-019d-49d1-9e2e-ebaabda77541-jpg.webp\",\"datePublished\":\"2024-03-30T20:01:12+00:00\",\"dateModified\":\"2024-03-30T20:07:20+00:00\",\"author\":{\"@id\":\"https:\/\/nk7-testes.com.br\/agazeta\/#\/schema\/person\/ff6b39d54d6973bfc57f4140f659b23f\"},\"breadcrumb\":{\"@id\":\"https:\/\/nk7-testes.com.br\/agazeta\/velorio-de-jovem-que-morreu-em-queda-de-aviao-em-manoel-urbano-sera-realizado-neste-domingo-31-em-rio-branco\/#breadcrumb\"},\"inLanguage\":\"pt-BR\",\"potentialAction\":[{\"@type\":\"ReadAction\",\"target\":[\"https:\/\/nk7-testes.com.br\/agazeta\/velorio-de-jovem-que-morreu-em-queda-de-aviao-em-manoel-urbano-sera-realizado-neste-domingo-31-em-rio-branco\/\"]}]},{\"@type\":\"ImageObject\",\"inLanguage\":\"pt-BR\",\"@id\":\"https:\/\/nk7-testes.com.br\/agazeta\/velorio-de-jovem-que-morreu-em-queda-de-aviao-em-manoel-urbano-sera-realizado-neste-domingo-31-em-rio-branco\/#primaryimage\",\"url\":\"https:\/\/nk7-testes.com.br\/agazeta\/wp-content\/uploads\/2024\/03\/c05f5616-019d-49d1-9e2e-ebaabda77541-jpg.webp\",\"contentUrl\":\"https:\/\/nk7-testes.com.br\/agazeta\/wp-content\/uploads\/2024\/03\/c05f5616-019d-49d1-9e2e-ebaabda77541-jpg.webp\",\"width\":800,\"height\":410},{\"@type\":\"BreadcrumbList\",\"@id\":\"https:\/\/nk7-testes.com.br\/agazeta\/velorio-de-jovem-que-morreu-em-queda-de-aviao-em-manoel-urbano-sera-realizado-neste-domingo-31-em-rio-branco\/#breadcrumb\",\"itemListElement\":[{\"@type\":\"ListItem\",\"position\":1,\"name\":\"In\u00edcio\",\"item\":\"https:\/\/nk7-testes.com.br\/agazeta\/\"},{\"@type\":\"ListItem\",\"position\":2,\"name\":\"Vel\u00f3rio de jovem que morreu em queda de avi\u00e3o em Manoel Urbano ser\u00e1 realizado neste domingo (31), em Rio Branco\"}]},{\"@type\":\"WebSite\",\"@id\":\"https:\/\/nk7-testes.com.br\/agazeta\/#website\",\"url\":\"https:\/\/nk7-testes.com.br\/agazeta\/\",\"name\":\"Agazeta.net\",\"description\":\"Agazeta.net - Not\u00edcias de Rio Branco\/AC\",\"potentialAction\":[{\"@type\":\"SearchAction\",\"target\":{\"@type\":\"EntryPoint\",\"urlTemplate\":\"https:\/\/nk7-testes.com.br\/agazeta\/?s={search_term_string}\"},\"query-input\":{\"@type\":\"PropertyValueSpecification\",\"valueRequired\":true,\"valueName\":\"search_term_string\"}}],\"inLanguage\":\"pt-BR\"},{\"@type\":\"Person\",\"@id\":\"https:\/\/nk7-testes.com.br\/agazeta\/#\/schema\/person\/ff6b39d54d6973bfc57f4140f659b23f\",\"name\":\"Agazeta.Net\",\"url\":\"https:\/\/nk7-testes.com.br\/agazeta\/author\/agazeta\/\"}]}<\/script>\n<!-- \/ Yoast SEO plugin. -->","yoast_head_json":{"title":"Vel\u00f3rio de jovem que morreu em queda de avi\u00e3o em Manoel Urbano ser\u00e1 realizado neste domingo (31), em Rio Branco - Agazeta.net","robots":{"index":"index","follow":"follow","max-snippet":"max-snippet:-1","max-image-preview":"max-image-preview:large","max-video-preview":"max-video-preview:-1"},"canonical":"https:\/\/nk7-testes.com.br\/agazeta\/velorio-de-jovem-que-morreu-em-queda-de-aviao-em-manoel-urbano-sera-realizado-neste-domingo-31-em-rio-branco\/","og_locale":"pt_BR","og_type":"article","og_title":"Vel\u00f3rio de jovem que morreu em queda de avi\u00e3o em Manoel Urbano ser\u00e1 realizado neste domingo (31), em Rio Branco","og_description":"Ser\u00e1 realizado na capela do cemit\u00e9rio Morada da Paz, na Estrada do Calafate","og_url":"https:\/\/nk7-testes.com.br\/agazeta\/velorio-de-jovem-que-morreu-em-queda-de-aviao-em-manoel-urbano-sera-realizado-neste-domingo-31-em-rio-branco\/","og_site_name":"Agazeta.net","article_published_time":"2024-03-30T20:01:12+00:00","article_modified_time":"2024-03-30T20:07:20+00:00","og_image":[{"width":800,"height":410,"url":"https:\/\/nk7-testes.com.br\/agazeta\/wp-content\/uploads\/2024\/03\/c05f5616-019d-49d1-9e2e-ebaabda77541-jpg.webp","type":"image\/jpeg"}],"author":"Agazeta.Net","twitter_card":"summary_large_image","twitter_title":"Vel\u00f3rio de jovem que morreu em queda de avi\u00e3o em Manoel Urbano ser\u00e1 realizado neste domingo (31), em Rio Branco","twitter_description":"Ser\u00e1 realizado na capela do cemit\u00e9rio Morada da Paz, na Estrada do Calafate","twitter_image":"https:\/\/nk7-testes.com.br\/agazeta\/wp-content\/uploads\/2024\/03\/c05f5616-019d-49d1-9e2e-ebaabda77541-jpg.webp","twitter_misc":{"Escrito por":"Agazeta.Net","Est. tempo de leitura":"2 minutos"},"schema":{"@context":"https:\/\/schema.org","@graph":[{"@type":"WebPage","@id":"https:\/\/nk7-testes.com.br\/agazeta\/velorio-de-jovem-que-morreu-em-queda-de-aviao-em-manoel-urbano-sera-realizado-neste-domingo-31-em-rio-branco\/","url":"https:\/\/nk7-testes.com.br\/agazeta\/velorio-de-jovem-que-morreu-em-queda-de-aviao-em-manoel-urbano-sera-realizado-neste-domingo-31-em-rio-branco\/","name":"Vel\u00f3rio de jovem que morreu em queda de avi\u00e3o em Manoel Urbano ser\u00e1 realizado neste domingo (31), em Rio Branco - Agazeta.net","isPartOf":{"@id":"https:\/\/nk7-testes.com.br\/agazeta\/#website"},"primaryImageOfPage":{"@id":"https:\/\/nk7-testes.com.br\/agazeta\/velorio-de-jovem-que-morreu-em-queda-de-aviao-em-manoel-urbano-sera-realizado-neste-domingo-31-em-rio-branco\/#primaryimage"},"image":{"@id":"https:\/\/nk7-testes.com.br\/agazeta\/velorio-de-jovem-que-morreu-em-queda-de-aviao-em-manoel-urbano-sera-realizado-neste-domingo-31-em-rio-branco\/#primaryimage"},"thumbnailUrl":"https:\/\/nk7-testes.com.br\/agazeta\/wp-content\/uploads\/2024\/03\/c05f5616-019d-49d1-9e2e-ebaabda77541-jpg.webp","datePublished":"2024-03-30T20:01:12+00:00","dateModified":"2024-03-30T20:07:20+00:00","author":{"@id":"https:\/\/nk7-testes.com.br\/agazeta\/#\/schema\/person\/ff6b39d54d6973bfc57f4140f659b23f"},"breadcrumb":{"@id":"https:\/\/nk7-testes.com.br\/agazeta\/velorio-de-jovem-que-morreu-em-queda-de-aviao-em-manoel-urbano-sera-realizado-neste-domingo-31-em-rio-branco\/#breadcrumb"},"inLanguage":"pt-BR","potentialAction":[{"@type":"ReadAction","target":["https:\/\/nk7-testes.com.br\/agazeta\/velorio-de-jovem-que-morreu-em-queda-de-aviao-em-manoel-urbano-sera-realizado-neste-domingo-31-em-rio-branco\/"]}]},{"@type":"ImageObject","inLanguage":"pt-BR","@id":"https:\/\/nk7-testes.com.br\/agazeta\/velorio-de-jovem-que-morreu-em-queda-de-aviao-em-manoel-urbano-sera-realizado-neste-domingo-31-em-rio-branco\/#primaryimage","url":"https:\/\/nk7-testes.com.br\/agazeta\/wp-content\/uploads\/2024\/03\/c05f5616-019d-49d1-9e2e-ebaabda77541-jpg.webp","contentUrl":"https:\/\/nk7-testes.com.br\/agazeta\/wp-content\/uploads\/2024\/03\/c05f5616-019d-49d1-9e2e-ebaabda77541-jpg.webp","width":800,"height":410},{"@type":"BreadcrumbList","@id":"https:\/\/nk7-testes.com.br\/agazeta\/velorio-de-jovem-que-morreu-em-queda-de-aviao-em-manoel-urbano-sera-realizado-neste-domingo-31-em-rio-branco\/#breadcrumb","itemListElement":[{"@type":"ListItem","position":1,"name":"In\u00edcio","item":"https:\/\/nk7-testes.com.br\/agazeta\/"},{"@type":"ListItem","position":2,"name":"Vel\u00f3rio de jovem que morreu em queda de avi\u00e3o em Manoel Urbano ser\u00e1 realizado neste domingo (31), em Rio Branco"}]},{"@type":"WebSite","@id":"https:\/\/nk7-testes.com.br\/agazeta\/#website","url":"https:\/\/nk7-testes.com.br\/agazeta\/","name":"Agazeta.net","description":"Agazeta.net - Not\u00edcias de Rio Branco\/AC","potentialAction":[{"@type":"SearchAction","target":{"@type":"EntryPoint","urlTemplate":"https:\/\/nk7-testes.com.br\/agazeta\/?s={search_term_string}"},"query-input":{"@type":"PropertyValueSpecification","valueRequired":true,"valueName":"search_term_string"}}],"inLanguage":"pt-BR"},{"@type":"Person","@id":"https:\/\/nk7-testes.com.br\/agazeta\/#\/schema\/person\/ff6b39d54d6973bfc57f4140f659b23f","name":"Agazeta.Net","url":"https:\/\/nk7-testes.com.br\/agazeta\/author\/agazeta\/"}]}},"_links":{"self":[{"href":"https:\/\/nk7-testes.com.br\/agazeta\/wp-json\/wp\/v2\/posts\/129817","targetHints":{"allow":["GET"]}}],"collection":[{"href":"https:\/\/nk7-testes.com.br\/agazeta\/wp-json\/wp\/v2\/posts"}],"about":[{"href":"https:\/\/nk7-testes.com.br\/agazeta\/wp-json\/wp\/v2\/types\/post"}],"author":[{"embeddable":true,"href":"https:\/\/nk7-testes.com.br\/agazeta\/wp-json\/wp\/v2\/users\/4"}],"replies":[{"embeddable":true,"href":"https:\/\/nk7-testes.com.br\/agazeta\/wp-json\/wp\/v2\/comments?post=129817"}],"version-history":[{"count":0,"href":"https:\/\/nk7-testes.com.br\/agazeta\/wp-json\/wp\/v2\/posts\/129817\/revisions"}],"wp:featuredmedia":[{"embeddable":true,"href":"https:\/\/nk7-testes.com.br\/agazeta\/wp-json\/wp\/v2\/media\/129820"}],"wp:attachment":[{"href":"https:\/\/nk7-testes.com.br\/agazeta\/wp-json\/wp\/v2\/media?parent=129817"}],"wp:term":[{"taxonomy":"category","embeddable":true,"href":"https:\/\/nk7-testes.com.br\/agazeta\/wp-json\/wp\/v2\/categories?post=129817"},{"taxonomy":"post_tag","embeddable":true,"href":"https:\/\/nk7-testes.com.br\/agazeta\/wp-json\/wp\/v2\/tags?post=129817"}],"curies":[{"name":"wp","href":"https:\/\/api.w.org\/{rel}","templated":true}]}}