{"id":129333,"date":"2024-03-22T00:01:14","date_gmt":"2024-03-22T05:01:14","guid":{"rendered":"https:\/\/nk7-testes.com.br\/?p=129333"},"modified":"2024-03-22T00:01:14","modified_gmt":"2024-03-22T05:01:14","slug":"se-eu-tiver-que-ser-preso-novamente-serei-diz-sosia-de-bolsonaro-no-acre-em-apoio-ao-ex-presidente","status":"publish","type":"post","link":"https:\/\/nk7-testes.com.br\/agazeta\/se-eu-tiver-que-ser-preso-novamente-serei-diz-sosia-de-bolsonaro-no-acre-em-apoio-ao-ex-presidente\/","title":{"rendered":"&#8220;Se eu tiver que ser preso novamente, serei&#8221;, diz s\u00f3sia de Bolsonaro no Acre em apoio ao ex-presidente"},"content":{"rendered":"<p style=\"text-align: justify;\">Uma multid\u00e3o de pessoas marcou presen\u00e7a no Aeroporto Internacional de Rio Branco \u2013 Pl\u00e1cido de Castro, \u00e0 espera da chegada do ex-presidente Jair Bolsonaro (PL) e da esposa Michelle Bolsonaro (PL), na noite desta quinta-feira (21). Apoiadores com bolo de anivers\u00e1rio e fam\u00edlias completas marcaram presen\u00e7a.<\/p>\n<p style=\"text-align: justify;\">Dentro aos milhares de apoiadores do casal Bolsonaro est\u00e1 o militar aposentado Amilcar Melo de Ara\u00fajo, conhecido no Acre como s\u00f3sia do ex-presidente, na companhia da esposa. Ele ficou preso por quase quatro meses, ap\u00f3s participar de ato golpista em janeiro de 2023.<\/p>\n<p style=\"text-align: justify;\">Segundo Ara\u00fajo, a chegada de Bolsonaro ao Acre \u00e9 uma vit\u00f3ria para os acreanos. Al\u00e9m disso, afirma que a esperan\u00e7a vai chegar ao Estado junto ao ex-presidente.<\/p>\n<p style=\"text-align: justify;\">\u201cA chegada do nosso presidente aqui \u00e9 uma vit\u00f3ria para n\u00f3s acreanos. E com certeza ser\u00e1 uma vida nova para n\u00f3s acreanos, porque n\u00f3s temos muitas coisas ainda para ver. Com a chegada dele, ele vai trazer muitas esperan\u00e7as para n\u00f3s, temos certeza disso. Ele tem certeza que 80% dos acreanos s\u00e3o bolsonaristas e brasileiros\u201d, conta o militar.<\/p>\n<figure id=\"attachment_129334\" aria-describedby=\"caption-attachment-129334\" style=\"width: 577px\" class=\"wp-caption aligncenter\"><img decoding=\"async\" class=\"wp-image-129334 \" src=\"https:\/\/nk7-testes.com.br\/wp-content\/uploads\/2024\/03\/sosia-e-mulher-jpg.webp\" alt=\"\" width=\"577\" height=\"471\" srcset=\"https:\/\/nk7-testes.com.br\/agazeta\/wp-content\/uploads\/2024\/03\/sosia-e-mulher-jpg.webp 977w, https:\/\/nk7-testes.com.br\/agazeta\/wp-content\/uploads\/2024\/03\/sosia-e-mulher-300x245.webp 300w, https:\/\/nk7-testes.com.br\/agazeta\/wp-content\/uploads\/2024\/03\/sosia-e-mulher-768x627.webp 768w, https:\/\/nk7-testes.com.br\/agazeta\/wp-content\/uploads\/2024\/03\/sosia-e-mulher-750x612.webp 750w\" sizes=\"(max-width: 577px) 100vw, 577px\" \/><figcaption id=\"caption-attachment-129334\" class=\"wp-caption-text\">Amilcar Ara\u00fajo e a esposa\/Imagem: Gisele Almeida<\/figcaption><\/figure>\n<p style=\"text-align: justify;\">Mesmo com as pol\u00eamicas que envolvem o pol\u00edtico, como a falsifica\u00e7\u00e3o da carteira vacinal e as investiga\u00e7\u00f5es da Pol\u00edcia Federal, Amilcar Ara\u00fajo deixa claro que n\u00e3o vai deixar de apoi\u00e1-lo, pois afirma saber do car\u00e1ter e da honestidade dele.<\/p>\n<p style=\"text-align: justify;\">\u201cEle pode ser o que for, mas n\u00f3s temos certeza que ele \u00e9 uma pessoa decente, uma pessoa humilde e honesta. Ent\u00e3o, n\u00f3s n\u00e3o abriremos m\u00e3o, em canto nenhum. N\u00e3o vamos abrir m\u00e3o da verdadeira honestidade dele. Podem inventar o que for, mas o brasileiro, o acreano, principalmente, tem f\u00e9 que ele ser\u00e1 absorvido de todas as acusa\u00e7\u00f5es contra ele\u201d, ressalta.<\/p>\n<p style=\"text-align: justify;\">A Pol\u00edcia Federal investiga o ex-presidente e a fam\u00edlia desde a tentativa de golpe no dia 8 de janeiro de 2023, em Bras\u00edlia. Apesar disso, Ara\u00fajo n\u00e3o acredita que Bolsonaro seja preso, pois n\u00e3o tem motivo para ser.<\/p>\n<p style=\"text-align: justify;\">\u201cEu n\u00e3o acredito, porque a pessoa quando \u00e9 presa algum motivo tem e o Bolsonaro n\u00f3s temos certeza que ele n\u00e3o vai ser preso, porque ele n\u00e3o tem motivo para ser preso. E n\u00f3s fomos presos aqui, n\u00f3s passamos quatro meses presos, mas temos certeza que n\u00f3s fomos injusti\u00e7ados, mas a prova disso \u00e9 que n\u00f3s estamos libertos hoje\u201d, declara.<\/p>\n<p style=\"text-align: justify;\">O militar Almicar Ara\u00fajo foi preso dia 9 de janeiro do ano passado, ap\u00f3s participar de um ato golpista, e solto quatro meses depois, no dia 28 de abril. Ele ficou detido no 4\u00b0 Batalh\u00e3o de Infantaria de Selva (4\u00ba Bis) e diz n\u00e3o se arrepender, e que faria tudo de novo.<\/p>\n<p style=\"text-align: justify;\">\u201cEu n\u00e3o abro m\u00e3o daquilo que \u00e9 melhor para o Brasil e se tiver que ser preso novamente eu serei preso de novo por algum motivo. N\u00e3o me arrependo de ser preso, porque eu acho que tudo que aconteceu foi injusto, foi um ato democr\u00e1tico. N\u00e3o tem nada contra n\u00f3s e, principalmente, contra essa pessoa aqui. Eu passei 30 anos no ex\u00e9rcito nunca fui punido, e fui punido por quatro meses\u201d, afirma o militar.<\/p>\n<p style=\"text-align: justify;\"><strong>Bolo de anivers\u00e1rio<\/strong><\/p>\n<p style=\"text-align: justify;\">O empres\u00e1rio Claisson Almeida tamb\u00e9m teve a presen\u00e7a garantida no aeroporto de Rio Branco, para esperar a chegada de Bolsonaro, por\u00e9m, com um bolo de anivers\u00e1rio dedicado ao ex-presidente, tendo em vista que nesta quinta-feira, 21 de mar\u00e7o, ele completa 69 anos de idade.<\/p>\n<p style=\"text-align: justify;\">\u201cHomem \u00e9 o mito, n\u00e9? Hoje n\u00e3o deixei passar em branco e quis trazer um bolo para ele. Mandei minha confeiteira fazer o bolo e vim aqui tentar tirar uma foto com ele. Eu vim para c\u00e1, atr\u00e1s de ver ele, mas se n\u00e3o der de ver ele, s\u00f3 o fato de ele estar aqui no Acre j\u00e1 \u00e9 suficiente\u201d, explica o empres\u00e1rio.<\/p>\n<figure id=\"attachment_129335\" aria-describedby=\"caption-attachment-129335\" style=\"width: 611px\" class=\"wp-caption aligncenter\"><img decoding=\"async\" class=\"wp-image-129335 \" src=\"https:\/\/nk7-testes.com.br\/wp-content\/uploads\/2024\/03\/bolo-scaled.webp\" alt=\"\" width=\"611\" height=\"459\" srcset=\"https:\/\/nk7-testes.com.br\/agazeta\/wp-content\/uploads\/2024\/03\/bolo-scaled.webp 2560w, https:\/\/nk7-testes.com.br\/agazeta\/wp-content\/uploads\/2024\/03\/bolo-300x225.webp 300w, https:\/\/nk7-testes.com.br\/agazeta\/wp-content\/uploads\/2024\/03\/bolo-1024x768.webp 1024w, https:\/\/nk7-testes.com.br\/agazeta\/wp-content\/uploads\/2024\/03\/bolo-768x576.webp 768w, https:\/\/nk7-testes.com.br\/agazeta\/wp-content\/uploads\/2024\/03\/bolo-1536x1152.webp 1536w, https:\/\/nk7-testes.com.br\/agazeta\/wp-content\/uploads\/2024\/03\/bolo-2048x1536.webp 2048w, https:\/\/nk7-testes.com.br\/agazeta\/wp-content\/uploads\/2024\/03\/bolo-750x563.webp 750w, https:\/\/nk7-testes.com.br\/agazeta\/wp-content\/uploads\/2024\/03\/bolo-1140x855.webp 1140w\" sizes=\"(max-width: 611px) 100vw, 611px\" \/><figcaption id=\"caption-attachment-129335\" class=\"wp-caption-text\">Empres\u00e1rio Claisson Almeida\/Imagem: Gisele Almeida<\/figcaption><\/figure>\n<p style=\"text-align: justify;\">Segundo ele, \u00e9 um dia especial e com grande significado na vida dele. A \u00faltima vez que o pol\u00edtico esteve no Acre foi em 2018, nas campanhas para a presid\u00eancia daquele ano. A vinda dele, exatamente no dia do anivers\u00e1rio, tem um valor significativo para Almeida.<\/p>\n<p style=\"text-align: justify;\">\u201c\u00c9 um dia muito especial. Muito especial mesmo, porque \u00e9 anivers\u00e1rio dele e ele escolheu o Acre para estar aqui. Ent\u00e3o, n\u00f3s como brasileiros temos que nos sentirmos felizes\u201d, explicita.<\/p>\n<p><em><strong>Mat\u00e9ria feita com produ\u00e7\u00e3o da rep\u00f3rter Gisele Almeida<\/strong><\/em><\/p>\n","protected":false},"excerpt":{"rendered":"<p>Uma multid\u00e3o de pessoas marcou presen\u00e7a no Aeroporto Internacional de Rio Branco \u2013 Pl\u00e1cido de Castro, \u00e0 espera da chegada do ex-presidente Jair Bolsonaro (PL) e da esposa Michelle Bolsonaro (PL), na noite desta quinta-feira (21). Apoiadores com bolo de anivers\u00e1rio e fam\u00edlias completas marcaram presen\u00e7a. Dentro aos milhares de apoiadores do casal Bolsonaro est\u00e1 [&hellip;]<\/p>\n","protected":false},"author":4,"featured_media":129336,"comment_status":"open","ping_status":"open","sticky":false,"template":"","format":"standard","meta":{"jnews-multi-image_gallery":[],"jnews_single_post":{"source_name":"","source_url":"","via_name":"","via_url":"","override_template":"0","override":[{"template":"custom","single_blog_custom":"110746","parallax":"1","fullscreen":"1","layout":"right-sidebar","sidebar":"default-sidebar","second_sidebar":"default-sidebar","sticky_sidebar":"1","share_position":"top","share_float_style":"share-monocrhome","show_share_counter":"1","show_view_counter":"1","show_featured":"1","show_post_meta":"1","show_post_author":"1","show_post_author_image":"1","show_post_date":"1","post_date_format":"default","post_date_format_custom":"Y\/m\/d","show_post_category":"1","show_post_reading_time":"0","post_reading_time_wpm":"300","show_zoom_button":"0","zoom_button_out_step":"2","zoom_button_in_step":"3","show_post_tag":"1","show_prev_next_post":"1","show_popup_post":"1","number_popup_post":"1","show_author_box":"0","show_post_related":"1","show_inline_post_related":"0"}],"override_image_size":"0","image_override":[{"single_post_thumbnail_size":"crop-500","single_post_gallery_size":"crop-500"}],"trending_post":"0","trending_post_position":"meta","trending_post_label":"Trending","sponsored_post":"0","sponsored_post_label":"Sponsored by","sponsored_post_name":"","sponsored_post_url":"","sponsored_post_logo_enable":"0","sponsored_post_logo":"","sponsored_post_desc":"","disable_ad":"0"},"jnews_primary_category":{"id":"","hide":""},"jnews_social_meta":{"fb_title":"","fb_description":"","fb_image":"","twitter_title":"","twitter_description":"","twitter_image":""},"jnews_review":[],"enable_review":"0","type":"percentage","name":"","summary":"","brand":"","sku":"","good":[{"good_text":""}],"bad":[{"bad_text":""}],"score_override":"0","override_value":"","rating":[{"rating_text":"","rating_number":"10"}],"price":[{"shop":"","price":"","link":"","icon":""}],"footnotes":""},"categories":[54],"tags":[152],"class_list":["post-129333","post","type-post","status-publish","format-standard","has-post-thumbnail","hentry","category-cotidiano","tag-destaque"],"yoast_head":"<!-- This site is optimized with the Yoast SEO plugin v26.5 - https:\/\/yoast.com\/wordpress\/plugins\/seo\/ -->\n<title>&quot;Se eu tiver que ser preso novamente, serei&quot;, diz s\u00f3sia de Bolsonaro no Acre em apoio ao ex-presidente - Agazeta.net<\/title>\n<meta name=\"robots\" content=\"index, follow, max-snippet:-1, max-image-preview:large, max-video-preview:-1\" \/>\n<link rel=\"canonical\" href=\"https:\/\/nk7-testes.com.br\/agazeta\/se-eu-tiver-que-ser-preso-novamente-serei-diz-sosia-de-bolsonaro-no-acre-em-apoio-ao-ex-presidente\/\" \/>\n<meta property=\"og:locale\" content=\"pt_BR\" \/>\n<meta property=\"og:type\" content=\"article\" \/>\n<meta property=\"og:title\" content=\"&quot;Se eu tiver que ser preso novamente, serei&quot;, diz s\u00f3sia de Bolsonaro no Acre em apoio ao ex-presidente\" \/>\n<meta property=\"og:description\" content=\"Com presen\u00e7a no aeroporto de Rio Branco, Amilcar Ara\u00fajo ficou preso por quase quatro meses, de janeiro a abril de 2023\" \/>\n<meta property=\"og:url\" content=\"https:\/\/nk7-testes.com.br\/agazeta\/se-eu-tiver-que-ser-preso-novamente-serei-diz-sosia-de-bolsonaro-no-acre-em-apoio-ao-ex-presidente\/\" \/>\n<meta property=\"og:site_name\" content=\"Agazeta.net\" \/>\n<meta property=\"article:published_time\" content=\"2024-03-22T05:01:14+00:00\" \/>\n<meta property=\"og:image\" content=\"https:\/\/nk7-testes.com.br\/agazeta\/wp-content\/uploads\/2024\/03\/sosia-jpg.webp\" \/>\n\t<meta property=\"og:image:width\" content=\"800\" \/>\n\t<meta property=\"og:image:height\" content=\"401\" \/>\n\t<meta property=\"og:image:type\" content=\"image\/jpeg\" \/>\n<meta name=\"author\" content=\"Agazeta.Net\" \/>\n<meta name=\"twitter:card\" content=\"summary_large_image\" \/>\n<meta name=\"twitter:label1\" content=\"Escrito por\" \/>\n\t<meta name=\"twitter:data1\" content=\"Agazeta.Net\" \/>\n\t<meta name=\"twitter:label2\" content=\"Est. tempo de leitura\" \/>\n\t<meta name=\"twitter:data2\" content=\"4 minutos\" \/>\n<script type=\"application\/ld+json\" class=\"yoast-schema-graph\">{\"@context\":\"https:\/\/schema.org\",\"@graph\":[{\"@type\":\"WebPage\",\"@id\":\"https:\/\/nk7-testes.com.br\/agazeta\/se-eu-tiver-que-ser-preso-novamente-serei-diz-sosia-de-bolsonaro-no-acre-em-apoio-ao-ex-presidente\/\",\"url\":\"https:\/\/nk7-testes.com.br\/agazeta\/se-eu-tiver-que-ser-preso-novamente-serei-diz-sosia-de-bolsonaro-no-acre-em-apoio-ao-ex-presidente\/\",\"name\":\"\\\"Se eu tiver que ser preso novamente, serei\\\", diz s\u00f3sia de Bolsonaro no Acre em apoio ao ex-presidente - Agazeta.net\",\"isPartOf\":{\"@id\":\"https:\/\/nk7-testes.com.br\/agazeta\/#website\"},\"primaryImageOfPage\":{\"@id\":\"https:\/\/nk7-testes.com.br\/agazeta\/se-eu-tiver-que-ser-preso-novamente-serei-diz-sosia-de-bolsonaro-no-acre-em-apoio-ao-ex-presidente\/#primaryimage\"},\"image\":{\"@id\":\"https:\/\/nk7-testes.com.br\/agazeta\/se-eu-tiver-que-ser-preso-novamente-serei-diz-sosia-de-bolsonaro-no-acre-em-apoio-ao-ex-presidente\/#primaryimage\"},\"thumbnailUrl\":\"https:\/\/nk7-testes.com.br\/agazeta\/wp-content\/uploads\/2024\/03\/sosia-jpg.webp\",\"datePublished\":\"2024-03-22T05:01:14+00:00\",\"author\":{\"@id\":\"https:\/\/nk7-testes.com.br\/agazeta\/#\/schema\/person\/ff6b39d54d6973bfc57f4140f659b23f\"},\"breadcrumb\":{\"@id\":\"https:\/\/nk7-testes.com.br\/agazeta\/se-eu-tiver-que-ser-preso-novamente-serei-diz-sosia-de-bolsonaro-no-acre-em-apoio-ao-ex-presidente\/#breadcrumb\"},\"inLanguage\":\"pt-BR\",\"potentialAction\":[{\"@type\":\"ReadAction\",\"target\":[\"https:\/\/nk7-testes.com.br\/agazeta\/se-eu-tiver-que-ser-preso-novamente-serei-diz-sosia-de-bolsonaro-no-acre-em-apoio-ao-ex-presidente\/\"]}]},{\"@type\":\"ImageObject\",\"inLanguage\":\"pt-BR\",\"@id\":\"https:\/\/nk7-testes.com.br\/agazeta\/se-eu-tiver-que-ser-preso-novamente-serei-diz-sosia-de-bolsonaro-no-acre-em-apoio-ao-ex-presidente\/#primaryimage\",\"url\":\"https:\/\/nk7-testes.com.br\/agazeta\/wp-content\/uploads\/2024\/03\/sosia-jpg.webp\",\"contentUrl\":\"https:\/\/nk7-testes.com.br\/agazeta\/wp-content\/uploads\/2024\/03\/sosia-jpg.webp\",\"width\":800,\"height\":401,\"caption\":\"Imagem: Gisele Almeida\"},{\"@type\":\"BreadcrumbList\",\"@id\":\"https:\/\/nk7-testes.com.br\/agazeta\/se-eu-tiver-que-ser-preso-novamente-serei-diz-sosia-de-bolsonaro-no-acre-em-apoio-ao-ex-presidente\/#breadcrumb\",\"itemListElement\":[{\"@type\":\"ListItem\",\"position\":1,\"name\":\"In\u00edcio\",\"item\":\"https:\/\/nk7-testes.com.br\/agazeta\/\"},{\"@type\":\"ListItem\",\"position\":2,\"name\":\"&#8220;Se eu tiver que ser preso novamente, serei&#8221;, diz s\u00f3sia de Bolsonaro no Acre em apoio ao ex-presidente\"}]},{\"@type\":\"WebSite\",\"@id\":\"https:\/\/nk7-testes.com.br\/agazeta\/#website\",\"url\":\"https:\/\/nk7-testes.com.br\/agazeta\/\",\"name\":\"Agazeta.net\",\"description\":\"Agazeta.net - Not\u00edcias de Rio Branco\/AC\",\"potentialAction\":[{\"@type\":\"SearchAction\",\"target\":{\"@type\":\"EntryPoint\",\"urlTemplate\":\"https:\/\/nk7-testes.com.br\/agazeta\/?s={search_term_string}\"},\"query-input\":{\"@type\":\"PropertyValueSpecification\",\"valueRequired\":true,\"valueName\":\"search_term_string\"}}],\"inLanguage\":\"pt-BR\"},{\"@type\":\"Person\",\"@id\":\"https:\/\/nk7-testes.com.br\/agazeta\/#\/schema\/person\/ff6b39d54d6973bfc57f4140f659b23f\",\"name\":\"Agazeta.Net\",\"url\":\"https:\/\/nk7-testes.com.br\/agazeta\/author\/agazeta\/\"}]}<\/script>\n<!-- \/ Yoast SEO plugin. -->","yoast_head_json":{"title":"\"Se eu tiver que ser preso novamente, serei\", diz s\u00f3sia de Bolsonaro no Acre em apoio ao ex-presidente - Agazeta.net","robots":{"index":"index","follow":"follow","max-snippet":"max-snippet:-1","max-image-preview":"max-image-preview:large","max-video-preview":"max-video-preview:-1"},"canonical":"https:\/\/nk7-testes.com.br\/agazeta\/se-eu-tiver-que-ser-preso-novamente-serei-diz-sosia-de-bolsonaro-no-acre-em-apoio-ao-ex-presidente\/","og_locale":"pt_BR","og_type":"article","og_title":"\"Se eu tiver que ser preso novamente, serei\", diz s\u00f3sia de Bolsonaro no Acre em apoio ao ex-presidente","og_description":"Com presen\u00e7a no aeroporto de Rio Branco, Amilcar Ara\u00fajo ficou preso por quase quatro meses, de janeiro a abril de 2023","og_url":"https:\/\/nk7-testes.com.br\/agazeta\/se-eu-tiver-que-ser-preso-novamente-serei-diz-sosia-de-bolsonaro-no-acre-em-apoio-ao-ex-presidente\/","og_site_name":"Agazeta.net","article_published_time":"2024-03-22T05:01:14+00:00","og_image":[{"width":800,"height":401,"url":"https:\/\/nk7-testes.com.br\/agazeta\/wp-content\/uploads\/2024\/03\/sosia-jpg.webp","type":"image\/jpeg"}],"author":"Agazeta.Net","twitter_card":"summary_large_image","twitter_misc":{"Escrito por":"Agazeta.Net","Est. tempo de leitura":"4 minutos"},"schema":{"@context":"https:\/\/schema.org","@graph":[{"@type":"WebPage","@id":"https:\/\/nk7-testes.com.br\/agazeta\/se-eu-tiver-que-ser-preso-novamente-serei-diz-sosia-de-bolsonaro-no-acre-em-apoio-ao-ex-presidente\/","url":"https:\/\/nk7-testes.com.br\/agazeta\/se-eu-tiver-que-ser-preso-novamente-serei-diz-sosia-de-bolsonaro-no-acre-em-apoio-ao-ex-presidente\/","name":"\"Se eu tiver que ser preso novamente, serei\", diz s\u00f3sia de Bolsonaro no Acre em apoio ao ex-presidente - Agazeta.net","isPartOf":{"@id":"https:\/\/nk7-testes.com.br\/agazeta\/#website"},"primaryImageOfPage":{"@id":"https:\/\/nk7-testes.com.br\/agazeta\/se-eu-tiver-que-ser-preso-novamente-serei-diz-sosia-de-bolsonaro-no-acre-em-apoio-ao-ex-presidente\/#primaryimage"},"image":{"@id":"https:\/\/nk7-testes.com.br\/agazeta\/se-eu-tiver-que-ser-preso-novamente-serei-diz-sosia-de-bolsonaro-no-acre-em-apoio-ao-ex-presidente\/#primaryimage"},"thumbnailUrl":"https:\/\/nk7-testes.com.br\/agazeta\/wp-content\/uploads\/2024\/03\/sosia-jpg.webp","datePublished":"2024-03-22T05:01:14+00:00","author":{"@id":"https:\/\/nk7-testes.com.br\/agazeta\/#\/schema\/person\/ff6b39d54d6973bfc57f4140f659b23f"},"breadcrumb":{"@id":"https:\/\/nk7-testes.com.br\/agazeta\/se-eu-tiver-que-ser-preso-novamente-serei-diz-sosia-de-bolsonaro-no-acre-em-apoio-ao-ex-presidente\/#breadcrumb"},"inLanguage":"pt-BR","potentialAction":[{"@type":"ReadAction","target":["https:\/\/nk7-testes.com.br\/agazeta\/se-eu-tiver-que-ser-preso-novamente-serei-diz-sosia-de-bolsonaro-no-acre-em-apoio-ao-ex-presidente\/"]}]},{"@type":"ImageObject","inLanguage":"pt-BR","@id":"https:\/\/nk7-testes.com.br\/agazeta\/se-eu-tiver-que-ser-preso-novamente-serei-diz-sosia-de-bolsonaro-no-acre-em-apoio-ao-ex-presidente\/#primaryimage","url":"https:\/\/nk7-testes.com.br\/agazeta\/wp-content\/uploads\/2024\/03\/sosia-jpg.webp","contentUrl":"https:\/\/nk7-testes.com.br\/agazeta\/wp-content\/uploads\/2024\/03\/sosia-jpg.webp","width":800,"height":401,"caption":"Imagem: Gisele Almeida"},{"@type":"BreadcrumbList","@id":"https:\/\/nk7-testes.com.br\/agazeta\/se-eu-tiver-que-ser-preso-novamente-serei-diz-sosia-de-bolsonaro-no-acre-em-apoio-ao-ex-presidente\/#breadcrumb","itemListElement":[{"@type":"ListItem","position":1,"name":"In\u00edcio","item":"https:\/\/nk7-testes.com.br\/agazeta\/"},{"@type":"ListItem","position":2,"name":"&#8220;Se eu tiver que ser preso novamente, serei&#8221;, diz s\u00f3sia de Bolsonaro no Acre em apoio ao ex-presidente"}]},{"@type":"WebSite","@id":"https:\/\/nk7-testes.com.br\/agazeta\/#website","url":"https:\/\/nk7-testes.com.br\/agazeta\/","name":"Agazeta.net","description":"Agazeta.net - Not\u00edcias de Rio Branco\/AC","potentialAction":[{"@type":"SearchAction","target":{"@type":"EntryPoint","urlTemplate":"https:\/\/nk7-testes.com.br\/agazeta\/?s={search_term_string}"},"query-input":{"@type":"PropertyValueSpecification","valueRequired":true,"valueName":"search_term_string"}}],"inLanguage":"pt-BR"},{"@type":"Person","@id":"https:\/\/nk7-testes.com.br\/agazeta\/#\/schema\/person\/ff6b39d54d6973bfc57f4140f659b23f","name":"Agazeta.Net","url":"https:\/\/nk7-testes.com.br\/agazeta\/author\/agazeta\/"}]}},"_links":{"self":[{"href":"https:\/\/nk7-testes.com.br\/agazeta\/wp-json\/wp\/v2\/posts\/129333","targetHints":{"allow":["GET"]}}],"collection":[{"href":"https:\/\/nk7-testes.com.br\/agazeta\/wp-json\/wp\/v2\/posts"}],"about":[{"href":"https:\/\/nk7-testes.com.br\/agazeta\/wp-json\/wp\/v2\/types\/post"}],"author":[{"embeddable":true,"href":"https:\/\/nk7-testes.com.br\/agazeta\/wp-json\/wp\/v2\/users\/4"}],"replies":[{"embeddable":true,"href":"https:\/\/nk7-testes.com.br\/agazeta\/wp-json\/wp\/v2\/comments?post=129333"}],"version-history":[{"count":0,"href":"https:\/\/nk7-testes.com.br\/agazeta\/wp-json\/wp\/v2\/posts\/129333\/revisions"}],"wp:featuredmedia":[{"embeddable":true,"href":"https:\/\/nk7-testes.com.br\/agazeta\/wp-json\/wp\/v2\/media\/129336"}],"wp:attachment":[{"href":"https:\/\/nk7-testes.com.br\/agazeta\/wp-json\/wp\/v2\/media?parent=129333"}],"wp:term":[{"taxonomy":"category","embeddable":true,"href":"https:\/\/nk7-testes.com.br\/agazeta\/wp-json\/wp\/v2\/categories?post=129333"},{"taxonomy":"post_tag","embeddable":true,"href":"https:\/\/nk7-testes.com.br\/agazeta\/wp-json\/wp\/v2\/tags?post=129333"}],"curies":[{"name":"wp","href":"https:\/\/api.w.org\/{rel}","templated":true}]}}