{"id":129219,"date":"2024-03-20T15:23:45","date_gmt":"2024-03-20T20:23:45","guid":{"rendered":"https:\/\/nk7-testes.com.br\/?p=129219"},"modified":"2024-03-20T15:23:45","modified_gmt":"2024-03-20T20:23:45","slug":"municipio-do-acre-em-que-ocorreu-acidente-aereo-possui-apenas-um-bombeiro-militar-para-atender-ocorrencias","status":"publish","type":"post","link":"https:\/\/nk7-testes.com.br\/agazeta\/municipio-do-acre-em-que-ocorreu-acidente-aereo-possui-apenas-um-bombeiro-militar-para-atender-ocorrencias\/","title":{"rendered":"Munic\u00edpio do Acre em que ocorreu acidente a\u00e9reo possui apenas um bombeiro-militar para atender ocorr\u00eancias"},"content":{"rendered":"<p style=\"text-align: justify;\">O munic\u00edpio de Manoel Urbano, local onde um avi\u00e3o de pequeno porte caiu nesta segunda-feira (18), deixando seis feridos e um morto, n\u00e3o possui um quartel do Corpo de Bombeiros Militar do Acre (CBMAC). De acordo com o capit\u00e3o do Comando Operacional do Interior do CBMAC, Francisco Carlos Freitas, um \u00fanico bombeiro-militar \u00e9 respons\u00e1vel pela demanda na localidade.<\/p>\n<p style=\"text-align: justify;\">&#8220;N\u00f3s n\u00e3o temos quartel do Corpo de Bombeiros no munic\u00edpio de Manoel Urbano. Temos um representante l\u00e1, que \u00e9 um militar e ele faz essa ger\u00eancia das demandas que ocorrem e tamb\u00e9m, em casos de necessidade, como foi o de ontem, a ger\u00eancia dos recursos estatais dispon\u00edveis. E dessa forma aconteceu. Logo n\u00f3s fomos acionados, ele foi demandado e passou a gerenciar o atendimento, acionando todos os \u00f3rg\u00e3os dispon\u00edveis, como a Pol\u00edcia Militar, o Samu, funcion\u00e1rios da Prefeitura tamb\u00e9m ajudaram&#8221;, detalha Freitas.<\/p>\n<p style=\"text-align: justify;\">O bombeiro destaca que, apesar do \u00fanico efetivo na cidade, um estudo est\u00e1 sendo feito para mudar a situa\u00e7\u00e3o no interior do Acre em rela\u00e7\u00e3o ao n\u00famero militares atuantes em cada munic\u00edpio. O \u00fanico bombeiro-militar presente serve, tamb\u00e9m, como fonte para esse estudo.<\/p>\n<p style=\"text-align: justify;\">&#8220;A gente est\u00e1 num processo, assim como em outros munic\u00edpios. Fazemos um processo de avalia\u00e7\u00e3o das demandas e das particularidades dos munic\u00edpios, para uma poss\u00edvel implanta\u00e7\u00e3o de quarteis. O munic\u00edpio de Manoel Urbano est\u00e1 passando por esse estudo e o nosso militar est\u00e1 l\u00e1 justamente para nos dar esse <em>feedback<\/em> para subsidiar o nosso comando acerca dessa tomada de decis\u00e3o&#8221;, conta.<\/p>\n<p style=\"text-align: justify;\">Mesmo com a ajuda da comunidade externa e outros \u00f3rg\u00e3os, o resgate apresentou muitas dificuldades, exatamente por ser um acidente a\u00e9reo, algo que demanda um esfor\u00e7o maior, e pela localidade onde ocorreu a queda da aeronave. Al\u00e9m disso, a presen\u00e7a de fogo foi um empecilho.<\/p>\n<p style=\"text-align: justify;\">&#8220;Um acidente aeron\u00e1utico por si s\u00f3 j\u00e1 demanda um grande aparato e um cuidado especial. E o que aconteceu l\u00e1, foi em uma regi\u00e3o n\u00e3o de mata totalmente cerrada, mas foi em zona regi\u00e3o rural. Ent\u00e3o, naturalmente, a dificuldade de acesso \u00e9 o principal ponto. Outro ponto tamb\u00e9m delicado \u00e9 a quest\u00e3o do fogo. Tinha bastante fogo na hora que o avi\u00e3o caiu e ocorreu a explos\u00e3o&#8221;, salienta o capit\u00e3o.<\/p>\n<p><em><strong>Com informa\u00e7\u00f5es da rep\u00f3rter Wanessa Souza<\/strong><\/em><\/p>\n<h4>Entenda o fato<\/h4>\n<p style=\"text-align: justify;\">Um avi\u00e3o de pequeno porte, modelo Cessna Skylane, com sete pessoas, sendo tr\u00eas mulheres e quatro homens, caiu a 1 km da cabeceira da pista de Manoel Urbano, na manh\u00e3 desta segunda-feira, 18. As informa\u00e7\u00f5es foram confirmadas pelo Centro de Opera\u00e7\u00f5es Policiais Militares (Copom) e Pol\u00edcia Militar. O avi\u00e3o estava saindo de Manoel Urbano com destino \u00e0 Santa Rosa do Purus.<\/p>\n<p>https:\/\/nk7-testes.com.br\/acidente-aereo-registrado-no-interior-do-acre-deixa-um-morto-e-cinco-feridos-piloto-estaria-em-estado-grave\/<\/p>\n","protected":false},"excerpt":{"rendered":"<p>O munic\u00edpio de Manoel Urbano, local onde um avi\u00e3o de pequeno porte caiu nesta segunda-feira (18), deixando seis feridos e um morto, n\u00e3o possui um quartel do Corpo de Bombeiros Militar do Acre (CBMAC). De acordo com o capit\u00e3o do Comando Operacional do Interior do CBMAC, Francisco Carlos Freitas, um \u00fanico bombeiro-militar \u00e9 respons\u00e1vel pela [&hellip;]<\/p>\n","protected":false},"author":4,"featured_media":129221,"comment_status":"open","ping_status":"open","sticky":false,"template":"","format":"standard","meta":{"jnews-multi-image_gallery":[],"jnews_single_post":{"source_name":"","source_url":"","via_name":"","via_url":"","override_template":"0","override":[{"template":"custom","single_blog_custom":"110746","parallax":"1","fullscreen":"1","layout":"right-sidebar","sidebar":"default-sidebar","second_sidebar":"default-sidebar","sticky_sidebar":"1","share_position":"top","share_float_style":"share-monocrhome","show_share_counter":"1","show_view_counter":"1","show_featured":"1","show_post_meta":"1","show_post_author":"1","show_post_author_image":"1","show_post_date":"1","post_date_format":"default","post_date_format_custom":"Y\/m\/d","show_post_category":"1","show_post_reading_time":"0","post_reading_time_wpm":"300","show_zoom_button":"0","zoom_button_out_step":"2","zoom_button_in_step":"3","show_post_tag":"1","show_prev_next_post":"1","show_popup_post":"1","number_popup_post":"1","show_author_box":"0","show_post_related":"1","show_inline_post_related":"0"}],"override_image_size":"0","image_override":[{"single_post_thumbnail_size":"crop-500","single_post_gallery_size":"crop-500"}],"trending_post":"0","trending_post_position":"meta","trending_post_label":"Trending","sponsored_post":"0","sponsored_post_label":"Sponsored by","sponsored_post_name":"","sponsored_post_url":"","sponsored_post_logo_enable":"0","sponsored_post_logo":"","sponsored_post_desc":"","disable_ad":"0"},"jnews_primary_category":{"id":"","hide":""},"jnews_social_meta":{"fb_title":"","fb_description":"","fb_image":"","twitter_title":"","twitter_description":"","twitter_image":""},"jnews_review":[],"enable_review":"0","type":"percentage","name":"","summary":"","brand":"","sku":"","good":[{"good_text":""}],"bad":[{"bad_text":""}],"score_override":"0","override_value":"","rating":[{"rating_text":"","rating_number":"10"}],"price":[{"shop":"","price":"","link":"","icon":""}],"footnotes":""},"categories":[54],"tags":[152],"class_list":["post-129219","post","type-post","status-publish","format-standard","has-post-thumbnail","hentry","category-cotidiano","tag-destaque"],"yoast_head":"<!-- This site is optimized with the Yoast SEO plugin v26.5 - https:\/\/yoast.com\/wordpress\/plugins\/seo\/ -->\n<title>Munic\u00edpio do Acre em que ocorreu acidente a\u00e9reo possui apenas um bombeiro-militar para atender ocorr\u00eancias - Agazeta.net<\/title>\n<meta name=\"robots\" content=\"index, follow, max-snippet:-1, max-image-preview:large, max-video-preview:-1\" \/>\n<link rel=\"canonical\" href=\"https:\/\/nk7-testes.com.br\/agazeta\/municipio-do-acre-em-que-ocorreu-acidente-aereo-possui-apenas-um-bombeiro-militar-para-atender-ocorrencias\/\" \/>\n<meta property=\"og:locale\" content=\"pt_BR\" \/>\n<meta property=\"og:type\" content=\"article\" \/>\n<meta property=\"og:title\" content=\"Munic\u00edpio do Acre em que ocorreu acidente a\u00e9reo possui apenas um bombeiro-militar para atender ocorr\u00eancias\" \/>\n<meta property=\"og:description\" content=\"Segundo o capit\u00e3o Francisco Carlos Freitas, um estudo \u00e9 feito para mudar a situa\u00e7\u00e3o com rela\u00e7\u00e3o ao n\u00famero militares atuantes na localidade\" \/>\n<meta property=\"og:url\" content=\"https:\/\/nk7-testes.com.br\/agazeta\/municipio-do-acre-em-que-ocorreu-acidente-aereo-possui-apenas-um-bombeiro-militar-para-atender-ocorrencias\/\" \/>\n<meta property=\"og:site_name\" content=\"Agazeta.net\" \/>\n<meta property=\"article:published_time\" content=\"2024-03-20T20:23:45+00:00\" \/>\n<meta property=\"og:image\" content=\"https:\/\/nk7-testes.com.br\/agazeta\/wp-content\/uploads\/2024\/03\/WhatsApp-Image-2024-03-20-at-17.22.07-jpeg.webp\" \/>\n\t<meta property=\"og:image:width\" content=\"800\" \/>\n\t<meta property=\"og:image:height\" content=\"403\" \/>\n\t<meta property=\"og:image:type\" content=\"image\/jpeg\" \/>\n<meta name=\"author\" content=\"Agazeta.Net\" \/>\n<meta name=\"twitter:card\" content=\"summary_large_image\" \/>\n<meta name=\"twitter:label1\" content=\"Escrito por\" \/>\n\t<meta name=\"twitter:data1\" content=\"Agazeta.Net\" \/>\n\t<meta name=\"twitter:label2\" content=\"Est. tempo de leitura\" \/>\n\t<meta name=\"twitter:data2\" content=\"2 minutos\" \/>\n<script type=\"application\/ld+json\" class=\"yoast-schema-graph\">{\"@context\":\"https:\/\/schema.org\",\"@graph\":[{\"@type\":\"WebPage\",\"@id\":\"https:\/\/nk7-testes.com.br\/agazeta\/municipio-do-acre-em-que-ocorreu-acidente-aereo-possui-apenas-um-bombeiro-militar-para-atender-ocorrencias\/\",\"url\":\"https:\/\/nk7-testes.com.br\/agazeta\/municipio-do-acre-em-que-ocorreu-acidente-aereo-possui-apenas-um-bombeiro-militar-para-atender-ocorrencias\/\",\"name\":\"Munic\u00edpio do Acre em que ocorreu acidente a\u00e9reo possui apenas um bombeiro-militar para atender ocorr\u00eancias - Agazeta.net\",\"isPartOf\":{\"@id\":\"https:\/\/nk7-testes.com.br\/agazeta\/#website\"},\"primaryImageOfPage\":{\"@id\":\"https:\/\/nk7-testes.com.br\/agazeta\/municipio-do-acre-em-que-ocorreu-acidente-aereo-possui-apenas-um-bombeiro-militar-para-atender-ocorrencias\/#primaryimage\"},\"image\":{\"@id\":\"https:\/\/nk7-testes.com.br\/agazeta\/municipio-do-acre-em-que-ocorreu-acidente-aereo-possui-apenas-um-bombeiro-militar-para-atender-ocorrencias\/#primaryimage\"},\"thumbnailUrl\":\"https:\/\/nk7-testes.com.br\/agazeta\/wp-content\/uploads\/2024\/03\/WhatsApp-Image-2024-03-20-at-17.22.07-jpeg.webp\",\"datePublished\":\"2024-03-20T20:23:45+00:00\",\"author\":{\"@id\":\"https:\/\/nk7-testes.com.br\/agazeta\/#\/schema\/person\/ff6b39d54d6973bfc57f4140f659b23f\"},\"breadcrumb\":{\"@id\":\"https:\/\/nk7-testes.com.br\/agazeta\/municipio-do-acre-em-que-ocorreu-acidente-aereo-possui-apenas-um-bombeiro-militar-para-atender-ocorrencias\/#breadcrumb\"},\"inLanguage\":\"pt-BR\",\"potentialAction\":[{\"@type\":\"ReadAction\",\"target\":[\"https:\/\/nk7-testes.com.br\/agazeta\/municipio-do-acre-em-que-ocorreu-acidente-aereo-possui-apenas-um-bombeiro-militar-para-atender-ocorrencias\/\"]}]},{\"@type\":\"ImageObject\",\"inLanguage\":\"pt-BR\",\"@id\":\"https:\/\/nk7-testes.com.br\/agazeta\/municipio-do-acre-em-que-ocorreu-acidente-aereo-possui-apenas-um-bombeiro-militar-para-atender-ocorrencias\/#primaryimage\",\"url\":\"https:\/\/nk7-testes.com.br\/agazeta\/wp-content\/uploads\/2024\/03\/WhatsApp-Image-2024-03-20-at-17.22.07-jpeg.webp\",\"contentUrl\":\"https:\/\/nk7-testes.com.br\/agazeta\/wp-content\/uploads\/2024\/03\/WhatsApp-Image-2024-03-20-at-17.22.07-jpeg.webp\",\"width\":800,\"height\":403},{\"@type\":\"BreadcrumbList\",\"@id\":\"https:\/\/nk7-testes.com.br\/agazeta\/municipio-do-acre-em-que-ocorreu-acidente-aereo-possui-apenas-um-bombeiro-militar-para-atender-ocorrencias\/#breadcrumb\",\"itemListElement\":[{\"@type\":\"ListItem\",\"position\":1,\"name\":\"In\u00edcio\",\"item\":\"https:\/\/nk7-testes.com.br\/agazeta\/\"},{\"@type\":\"ListItem\",\"position\":2,\"name\":\"Munic\u00edpio do Acre em que ocorreu acidente a\u00e9reo possui apenas um bombeiro-militar para atender ocorr\u00eancias\"}]},{\"@type\":\"WebSite\",\"@id\":\"https:\/\/nk7-testes.com.br\/agazeta\/#website\",\"url\":\"https:\/\/nk7-testes.com.br\/agazeta\/\",\"name\":\"Agazeta.net\",\"description\":\"Agazeta.net - Not\u00edcias de Rio Branco\/AC\",\"potentialAction\":[{\"@type\":\"SearchAction\",\"target\":{\"@type\":\"EntryPoint\",\"urlTemplate\":\"https:\/\/nk7-testes.com.br\/agazeta\/?s={search_term_string}\"},\"query-input\":{\"@type\":\"PropertyValueSpecification\",\"valueRequired\":true,\"valueName\":\"search_term_string\"}}],\"inLanguage\":\"pt-BR\"},{\"@type\":\"Person\",\"@id\":\"https:\/\/nk7-testes.com.br\/agazeta\/#\/schema\/person\/ff6b39d54d6973bfc57f4140f659b23f\",\"name\":\"Agazeta.Net\",\"url\":\"https:\/\/nk7-testes.com.br\/agazeta\/author\/agazeta\/\"}]}<\/script>\n<!-- \/ Yoast SEO plugin. -->","yoast_head_json":{"title":"Munic\u00edpio do Acre em que ocorreu acidente a\u00e9reo possui apenas um bombeiro-militar para atender ocorr\u00eancias - Agazeta.net","robots":{"index":"index","follow":"follow","max-snippet":"max-snippet:-1","max-image-preview":"max-image-preview:large","max-video-preview":"max-video-preview:-1"},"canonical":"https:\/\/nk7-testes.com.br\/agazeta\/municipio-do-acre-em-que-ocorreu-acidente-aereo-possui-apenas-um-bombeiro-militar-para-atender-ocorrencias\/","og_locale":"pt_BR","og_type":"article","og_title":"Munic\u00edpio do Acre em que ocorreu acidente a\u00e9reo possui apenas um bombeiro-militar para atender ocorr\u00eancias","og_description":"Segundo o capit\u00e3o Francisco Carlos Freitas, um estudo \u00e9 feito para mudar a situa\u00e7\u00e3o com rela\u00e7\u00e3o ao n\u00famero militares atuantes na localidade","og_url":"https:\/\/nk7-testes.com.br\/agazeta\/municipio-do-acre-em-que-ocorreu-acidente-aereo-possui-apenas-um-bombeiro-militar-para-atender-ocorrencias\/","og_site_name":"Agazeta.net","article_published_time":"2024-03-20T20:23:45+00:00","og_image":[{"width":800,"height":403,"url":"https:\/\/nk7-testes.com.br\/agazeta\/wp-content\/uploads\/2024\/03\/WhatsApp-Image-2024-03-20-at-17.22.07-jpeg.webp","type":"image\/jpeg"}],"author":"Agazeta.Net","twitter_card":"summary_large_image","twitter_misc":{"Escrito por":"Agazeta.Net","Est. tempo de leitura":"2 minutos"},"schema":{"@context":"https:\/\/schema.org","@graph":[{"@type":"WebPage","@id":"https:\/\/nk7-testes.com.br\/agazeta\/municipio-do-acre-em-que-ocorreu-acidente-aereo-possui-apenas-um-bombeiro-militar-para-atender-ocorrencias\/","url":"https:\/\/nk7-testes.com.br\/agazeta\/municipio-do-acre-em-que-ocorreu-acidente-aereo-possui-apenas-um-bombeiro-militar-para-atender-ocorrencias\/","name":"Munic\u00edpio do Acre em que ocorreu acidente a\u00e9reo possui apenas um bombeiro-militar para atender ocorr\u00eancias - Agazeta.net","isPartOf":{"@id":"https:\/\/nk7-testes.com.br\/agazeta\/#website"},"primaryImageOfPage":{"@id":"https:\/\/nk7-testes.com.br\/agazeta\/municipio-do-acre-em-que-ocorreu-acidente-aereo-possui-apenas-um-bombeiro-militar-para-atender-ocorrencias\/#primaryimage"},"image":{"@id":"https:\/\/nk7-testes.com.br\/agazeta\/municipio-do-acre-em-que-ocorreu-acidente-aereo-possui-apenas-um-bombeiro-militar-para-atender-ocorrencias\/#primaryimage"},"thumbnailUrl":"https:\/\/nk7-testes.com.br\/agazeta\/wp-content\/uploads\/2024\/03\/WhatsApp-Image-2024-03-20-at-17.22.07-jpeg.webp","datePublished":"2024-03-20T20:23:45+00:00","author":{"@id":"https:\/\/nk7-testes.com.br\/agazeta\/#\/schema\/person\/ff6b39d54d6973bfc57f4140f659b23f"},"breadcrumb":{"@id":"https:\/\/nk7-testes.com.br\/agazeta\/municipio-do-acre-em-que-ocorreu-acidente-aereo-possui-apenas-um-bombeiro-militar-para-atender-ocorrencias\/#breadcrumb"},"inLanguage":"pt-BR","potentialAction":[{"@type":"ReadAction","target":["https:\/\/nk7-testes.com.br\/agazeta\/municipio-do-acre-em-que-ocorreu-acidente-aereo-possui-apenas-um-bombeiro-militar-para-atender-ocorrencias\/"]}]},{"@type":"ImageObject","inLanguage":"pt-BR","@id":"https:\/\/nk7-testes.com.br\/agazeta\/municipio-do-acre-em-que-ocorreu-acidente-aereo-possui-apenas-um-bombeiro-militar-para-atender-ocorrencias\/#primaryimage","url":"https:\/\/nk7-testes.com.br\/agazeta\/wp-content\/uploads\/2024\/03\/WhatsApp-Image-2024-03-20-at-17.22.07-jpeg.webp","contentUrl":"https:\/\/nk7-testes.com.br\/agazeta\/wp-content\/uploads\/2024\/03\/WhatsApp-Image-2024-03-20-at-17.22.07-jpeg.webp","width":800,"height":403},{"@type":"BreadcrumbList","@id":"https:\/\/nk7-testes.com.br\/agazeta\/municipio-do-acre-em-que-ocorreu-acidente-aereo-possui-apenas-um-bombeiro-militar-para-atender-ocorrencias\/#breadcrumb","itemListElement":[{"@type":"ListItem","position":1,"name":"In\u00edcio","item":"https:\/\/nk7-testes.com.br\/agazeta\/"},{"@type":"ListItem","position":2,"name":"Munic\u00edpio do Acre em que ocorreu acidente a\u00e9reo possui apenas um bombeiro-militar para atender ocorr\u00eancias"}]},{"@type":"WebSite","@id":"https:\/\/nk7-testes.com.br\/agazeta\/#website","url":"https:\/\/nk7-testes.com.br\/agazeta\/","name":"Agazeta.net","description":"Agazeta.net - Not\u00edcias de Rio Branco\/AC","potentialAction":[{"@type":"SearchAction","target":{"@type":"EntryPoint","urlTemplate":"https:\/\/nk7-testes.com.br\/agazeta\/?s={search_term_string}"},"query-input":{"@type":"PropertyValueSpecification","valueRequired":true,"valueName":"search_term_string"}}],"inLanguage":"pt-BR"},{"@type":"Person","@id":"https:\/\/nk7-testes.com.br\/agazeta\/#\/schema\/person\/ff6b39d54d6973bfc57f4140f659b23f","name":"Agazeta.Net","url":"https:\/\/nk7-testes.com.br\/agazeta\/author\/agazeta\/"}]}},"_links":{"self":[{"href":"https:\/\/nk7-testes.com.br\/agazeta\/wp-json\/wp\/v2\/posts\/129219","targetHints":{"allow":["GET"]}}],"collection":[{"href":"https:\/\/nk7-testes.com.br\/agazeta\/wp-json\/wp\/v2\/posts"}],"about":[{"href":"https:\/\/nk7-testes.com.br\/agazeta\/wp-json\/wp\/v2\/types\/post"}],"author":[{"embeddable":true,"href":"https:\/\/nk7-testes.com.br\/agazeta\/wp-json\/wp\/v2\/users\/4"}],"replies":[{"embeddable":true,"href":"https:\/\/nk7-testes.com.br\/agazeta\/wp-json\/wp\/v2\/comments?post=129219"}],"version-history":[{"count":0,"href":"https:\/\/nk7-testes.com.br\/agazeta\/wp-json\/wp\/v2\/posts\/129219\/revisions"}],"wp:featuredmedia":[{"embeddable":true,"href":"https:\/\/nk7-testes.com.br\/agazeta\/wp-json\/wp\/v2\/media\/129221"}],"wp:attachment":[{"href":"https:\/\/nk7-testes.com.br\/agazeta\/wp-json\/wp\/v2\/media?parent=129219"}],"wp:term":[{"taxonomy":"category","embeddable":true,"href":"https:\/\/nk7-testes.com.br\/agazeta\/wp-json\/wp\/v2\/categories?post=129219"},{"taxonomy":"post_tag","embeddable":true,"href":"https:\/\/nk7-testes.com.br\/agazeta\/wp-json\/wp\/v2\/tags?post=129219"}],"curies":[{"name":"wp","href":"https:\/\/api.w.org\/{rel}","templated":true}]}}