{"id":129170,"date":"2024-03-19T17:30:10","date_gmt":"2024-03-19T22:30:10","guid":{"rendered":"https:\/\/nk7-testes.com.br\/?p=129170"},"modified":"2024-03-19T17:30:10","modified_gmt":"2024-03-19T22:30:10","slug":"vitimas-em-estado-grave-da-queda-de-aviao-no-acre-vao-ser-transferidas-para-tratamento-em-minas-gerais","status":"publish","type":"post","link":"https:\/\/nk7-testes.com.br\/agazeta\/vitimas-em-estado-grave-da-queda-de-aviao-no-acre-vao-ser-transferidas-para-tratamento-em-minas-gerais\/","title":{"rendered":"V\u00edtimas em estado grave da queda de avi\u00e3o no Acre v\u00e3o ser transferidas para tratamento em Minas Gerais"},"content":{"rendered":"<p style=\"text-align: justify;\">Sobreviventes em estado grave da queda de avi\u00e3o ocorrida nesta segunda-feira (19), no interior do Acre, devem ser levados ao Centro de Tratamento de Queimados (CTQ), em Minas Gerais. Em entrevista \u00e0 TV Gazeta, o secret\u00e1rio de Estado de Sa\u00fade, Pedro Pascoal, afirma que aguardam uma melhora cl\u00ednica para a transfer\u00eancia.<\/p>\n<p style=\"text-align: justify;\">&#8220;Nesse momento, n\u00e3o apresentam nenhuma condi\u00e7\u00e3o de transporte para outra localidade. Mas \u00e9 uma estrat\u00e9gia que foi decidida, com a determina\u00e7\u00e3o do governador, para que n\u00f3s encaminh\u00e1ssemos esses pacientes mais cr\u00edticos para um CTQ, um Centro de Tratamento de Queimados&#8221;, afirma Pascoal.<\/p>\n<p style=\"text-align: justify;\">Al\u00e9m disso, ele esclarece que o secret\u00e1rio de Sa\u00fade de Minas Gerais, o m\u00e9dico F\u00e1bio Baccheretti, deu a certeza do total apoio \u00e0 ida dos pacientes acreanos.<\/p>\n<p style=\"text-align: justify;\">&#8220;Essa articula\u00e7\u00e3o j\u00e1 foi iniciada. Temos de pronto um sinal positivo do secret\u00e1rio de Minas Gerais, doutor F\u00e1bio, que disponibilizou, n\u00e3o s\u00f3 leitos, mas tamb\u00e9m aeronave para o translado dessas v\u00edtimas. E assim esperamos que elas tenham condi\u00e7\u00f5es cl\u00ednicas para serem transportadas para um centro de refer\u00eancia, aonde eles possuem todas essas boas pr\u00e1ticas, esse conhecimento, protocolos, para tratamento de grandes queimados&#8221;, esclarece o secret\u00e1rio.<\/p>\n<p style=\"text-align: justify;\">Apesar da movimenta\u00e7\u00e3o r\u00e1pida para a transfer\u00eancia dos pacientes, a Secretaria de Sa\u00fade (Sesacre) aguarda a estabiliza\u00e7\u00e3o cl\u00ednica das v\u00edtimas do acidente. De acordo com Pascoal, uma vitimada se encontra em estado de sa\u00fade grav\u00edssimo.<\/p>\n<p style=\"text-align: justify;\">&#8220;Os tr\u00eas pacientes evolu\u00edram com maior gravidade dos sintomas. Chegaram ainda ao final da tarde a Rio Branco, onde deram o segundo atendimento e foram encaminhados paro o centro cir\u00fargico. Eles se encontram em estado grave, em leitos [Unidade] de Terapia Intensiva. N\u00f3s temos uma paciente estado grav\u00edssimo, em ventila\u00e7\u00e3o mec\u00e2nica, com dose m\u00e1xima de medica\u00e7\u00f5es para controlar a press\u00e3o. J\u00e1 tem comprometimento renal, os par\u00e2metros ventilat\u00f3rios, ou seja, a respira\u00e7\u00e3o dela est\u00e1 em situa\u00e7\u00e3o bem cr\u00edtica&#8221;, explica.<\/p>\n<p style=\"text-align: justify;\">&#8220;As vagas est\u00e3o liberadas, a log\u00edstica est\u00e1 acionada. Agora, dependemos da estabiliza\u00e7\u00e3o cl\u00ednica, ou seja, os pacientes terem condi\u00e7\u00f5es serem transferidos para outra regional. Esperamos que tenhamos boas not\u00edcias em breve, que n\u00f3s consigamos salvar a vida desses pacientes. Todos os esfor\u00e7os est\u00e3o sendo empenhados&#8221;, finaliza Pascoal.<\/p>\n<p><em><strong>Com informa\u00e7\u00f5es da rep\u00f3rter Wanessa Souza para a TV Gazeta<\/strong><\/em><\/p>\n","protected":false},"excerpt":{"rendered":"<p>Sobreviventes em estado grave da queda de avi\u00e3o ocorrida nesta segunda-feira (19), no interior do Acre, devem ser levados ao Centro de Tratamento de Queimados (CTQ), em Minas Gerais. Em entrevista \u00e0 TV Gazeta, o secret\u00e1rio de Estado de Sa\u00fade, Pedro Pascoal, afirma que aguardam uma melhora cl\u00ednica para a transfer\u00eancia. &#8220;Nesse momento, n\u00e3o apresentam [&hellip;]<\/p>\n","protected":false},"author":4,"featured_media":129171,"comment_status":"open","ping_status":"open","sticky":false,"template":"","format":"standard","meta":{"jnews-multi-image_gallery":[],"jnews_single_post":{"source_name":"","source_url":"","via_name":"","via_url":"","override_template":"0","override":[{"template":"custom","single_blog_custom":"110746","parallax":"1","fullscreen":"1","layout":"right-sidebar","sidebar":"default-sidebar","second_sidebar":"default-sidebar","sticky_sidebar":"1","share_position":"top","share_float_style":"share-monocrhome","show_share_counter":"1","show_view_counter":"1","show_featured":"1","show_post_meta":"1","show_post_author":"1","show_post_author_image":"1","show_post_date":"1","post_date_format":"default","post_date_format_custom":"Y\/m\/d","show_post_category":"1","show_post_reading_time":"0","post_reading_time_wpm":"300","show_zoom_button":"0","zoom_button_out_step":"2","zoom_button_in_step":"3","show_post_tag":"1","show_prev_next_post":"1","show_popup_post":"1","number_popup_post":"1","show_author_box":"0","show_post_related":"1","show_inline_post_related":"0"}],"override_image_size":"0","image_override":[{"single_post_thumbnail_size":"crop-500","single_post_gallery_size":"crop-500"}],"trending_post":"0","trending_post_position":"meta","trending_post_label":"Trending","sponsored_post":"0","sponsored_post_label":"Sponsored by","sponsored_post_name":"","sponsored_post_url":"","sponsored_post_logo_enable":"0","sponsored_post_logo":"","sponsored_post_desc":"","disable_ad":"0"},"jnews_primary_category":{"id":"","hide":""},"jnews_social_meta":{"fb_title":"","fb_description":"","fb_image":"","twitter_title":"","twitter_description":"","twitter_image":""},"jnews_review":[],"enable_review":"0","type":"percentage","name":"","summary":"","brand":"","sku":"","good":[{"good_text":""}],"bad":[{"bad_text":""}],"score_override":"0","override_value":"","rating":[{"rating_text":"","rating_number":"10"}],"price":[{"shop":"","price":"","link":"","icon":""}],"footnotes":""},"categories":[54],"tags":[152],"class_list":["post-129170","post","type-post","status-publish","format-standard","has-post-thumbnail","hentry","category-cotidiano","tag-destaque"],"yoast_head":"<!-- This site is optimized with the Yoast SEO plugin v26.5 - https:\/\/yoast.com\/wordpress\/plugins\/seo\/ -->\n<title>V\u00edtimas em estado grave da queda de avi\u00e3o no Acre v\u00e3o ser transferidas para tratamento em Minas Gerais - Agazeta.net<\/title>\n<meta name=\"robots\" content=\"index, follow, max-snippet:-1, max-image-preview:large, max-video-preview:-1\" \/>\n<link rel=\"canonical\" href=\"https:\/\/nk7-testes.com.br\/agazeta\/vitimas-em-estado-grave-da-queda-de-aviao-no-acre-vao-ser-transferidas-para-tratamento-em-minas-gerais\/\" \/>\n<meta property=\"og:locale\" content=\"pt_BR\" \/>\n<meta property=\"og:type\" content=\"article\" \/>\n<meta property=\"og:title\" content=\"V\u00edtimas em estado grave da queda de avi\u00e3o no Acre v\u00e3o ser transferidas para tratamento em Minais Gerais\" \/>\n<meta property=\"og:description\" content=\"Segundo o secret\u00e1rio de Sa\u00fade Pedro Pascoal, a Sesacre aguarda melhora no quadro dos pacientes para a transfer\u00eancia\" \/>\n<meta property=\"og:url\" content=\"https:\/\/nk7-testes.com.br\/agazeta\/vitimas-em-estado-grave-da-queda-de-aviao-no-acre-vao-ser-transferidas-para-tratamento-em-minas-gerais\/\" \/>\n<meta property=\"og:site_name\" content=\"Agazeta.net\" \/>\n<meta property=\"article:published_time\" content=\"2024-03-19T22:30:10+00:00\" \/>\n<meta property=\"og:image\" content=\"https:\/\/nk7-testes.com.br\/agazeta\/wp-content\/uploads\/2024\/03\/WhatsApp-Image-2024-03-19-at-19.19.17-jpeg.webp\" \/>\n\t<meta property=\"og:image:width\" content=\"678\" \/>\n\t<meta property=\"og:image:height\" content=\"408\" \/>\n\t<meta property=\"og:image:type\" content=\"image\/jpeg\" \/>\n<meta name=\"author\" content=\"Agazeta.Net\" \/>\n<meta name=\"twitter:card\" content=\"summary_large_image\" \/>\n<meta name=\"twitter:label1\" content=\"Escrito por\" \/>\n\t<meta name=\"twitter:data1\" content=\"Agazeta.Net\" \/>\n\t<meta name=\"twitter:label2\" content=\"Est. tempo de leitura\" \/>\n\t<meta name=\"twitter:data2\" content=\"2 minutos\" \/>\n<script type=\"application\/ld+json\" class=\"yoast-schema-graph\">{\"@context\":\"https:\/\/schema.org\",\"@graph\":[{\"@type\":\"WebPage\",\"@id\":\"https:\/\/nk7-testes.com.br\/agazeta\/vitimas-em-estado-grave-da-queda-de-aviao-no-acre-vao-ser-transferidas-para-tratamento-em-minas-gerais\/\",\"url\":\"https:\/\/nk7-testes.com.br\/agazeta\/vitimas-em-estado-grave-da-queda-de-aviao-no-acre-vao-ser-transferidas-para-tratamento-em-minas-gerais\/\",\"name\":\"V\u00edtimas em estado grave da queda de avi\u00e3o no Acre v\u00e3o ser transferidas para tratamento em Minas Gerais - Agazeta.net\",\"isPartOf\":{\"@id\":\"https:\/\/nk7-testes.com.br\/agazeta\/#website\"},\"primaryImageOfPage\":{\"@id\":\"https:\/\/nk7-testes.com.br\/agazeta\/vitimas-em-estado-grave-da-queda-de-aviao-no-acre-vao-ser-transferidas-para-tratamento-em-minas-gerais\/#primaryimage\"},\"image\":{\"@id\":\"https:\/\/nk7-testes.com.br\/agazeta\/vitimas-em-estado-grave-da-queda-de-aviao-no-acre-vao-ser-transferidas-para-tratamento-em-minas-gerais\/#primaryimage\"},\"thumbnailUrl\":\"https:\/\/nk7-testes.com.br\/agazeta\/wp-content\/uploads\/2024\/03\/WhatsApp-Image-2024-03-19-at-19.19.17-jpeg.webp\",\"datePublished\":\"2024-03-19T22:30:10+00:00\",\"author\":{\"@id\":\"https:\/\/nk7-testes.com.br\/agazeta\/#\/schema\/person\/ff6b39d54d6973bfc57f4140f659b23f\"},\"breadcrumb\":{\"@id\":\"https:\/\/nk7-testes.com.br\/agazeta\/vitimas-em-estado-grave-da-queda-de-aviao-no-acre-vao-ser-transferidas-para-tratamento-em-minas-gerais\/#breadcrumb\"},\"inLanguage\":\"pt-BR\",\"potentialAction\":[{\"@type\":\"ReadAction\",\"target\":[\"https:\/\/nk7-testes.com.br\/agazeta\/vitimas-em-estado-grave-da-queda-de-aviao-no-acre-vao-ser-transferidas-para-tratamento-em-minas-gerais\/\"]}]},{\"@type\":\"ImageObject\",\"inLanguage\":\"pt-BR\",\"@id\":\"https:\/\/nk7-testes.com.br\/agazeta\/vitimas-em-estado-grave-da-queda-de-aviao-no-acre-vao-ser-transferidas-para-tratamento-em-minas-gerais\/#primaryimage\",\"url\":\"https:\/\/nk7-testes.com.br\/agazeta\/wp-content\/uploads\/2024\/03\/WhatsApp-Image-2024-03-19-at-19.19.17-jpeg.webp\",\"contentUrl\":\"https:\/\/nk7-testes.com.br\/agazeta\/wp-content\/uploads\/2024\/03\/WhatsApp-Image-2024-03-19-at-19.19.17-jpeg.webp\",\"width\":678,\"height\":408,\"caption\":\"Imagem: CBM\/AC\"},{\"@type\":\"BreadcrumbList\",\"@id\":\"https:\/\/nk7-testes.com.br\/agazeta\/vitimas-em-estado-grave-da-queda-de-aviao-no-acre-vao-ser-transferidas-para-tratamento-em-minas-gerais\/#breadcrumb\",\"itemListElement\":[{\"@type\":\"ListItem\",\"position\":1,\"name\":\"In\u00edcio\",\"item\":\"https:\/\/nk7-testes.com.br\/agazeta\/\"},{\"@type\":\"ListItem\",\"position\":2,\"name\":\"V\u00edtimas em estado grave da queda de avi\u00e3o no Acre v\u00e3o ser transferidas para tratamento em Minas Gerais\"}]},{\"@type\":\"WebSite\",\"@id\":\"https:\/\/nk7-testes.com.br\/agazeta\/#website\",\"url\":\"https:\/\/nk7-testes.com.br\/agazeta\/\",\"name\":\"Agazeta.net\",\"description\":\"Agazeta.net - Not\u00edcias de Rio Branco\/AC\",\"potentialAction\":[{\"@type\":\"SearchAction\",\"target\":{\"@type\":\"EntryPoint\",\"urlTemplate\":\"https:\/\/nk7-testes.com.br\/agazeta\/?s={search_term_string}\"},\"query-input\":{\"@type\":\"PropertyValueSpecification\",\"valueRequired\":true,\"valueName\":\"search_term_string\"}}],\"inLanguage\":\"pt-BR\"},{\"@type\":\"Person\",\"@id\":\"https:\/\/nk7-testes.com.br\/agazeta\/#\/schema\/person\/ff6b39d54d6973bfc57f4140f659b23f\",\"name\":\"Agazeta.Net\",\"url\":\"https:\/\/nk7-testes.com.br\/agazeta\/author\/agazeta\/\"}]}<\/script>\n<!-- \/ Yoast SEO plugin. -->","yoast_head_json":{"title":"V\u00edtimas em estado grave da queda de avi\u00e3o no Acre v\u00e3o ser transferidas para tratamento em Minas Gerais - Agazeta.net","robots":{"index":"index","follow":"follow","max-snippet":"max-snippet:-1","max-image-preview":"max-image-preview:large","max-video-preview":"max-video-preview:-1"},"canonical":"https:\/\/nk7-testes.com.br\/agazeta\/vitimas-em-estado-grave-da-queda-de-aviao-no-acre-vao-ser-transferidas-para-tratamento-em-minas-gerais\/","og_locale":"pt_BR","og_type":"article","og_title":"V\u00edtimas em estado grave da queda de avi\u00e3o no Acre v\u00e3o ser transferidas para tratamento em Minais Gerais","og_description":"Segundo o secret\u00e1rio de Sa\u00fade Pedro Pascoal, a Sesacre aguarda melhora no quadro dos pacientes para a transfer\u00eancia","og_url":"https:\/\/nk7-testes.com.br\/agazeta\/vitimas-em-estado-grave-da-queda-de-aviao-no-acre-vao-ser-transferidas-para-tratamento-em-minas-gerais\/","og_site_name":"Agazeta.net","article_published_time":"2024-03-19T22:30:10+00:00","og_image":[{"width":678,"height":408,"url":"https:\/\/nk7-testes.com.br\/agazeta\/wp-content\/uploads\/2024\/03\/WhatsApp-Image-2024-03-19-at-19.19.17-jpeg.webp","type":"image\/jpeg"}],"author":"Agazeta.Net","twitter_card":"summary_large_image","twitter_misc":{"Escrito por":"Agazeta.Net","Est. tempo de leitura":"2 minutos"},"schema":{"@context":"https:\/\/schema.org","@graph":[{"@type":"WebPage","@id":"https:\/\/nk7-testes.com.br\/agazeta\/vitimas-em-estado-grave-da-queda-de-aviao-no-acre-vao-ser-transferidas-para-tratamento-em-minas-gerais\/","url":"https:\/\/nk7-testes.com.br\/agazeta\/vitimas-em-estado-grave-da-queda-de-aviao-no-acre-vao-ser-transferidas-para-tratamento-em-minas-gerais\/","name":"V\u00edtimas em estado grave da queda de avi\u00e3o no Acre v\u00e3o ser transferidas para tratamento em Minas Gerais - Agazeta.net","isPartOf":{"@id":"https:\/\/nk7-testes.com.br\/agazeta\/#website"},"primaryImageOfPage":{"@id":"https:\/\/nk7-testes.com.br\/agazeta\/vitimas-em-estado-grave-da-queda-de-aviao-no-acre-vao-ser-transferidas-para-tratamento-em-minas-gerais\/#primaryimage"},"image":{"@id":"https:\/\/nk7-testes.com.br\/agazeta\/vitimas-em-estado-grave-da-queda-de-aviao-no-acre-vao-ser-transferidas-para-tratamento-em-minas-gerais\/#primaryimage"},"thumbnailUrl":"https:\/\/nk7-testes.com.br\/agazeta\/wp-content\/uploads\/2024\/03\/WhatsApp-Image-2024-03-19-at-19.19.17-jpeg.webp","datePublished":"2024-03-19T22:30:10+00:00","author":{"@id":"https:\/\/nk7-testes.com.br\/agazeta\/#\/schema\/person\/ff6b39d54d6973bfc57f4140f659b23f"},"breadcrumb":{"@id":"https:\/\/nk7-testes.com.br\/agazeta\/vitimas-em-estado-grave-da-queda-de-aviao-no-acre-vao-ser-transferidas-para-tratamento-em-minas-gerais\/#breadcrumb"},"inLanguage":"pt-BR","potentialAction":[{"@type":"ReadAction","target":["https:\/\/nk7-testes.com.br\/agazeta\/vitimas-em-estado-grave-da-queda-de-aviao-no-acre-vao-ser-transferidas-para-tratamento-em-minas-gerais\/"]}]},{"@type":"ImageObject","inLanguage":"pt-BR","@id":"https:\/\/nk7-testes.com.br\/agazeta\/vitimas-em-estado-grave-da-queda-de-aviao-no-acre-vao-ser-transferidas-para-tratamento-em-minas-gerais\/#primaryimage","url":"https:\/\/nk7-testes.com.br\/agazeta\/wp-content\/uploads\/2024\/03\/WhatsApp-Image-2024-03-19-at-19.19.17-jpeg.webp","contentUrl":"https:\/\/nk7-testes.com.br\/agazeta\/wp-content\/uploads\/2024\/03\/WhatsApp-Image-2024-03-19-at-19.19.17-jpeg.webp","width":678,"height":408,"caption":"Imagem: CBM\/AC"},{"@type":"BreadcrumbList","@id":"https:\/\/nk7-testes.com.br\/agazeta\/vitimas-em-estado-grave-da-queda-de-aviao-no-acre-vao-ser-transferidas-para-tratamento-em-minas-gerais\/#breadcrumb","itemListElement":[{"@type":"ListItem","position":1,"name":"In\u00edcio","item":"https:\/\/nk7-testes.com.br\/agazeta\/"},{"@type":"ListItem","position":2,"name":"V\u00edtimas em estado grave da queda de avi\u00e3o no Acre v\u00e3o ser transferidas para tratamento em Minas Gerais"}]},{"@type":"WebSite","@id":"https:\/\/nk7-testes.com.br\/agazeta\/#website","url":"https:\/\/nk7-testes.com.br\/agazeta\/","name":"Agazeta.net","description":"Agazeta.net - Not\u00edcias de Rio Branco\/AC","potentialAction":[{"@type":"SearchAction","target":{"@type":"EntryPoint","urlTemplate":"https:\/\/nk7-testes.com.br\/agazeta\/?s={search_term_string}"},"query-input":{"@type":"PropertyValueSpecification","valueRequired":true,"valueName":"search_term_string"}}],"inLanguage":"pt-BR"},{"@type":"Person","@id":"https:\/\/nk7-testes.com.br\/agazeta\/#\/schema\/person\/ff6b39d54d6973bfc57f4140f659b23f","name":"Agazeta.Net","url":"https:\/\/nk7-testes.com.br\/agazeta\/author\/agazeta\/"}]}},"_links":{"self":[{"href":"https:\/\/nk7-testes.com.br\/agazeta\/wp-json\/wp\/v2\/posts\/129170","targetHints":{"allow":["GET"]}}],"collection":[{"href":"https:\/\/nk7-testes.com.br\/agazeta\/wp-json\/wp\/v2\/posts"}],"about":[{"href":"https:\/\/nk7-testes.com.br\/agazeta\/wp-json\/wp\/v2\/types\/post"}],"author":[{"embeddable":true,"href":"https:\/\/nk7-testes.com.br\/agazeta\/wp-json\/wp\/v2\/users\/4"}],"replies":[{"embeddable":true,"href":"https:\/\/nk7-testes.com.br\/agazeta\/wp-json\/wp\/v2\/comments?post=129170"}],"version-history":[{"count":0,"href":"https:\/\/nk7-testes.com.br\/agazeta\/wp-json\/wp\/v2\/posts\/129170\/revisions"}],"wp:featuredmedia":[{"embeddable":true,"href":"https:\/\/nk7-testes.com.br\/agazeta\/wp-json\/wp\/v2\/media\/129171"}],"wp:attachment":[{"href":"https:\/\/nk7-testes.com.br\/agazeta\/wp-json\/wp\/v2\/media?parent=129170"}],"wp:term":[{"taxonomy":"category","embeddable":true,"href":"https:\/\/nk7-testes.com.br\/agazeta\/wp-json\/wp\/v2\/categories?post=129170"},{"taxonomy":"post_tag","embeddable":true,"href":"https:\/\/nk7-testes.com.br\/agazeta\/wp-json\/wp\/v2\/tags?post=129170"}],"curies":[{"name":"wp","href":"https:\/\/api.w.org\/{rel}","templated":true}]}}