{"id":128998,"date":"2024-03-15T11:20:38","date_gmt":"2024-03-15T16:20:38","guid":{"rendered":"https:\/\/nk7-testes.com.br\/?p=128998"},"modified":"2024-03-15T11:20:38","modified_gmt":"2024-03-15T16:20:38","slug":"saerb-divulga-nova-lista-de-bairros-que-terao-abastecimento-de-agua-normalizado-nesta-sexta-feira-veja","status":"publish","type":"post","link":"https:\/\/nk7-testes.com.br\/agazeta\/saerb-divulga-nova-lista-de-bairros-que-terao-abastecimento-de-agua-normalizado-nesta-sexta-feira-veja\/","title":{"rendered":"Saerb divulga nova lista de bairros que ter\u00e3o abastecimento de \u00e1gua normalizado nesta sexta-feira; veja"},"content":{"rendered":"<p style=\"text-align: justify;\"><span style=\"font-weight: 400;\">O Servi\u00e7o de \u00c1gua e Esgoto de Rio branco (Saerb), na manh\u00e3 desta sexta-feira (15), publicou uma nova lista com cerca de 65 bairros no qual o servi\u00e7o supostamente foi regularizado. Nela \u00e9 poss\u00edvel constatar v\u00e1rios bairros, que foram mencionados na lista desta quinta-feira (14), o que corrobora com a vers\u00e3o da popula\u00e7\u00e3o de que o servi\u00e7o de fato n\u00e3o foi normalizado. Com isso, a informa\u00e7\u00e3o oficial que foi divulgada at\u00e9 o momento \u00e9 que em todos esses bairros, deve chegar \u00e1gua em algum momento do dia.<\/span><\/p>\n<p style=\"text-align: justify;\"><span style=\"font-weight: 400;\">Veja abaixo a lista com os bairros que o abastecimento de \u00e1gua foi normalizado:<\/span><\/p>\n<p>&nbsp;<\/p>\n<figure id=\"attachment_129004\" aria-describedby=\"caption-attachment-129004\" style=\"width: 594px\" class=\"wp-caption aligncenter\"><img decoding=\"async\" class=\" wp-image-129004\" src=\"https:\/\/nk7-testes.com.br\/wp-content\/uploads\/2024\/03\/WhatsApp-Image-2024-03-15-at-11.04.06-jpeg.webp\" alt=\"\" width=\"594\" height=\"475\" srcset=\"https:\/\/nk7-testes.com.br\/agazeta\/wp-content\/uploads\/2024\/03\/WhatsApp-Image-2024-03-15-at-11.04.06-jpeg.webp 1080w, https:\/\/nk7-testes.com.br\/agazeta\/wp-content\/uploads\/2024\/03\/WhatsApp-Image-2024-03-15-at-11.04.06-300x240.webp 300w, https:\/\/nk7-testes.com.br\/agazeta\/wp-content\/uploads\/2024\/03\/WhatsApp-Image-2024-03-15-at-11.04.06-1024x819.webp 1024w, https:\/\/nk7-testes.com.br\/agazeta\/wp-content\/uploads\/2024\/03\/WhatsApp-Image-2024-03-15-at-11.04.06-768x614.webp 768w, https:\/\/nk7-testes.com.br\/agazeta\/wp-content\/uploads\/2024\/03\/WhatsApp-Image-2024-03-15-at-11.04.06-750x600.webp 750w\" sizes=\"(max-width: 594px) 100vw, 594px\" \/><figcaption id=\"caption-attachment-129004\" class=\"wp-caption-text\">Lista divulgada pelo Saerb<\/figcaption><\/figure>\n<figure id=\"attachment_129005\" aria-describedby=\"caption-attachment-129005\" style=\"width: 577px\" class=\"wp-caption aligncenter\"><img decoding=\"async\" class=\" wp-image-129005\" src=\"https:\/\/nk7-testes.com.br\/wp-content\/uploads\/2024\/03\/WhatsApp-Image-2024-03-15-at-11.04.06-1-jpeg.webp\" alt=\"\" width=\"577\" height=\"469\" srcset=\"https:\/\/nk7-testes.com.br\/agazeta\/wp-content\/uploads\/2024\/03\/WhatsApp-Image-2024-03-15-at-11.04.06-1-jpeg.webp 1080w, https:\/\/nk7-testes.com.br\/agazeta\/wp-content\/uploads\/2024\/03\/WhatsApp-Image-2024-03-15-at-11.04.06-1-300x244.webp 300w, https:\/\/nk7-testes.com.br\/agazeta\/wp-content\/uploads\/2024\/03\/WhatsApp-Image-2024-03-15-at-11.04.06-1-1024x832.webp 1024w, https:\/\/nk7-testes.com.br\/agazeta\/wp-content\/uploads\/2024\/03\/WhatsApp-Image-2024-03-15-at-11.04.06-1-768x624.webp 768w, https:\/\/nk7-testes.com.br\/agazeta\/wp-content\/uploads\/2024\/03\/WhatsApp-Image-2024-03-15-at-11.04.06-1-750x609.webp 750w\" sizes=\"(max-width: 577px) 100vw, 577px\" \/><figcaption id=\"caption-attachment-129005\" class=\"wp-caption-text\">Lista divulgada pelo Saerb<\/figcaption><\/figure>\n<p style=\"text-align: justify;\"><span style=\"font-weight: 400;\">O site Agazeta.net, por meio de uma pesquisa nas redes sociais nesta quinta-feira (14), constatou a insatisfa\u00e7\u00e3o de muitas pessoas, que mesmo ap\u00f3s o an\u00fancio de normaliza\u00e7\u00e3o do Saerb em 75 bairros nesta quinta-feira (15), n\u00e3o tiveram o servi\u00e7o de \u00e1gua regularizado.\u00a0\u00a0<\/span><\/p>\n<p style=\"text-align: justify;\"><span style=\"font-weight: 400;\">Diversos bairros e localidades foram mencionados, como: Morada do Sol, Manoel Juli\u00e3o, Pedro Roseno, Jo\u00e3o Eduardo I, Rui Lino, Joafra, Nova Esperan\u00e7a, Placas, Adalberto Sena, Santo Afonso, Tancredo Neves, S\u00e3o Sebasti\u00e3o, Conjunto Esperan\u00e7a, Bosque.<\/span><\/p>\n<p style=\"text-align: justify;\"><span style=\"font-weight: 400;\">Alguns desses n\u00e3o receberam nenhum abastecimento em v\u00e1rios dias, outros receberam apenas abastecimento parcial e por pouco tempo, o que dificultou o armazenamento da \u00e1gua nos reservat\u00f3rios. Com isso, foi constatado, que embora chegue um pouco de \u00e1gua em alguns bairros, o servi\u00e7o n\u00e3o est\u00e1 normalizado.<\/span><\/p>\n<p style=\"text-align: justify;\"><span style=\"font-weight: 400;\">Os coment\u00e1rios mais comuns foram: &#8220;Morada do Sol, sem \u00e1gua a 15 dias&#8221;, &#8220;Joafra, nenhuma gota a dias&#8221;, Bosque caiu um pouco a noite e logo a \u00e1gua sumiu&#8221;, &#8220;Nova Esperan\u00e7a t\u00e1 sem \u00e1gua&#8221;, &#8220;Adalberto Sena, caiu um pouco ontem, mas n\u00e3o deu para encher as caixas&#8221;.\u00a0<\/span><\/p>\n<figure id=\"attachment_129006\" aria-describedby=\"caption-attachment-129006\" style=\"width: 515px\" class=\"wp-caption aligncenter\"><img decoding=\"async\" class=\" wp-image-129006\" src=\"https:\/\/nk7-testes.com.br\/wp-content\/uploads\/2024\/03\/WhatsApp-Image-2024-03-15-at-11.01.42-jpeg.webp\" alt=\"\" width=\"515\" height=\"515\" srcset=\"https:\/\/nk7-testes.com.br\/agazeta\/wp-content\/uploads\/2024\/03\/WhatsApp-Image-2024-03-15-at-11.01.42-jpeg.webp 1440w, https:\/\/nk7-testes.com.br\/agazeta\/wp-content\/uploads\/2024\/03\/WhatsApp-Image-2024-03-15-at-11.01.42-300x300.webp 300w, https:\/\/nk7-testes.com.br\/agazeta\/wp-content\/uploads\/2024\/03\/WhatsApp-Image-2024-03-15-at-11.01.42-1024x1024.webp 1024w, https:\/\/nk7-testes.com.br\/agazeta\/wp-content\/uploads\/2024\/03\/WhatsApp-Image-2024-03-15-at-11.01.42-150x150.webp 150w, https:\/\/nk7-testes.com.br\/agazeta\/wp-content\/uploads\/2024\/03\/WhatsApp-Image-2024-03-15-at-11.01.42-768x768.webp 768w, https:\/\/nk7-testes.com.br\/agazeta\/wp-content\/uploads\/2024\/03\/WhatsApp-Image-2024-03-15-at-11.01.42-75x75.webp 75w, https:\/\/nk7-testes.com.br\/agazeta\/wp-content\/uploads\/2024\/03\/WhatsApp-Image-2024-03-15-at-11.01.42-350x350.webp 350w, https:\/\/nk7-testes.com.br\/agazeta\/wp-content\/uploads\/2024\/03\/WhatsApp-Image-2024-03-15-at-11.01.42-750x750.webp 750w, https:\/\/nk7-testes.com.br\/agazeta\/wp-content\/uploads\/2024\/03\/WhatsApp-Image-2024-03-15-at-11.01.42-1140x1140.webp 1140w\" sizes=\"(max-width: 515px) 100vw, 515px\" \/><figcaption id=\"caption-attachment-129006\" class=\"wp-caption-text\">Pesquisa do Agazeta.net<\/figcaption><\/figure>\n<p style=\"text-align: justify;\"><span style=\"font-weight: 400;\">Ap\u00f3s a abertura de um inqu\u00e9rito civil pelo Minist\u00e9rio P\u00fablico (MPAC), para investigar a situa\u00e7\u00e3o, a dire\u00e7\u00e3o do Saerb assegurou que a quest\u00e3o estava resolvida. No entanto, a realidade vivenciada por moradores como a fam\u00edlia da funcion\u00e1ria p\u00fablica, Francisca Cruz revela um cen\u00e1rio de priva\u00e7\u00e3o e dificuldades extremas.<\/span><\/p>\n<p style=\"text-align: justify;\"><span style=\"font-weight: 400;\">De acordo com ela, com a casa inundada durante a cheia, a fam\u00edlia precisou se abrigar em condi\u00e7\u00f5es prec\u00e1rias, lidando com a falta de \u00e1gua para tarefas b\u00e1sicas do dia a dia, como preparar comida e lavar roupas. A situa\u00e7\u00e3o se agrava pela presen\u00e7a de tr\u00eas crian\u00e7as na fam\u00edlia, que enfrentam a escassez de recursos em meio \u00e0 crise.<\/span><\/p>\n<p style=\"text-align: justify;\"><span style=\"font-weight: 400;\">&#8220;\u00c9 horr\u00edvel com tr\u00eas crian\u00e7as, como \u00e9 que eu vou fazer comida? Eu vejo as crian\u00e7as pedindo comida e eu vou l\u00e1, abro uma lata de sardinha e fa\u00e7o uma farofa e dou para elas comerem, porque n\u00e3o tem \u00e1gua. Eu estou lavando aqui uma roupa porque a vizinha me deu um tanque d&#8217;\u00e1gua. A sensa\u00e7\u00e3o \u00e9 de esquecimento, porque todo dia \u00e9 uma promessa. E assim vai indo todos os dias e nunca chega&#8221;, comenta a funcion\u00e1ria p\u00fablica.<\/span><\/p>\n<p style=\"text-align: justify;\"><span style=\"font-weight: 400;\">A matriarca da fam\u00edlia, Maria Francisca, de 87 anos, relata que nunca havia passado por uma situa\u00e7\u00e3o t\u00e3o extrema, e enfatiza a dificuldade de lidar com a falta de \u00e1gua em meio a outras perdas materiais decorrentes da enchente.\u00a0<\/span><\/p>\n<p style=\"text-align: justify;\"><span style=\"font-weight: 400;\">&#8220;N\u00f3s perdemos muita coisa, perdemos tr\u00eas guarda-roupas, tudo perdido, mas isso para mim n\u00e3o foi nada. Agora, o que est\u00e1 sendo mais \u00e9\u00a0 estar faltando essa \u00e1gua para n\u00f3s. Vivermos nessa seca horr\u00edvel&#8221;, conclui Francisca.<\/span><\/p>\n<p><em>Mat\u00e9ria em v\u00eddeo produzida pela rep\u00f3rter D\u00e9bora Ribeiro para a Tv Gazeta<\/em><\/p>\n","protected":false},"excerpt":{"rendered":"<p>O Servi\u00e7o de \u00c1gua e Esgoto de Rio branco (Saerb), na manh\u00e3 desta sexta-feira (15), publicou uma nova lista com cerca de 65 bairros no qual o servi\u00e7o supostamente foi regularizado. Nela \u00e9 poss\u00edvel constatar v\u00e1rios bairros, que foram mencionados na lista desta quinta-feira (14), o que corrobora com a vers\u00e3o da popula\u00e7\u00e3o de que [&hellip;]<\/p>\n","protected":false},"author":4,"featured_media":129007,"comment_status":"open","ping_status":"open","sticky":false,"template":"","format":"standard","meta":{"jnews-multi-image_gallery":[],"jnews_single_post":{"source_name":"","source_url":"","via_name":"","via_url":"","override_template":"0","override":[{"template":"custom","single_blog_custom":"110746","parallax":"1","fullscreen":"1","layout":"right-sidebar","sidebar":"default-sidebar","second_sidebar":"default-sidebar","sticky_sidebar":"1","share_position":"top","share_float_style":"share-monocrhome","show_share_counter":"1","show_view_counter":"1","show_featured":"1","show_post_meta":"1","show_post_author":"1","show_post_author_image":"1","show_post_date":"1","post_date_format":"default","post_date_format_custom":"Y\/m\/d","show_post_category":"1","show_post_reading_time":"0","post_reading_time_wpm":"300","show_zoom_button":"0","zoom_button_out_step":"2","zoom_button_in_step":"3","show_post_tag":"1","show_prev_next_post":"1","show_popup_post":"1","number_popup_post":"1","show_author_box":"0","show_post_related":"1","show_inline_post_related":"0"}],"override_image_size":"0","image_override":[{"single_post_thumbnail_size":"crop-500","single_post_gallery_size":"crop-500"}],"trending_post":"0","trending_post_position":"meta","trending_post_label":"Trending","sponsored_post":"0","sponsored_post_label":"Sponsored by","sponsored_post_name":"","sponsored_post_url":"","sponsored_post_logo_enable":"0","sponsored_post_logo":"","sponsored_post_desc":"","disable_ad":"0"},"jnews_primary_category":{"id":"","hide":""},"jnews_social_meta":{"fb_title":"","fb_description":"","fb_image":"","twitter_title":"","twitter_description":"","twitter_image":""},"jnews_review":[],"enable_review":"0","type":"percentage","name":"","summary":"","brand":"","sku":"","good":[{"good_text":""}],"bad":[{"bad_text":""}],"score_override":"0","override_value":"","rating":[{"rating_text":"","rating_number":"10"}],"price":[{"shop":"","price":"","link":"","icon":""}],"footnotes":""},"categories":[54],"tags":[152],"class_list":["post-128998","post","type-post","status-publish","format-standard","has-post-thumbnail","hentry","category-cotidiano","tag-destaque"],"yoast_head":"<!-- This site is optimized with the Yoast SEO plugin v26.5 - https:\/\/yoast.com\/wordpress\/plugins\/seo\/ -->\n<title>Saerb divulga nova lista de bairros que ter\u00e3o abastecimento de \u00e1gua normalizado nesta sexta-feira; veja - Agazeta.net<\/title>\n<meta name=\"robots\" content=\"index, follow, max-snippet:-1, max-image-preview:large, max-video-preview:-1\" \/>\n<link rel=\"canonical\" href=\"https:\/\/nk7-testes.com.br\/agazeta\/saerb-divulga-nova-lista-de-bairros-que-terao-abastecimento-de-agua-normalizado-nesta-sexta-feira-veja\/\" \/>\n<meta property=\"og:locale\" content=\"pt_BR\" \/>\n<meta property=\"og:type\" content=\"article\" \/>\n<meta property=\"og:title\" content=\"Saerb divulga nova lista de bairros que ter\u00e3o abastecimento de \u00e1gua normalizado nesta sexta-feira; veja\" \/>\n<meta property=\"og:description\" content=\"Apesar das divulga\u00e7\u00f5es, moradores de Rio Branco seguem revoltados com a falta d&#039;\u00e1gua\" \/>\n<meta property=\"og:url\" content=\"https:\/\/nk7-testes.com.br\/agazeta\/saerb-divulga-nova-lista-de-bairros-que-terao-abastecimento-de-agua-normalizado-nesta-sexta-feira-veja\/\" \/>\n<meta property=\"og:site_name\" content=\"Agazeta.net\" \/>\n<meta property=\"article:published_time\" content=\"2024-03-15T16:20:38+00:00\" \/>\n<meta property=\"og:image\" content=\"https:\/\/nk7-testes.com.br\/agazeta\/wp-content\/uploads\/2024\/03\/WhatsApp-Image-2024-03-15-at-11.18.20-jpeg.webp\" \/>\n\t<meta property=\"og:image:width\" content=\"1024\" \/>\n\t<meta property=\"og:image:height\" content=\"576\" \/>\n\t<meta property=\"og:image:type\" content=\"image\/jpeg\" \/>\n<meta name=\"author\" content=\"Agazeta.Net\" \/>\n<meta name=\"twitter:card\" content=\"summary_large_image\" \/>\n<meta name=\"twitter:title\" content=\"Saerb divulga nova lista de bairros que ter\u00e3o abastecimento de \u00e1gua normalizado nesta sexta-feira; veja\" \/>\n<meta name=\"twitter:description\" content=\"Apesar das divulga\u00e7\u00f5es, moradores de Rio Branco seguem revoltados com a falta d&#039;\u00e1gua\" \/>\n<meta name=\"twitter:image\" content=\"https:\/\/nk7-testes.com.br\/agazeta\/wp-content\/uploads\/2024\/03\/WhatsApp-Image-2024-03-15-at-11.18.20-jpeg.webp\" \/>\n<meta name=\"twitter:label1\" content=\"Escrito por\" \/>\n\t<meta name=\"twitter:data1\" content=\"Agazeta.Net\" \/>\n\t<meta name=\"twitter:label2\" content=\"Est. tempo de leitura\" \/>\n\t<meta name=\"twitter:data2\" content=\"3 minutos\" \/>\n<script type=\"application\/ld+json\" class=\"yoast-schema-graph\">{\"@context\":\"https:\/\/schema.org\",\"@graph\":[{\"@type\":\"WebPage\",\"@id\":\"https:\/\/nk7-testes.com.br\/agazeta\/saerb-divulga-nova-lista-de-bairros-que-terao-abastecimento-de-agua-normalizado-nesta-sexta-feira-veja\/\",\"url\":\"https:\/\/nk7-testes.com.br\/agazeta\/saerb-divulga-nova-lista-de-bairros-que-terao-abastecimento-de-agua-normalizado-nesta-sexta-feira-veja\/\",\"name\":\"Saerb divulga nova lista de bairros que ter\u00e3o abastecimento de \u00e1gua normalizado nesta sexta-feira; veja - Agazeta.net\",\"isPartOf\":{\"@id\":\"https:\/\/nk7-testes.com.br\/agazeta\/#website\"},\"primaryImageOfPage\":{\"@id\":\"https:\/\/nk7-testes.com.br\/agazeta\/saerb-divulga-nova-lista-de-bairros-que-terao-abastecimento-de-agua-normalizado-nesta-sexta-feira-veja\/#primaryimage\"},\"image\":{\"@id\":\"https:\/\/nk7-testes.com.br\/agazeta\/saerb-divulga-nova-lista-de-bairros-que-terao-abastecimento-de-agua-normalizado-nesta-sexta-feira-veja\/#primaryimage\"},\"thumbnailUrl\":\"https:\/\/nk7-testes.com.br\/agazeta\/wp-content\/uploads\/2024\/03\/WhatsApp-Image-2024-03-15-at-11.18.20-jpeg.webp\",\"datePublished\":\"2024-03-15T16:20:38+00:00\",\"author\":{\"@id\":\"https:\/\/nk7-testes.com.br\/agazeta\/#\/schema\/person\/ff6b39d54d6973bfc57f4140f659b23f\"},\"breadcrumb\":{\"@id\":\"https:\/\/nk7-testes.com.br\/agazeta\/saerb-divulga-nova-lista-de-bairros-que-terao-abastecimento-de-agua-normalizado-nesta-sexta-feira-veja\/#breadcrumb\"},\"inLanguage\":\"pt-BR\",\"potentialAction\":[{\"@type\":\"ReadAction\",\"target\":[\"https:\/\/nk7-testes.com.br\/agazeta\/saerb-divulga-nova-lista-de-bairros-que-terao-abastecimento-de-agua-normalizado-nesta-sexta-feira-veja\/\"]}]},{\"@type\":\"ImageObject\",\"inLanguage\":\"pt-BR\",\"@id\":\"https:\/\/nk7-testes.com.br\/agazeta\/saerb-divulga-nova-lista-de-bairros-que-terao-abastecimento-de-agua-normalizado-nesta-sexta-feira-veja\/#primaryimage\",\"url\":\"https:\/\/nk7-testes.com.br\/agazeta\/wp-content\/uploads\/2024\/03\/WhatsApp-Image-2024-03-15-at-11.18.20-jpeg.webp\",\"contentUrl\":\"https:\/\/nk7-testes.com.br\/agazeta\/wp-content\/uploads\/2024\/03\/WhatsApp-Image-2024-03-15-at-11.18.20-jpeg.webp\",\"width\":1024,\"height\":576,\"caption\":\"Imagem: Assecom\"},{\"@type\":\"BreadcrumbList\",\"@id\":\"https:\/\/nk7-testes.com.br\/agazeta\/saerb-divulga-nova-lista-de-bairros-que-terao-abastecimento-de-agua-normalizado-nesta-sexta-feira-veja\/#breadcrumb\",\"itemListElement\":[{\"@type\":\"ListItem\",\"position\":1,\"name\":\"In\u00edcio\",\"item\":\"https:\/\/nk7-testes.com.br\/agazeta\/\"},{\"@type\":\"ListItem\",\"position\":2,\"name\":\"Saerb divulga nova lista de bairros que ter\u00e3o abastecimento de \u00e1gua normalizado nesta sexta-feira; veja\"}]},{\"@type\":\"WebSite\",\"@id\":\"https:\/\/nk7-testes.com.br\/agazeta\/#website\",\"url\":\"https:\/\/nk7-testes.com.br\/agazeta\/\",\"name\":\"Agazeta.net\",\"description\":\"Agazeta.net - Not\u00edcias de Rio Branco\/AC\",\"potentialAction\":[{\"@type\":\"SearchAction\",\"target\":{\"@type\":\"EntryPoint\",\"urlTemplate\":\"https:\/\/nk7-testes.com.br\/agazeta\/?s={search_term_string}\"},\"query-input\":{\"@type\":\"PropertyValueSpecification\",\"valueRequired\":true,\"valueName\":\"search_term_string\"}}],\"inLanguage\":\"pt-BR\"},{\"@type\":\"Person\",\"@id\":\"https:\/\/nk7-testes.com.br\/agazeta\/#\/schema\/person\/ff6b39d54d6973bfc57f4140f659b23f\",\"name\":\"Agazeta.Net\",\"url\":\"https:\/\/nk7-testes.com.br\/agazeta\/author\/agazeta\/\"}]}<\/script>\n<!-- \/ Yoast SEO plugin. -->","yoast_head_json":{"title":"Saerb divulga nova lista de bairros que ter\u00e3o abastecimento de \u00e1gua normalizado nesta sexta-feira; veja - Agazeta.net","robots":{"index":"index","follow":"follow","max-snippet":"max-snippet:-1","max-image-preview":"max-image-preview:large","max-video-preview":"max-video-preview:-1"},"canonical":"https:\/\/nk7-testes.com.br\/agazeta\/saerb-divulga-nova-lista-de-bairros-que-terao-abastecimento-de-agua-normalizado-nesta-sexta-feira-veja\/","og_locale":"pt_BR","og_type":"article","og_title":"Saerb divulga nova lista de bairros que ter\u00e3o abastecimento de \u00e1gua normalizado nesta sexta-feira; veja","og_description":"Apesar das divulga\u00e7\u00f5es, moradores de Rio Branco seguem revoltados com a falta d'\u00e1gua","og_url":"https:\/\/nk7-testes.com.br\/agazeta\/saerb-divulga-nova-lista-de-bairros-que-terao-abastecimento-de-agua-normalizado-nesta-sexta-feira-veja\/","og_site_name":"Agazeta.net","article_published_time":"2024-03-15T16:20:38+00:00","og_image":[{"width":1024,"height":576,"url":"https:\/\/nk7-testes.com.br\/agazeta\/wp-content\/uploads\/2024\/03\/WhatsApp-Image-2024-03-15-at-11.18.20-jpeg.webp","type":"image\/jpeg"}],"author":"Agazeta.Net","twitter_card":"summary_large_image","twitter_title":"Saerb divulga nova lista de bairros que ter\u00e3o abastecimento de \u00e1gua normalizado nesta sexta-feira; veja","twitter_description":"Apesar das divulga\u00e7\u00f5es, moradores de Rio Branco seguem revoltados com a falta d'\u00e1gua","twitter_image":"https:\/\/nk7-testes.com.br\/agazeta\/wp-content\/uploads\/2024\/03\/WhatsApp-Image-2024-03-15-at-11.18.20-jpeg.webp","twitter_misc":{"Escrito por":"Agazeta.Net","Est. tempo de leitura":"3 minutos"},"schema":{"@context":"https:\/\/schema.org","@graph":[{"@type":"WebPage","@id":"https:\/\/nk7-testes.com.br\/agazeta\/saerb-divulga-nova-lista-de-bairros-que-terao-abastecimento-de-agua-normalizado-nesta-sexta-feira-veja\/","url":"https:\/\/nk7-testes.com.br\/agazeta\/saerb-divulga-nova-lista-de-bairros-que-terao-abastecimento-de-agua-normalizado-nesta-sexta-feira-veja\/","name":"Saerb divulga nova lista de bairros que ter\u00e3o abastecimento de \u00e1gua normalizado nesta sexta-feira; veja - Agazeta.net","isPartOf":{"@id":"https:\/\/nk7-testes.com.br\/agazeta\/#website"},"primaryImageOfPage":{"@id":"https:\/\/nk7-testes.com.br\/agazeta\/saerb-divulga-nova-lista-de-bairros-que-terao-abastecimento-de-agua-normalizado-nesta-sexta-feira-veja\/#primaryimage"},"image":{"@id":"https:\/\/nk7-testes.com.br\/agazeta\/saerb-divulga-nova-lista-de-bairros-que-terao-abastecimento-de-agua-normalizado-nesta-sexta-feira-veja\/#primaryimage"},"thumbnailUrl":"https:\/\/nk7-testes.com.br\/agazeta\/wp-content\/uploads\/2024\/03\/WhatsApp-Image-2024-03-15-at-11.18.20-jpeg.webp","datePublished":"2024-03-15T16:20:38+00:00","author":{"@id":"https:\/\/nk7-testes.com.br\/agazeta\/#\/schema\/person\/ff6b39d54d6973bfc57f4140f659b23f"},"breadcrumb":{"@id":"https:\/\/nk7-testes.com.br\/agazeta\/saerb-divulga-nova-lista-de-bairros-que-terao-abastecimento-de-agua-normalizado-nesta-sexta-feira-veja\/#breadcrumb"},"inLanguage":"pt-BR","potentialAction":[{"@type":"ReadAction","target":["https:\/\/nk7-testes.com.br\/agazeta\/saerb-divulga-nova-lista-de-bairros-que-terao-abastecimento-de-agua-normalizado-nesta-sexta-feira-veja\/"]}]},{"@type":"ImageObject","inLanguage":"pt-BR","@id":"https:\/\/nk7-testes.com.br\/agazeta\/saerb-divulga-nova-lista-de-bairros-que-terao-abastecimento-de-agua-normalizado-nesta-sexta-feira-veja\/#primaryimage","url":"https:\/\/nk7-testes.com.br\/agazeta\/wp-content\/uploads\/2024\/03\/WhatsApp-Image-2024-03-15-at-11.18.20-jpeg.webp","contentUrl":"https:\/\/nk7-testes.com.br\/agazeta\/wp-content\/uploads\/2024\/03\/WhatsApp-Image-2024-03-15-at-11.18.20-jpeg.webp","width":1024,"height":576,"caption":"Imagem: Assecom"},{"@type":"BreadcrumbList","@id":"https:\/\/nk7-testes.com.br\/agazeta\/saerb-divulga-nova-lista-de-bairros-que-terao-abastecimento-de-agua-normalizado-nesta-sexta-feira-veja\/#breadcrumb","itemListElement":[{"@type":"ListItem","position":1,"name":"In\u00edcio","item":"https:\/\/nk7-testes.com.br\/agazeta\/"},{"@type":"ListItem","position":2,"name":"Saerb divulga nova lista de bairros que ter\u00e3o abastecimento de \u00e1gua normalizado nesta sexta-feira; veja"}]},{"@type":"WebSite","@id":"https:\/\/nk7-testes.com.br\/agazeta\/#website","url":"https:\/\/nk7-testes.com.br\/agazeta\/","name":"Agazeta.net","description":"Agazeta.net - Not\u00edcias de Rio Branco\/AC","potentialAction":[{"@type":"SearchAction","target":{"@type":"EntryPoint","urlTemplate":"https:\/\/nk7-testes.com.br\/agazeta\/?s={search_term_string}"},"query-input":{"@type":"PropertyValueSpecification","valueRequired":true,"valueName":"search_term_string"}}],"inLanguage":"pt-BR"},{"@type":"Person","@id":"https:\/\/nk7-testes.com.br\/agazeta\/#\/schema\/person\/ff6b39d54d6973bfc57f4140f659b23f","name":"Agazeta.Net","url":"https:\/\/nk7-testes.com.br\/agazeta\/author\/agazeta\/"}]}},"_links":{"self":[{"href":"https:\/\/nk7-testes.com.br\/agazeta\/wp-json\/wp\/v2\/posts\/128998","targetHints":{"allow":["GET"]}}],"collection":[{"href":"https:\/\/nk7-testes.com.br\/agazeta\/wp-json\/wp\/v2\/posts"}],"about":[{"href":"https:\/\/nk7-testes.com.br\/agazeta\/wp-json\/wp\/v2\/types\/post"}],"author":[{"embeddable":true,"href":"https:\/\/nk7-testes.com.br\/agazeta\/wp-json\/wp\/v2\/users\/4"}],"replies":[{"embeddable":true,"href":"https:\/\/nk7-testes.com.br\/agazeta\/wp-json\/wp\/v2\/comments?post=128998"}],"version-history":[{"count":0,"href":"https:\/\/nk7-testes.com.br\/agazeta\/wp-json\/wp\/v2\/posts\/128998\/revisions"}],"wp:featuredmedia":[{"embeddable":true,"href":"https:\/\/nk7-testes.com.br\/agazeta\/wp-json\/wp\/v2\/media\/129007"}],"wp:attachment":[{"href":"https:\/\/nk7-testes.com.br\/agazeta\/wp-json\/wp\/v2\/media?parent=128998"}],"wp:term":[{"taxonomy":"category","embeddable":true,"href":"https:\/\/nk7-testes.com.br\/agazeta\/wp-json\/wp\/v2\/categories?post=128998"},{"taxonomy":"post_tag","embeddable":true,"href":"https:\/\/nk7-testes.com.br\/agazeta\/wp-json\/wp\/v2\/tags?post=128998"}],"curies":[{"name":"wp","href":"https:\/\/api.w.org\/{rel}","templated":true}]}}