{"id":128940,"date":"2024-03-14T14:38:20","date_gmt":"2024-03-14T19:38:20","guid":{"rendered":"https:\/\/nk7-testes.com.br\/?p=128940"},"modified":"2024-03-14T16:41:49","modified_gmt":"2024-03-14T21:41:49","slug":"em-rio-branco-trio-responsavel-por-fazer-pai-e-filha-refens-e-condenado-a-mais-de-80-anos-de-prisao","status":"publish","type":"post","link":"https:\/\/nk7-testes.com.br\/agazeta\/em-rio-branco-trio-responsavel-por-fazer-pai-e-filha-refens-e-condenado-a-mais-de-80-anos-de-prisao\/","title":{"rendered":"Em Rio Branco, trio respons\u00e1vel por fazer pai e filha ref\u00e9ns \u00e9 condenado a mais de 80 anos de pris\u00e3o"},"content":{"rendered":"<p style=\"text-align: justify;\">Ailton Moitozo Borges, mais conhecido como \u201cAlem\u00e3o\u201d, Lucas Gomes Lima e Ant\u00f4nio Adrias da Costa Silva foram condenados a mais de 80 anos de pris\u00e3o, nesta quinta-feira (14). As penas foram proferidas pelo juiz da Vara de Delitos de Roubo e Extors\u00e3o da Comarca de Rio Branco, Gustavo Sirena.<\/p>\n<p style=\"text-align: justify;\">O \u201cAlem\u00e3o\u201d, quem recebeu a maior pena, foi condenado a 30 anos, 10 meses e 20 dias de pris\u00e3o, enquanto Lucas Gomes Lima e Ant\u00f4nio Adrias da Costa Silva foram sentenciados, respectivamente, a 27 anos, 2 meses e 20 dias, e 25 anos, 11 meses e 20 dias.<\/p>\n<p style=\"text-align: justify;\">O trio foi preso em agosto de 2023, ap\u00f3s realizar um assalto em uma oficina mec\u00e2nica, na regi\u00e3o do Nova Esperan\u00e7a. Na fuga da pol\u00edcia, os condenados abordaram um homem que sa\u00eda da Creche Cecilia Meireles de carro, na companhia da filha de seis anos de idade, os fazendo ref\u00e9ns por quase duas horas dentro do autom\u00f3vel.<\/p>\n<p><strong><em>Com informa\u00e7\u00f5es do rep\u00f3rter Luan Rodrigo para a TV Gazeta<\/em><\/strong><\/p>\n","protected":false},"excerpt":{"rendered":"<p>Ailton Moitozo Borges, mais conhecido como \u201cAlem\u00e3o\u201d, Lucas Gomes Lima e Ant\u00f4nio Adrias da Costa Silva foram condenados a mais de 80 anos de pris\u00e3o, nesta quinta-feira (14). As penas foram proferidas pelo juiz da Vara de Delitos de Roubo e Extors\u00e3o da Comarca de Rio Branco, Gustavo Sirena. O \u201cAlem\u00e3o\u201d, quem recebeu a maior [&hellip;]<\/p>\n","protected":false},"author":4,"featured_media":128943,"comment_status":"open","ping_status":"open","sticky":false,"template":"","format":"standard","meta":{"jnews-multi-image_gallery":[],"jnews_single_post":{"source_name":"","source_url":"","via_name":"","via_url":"","override_template":"0","override":[{"template":"custom","single_blog_custom":"110746","parallax":"1","fullscreen":"1","layout":"right-sidebar","sidebar":"default-sidebar","second_sidebar":"default-sidebar","sticky_sidebar":"1","share_position":"top","share_float_style":"share-monocrhome","show_share_counter":"1","show_view_counter":"1","show_featured":"1","show_post_meta":"1","show_post_author":"1","show_post_author_image":"1","show_post_date":"1","post_date_format":"default","post_date_format_custom":"Y\/m\/d","show_post_category":"1","show_post_reading_time":"0","post_reading_time_wpm":"300","show_zoom_button":"0","zoom_button_out_step":"2","zoom_button_in_step":"3","show_post_tag":"1","show_prev_next_post":"1","show_popup_post":"1","number_popup_post":"1","show_author_box":"0","show_post_related":"1","show_inline_post_related":"0"}],"override_image_size":"0","image_override":[{"single_post_thumbnail_size":"crop-500","single_post_gallery_size":"crop-500"}],"trending_post":"0","trending_post_position":"meta","trending_post_label":"Trending","sponsored_post":"0","sponsored_post_label":"Sponsored by","sponsored_post_name":"","sponsored_post_url":"","sponsored_post_logo_enable":"0","sponsored_post_logo":"","sponsored_post_desc":"","disable_ad":"0"},"jnews_primary_category":{"id":"","hide":""},"jnews_social_meta":{"fb_title":"","fb_description":"","fb_image":"","twitter_title":"","twitter_description":"","twitter_image":""},"jnews_review":[],"enable_review":"0","type":"percentage","name":"","summary":"","brand":"","sku":"","good":[{"good_text":""}],"bad":[{"bad_text":""}],"score_override":"0","override_value":"","rating":[{"rating_text":"","rating_number":"10"}],"price":[{"shop":"","price":"","link":"","icon":""}],"footnotes":""},"categories":[54],"tags":[152],"class_list":["post-128940","post","type-post","status-publish","format-standard","has-post-thumbnail","hentry","category-cotidiano","tag-destaque"],"yoast_head":"<!-- This site is optimized with the Yoast SEO plugin v26.5 - https:\/\/yoast.com\/wordpress\/plugins\/seo\/ -->\n<title>Em Rio Branco, trio respons\u00e1vel por fazer pai e filha ref\u00e9ns \u00e9 condenado a mais de 80 anos de pris\u00e3o - Agazeta.net<\/title>\n<meta name=\"robots\" content=\"index, follow, max-snippet:-1, max-image-preview:large, max-video-preview:-1\" \/>\n<link rel=\"canonical\" href=\"https:\/\/nk7-testes.com.br\/agazeta\/em-rio-branco-trio-responsavel-por-fazer-pai-e-filha-refens-e-condenado-a-mais-de-80-anos-de-prisao\/\" \/>\n<meta property=\"og:locale\" content=\"pt_BR\" \/>\n<meta property=\"og:type\" content=\"article\" \/>\n<meta property=\"og:title\" content=\"Em Rio Branco, trio respons\u00e1vel por fazer pai e filha ref\u00e9ns \u00e9 condenado a mais de 80 anos de pris\u00e3o\" \/>\n<meta property=\"og:description\" content=\"Os condenados foram presos em agosto de 2023, ap\u00f3s fazerem pai e filha ref\u00e9ns por quase duas horas\" \/>\n<meta property=\"og:url\" content=\"https:\/\/nk7-testes.com.br\/agazeta\/em-rio-branco-trio-responsavel-por-fazer-pai-e-filha-refens-e-condenado-a-mais-de-80-anos-de-prisao\/\" \/>\n<meta property=\"og:site_name\" content=\"Agazeta.net\" \/>\n<meta property=\"article:published_time\" content=\"2024-03-14T19:38:20+00:00\" \/>\n<meta property=\"article:modified_time\" content=\"2024-03-14T21:41:49+00:00\" \/>\n<meta property=\"og:image\" content=\"https:\/\/nk7-testes.com.br\/agazeta\/wp-content\/uploads\/2024\/03\/WhatsApp-Image-2024-03-14-at-16.36.35-jpeg.webp\" \/>\n\t<meta property=\"og:image:width\" content=\"800\" \/>\n\t<meta property=\"og:image:height\" content=\"400\" \/>\n\t<meta property=\"og:image:type\" content=\"image\/jpeg\" \/>\n<meta name=\"author\" content=\"Agazeta.Net\" \/>\n<meta name=\"twitter:card\" content=\"summary_large_image\" \/>\n<meta name=\"twitter:label1\" content=\"Escrito por\" \/>\n\t<meta name=\"twitter:data1\" content=\"Agazeta.Net\" \/>\n\t<meta name=\"twitter:label2\" content=\"Est. tempo de leitura\" \/>\n\t<meta name=\"twitter:data2\" content=\"1 minuto\" \/>\n<script type=\"application\/ld+json\" class=\"yoast-schema-graph\">{\"@context\":\"https:\/\/schema.org\",\"@graph\":[{\"@type\":\"WebPage\",\"@id\":\"https:\/\/nk7-testes.com.br\/agazeta\/em-rio-branco-trio-responsavel-por-fazer-pai-e-filha-refens-e-condenado-a-mais-de-80-anos-de-prisao\/\",\"url\":\"https:\/\/nk7-testes.com.br\/agazeta\/em-rio-branco-trio-responsavel-por-fazer-pai-e-filha-refens-e-condenado-a-mais-de-80-anos-de-prisao\/\",\"name\":\"Em Rio Branco, trio respons\u00e1vel por fazer pai e filha ref\u00e9ns \u00e9 condenado a mais de 80 anos de pris\u00e3o - Agazeta.net\",\"isPartOf\":{\"@id\":\"https:\/\/nk7-testes.com.br\/agazeta\/#website\"},\"primaryImageOfPage\":{\"@id\":\"https:\/\/nk7-testes.com.br\/agazeta\/em-rio-branco-trio-responsavel-por-fazer-pai-e-filha-refens-e-condenado-a-mais-de-80-anos-de-prisao\/#primaryimage\"},\"image\":{\"@id\":\"https:\/\/nk7-testes.com.br\/agazeta\/em-rio-branco-trio-responsavel-por-fazer-pai-e-filha-refens-e-condenado-a-mais-de-80-anos-de-prisao\/#primaryimage\"},\"thumbnailUrl\":\"https:\/\/nk7-testes.com.br\/agazeta\/wp-content\/uploads\/2024\/03\/WhatsApp-Image-2024-03-14-at-16.36.35-jpeg.webp\",\"datePublished\":\"2024-03-14T19:38:20+00:00\",\"dateModified\":\"2024-03-14T21:41:49+00:00\",\"author\":{\"@id\":\"https:\/\/nk7-testes.com.br\/agazeta\/#\/schema\/person\/ff6b39d54d6973bfc57f4140f659b23f\"},\"breadcrumb\":{\"@id\":\"https:\/\/nk7-testes.com.br\/agazeta\/em-rio-branco-trio-responsavel-por-fazer-pai-e-filha-refens-e-condenado-a-mais-de-80-anos-de-prisao\/#breadcrumb\"},\"inLanguage\":\"pt-BR\",\"potentialAction\":[{\"@type\":\"ReadAction\",\"target\":[\"https:\/\/nk7-testes.com.br\/agazeta\/em-rio-branco-trio-responsavel-por-fazer-pai-e-filha-refens-e-condenado-a-mais-de-80-anos-de-prisao\/\"]}]},{\"@type\":\"ImageObject\",\"inLanguage\":\"pt-BR\",\"@id\":\"https:\/\/nk7-testes.com.br\/agazeta\/em-rio-branco-trio-responsavel-por-fazer-pai-e-filha-refens-e-condenado-a-mais-de-80-anos-de-prisao\/#primaryimage\",\"url\":\"https:\/\/nk7-testes.com.br\/agazeta\/wp-content\/uploads\/2024\/03\/WhatsApp-Image-2024-03-14-at-16.36.35-jpeg.webp\",\"contentUrl\":\"https:\/\/nk7-testes.com.br\/agazeta\/wp-content\/uploads\/2024\/03\/WhatsApp-Image-2024-03-14-at-16.36.35-jpeg.webp\",\"width\":800,\"height\":400},{\"@type\":\"BreadcrumbList\",\"@id\":\"https:\/\/nk7-testes.com.br\/agazeta\/em-rio-branco-trio-responsavel-por-fazer-pai-e-filha-refens-e-condenado-a-mais-de-80-anos-de-prisao\/#breadcrumb\",\"itemListElement\":[{\"@type\":\"ListItem\",\"position\":1,\"name\":\"In\u00edcio\",\"item\":\"https:\/\/nk7-testes.com.br\/agazeta\/\"},{\"@type\":\"ListItem\",\"position\":2,\"name\":\"Em Rio Branco, trio respons\u00e1vel por fazer pai e filha ref\u00e9ns \u00e9 condenado a mais de 80 anos de pris\u00e3o\"}]},{\"@type\":\"WebSite\",\"@id\":\"https:\/\/nk7-testes.com.br\/agazeta\/#website\",\"url\":\"https:\/\/nk7-testes.com.br\/agazeta\/\",\"name\":\"Agazeta.net\",\"description\":\"Agazeta.net - Not\u00edcias de Rio Branco\/AC\",\"potentialAction\":[{\"@type\":\"SearchAction\",\"target\":{\"@type\":\"EntryPoint\",\"urlTemplate\":\"https:\/\/nk7-testes.com.br\/agazeta\/?s={search_term_string}\"},\"query-input\":{\"@type\":\"PropertyValueSpecification\",\"valueRequired\":true,\"valueName\":\"search_term_string\"}}],\"inLanguage\":\"pt-BR\"},{\"@type\":\"Person\",\"@id\":\"https:\/\/nk7-testes.com.br\/agazeta\/#\/schema\/person\/ff6b39d54d6973bfc57f4140f659b23f\",\"name\":\"Agazeta.Net\",\"url\":\"https:\/\/nk7-testes.com.br\/agazeta\/author\/agazeta\/\"}]}<\/script>\n<!-- \/ Yoast SEO plugin. -->","yoast_head_json":{"title":"Em Rio Branco, trio respons\u00e1vel por fazer pai e filha ref\u00e9ns \u00e9 condenado a mais de 80 anos de pris\u00e3o - Agazeta.net","robots":{"index":"index","follow":"follow","max-snippet":"max-snippet:-1","max-image-preview":"max-image-preview:large","max-video-preview":"max-video-preview:-1"},"canonical":"https:\/\/nk7-testes.com.br\/agazeta\/em-rio-branco-trio-responsavel-por-fazer-pai-e-filha-refens-e-condenado-a-mais-de-80-anos-de-prisao\/","og_locale":"pt_BR","og_type":"article","og_title":"Em Rio Branco, trio respons\u00e1vel por fazer pai e filha ref\u00e9ns \u00e9 condenado a mais de 80 anos de pris\u00e3o","og_description":"Os condenados foram presos em agosto de 2023, ap\u00f3s fazerem pai e filha ref\u00e9ns por quase duas horas","og_url":"https:\/\/nk7-testes.com.br\/agazeta\/em-rio-branco-trio-responsavel-por-fazer-pai-e-filha-refens-e-condenado-a-mais-de-80-anos-de-prisao\/","og_site_name":"Agazeta.net","article_published_time":"2024-03-14T19:38:20+00:00","article_modified_time":"2024-03-14T21:41:49+00:00","og_image":[{"width":800,"height":400,"url":"https:\/\/nk7-testes.com.br\/agazeta\/wp-content\/uploads\/2024\/03\/WhatsApp-Image-2024-03-14-at-16.36.35-jpeg.webp","type":"image\/jpeg"}],"author":"Agazeta.Net","twitter_card":"summary_large_image","twitter_misc":{"Escrito por":"Agazeta.Net","Est. tempo de leitura":"1 minuto"},"schema":{"@context":"https:\/\/schema.org","@graph":[{"@type":"WebPage","@id":"https:\/\/nk7-testes.com.br\/agazeta\/em-rio-branco-trio-responsavel-por-fazer-pai-e-filha-refens-e-condenado-a-mais-de-80-anos-de-prisao\/","url":"https:\/\/nk7-testes.com.br\/agazeta\/em-rio-branco-trio-responsavel-por-fazer-pai-e-filha-refens-e-condenado-a-mais-de-80-anos-de-prisao\/","name":"Em Rio Branco, trio respons\u00e1vel por fazer pai e filha ref\u00e9ns \u00e9 condenado a mais de 80 anos de pris\u00e3o - Agazeta.net","isPartOf":{"@id":"https:\/\/nk7-testes.com.br\/agazeta\/#website"},"primaryImageOfPage":{"@id":"https:\/\/nk7-testes.com.br\/agazeta\/em-rio-branco-trio-responsavel-por-fazer-pai-e-filha-refens-e-condenado-a-mais-de-80-anos-de-prisao\/#primaryimage"},"image":{"@id":"https:\/\/nk7-testes.com.br\/agazeta\/em-rio-branco-trio-responsavel-por-fazer-pai-e-filha-refens-e-condenado-a-mais-de-80-anos-de-prisao\/#primaryimage"},"thumbnailUrl":"https:\/\/nk7-testes.com.br\/agazeta\/wp-content\/uploads\/2024\/03\/WhatsApp-Image-2024-03-14-at-16.36.35-jpeg.webp","datePublished":"2024-03-14T19:38:20+00:00","dateModified":"2024-03-14T21:41:49+00:00","author":{"@id":"https:\/\/nk7-testes.com.br\/agazeta\/#\/schema\/person\/ff6b39d54d6973bfc57f4140f659b23f"},"breadcrumb":{"@id":"https:\/\/nk7-testes.com.br\/agazeta\/em-rio-branco-trio-responsavel-por-fazer-pai-e-filha-refens-e-condenado-a-mais-de-80-anos-de-prisao\/#breadcrumb"},"inLanguage":"pt-BR","potentialAction":[{"@type":"ReadAction","target":["https:\/\/nk7-testes.com.br\/agazeta\/em-rio-branco-trio-responsavel-por-fazer-pai-e-filha-refens-e-condenado-a-mais-de-80-anos-de-prisao\/"]}]},{"@type":"ImageObject","inLanguage":"pt-BR","@id":"https:\/\/nk7-testes.com.br\/agazeta\/em-rio-branco-trio-responsavel-por-fazer-pai-e-filha-refens-e-condenado-a-mais-de-80-anos-de-prisao\/#primaryimage","url":"https:\/\/nk7-testes.com.br\/agazeta\/wp-content\/uploads\/2024\/03\/WhatsApp-Image-2024-03-14-at-16.36.35-jpeg.webp","contentUrl":"https:\/\/nk7-testes.com.br\/agazeta\/wp-content\/uploads\/2024\/03\/WhatsApp-Image-2024-03-14-at-16.36.35-jpeg.webp","width":800,"height":400},{"@type":"BreadcrumbList","@id":"https:\/\/nk7-testes.com.br\/agazeta\/em-rio-branco-trio-responsavel-por-fazer-pai-e-filha-refens-e-condenado-a-mais-de-80-anos-de-prisao\/#breadcrumb","itemListElement":[{"@type":"ListItem","position":1,"name":"In\u00edcio","item":"https:\/\/nk7-testes.com.br\/agazeta\/"},{"@type":"ListItem","position":2,"name":"Em Rio Branco, trio respons\u00e1vel por fazer pai e filha ref\u00e9ns \u00e9 condenado a mais de 80 anos de pris\u00e3o"}]},{"@type":"WebSite","@id":"https:\/\/nk7-testes.com.br\/agazeta\/#website","url":"https:\/\/nk7-testes.com.br\/agazeta\/","name":"Agazeta.net","description":"Agazeta.net - Not\u00edcias de Rio Branco\/AC","potentialAction":[{"@type":"SearchAction","target":{"@type":"EntryPoint","urlTemplate":"https:\/\/nk7-testes.com.br\/agazeta\/?s={search_term_string}"},"query-input":{"@type":"PropertyValueSpecification","valueRequired":true,"valueName":"search_term_string"}}],"inLanguage":"pt-BR"},{"@type":"Person","@id":"https:\/\/nk7-testes.com.br\/agazeta\/#\/schema\/person\/ff6b39d54d6973bfc57f4140f659b23f","name":"Agazeta.Net","url":"https:\/\/nk7-testes.com.br\/agazeta\/author\/agazeta\/"}]}},"_links":{"self":[{"href":"https:\/\/nk7-testes.com.br\/agazeta\/wp-json\/wp\/v2\/posts\/128940","targetHints":{"allow":["GET"]}}],"collection":[{"href":"https:\/\/nk7-testes.com.br\/agazeta\/wp-json\/wp\/v2\/posts"}],"about":[{"href":"https:\/\/nk7-testes.com.br\/agazeta\/wp-json\/wp\/v2\/types\/post"}],"author":[{"embeddable":true,"href":"https:\/\/nk7-testes.com.br\/agazeta\/wp-json\/wp\/v2\/users\/4"}],"replies":[{"embeddable":true,"href":"https:\/\/nk7-testes.com.br\/agazeta\/wp-json\/wp\/v2\/comments?post=128940"}],"version-history":[{"count":0,"href":"https:\/\/nk7-testes.com.br\/agazeta\/wp-json\/wp\/v2\/posts\/128940\/revisions"}],"wp:featuredmedia":[{"embeddable":true,"href":"https:\/\/nk7-testes.com.br\/agazeta\/wp-json\/wp\/v2\/media\/128943"}],"wp:attachment":[{"href":"https:\/\/nk7-testes.com.br\/agazeta\/wp-json\/wp\/v2\/media?parent=128940"}],"wp:term":[{"taxonomy":"category","embeddable":true,"href":"https:\/\/nk7-testes.com.br\/agazeta\/wp-json\/wp\/v2\/categories?post=128940"},{"taxonomy":"post_tag","embeddable":true,"href":"https:\/\/nk7-testes.com.br\/agazeta\/wp-json\/wp\/v2\/tags?post=128940"}],"curies":[{"name":"wp","href":"https:\/\/api.w.org\/{rel}","templated":true}]}}