{"id":128876,"date":"2024-03-13T15:58:24","date_gmt":"2024-03-13T20:58:24","guid":{"rendered":"https:\/\/nk7-testes.com.br\/?p=128876"},"modified":"2024-03-13T16:08:34","modified_gmt":"2024-03-13T21:08:34","slug":"todas-familias-antigidas-pela-alagacao-em-rio-branco-vao-receber-donativos-afirma-defesa-civil","status":"publish","type":"post","link":"https:\/\/nk7-testes.com.br\/agazeta\/todas-familias-antigidas-pela-alagacao-em-rio-branco-vao-receber-donativos-afirma-defesa-civil\/","title":{"rendered":"Todas fam\u00edlias antigidas pela alaga\u00e7\u00e3o em Rio Branco v\u00e3o receber donativos, afirma Defesa Civil"},"content":{"rendered":"<p>Com o anuncio da Prefeitura de Rio Branco nesta ter\u00e7a-feira (12), referente a entrega de 10 mil kits de donativos, dentre eles material de higiene e limpeza para as fam\u00edlias atingidas pelas enchentes, ficou a d\u00favida de algumas pessoas que os kits seriam apenas para as v\u00edtimas que est\u00e3o nos abrigos.<\/p>\n<p>O coordenador da Defesa Civil Municiapal, tenente coronel Cl\u00e1udio Falc\u00e3o, explica que todos que foram atingidos, idependente se tenha ida para casa de parentes ou abrigos p\u00fablicos, v\u00e3o ser contemplados com os kits da Prefeitura.<\/p>\n<p>&#8220;N\u00e3o somente as fam\u00edlias que est\u00e3o nos abrigos ou que foram para casas de parentes v\u00e3o receber, mas sim todas as fam\u00edlias que foram atingidas. Estamos na movimenta\u00e7\u00e3o desde a semana passada atendendo as fam\u00edlias. J\u00e1 atendemos mais de sete mil fam\u00edlias, mas de seis mil pessoas&#8221;, conta o coordenador.<\/p>\n<p>Assim como tem sido desde o in\u00edcio da alaga\u00e7\u00e3o, segundo Falc\u00e3o os pr\u00f3ximos dias s\u00e3o de trabalho intensificado para garantir mais seguran\u00e7a e tranquilidade \u00e0s fam\u00edlias v\u00edtimas da enchente de volta \u00e0s resid\u00eancias.<\/p>\n<p>&#8220;Iniciamos a movimenta\u00e7\u00e3o das fam\u00edlias que est\u00e3o no parque, uma vez que todas as fam\u00edlias que estavam nas escolas j\u00e1 est\u00e3o em casa. Estamos fazebdo isso por ordem de bairros. Os bairros que j\u00e1 foram limpos e reestabelecidos. At\u00e9 domingo n\u00f3s pretendemos remover 100% dos que ainda est\u00e3o nos abrigos de volta \u00e0s resid\u00eancias&#8221;, detalha.<\/p>\n<p>Mat\u00e9ria produzida em v\u00eddeo pelo rep\u00f3rter Marilson Maia para a TV Gazeta<\/p>\n","protected":false},"excerpt":{"rendered":"<p>Com o anuncio da Prefeitura de Rio Branco nesta ter\u00e7a-feira (12), referente a entrega de 10 mil kits de donativos, dentre eles material de higiene e limpeza para as fam\u00edlias atingidas pelas enchentes, ficou a d\u00favida de algumas pessoas que os kits seriam apenas para as v\u00edtimas que est\u00e3o nos abrigos. O coordenador da Defesa [&hellip;]<\/p>\n","protected":false},"author":4,"featured_media":128877,"comment_status":"open","ping_status":"open","sticky":false,"template":"","format":"standard","meta":{"jnews-multi-image_gallery":[],"jnews_single_post":{"source_name":"","source_url":"","via_name":"","via_url":"","override_template":"0","override":[{"template":"custom","single_blog_custom":"110746","parallax":"1","fullscreen":"1","layout":"right-sidebar","sidebar":"default-sidebar","second_sidebar":"default-sidebar","sticky_sidebar":"1","share_position":"top","share_float_style":"share-monocrhome","show_share_counter":"1","show_view_counter":"1","show_featured":"1","show_post_meta":"1","show_post_author":"1","show_post_author_image":"1","show_post_date":"1","post_date_format":"default","post_date_format_custom":"Y\/m\/d","show_post_category":"1","show_post_reading_time":"0","post_reading_time_wpm":"300","show_zoom_button":"0","zoom_button_out_step":"2","zoom_button_in_step":"3","show_post_tag":"1","show_prev_next_post":"1","show_popup_post":"1","number_popup_post":"1","show_author_box":"0","show_post_related":"1","show_inline_post_related":"0"}],"override_image_size":"0","image_override":[{"single_post_thumbnail_size":"crop-500","single_post_gallery_size":"crop-500"}],"trending_post":"0","trending_post_position":"meta","trending_post_label":"Trending","sponsored_post":"0","sponsored_post_label":"Sponsored by","sponsored_post_name":"","sponsored_post_url":"","sponsored_post_logo_enable":"0","sponsored_post_logo":"","sponsored_post_desc":"","disable_ad":"0"},"jnews_primary_category":{"id":"","hide":""},"jnews_social_meta":{"fb_title":"","fb_description":"","fb_image":"","twitter_title":"","twitter_description":"","twitter_image":""},"jnews_review":[],"enable_review":"0","type":"percentage","name":"","summary":"","brand":"","sku":"","good":[{"good_text":""}],"bad":[{"bad_text":""}],"score_override":"0","override_value":"","rating":[{"rating_text":"","rating_number":"10"}],"price":[{"shop":"","price":"","link":"","icon":""}],"footnotes":""},"categories":[54],"tags":[152],"class_list":["post-128876","post","type-post","status-publish","format-standard","has-post-thumbnail","hentry","category-cotidiano","tag-destaque"],"yoast_head":"<!-- This site is optimized with the Yoast SEO plugin v26.5 - https:\/\/yoast.com\/wordpress\/plugins\/seo\/ -->\n<title>Todas fam\u00edlias antigidas pela alaga\u00e7\u00e3o em Rio Branco v\u00e3o receber donativos, afirma Defesa Civil - Agazeta.net<\/title>\n<meta name=\"robots\" content=\"index, follow, max-snippet:-1, max-image-preview:large, max-video-preview:-1\" \/>\n<link rel=\"canonical\" href=\"https:\/\/nk7-testes.com.br\/agazeta\/todas-familias-antigidas-pela-alagacao-em-rio-branco-vao-receber-donativos-afirma-defesa-civil\/\" \/>\n<meta property=\"og:locale\" content=\"pt_BR\" \/>\n<meta property=\"og:type\" content=\"article\" \/>\n<meta property=\"og:title\" content=\"Todas fam\u00edlias antigidas pela alaga\u00e7\u00e3o em Rio Branco v\u00e3o receber donativos, afirma Defesa Civil - Agazeta.net\" \/>\n<meta property=\"og:description\" content=\"Com o anuncio da Prefeitura de Rio Branco nesta ter\u00e7a-feira (12), referente a entrega de 10 mil kits de donativos, dentre eles material de higiene e limpeza para as fam\u00edlias atingidas pelas enchentes, ficou a d\u00favida de algumas pessoas que os kits seriam apenas para as v\u00edtimas que est\u00e3o nos abrigos. O coordenador da Defesa [&hellip;]\" \/>\n<meta property=\"og:url\" content=\"https:\/\/nk7-testes.com.br\/agazeta\/todas-familias-antigidas-pela-alagacao-em-rio-branco-vao-receber-donativos-afirma-defesa-civil\/\" \/>\n<meta property=\"og:site_name\" content=\"Agazeta.net\" \/>\n<meta property=\"article:published_time\" content=\"2024-03-13T20:58:24+00:00\" \/>\n<meta property=\"article:modified_time\" content=\"2024-03-13T21:08:34+00:00\" \/>\n<meta property=\"og:image\" content=\"https:\/\/nk7-testes.com.br\/agazeta\/wp-content\/uploads\/2024\/03\/WhatsApp-Image-2024-03-13-at-17.46.18-jpeg.webp\" \/>\n\t<meta property=\"og:image:width\" content=\"1280\" \/>\n\t<meta property=\"og:image:height\" content=\"720\" \/>\n\t<meta property=\"og:image:type\" content=\"image\/jpeg\" \/>\n<meta name=\"author\" content=\"Agazeta.Net\" \/>\n<meta name=\"twitter:card\" content=\"summary_large_image\" \/>\n<meta name=\"twitter:image\" content=\"https:\/\/nk7-testes.com.br\/agazeta\/wp-content\/uploads\/2024\/03\/WhatsApp-Image-2024-03-13-at-17.46.18-jpeg.webp\" \/>\n<meta name=\"twitter:label1\" content=\"Escrito por\" \/>\n\t<meta name=\"twitter:data1\" content=\"Agazeta.Net\" \/>\n\t<meta name=\"twitter:label2\" content=\"Est. tempo de leitura\" \/>\n\t<meta name=\"twitter:data2\" content=\"1 minuto\" \/>\n<script type=\"application\/ld+json\" class=\"yoast-schema-graph\">{\"@context\":\"https:\/\/schema.org\",\"@graph\":[{\"@type\":\"WebPage\",\"@id\":\"https:\/\/nk7-testes.com.br\/agazeta\/todas-familias-antigidas-pela-alagacao-em-rio-branco-vao-receber-donativos-afirma-defesa-civil\/\",\"url\":\"https:\/\/nk7-testes.com.br\/agazeta\/todas-familias-antigidas-pela-alagacao-em-rio-branco-vao-receber-donativos-afirma-defesa-civil\/\",\"name\":\"Todas fam\u00edlias antigidas pela alaga\u00e7\u00e3o em Rio Branco v\u00e3o receber donativos, afirma Defesa Civil - Agazeta.net\",\"isPartOf\":{\"@id\":\"https:\/\/nk7-testes.com.br\/agazeta\/#website\"},\"primaryImageOfPage\":{\"@id\":\"https:\/\/nk7-testes.com.br\/agazeta\/todas-familias-antigidas-pela-alagacao-em-rio-branco-vao-receber-donativos-afirma-defesa-civil\/#primaryimage\"},\"image\":{\"@id\":\"https:\/\/nk7-testes.com.br\/agazeta\/todas-familias-antigidas-pela-alagacao-em-rio-branco-vao-receber-donativos-afirma-defesa-civil\/#primaryimage\"},\"thumbnailUrl\":\"https:\/\/nk7-testes.com.br\/agazeta\/wp-content\/uploads\/2024\/03\/WhatsApp-Image-2024-03-13-at-17.46.18-jpeg.webp\",\"datePublished\":\"2024-03-13T20:58:24+00:00\",\"dateModified\":\"2024-03-13T21:08:34+00:00\",\"author\":{\"@id\":\"https:\/\/nk7-testes.com.br\/agazeta\/#\/schema\/person\/ff6b39d54d6973bfc57f4140f659b23f\"},\"breadcrumb\":{\"@id\":\"https:\/\/nk7-testes.com.br\/agazeta\/todas-familias-antigidas-pela-alagacao-em-rio-branco-vao-receber-donativos-afirma-defesa-civil\/#breadcrumb\"},\"inLanguage\":\"pt-BR\",\"potentialAction\":[{\"@type\":\"ReadAction\",\"target\":[\"https:\/\/nk7-testes.com.br\/agazeta\/todas-familias-antigidas-pela-alagacao-em-rio-branco-vao-receber-donativos-afirma-defesa-civil\/\"]}]},{\"@type\":\"ImageObject\",\"inLanguage\":\"pt-BR\",\"@id\":\"https:\/\/nk7-testes.com.br\/agazeta\/todas-familias-antigidas-pela-alagacao-em-rio-branco-vao-receber-donativos-afirma-defesa-civil\/#primaryimage\",\"url\":\"https:\/\/nk7-testes.com.br\/agazeta\/wp-content\/uploads\/2024\/03\/WhatsApp-Image-2024-03-13-at-17.46.18-jpeg.webp\",\"contentUrl\":\"https:\/\/nk7-testes.com.br\/agazeta\/wp-content\/uploads\/2024\/03\/WhatsApp-Image-2024-03-13-at-17.46.18-jpeg.webp\",\"width\":1280,\"height\":720,\"caption\":\"Imagem: Ascom\/Prefeitura de Rio Branco\"},{\"@type\":\"BreadcrumbList\",\"@id\":\"https:\/\/nk7-testes.com.br\/agazeta\/todas-familias-antigidas-pela-alagacao-em-rio-branco-vao-receber-donativos-afirma-defesa-civil\/#breadcrumb\",\"itemListElement\":[{\"@type\":\"ListItem\",\"position\":1,\"name\":\"In\u00edcio\",\"item\":\"https:\/\/nk7-testes.com.br\/agazeta\/\"},{\"@type\":\"ListItem\",\"position\":2,\"name\":\"Todas fam\u00edlias antigidas pela alaga\u00e7\u00e3o em Rio Branco v\u00e3o receber donativos, afirma Defesa Civil\"}]},{\"@type\":\"WebSite\",\"@id\":\"https:\/\/nk7-testes.com.br\/agazeta\/#website\",\"url\":\"https:\/\/nk7-testes.com.br\/agazeta\/\",\"name\":\"Agazeta.net\",\"description\":\"Agazeta.net - Not\u00edcias de Rio Branco\/AC\",\"potentialAction\":[{\"@type\":\"SearchAction\",\"target\":{\"@type\":\"EntryPoint\",\"urlTemplate\":\"https:\/\/nk7-testes.com.br\/agazeta\/?s={search_term_string}\"},\"query-input\":{\"@type\":\"PropertyValueSpecification\",\"valueRequired\":true,\"valueName\":\"search_term_string\"}}],\"inLanguage\":\"pt-BR\"},{\"@type\":\"Person\",\"@id\":\"https:\/\/nk7-testes.com.br\/agazeta\/#\/schema\/person\/ff6b39d54d6973bfc57f4140f659b23f\",\"name\":\"Agazeta.Net\",\"url\":\"https:\/\/nk7-testes.com.br\/agazeta\/author\/agazeta\/\"}]}<\/script>\n<!-- \/ Yoast SEO plugin. -->","yoast_head_json":{"title":"Todas fam\u00edlias antigidas pela alaga\u00e7\u00e3o em Rio Branco v\u00e3o receber donativos, afirma Defesa Civil - Agazeta.net","robots":{"index":"index","follow":"follow","max-snippet":"max-snippet:-1","max-image-preview":"max-image-preview:large","max-video-preview":"max-video-preview:-1"},"canonical":"https:\/\/nk7-testes.com.br\/agazeta\/todas-familias-antigidas-pela-alagacao-em-rio-branco-vao-receber-donativos-afirma-defesa-civil\/","og_locale":"pt_BR","og_type":"article","og_title":"Todas fam\u00edlias antigidas pela alaga\u00e7\u00e3o em Rio Branco v\u00e3o receber donativos, afirma Defesa Civil - Agazeta.net","og_description":"Com o anuncio da Prefeitura de Rio Branco nesta ter\u00e7a-feira (12), referente a entrega de 10 mil kits de donativos, dentre eles material de higiene e limpeza para as fam\u00edlias atingidas pelas enchentes, ficou a d\u00favida de algumas pessoas que os kits seriam apenas para as v\u00edtimas que est\u00e3o nos abrigos. O coordenador da Defesa [&hellip;]","og_url":"https:\/\/nk7-testes.com.br\/agazeta\/todas-familias-antigidas-pela-alagacao-em-rio-branco-vao-receber-donativos-afirma-defesa-civil\/","og_site_name":"Agazeta.net","article_published_time":"2024-03-13T20:58:24+00:00","article_modified_time":"2024-03-13T21:08:34+00:00","og_image":[{"width":1280,"height":720,"url":"https:\/\/nk7-testes.com.br\/agazeta\/wp-content\/uploads\/2024\/03\/WhatsApp-Image-2024-03-13-at-17.46.18-jpeg.webp","type":"image\/jpeg"}],"author":"Agazeta.Net","twitter_card":"summary_large_image","twitter_image":"https:\/\/nk7-testes.com.br\/agazeta\/wp-content\/uploads\/2024\/03\/WhatsApp-Image-2024-03-13-at-17.46.18-jpeg.webp","twitter_misc":{"Escrito por":"Agazeta.Net","Est. tempo de leitura":"1 minuto"},"schema":{"@context":"https:\/\/schema.org","@graph":[{"@type":"WebPage","@id":"https:\/\/nk7-testes.com.br\/agazeta\/todas-familias-antigidas-pela-alagacao-em-rio-branco-vao-receber-donativos-afirma-defesa-civil\/","url":"https:\/\/nk7-testes.com.br\/agazeta\/todas-familias-antigidas-pela-alagacao-em-rio-branco-vao-receber-donativos-afirma-defesa-civil\/","name":"Todas fam\u00edlias antigidas pela alaga\u00e7\u00e3o em Rio Branco v\u00e3o receber donativos, afirma Defesa Civil - Agazeta.net","isPartOf":{"@id":"https:\/\/nk7-testes.com.br\/agazeta\/#website"},"primaryImageOfPage":{"@id":"https:\/\/nk7-testes.com.br\/agazeta\/todas-familias-antigidas-pela-alagacao-em-rio-branco-vao-receber-donativos-afirma-defesa-civil\/#primaryimage"},"image":{"@id":"https:\/\/nk7-testes.com.br\/agazeta\/todas-familias-antigidas-pela-alagacao-em-rio-branco-vao-receber-donativos-afirma-defesa-civil\/#primaryimage"},"thumbnailUrl":"https:\/\/nk7-testes.com.br\/agazeta\/wp-content\/uploads\/2024\/03\/WhatsApp-Image-2024-03-13-at-17.46.18-jpeg.webp","datePublished":"2024-03-13T20:58:24+00:00","dateModified":"2024-03-13T21:08:34+00:00","author":{"@id":"https:\/\/nk7-testes.com.br\/agazeta\/#\/schema\/person\/ff6b39d54d6973bfc57f4140f659b23f"},"breadcrumb":{"@id":"https:\/\/nk7-testes.com.br\/agazeta\/todas-familias-antigidas-pela-alagacao-em-rio-branco-vao-receber-donativos-afirma-defesa-civil\/#breadcrumb"},"inLanguage":"pt-BR","potentialAction":[{"@type":"ReadAction","target":["https:\/\/nk7-testes.com.br\/agazeta\/todas-familias-antigidas-pela-alagacao-em-rio-branco-vao-receber-donativos-afirma-defesa-civil\/"]}]},{"@type":"ImageObject","inLanguage":"pt-BR","@id":"https:\/\/nk7-testes.com.br\/agazeta\/todas-familias-antigidas-pela-alagacao-em-rio-branco-vao-receber-donativos-afirma-defesa-civil\/#primaryimage","url":"https:\/\/nk7-testes.com.br\/agazeta\/wp-content\/uploads\/2024\/03\/WhatsApp-Image-2024-03-13-at-17.46.18-jpeg.webp","contentUrl":"https:\/\/nk7-testes.com.br\/agazeta\/wp-content\/uploads\/2024\/03\/WhatsApp-Image-2024-03-13-at-17.46.18-jpeg.webp","width":1280,"height":720,"caption":"Imagem: Ascom\/Prefeitura de Rio Branco"},{"@type":"BreadcrumbList","@id":"https:\/\/nk7-testes.com.br\/agazeta\/todas-familias-antigidas-pela-alagacao-em-rio-branco-vao-receber-donativos-afirma-defesa-civil\/#breadcrumb","itemListElement":[{"@type":"ListItem","position":1,"name":"In\u00edcio","item":"https:\/\/nk7-testes.com.br\/agazeta\/"},{"@type":"ListItem","position":2,"name":"Todas fam\u00edlias antigidas pela alaga\u00e7\u00e3o em Rio Branco v\u00e3o receber donativos, afirma Defesa Civil"}]},{"@type":"WebSite","@id":"https:\/\/nk7-testes.com.br\/agazeta\/#website","url":"https:\/\/nk7-testes.com.br\/agazeta\/","name":"Agazeta.net","description":"Agazeta.net - Not\u00edcias de Rio Branco\/AC","potentialAction":[{"@type":"SearchAction","target":{"@type":"EntryPoint","urlTemplate":"https:\/\/nk7-testes.com.br\/agazeta\/?s={search_term_string}"},"query-input":{"@type":"PropertyValueSpecification","valueRequired":true,"valueName":"search_term_string"}}],"inLanguage":"pt-BR"},{"@type":"Person","@id":"https:\/\/nk7-testes.com.br\/agazeta\/#\/schema\/person\/ff6b39d54d6973bfc57f4140f659b23f","name":"Agazeta.Net","url":"https:\/\/nk7-testes.com.br\/agazeta\/author\/agazeta\/"}]}},"_links":{"self":[{"href":"https:\/\/nk7-testes.com.br\/agazeta\/wp-json\/wp\/v2\/posts\/128876","targetHints":{"allow":["GET"]}}],"collection":[{"href":"https:\/\/nk7-testes.com.br\/agazeta\/wp-json\/wp\/v2\/posts"}],"about":[{"href":"https:\/\/nk7-testes.com.br\/agazeta\/wp-json\/wp\/v2\/types\/post"}],"author":[{"embeddable":true,"href":"https:\/\/nk7-testes.com.br\/agazeta\/wp-json\/wp\/v2\/users\/4"}],"replies":[{"embeddable":true,"href":"https:\/\/nk7-testes.com.br\/agazeta\/wp-json\/wp\/v2\/comments?post=128876"}],"version-history":[{"count":0,"href":"https:\/\/nk7-testes.com.br\/agazeta\/wp-json\/wp\/v2\/posts\/128876\/revisions"}],"wp:featuredmedia":[{"embeddable":true,"href":"https:\/\/nk7-testes.com.br\/agazeta\/wp-json\/wp\/v2\/media\/128877"}],"wp:attachment":[{"href":"https:\/\/nk7-testes.com.br\/agazeta\/wp-json\/wp\/v2\/media?parent=128876"}],"wp:term":[{"taxonomy":"category","embeddable":true,"href":"https:\/\/nk7-testes.com.br\/agazeta\/wp-json\/wp\/v2\/categories?post=128876"},{"taxonomy":"post_tag","embeddable":true,"href":"https:\/\/nk7-testes.com.br\/agazeta\/wp-json\/wp\/v2\/tags?post=128876"}],"curies":[{"name":"wp","href":"https:\/\/api.w.org\/{rel}","templated":true}]}}