{"id":128838,"date":"2024-03-13T08:20:25","date_gmt":"2024-03-13T13:20:25","guid":{"rendered":"https:\/\/nk7-testes.com.br\/?p=128838"},"modified":"2024-03-13T08:32:48","modified_gmt":"2024-03-13T13:32:48","slug":"mpac-abre-inquerito-civil-para-investigar-crise-de-abastecimento-de-agua-em-rio-branco","status":"publish","type":"post","link":"https:\/\/nk7-testes.com.br\/agazeta\/mpac-abre-inquerito-civil-para-investigar-crise-de-abastecimento-de-agua-em-rio-branco\/","title":{"rendered":"MPAC abre inqu\u00e9rito civil para investigar crise de abastecimento de \u00e1gua em Rio Branco"},"content":{"rendered":"<p style=\"text-align: justify;\"><span style=\"font-weight: 400;\">O Minist\u00e9rio P\u00fablico do Acre (MPAC), abriu um inqu\u00e9rito civil nesta ter\u00e7a-feira (12), para apurar a crise de abastecimento de \u00e1gua que afeta moradores de diversos bairros da capital acreana, Rio Branco. A situa\u00e7\u00e3o tem gerado transtornos significativos \u00e0 comunidade, especialmente para aqueles j\u00e1 impactados pelas consequ\u00eancias das enchentes recentes na regi\u00e3o.<\/span><\/p>\n<p style=\"text-align: justify;\"><span style=\"font-weight: 400;\">O promotor de Justi\u00e7a Dayan Moreira Albuquerque tomou a iniciativa de encaminhar um of\u00edcio ao Servi\u00e7o de \u00c1gua e Esgoto de Rio Branco (Saerb), para solicitar esclarecimentos sobre a atual situa\u00e7\u00e3o do abastecimento de \u00e1gua na cidade e quais medidas est\u00e3o sendo adotadas para resolver o problema de forma efetiva<\/span><\/p>\n<p style=\"text-align: justify;\"><span style=\"font-weight: 400;\">A abertura do inqu\u00e9rito civil ressalta a gravidade da situa\u00e7\u00e3o e a necessidade de uma atua\u00e7\u00e3o diligente por parte das autoridades competentes para solucionar a crise de abastecimento de \u00e1gua em Rio Branco.\u00a0<\/span><\/p>\n<p style=\"text-align: justify;\"><span style=\"font-weight: 400;\">O Saerb publicou uma nota nesta ter\u00e7a-feira (12) para esclarecer sobre a situa\u00e7\u00e3o da crise h\u00eddrica na cidade. De acordo com uma nota, um dos principais problemas enfrentados foi a necessidade de desvirar a bomba da capta\u00e7\u00e3o da Esta\u00e7\u00e3o de Tratamento de \u00c1gua II (ETA II), que virou na \u00faltima ter\u00e7a-feira (5). A expectativa \u00e9 que a situa\u00e7\u00e3o se normalize nesta quarta-feira (13).<\/span><\/p>\n<p style=\"text-align: justify;\"><span style=\"font-weight: 400;\">Devido a paralisa\u00e7\u00e3o alguns bairros ficaram sem abastecimento s\u00e3o eles: Castelo Branco, Bela Vista, Mascarenhas de Moraes, Abra\u00e3o Alab, Esta\u00e7\u00e3o Experimental, Ivete Vargas, Centro, Bosque, Cohab do Bosque, Avi\u00e1rio, Base, Morada do Sol, Tropical, Cadeia Velha, Habitasa, Adalberto Arag\u00e3o e S\u00e3o Francisco.<\/span><\/p>\n<p style=\"text-align: justify;\"><span style=\"font-weight: 400;\">Calafate, Bela Vista, Novo Horizonte, Village Tiradentes, Primavera, Habitat Brasil, Vila Betel, Fundhacre, Pedro Roseno, Residencial Ara\u00e7\u00e1, Conjunto Tucum\u00e3, Mocinha Magalh\u00e3es, Joafra, Rui Lino ll e Distrito Industrial.<\/span><\/p>\n<p style=\"text-align: justify;\"><span style=\"font-weight: 400;\">Portal: Ilson Ribeiro, Universit\u00e1rio, Jorge Kalume, Loteamento Ch\u00e1cara Ip\u00ea, Ufac, Portal Ip\u00ea e INTO.<\/span><\/p>\n","protected":false},"excerpt":{"rendered":"<p>O Minist\u00e9rio P\u00fablico do Acre (MPAC), abriu um inqu\u00e9rito civil nesta ter\u00e7a-feira (12), para apurar a crise de abastecimento de \u00e1gua que afeta moradores de diversos bairros da capital acreana, Rio Branco. A situa\u00e7\u00e3o tem gerado transtornos significativos \u00e0 comunidade, especialmente para aqueles j\u00e1 impactados pelas consequ\u00eancias das enchentes recentes na regi\u00e3o. O promotor de [&hellip;]<\/p>\n","protected":false},"author":4,"featured_media":128839,"comment_status":"open","ping_status":"open","sticky":false,"template":"","format":"standard","meta":{"jnews-multi-image_gallery":[],"jnews_single_post":{"source_name":"","source_url":"","via_name":"","via_url":"","override_template":"0","override":[{"template":"custom","single_blog_custom":"110746","parallax":"1","fullscreen":"1","layout":"right-sidebar","sidebar":"default-sidebar","second_sidebar":"default-sidebar","sticky_sidebar":"1","share_position":"top","share_float_style":"share-monocrhome","show_share_counter":"1","show_view_counter":"1","show_featured":"1","show_post_meta":"1","show_post_author":"1","show_post_author_image":"1","show_post_date":"1","post_date_format":"default","post_date_format_custom":"Y\/m\/d","show_post_category":"1","show_post_reading_time":"0","post_reading_time_wpm":"300","show_zoom_button":"0","zoom_button_out_step":"2","zoom_button_in_step":"3","show_post_tag":"1","show_prev_next_post":"1","show_popup_post":"1","number_popup_post":"1","show_author_box":"0","show_post_related":"1","show_inline_post_related":"0"}],"override_image_size":"0","image_override":[{"single_post_thumbnail_size":"crop-500","single_post_gallery_size":"crop-500"}],"trending_post":"0","trending_post_position":"meta","trending_post_label":"Trending","sponsored_post":"0","sponsored_post_label":"Sponsored by","sponsored_post_name":"","sponsored_post_url":"","sponsored_post_logo_enable":"0","sponsored_post_logo":"","sponsored_post_desc":"","disable_ad":"0"},"jnews_primary_category":{"id":"","hide":""},"jnews_social_meta":{"fb_title":"","fb_description":"","fb_image":"","twitter_title":"","twitter_description":"","twitter_image":""},"jnews_review":[],"enable_review":"0","type":"percentage","name":"","summary":"","brand":"","sku":"","good":[{"good_text":""}],"bad":[{"bad_text":""}],"score_override":"0","override_value":"","rating":[{"rating_text":"","rating_number":"10"}],"price":[{"shop":"","price":"","link":"","icon":""}],"footnotes":""},"categories":[54],"tags":[152],"class_list":["post-128838","post","type-post","status-publish","format-standard","has-post-thumbnail","hentry","category-cotidiano","tag-destaque"],"yoast_head":"<!-- This site is optimized with the Yoast SEO plugin v26.5 - https:\/\/yoast.com\/wordpress\/plugins\/seo\/ -->\n<title>MPAC abre inqu\u00e9rito civil para investigar crise de abastecimento de \u00e1gua em Rio Branco - Agazeta.net<\/title>\n<meta name=\"robots\" content=\"index, follow, max-snippet:-1, max-image-preview:large, max-video-preview:-1\" \/>\n<link rel=\"canonical\" href=\"https:\/\/nk7-testes.com.br\/agazeta\/mpac-abre-inquerito-civil-para-investigar-crise-de-abastecimento-de-agua-em-rio-branco\/\" \/>\n<meta property=\"og:locale\" content=\"pt_BR\" \/>\n<meta property=\"og:type\" content=\"article\" \/>\n<meta property=\"og:title\" content=\"MPAC abre inqu\u00e9rito civil para investigar crise de abastecimento de \u00e1gua em Rio Branco\" \/>\n<meta property=\"og:description\" content=\"O Minist\u00e9rio P\u00fablico do Acre (MPAC), abriu um inqu\u00e9rito civil nesta ter\u00e7a-feira (12), para apurar a crise de abastecimento de \u00e1gua que afeta moradores de diversos bairros da capital acreana, Rio Branco. A situa\u00e7\u00e3o tem gerado transtornos significativos \u00e0 comunidade, especialmente para aqueles j\u00e1 impactados pelas consequ\u00eancias das enchentes recentes na regi\u00e3o. O promotor de [&hellip;]\" \/>\n<meta property=\"og:url\" content=\"https:\/\/nk7-testes.com.br\/agazeta\/mpac-abre-inquerito-civil-para-investigar-crise-de-abastecimento-de-agua-em-rio-branco\/\" \/>\n<meta property=\"og:site_name\" content=\"Agazeta.net\" \/>\n<meta property=\"article:published_time\" content=\"2024-03-13T13:20:25+00:00\" \/>\n<meta property=\"article:modified_time\" content=\"2024-03-13T13:32:48+00:00\" \/>\n<meta property=\"og:image\" content=\"https:\/\/nk7-testes.com.br\/agazeta\/wp-content\/uploads\/2024\/03\/WhatsApp-Image-2024-03-13-at-08.16.09-jpeg.webp\" \/>\n\t<meta property=\"og:image:width\" content=\"1599\" \/>\n\t<meta property=\"og:image:height\" content=\"899\" \/>\n\t<meta property=\"og:image:type\" content=\"image\/jpeg\" \/>\n<meta name=\"author\" content=\"Agazeta.Net\" \/>\n<meta name=\"twitter:card\" content=\"summary_large_image\" \/>\n<meta name=\"twitter:title\" content=\"MPAC abre inqu\u00e9rito civil para investigar crise de abastecimento de \u00e1gua em Rio Branco\" \/>\n<meta name=\"twitter:image\" content=\"https:\/\/nk7-testes.com.br\/agazeta\/wp-content\/uploads\/2024\/03\/WhatsApp-Image-2024-03-13-at-08.16.09-jpeg.webp\" \/>\n<meta name=\"twitter:label1\" content=\"Escrito por\" \/>\n\t<meta name=\"twitter:data1\" content=\"Agazeta.Net\" \/>\n\t<meta name=\"twitter:label2\" content=\"Est. tempo de leitura\" \/>\n\t<meta name=\"twitter:data2\" content=\"2 minutos\" \/>\n<script type=\"application\/ld+json\" class=\"yoast-schema-graph\">{\"@context\":\"https:\/\/schema.org\",\"@graph\":[{\"@type\":\"WebPage\",\"@id\":\"https:\/\/nk7-testes.com.br\/agazeta\/mpac-abre-inquerito-civil-para-investigar-crise-de-abastecimento-de-agua-em-rio-branco\/\",\"url\":\"https:\/\/nk7-testes.com.br\/agazeta\/mpac-abre-inquerito-civil-para-investigar-crise-de-abastecimento-de-agua-em-rio-branco\/\",\"name\":\"MPAC abre inqu\u00e9rito civil para investigar crise de abastecimento de \u00e1gua em Rio Branco - Agazeta.net\",\"isPartOf\":{\"@id\":\"https:\/\/nk7-testes.com.br\/agazeta\/#website\"},\"primaryImageOfPage\":{\"@id\":\"https:\/\/nk7-testes.com.br\/agazeta\/mpac-abre-inquerito-civil-para-investigar-crise-de-abastecimento-de-agua-em-rio-branco\/#primaryimage\"},\"image\":{\"@id\":\"https:\/\/nk7-testes.com.br\/agazeta\/mpac-abre-inquerito-civil-para-investigar-crise-de-abastecimento-de-agua-em-rio-branco\/#primaryimage\"},\"thumbnailUrl\":\"https:\/\/nk7-testes.com.br\/agazeta\/wp-content\/uploads\/2024\/03\/WhatsApp-Image-2024-03-13-at-08.16.09-jpeg.webp\",\"datePublished\":\"2024-03-13T13:20:25+00:00\",\"dateModified\":\"2024-03-13T13:32:48+00:00\",\"author\":{\"@id\":\"https:\/\/nk7-testes.com.br\/agazeta\/#\/schema\/person\/ff6b39d54d6973bfc57f4140f659b23f\"},\"breadcrumb\":{\"@id\":\"https:\/\/nk7-testes.com.br\/agazeta\/mpac-abre-inquerito-civil-para-investigar-crise-de-abastecimento-de-agua-em-rio-branco\/#breadcrumb\"},\"inLanguage\":\"pt-BR\",\"potentialAction\":[{\"@type\":\"ReadAction\",\"target\":[\"https:\/\/nk7-testes.com.br\/agazeta\/mpac-abre-inquerito-civil-para-investigar-crise-de-abastecimento-de-agua-em-rio-branco\/\"]}]},{\"@type\":\"ImageObject\",\"inLanguage\":\"pt-BR\",\"@id\":\"https:\/\/nk7-testes.com.br\/agazeta\/mpac-abre-inquerito-civil-para-investigar-crise-de-abastecimento-de-agua-em-rio-branco\/#primaryimage\",\"url\":\"https:\/\/nk7-testes.com.br\/agazeta\/wp-content\/uploads\/2024\/03\/WhatsApp-Image-2024-03-13-at-08.16.09-jpeg.webp\",\"contentUrl\":\"https:\/\/nk7-testes.com.br\/agazeta\/wp-content\/uploads\/2024\/03\/WhatsApp-Image-2024-03-13-at-08.16.09-jpeg.webp\",\"width\":1599,\"height\":899,\"caption\":\"Imagem do MPAC\"},{\"@type\":\"BreadcrumbList\",\"@id\":\"https:\/\/nk7-testes.com.br\/agazeta\/mpac-abre-inquerito-civil-para-investigar-crise-de-abastecimento-de-agua-em-rio-branco\/#breadcrumb\",\"itemListElement\":[{\"@type\":\"ListItem\",\"position\":1,\"name\":\"In\u00edcio\",\"item\":\"https:\/\/nk7-testes.com.br\/agazeta\/\"},{\"@type\":\"ListItem\",\"position\":2,\"name\":\"MPAC abre inqu\u00e9rito civil para investigar crise de abastecimento de \u00e1gua em Rio Branco\"}]},{\"@type\":\"WebSite\",\"@id\":\"https:\/\/nk7-testes.com.br\/agazeta\/#website\",\"url\":\"https:\/\/nk7-testes.com.br\/agazeta\/\",\"name\":\"Agazeta.net\",\"description\":\"Agazeta.net - Not\u00edcias de Rio Branco\/AC\",\"potentialAction\":[{\"@type\":\"SearchAction\",\"target\":{\"@type\":\"EntryPoint\",\"urlTemplate\":\"https:\/\/nk7-testes.com.br\/agazeta\/?s={search_term_string}\"},\"query-input\":{\"@type\":\"PropertyValueSpecification\",\"valueRequired\":true,\"valueName\":\"search_term_string\"}}],\"inLanguage\":\"pt-BR\"},{\"@type\":\"Person\",\"@id\":\"https:\/\/nk7-testes.com.br\/agazeta\/#\/schema\/person\/ff6b39d54d6973bfc57f4140f659b23f\",\"name\":\"Agazeta.Net\",\"url\":\"https:\/\/nk7-testes.com.br\/agazeta\/author\/agazeta\/\"}]}<\/script>\n<!-- \/ Yoast SEO plugin. -->","yoast_head_json":{"title":"MPAC abre inqu\u00e9rito civil para investigar crise de abastecimento de \u00e1gua em Rio Branco - Agazeta.net","robots":{"index":"index","follow":"follow","max-snippet":"max-snippet:-1","max-image-preview":"max-image-preview:large","max-video-preview":"max-video-preview:-1"},"canonical":"https:\/\/nk7-testes.com.br\/agazeta\/mpac-abre-inquerito-civil-para-investigar-crise-de-abastecimento-de-agua-em-rio-branco\/","og_locale":"pt_BR","og_type":"article","og_title":"MPAC abre inqu\u00e9rito civil para investigar crise de abastecimento de \u00e1gua em Rio Branco","og_description":"O Minist\u00e9rio P\u00fablico do Acre (MPAC), abriu um inqu\u00e9rito civil nesta ter\u00e7a-feira (12), para apurar a crise de abastecimento de \u00e1gua que afeta moradores de diversos bairros da capital acreana, Rio Branco. A situa\u00e7\u00e3o tem gerado transtornos significativos \u00e0 comunidade, especialmente para aqueles j\u00e1 impactados pelas consequ\u00eancias das enchentes recentes na regi\u00e3o. O promotor de [&hellip;]","og_url":"https:\/\/nk7-testes.com.br\/agazeta\/mpac-abre-inquerito-civil-para-investigar-crise-de-abastecimento-de-agua-em-rio-branco\/","og_site_name":"Agazeta.net","article_published_time":"2024-03-13T13:20:25+00:00","article_modified_time":"2024-03-13T13:32:48+00:00","og_image":[{"width":1599,"height":899,"url":"https:\/\/nk7-testes.com.br\/agazeta\/wp-content\/uploads\/2024\/03\/WhatsApp-Image-2024-03-13-at-08.16.09-jpeg.webp","type":"image\/jpeg"}],"author":"Agazeta.Net","twitter_card":"summary_large_image","twitter_title":"MPAC abre inqu\u00e9rito civil para investigar crise de abastecimento de \u00e1gua em Rio Branco","twitter_image":"https:\/\/nk7-testes.com.br\/agazeta\/wp-content\/uploads\/2024\/03\/WhatsApp-Image-2024-03-13-at-08.16.09-jpeg.webp","twitter_misc":{"Escrito por":"Agazeta.Net","Est. tempo de leitura":"2 minutos"},"schema":{"@context":"https:\/\/schema.org","@graph":[{"@type":"WebPage","@id":"https:\/\/nk7-testes.com.br\/agazeta\/mpac-abre-inquerito-civil-para-investigar-crise-de-abastecimento-de-agua-em-rio-branco\/","url":"https:\/\/nk7-testes.com.br\/agazeta\/mpac-abre-inquerito-civil-para-investigar-crise-de-abastecimento-de-agua-em-rio-branco\/","name":"MPAC abre inqu\u00e9rito civil para investigar crise de abastecimento de \u00e1gua em Rio Branco - Agazeta.net","isPartOf":{"@id":"https:\/\/nk7-testes.com.br\/agazeta\/#website"},"primaryImageOfPage":{"@id":"https:\/\/nk7-testes.com.br\/agazeta\/mpac-abre-inquerito-civil-para-investigar-crise-de-abastecimento-de-agua-em-rio-branco\/#primaryimage"},"image":{"@id":"https:\/\/nk7-testes.com.br\/agazeta\/mpac-abre-inquerito-civil-para-investigar-crise-de-abastecimento-de-agua-em-rio-branco\/#primaryimage"},"thumbnailUrl":"https:\/\/nk7-testes.com.br\/agazeta\/wp-content\/uploads\/2024\/03\/WhatsApp-Image-2024-03-13-at-08.16.09-jpeg.webp","datePublished":"2024-03-13T13:20:25+00:00","dateModified":"2024-03-13T13:32:48+00:00","author":{"@id":"https:\/\/nk7-testes.com.br\/agazeta\/#\/schema\/person\/ff6b39d54d6973bfc57f4140f659b23f"},"breadcrumb":{"@id":"https:\/\/nk7-testes.com.br\/agazeta\/mpac-abre-inquerito-civil-para-investigar-crise-de-abastecimento-de-agua-em-rio-branco\/#breadcrumb"},"inLanguage":"pt-BR","potentialAction":[{"@type":"ReadAction","target":["https:\/\/nk7-testes.com.br\/agazeta\/mpac-abre-inquerito-civil-para-investigar-crise-de-abastecimento-de-agua-em-rio-branco\/"]}]},{"@type":"ImageObject","inLanguage":"pt-BR","@id":"https:\/\/nk7-testes.com.br\/agazeta\/mpac-abre-inquerito-civil-para-investigar-crise-de-abastecimento-de-agua-em-rio-branco\/#primaryimage","url":"https:\/\/nk7-testes.com.br\/agazeta\/wp-content\/uploads\/2024\/03\/WhatsApp-Image-2024-03-13-at-08.16.09-jpeg.webp","contentUrl":"https:\/\/nk7-testes.com.br\/agazeta\/wp-content\/uploads\/2024\/03\/WhatsApp-Image-2024-03-13-at-08.16.09-jpeg.webp","width":1599,"height":899,"caption":"Imagem do MPAC"},{"@type":"BreadcrumbList","@id":"https:\/\/nk7-testes.com.br\/agazeta\/mpac-abre-inquerito-civil-para-investigar-crise-de-abastecimento-de-agua-em-rio-branco\/#breadcrumb","itemListElement":[{"@type":"ListItem","position":1,"name":"In\u00edcio","item":"https:\/\/nk7-testes.com.br\/agazeta\/"},{"@type":"ListItem","position":2,"name":"MPAC abre inqu\u00e9rito civil para investigar crise de abastecimento de \u00e1gua em Rio Branco"}]},{"@type":"WebSite","@id":"https:\/\/nk7-testes.com.br\/agazeta\/#website","url":"https:\/\/nk7-testes.com.br\/agazeta\/","name":"Agazeta.net","description":"Agazeta.net - Not\u00edcias de Rio Branco\/AC","potentialAction":[{"@type":"SearchAction","target":{"@type":"EntryPoint","urlTemplate":"https:\/\/nk7-testes.com.br\/agazeta\/?s={search_term_string}"},"query-input":{"@type":"PropertyValueSpecification","valueRequired":true,"valueName":"search_term_string"}}],"inLanguage":"pt-BR"},{"@type":"Person","@id":"https:\/\/nk7-testes.com.br\/agazeta\/#\/schema\/person\/ff6b39d54d6973bfc57f4140f659b23f","name":"Agazeta.Net","url":"https:\/\/nk7-testes.com.br\/agazeta\/author\/agazeta\/"}]}},"_links":{"self":[{"href":"https:\/\/nk7-testes.com.br\/agazeta\/wp-json\/wp\/v2\/posts\/128838","targetHints":{"allow":["GET"]}}],"collection":[{"href":"https:\/\/nk7-testes.com.br\/agazeta\/wp-json\/wp\/v2\/posts"}],"about":[{"href":"https:\/\/nk7-testes.com.br\/agazeta\/wp-json\/wp\/v2\/types\/post"}],"author":[{"embeddable":true,"href":"https:\/\/nk7-testes.com.br\/agazeta\/wp-json\/wp\/v2\/users\/4"}],"replies":[{"embeddable":true,"href":"https:\/\/nk7-testes.com.br\/agazeta\/wp-json\/wp\/v2\/comments?post=128838"}],"version-history":[{"count":0,"href":"https:\/\/nk7-testes.com.br\/agazeta\/wp-json\/wp\/v2\/posts\/128838\/revisions"}],"wp:featuredmedia":[{"embeddable":true,"href":"https:\/\/nk7-testes.com.br\/agazeta\/wp-json\/wp\/v2\/media\/128839"}],"wp:attachment":[{"href":"https:\/\/nk7-testes.com.br\/agazeta\/wp-json\/wp\/v2\/media?parent=128838"}],"wp:term":[{"taxonomy":"category","embeddable":true,"href":"https:\/\/nk7-testes.com.br\/agazeta\/wp-json\/wp\/v2\/categories?post=128838"},{"taxonomy":"post_tag","embeddable":true,"href":"https:\/\/nk7-testes.com.br\/agazeta\/wp-json\/wp\/v2\/tags?post=128838"}],"curies":[{"name":"wp","href":"https:\/\/api.w.org\/{rel}","templated":true}]}}