{"id":128666,"date":"2024-03-08T16:32:40","date_gmt":"2024-03-08T21:32:40","guid":{"rendered":"https:\/\/nk7-testes.com.br\/?p=128666"},"modified":"2024-03-08T16:32:40","modified_gmt":"2024-03-08T21:32:40","slug":"em-video-bocalom-desmente-distribuicao-desorganizada-de-cestas-basicas-nao-e-a-prefeitura","status":"publish","type":"post","link":"https:\/\/nk7-testes.com.br\/agazeta\/em-video-bocalom-desmente-distribuicao-desorganizada-de-cestas-basicas-nao-e-a-prefeitura\/","title":{"rendered":"Em v\u00eddeo, Bocalom desmente distribui\u00e7\u00e3o desorganizada de cestas b\u00e1sicas: &#8220;N\u00e3o \u00e9 a Prefeitura&#8221;"},"content":{"rendered":"<p style=\"text-align: justify;\">Em v\u00eddeo publicado nesta sexta-feira (8) atrav\u00e9s das redes sociais, o prefeito de Rio Branco Ti\u00e3o Bocalom (sem partido) desmente alega\u00e7\u00f5es feitas sobre uma poss\u00edvel distribui\u00e7\u00e3o desorganizada de cestas b\u00e1sicas e nega que a\u00e7\u00e3o \u00e9 feita pela Prefeitura da capital.<\/p>\n<p style=\"text-align: justify;\">&#8220;Quem est\u00e1 distribuindo aqueles sacol\u00f5es n\u00e3o \u00e9 a Prefeitura. A Prefeitura vai distribuir tudo primeiro cadastrado. Vamos cadastrar nas casas, amanh\u00e3, domingo, segunda, ter\u00e7a, e depois definir quem \u00e9 que vai receber o sacol\u00e3o. A gente n\u00e3o bota o sacol\u00e3o em um canto e chama o povo de qualquer jeito&#8221;, afirma o prefeito.<\/p>\n<p style=\"text-align: justify;\">Bocalom salienta que quem precisa receber a ajuda do poder p\u00fablico s\u00e3o apenas as pessoas que foram afetadas com o problema da alaga\u00e7\u00e3o que assola Rio Branco. Destaca, tamb\u00e9m, que os desabrigados que est\u00e3o a respeito da Prefeitura j\u00e1 v\u00e3o sair com a cesta b\u00e1sica.<\/p>\n<p style=\"text-align: justify;\">&#8220;Tem que receber o sacol\u00e3o aquele que realmente foi alagado, que est\u00e1 com problema. Quem est\u00e1 no Parque de Exposi\u00e7\u00f5es e nas escolas j\u00e1 est\u00e1 certinho, quando sair de l\u00e1 j\u00e1 vai estar com seu sacol\u00e3o. A gente est\u00e1 fazendo de forma organizada&#8221;, explica.<\/p>\n<h4>Limpeza das ruas<\/h4>\n<p style=\"text-align: justify;\">Al\u00e9m disso, na manh\u00e3 desta sexta-feira o prefeito, na companhia do secret\u00e1rio de Cuidados com a Cidade, Joabe Lira, foi acompanhar de perto o in\u00edcio da limpeza das ruas onde as \u00e1guas do Rio Acre j\u00e1 baixaram. A enchente deixa uma marca de sujeira quando as \u00e1guas se v\u00e3o.<\/p>\n<figure id=\"attachment_128669\" aria-describedby=\"caption-attachment-128669\" style=\"width: 525px\" class=\"wp-caption aligncenter\"><img decoding=\"async\" class=\"wp-image-128669 \" src=\"https:\/\/nk7-testes.com.br\/wp-content\/uploads\/2024\/03\/WhatsApp-Image-2024-03-08-at-15.43.08-1-scaled.webp\" alt=\"\" width=\"525\" height=\"626\" srcset=\"https:\/\/nk7-testes.com.br\/agazeta\/wp-content\/uploads\/2024\/03\/WhatsApp-Image-2024-03-08-at-15.43.08-1-scaled.webp 2147w, https:\/\/nk7-testes.com.br\/agazeta\/wp-content\/uploads\/2024\/03\/WhatsApp-Image-2024-03-08-at-15.43.08-1-252x300.webp 252w, https:\/\/nk7-testes.com.br\/agazeta\/wp-content\/uploads\/2024\/03\/WhatsApp-Image-2024-03-08-at-15.43.08-1-859x1024.webp 859w, https:\/\/nk7-testes.com.br\/agazeta\/wp-content\/uploads\/2024\/03\/WhatsApp-Image-2024-03-08-at-15.43.08-1-768x916.webp 768w, https:\/\/nk7-testes.com.br\/agazeta\/wp-content\/uploads\/2024\/03\/WhatsApp-Image-2024-03-08-at-15.43.08-1-1288x1536.webp 1288w, https:\/\/nk7-testes.com.br\/agazeta\/wp-content\/uploads\/2024\/03\/WhatsApp-Image-2024-03-08-at-15.43.08-1-1717x2048.webp 1717w, https:\/\/nk7-testes.com.br\/agazeta\/wp-content\/uploads\/2024\/03\/WhatsApp-Image-2024-03-08-at-15.43.08-1-750x894.webp 750w, https:\/\/nk7-testes.com.br\/agazeta\/wp-content\/uploads\/2024\/03\/WhatsApp-Image-2024-03-08-at-15.43.08-1-1140x1360.webp 1140w\" sizes=\"(max-width: 525px) 100vw, 525px\" \/><figcaption id=\"caption-attachment-128669\" class=\"wp-caption-text\">Imagem: Assessoria<\/figcaption><\/figure>\n<p>De acordo com Lira, a Secretaria Municipal Cuidados com a Cidade (SMCCI) vem acompanhando o n\u00edvel do Rio e a partir do momento de queda come\u00e7aram a identificar os pontos para limpeza.<\/p>\n<p style=\"text-align: justify;\">&#8220;Estamos aqui Gameleira e na Baixada da Sobral, monitorando e trabalhando 24 horas por dia, em regime de escala. A gente sabe que \u00e9 um momento dif\u00edcil, s\u00e3o muitos problemas que acarretam, e a gente trabalha para que possam voltar para casa&#8221;, conta o secret\u00e1rio.<\/p>\n<p style=\"text-align: justify;\">Ao todo, cerca de 50 funcion\u00e1rio est\u00e3o empenhados para realizar a limpeza, al\u00e9m de cinco carros-pipa. De acordo com Lira, a medida que a demanda for aumentando, tamb\u00e9m v\u00e3o aumentar as equipes para fazer restaura\u00e7\u00e3o dos pontos afetados.<\/p>\n<figure id=\"attachment_128670\" aria-describedby=\"caption-attachment-128670\" style=\"width: 535px\" class=\"wp-caption aligncenter\"><img decoding=\"async\" class=\"wp-image-128670 \" src=\"https:\/\/nk7-testes.com.br\/wp-content\/uploads\/2024\/03\/WhatsApp-Image-2024-03-08-at-15.43.08-1-1-scaled.webp\" alt=\"\" width=\"535\" height=\"714\" srcset=\"https:\/\/nk7-testes.com.br\/agazeta\/wp-content\/uploads\/2024\/03\/WhatsApp-Image-2024-03-08-at-15.43.08-1-1-scaled.webp 1920w, https:\/\/nk7-testes.com.br\/agazeta\/wp-content\/uploads\/2024\/03\/WhatsApp-Image-2024-03-08-at-15.43.08-1-1-225x300.webp 225w, https:\/\/nk7-testes.com.br\/agazeta\/wp-content\/uploads\/2024\/03\/WhatsApp-Image-2024-03-08-at-15.43.08-1-1-768x1024.webp 768w, https:\/\/nk7-testes.com.br\/agazeta\/wp-content\/uploads\/2024\/03\/WhatsApp-Image-2024-03-08-at-15.43.08-1-1-1152x1536.webp 1152w, https:\/\/nk7-testes.com.br\/agazeta\/wp-content\/uploads\/2024\/03\/WhatsApp-Image-2024-03-08-at-15.43.08-1-1-1536x2048.webp 1536w, https:\/\/nk7-testes.com.br\/agazeta\/wp-content\/uploads\/2024\/03\/WhatsApp-Image-2024-03-08-at-15.43.08-1-1-750x1000.webp 750w, https:\/\/nk7-testes.com.br\/agazeta\/wp-content\/uploads\/2024\/03\/WhatsApp-Image-2024-03-08-at-15.43.08-1-1-1140x1520.webp 1140w\" sizes=\"(max-width: 535px) 100vw, 535px\" \/><figcaption id=\"caption-attachment-128670\" class=\"wp-caption-text\">Imagem: Assessoria<\/figcaption><\/figure>\n<p style=\"text-align: justify;\">&#8220;O servi\u00e7o da Prefeitura n\u00e3o para. Estamos aqui com a Secretaria Municipal Cuidados com a Cidade, que est\u00e1 monitorando a diminui\u00e7\u00e3o do Rio, aonde tem ruas que est\u00e3o sujas e t\u00eam mais movimento, estamos &#8216;atacando&#8217; logo de cara. S\u00e3o 24 horas de trabalho&#8221;, afirma Bocalom.<\/p>\n<p style=\"text-align: justify;\">Apesar da agilidade nos servi\u00e7os, o prefeito pede para que a popula\u00e7\u00e3o tenha mais paci\u00eancia para esperar a limpeza nas ruas, pois, mesmo com uma equipe grande, n\u00e3o tem a possibilidade de restaurar a cidade toda de uma \u00fanica vez.<\/p>\n<p>&#8220;Infelizmente, a cidade \u00e9 grande, o estrago foi grande e a gente precisa que as pessoas entendam e tenham um pouco de paci\u00eancia. Todos os trabalhos nossos v\u00e3o chegar. N\u00e3o tem como chegar tudo no mesmo dia&#8221;, reitera o prefeito.<\/p>\n","protected":false},"excerpt":{"rendered":"<p>Em v\u00eddeo publicado nesta sexta-feira (8) atrav\u00e9s das redes sociais, o prefeito de Rio Branco Ti\u00e3o Bocalom (sem partido) desmente alega\u00e7\u00f5es feitas sobre uma poss\u00edvel distribui\u00e7\u00e3o desorganizada de cestas b\u00e1sicas e nega que a\u00e7\u00e3o \u00e9 feita pela Prefeitura da capital. &#8220;Quem est\u00e1 distribuindo aqueles sacol\u00f5es n\u00e3o \u00e9 a Prefeitura. A Prefeitura vai distribuir tudo primeiro [&hellip;]<\/p>\n","protected":false},"author":4,"featured_media":128667,"comment_status":"open","ping_status":"open","sticky":false,"template":"","format":"standard","meta":{"jnews-multi-image_gallery":[],"jnews_single_post":{"source_name":"","source_url":"","via_name":"","via_url":"","override_template":"0","override":[{"template":"custom","single_blog_custom":"110746","parallax":"1","fullscreen":"1","layout":"right-sidebar","sidebar":"default-sidebar","second_sidebar":"default-sidebar","sticky_sidebar":"1","share_position":"top","share_float_style":"share-monocrhome","show_share_counter":"1","show_view_counter":"1","show_featured":"1","show_post_meta":"1","show_post_author":"1","show_post_author_image":"1","show_post_date":"1","post_date_format":"default","post_date_format_custom":"Y\/m\/d","show_post_category":"1","show_post_reading_time":"0","post_reading_time_wpm":"300","show_zoom_button":"0","zoom_button_out_step":"2","zoom_button_in_step":"3","show_post_tag":"1","show_prev_next_post":"1","show_popup_post":"1","number_popup_post":"1","show_author_box":"0","show_post_related":"1","show_inline_post_related":"0"}],"override_image_size":"0","image_override":[{"single_post_thumbnail_size":"crop-500","single_post_gallery_size":"crop-500"}],"trending_post":"0","trending_post_position":"meta","trending_post_label":"Trending","sponsored_post":"0","sponsored_post_label":"Sponsored by","sponsored_post_name":"","sponsored_post_url":"","sponsored_post_logo_enable":"0","sponsored_post_logo":"","sponsored_post_desc":"","disable_ad":"0"},"jnews_primary_category":{"id":"","hide":""},"jnews_social_meta":{"fb_title":"","fb_description":"","fb_image":"","twitter_title":"","twitter_description":"","twitter_image":""},"jnews_review":[],"enable_review":"0","type":"percentage","name":"","summary":"","brand":"","sku":"","good":[{"good_text":""}],"bad":[{"bad_text":""}],"score_override":"0","override_value":"","rating":[{"rating_text":"","rating_number":"10"}],"price":[{"shop":"","price":"","link":"","icon":""}],"footnotes":""},"categories":[54],"tags":[],"class_list":["post-128666","post","type-post","status-publish","format-standard","has-post-thumbnail","hentry","category-cotidiano"],"yoast_head":"<!-- This site is optimized with the Yoast SEO plugin v26.5 - https:\/\/yoast.com\/wordpress\/plugins\/seo\/ -->\n<title>Em v\u00eddeo, Bocalom desmente distribui\u00e7\u00e3o desorganizada de cestas b\u00e1sicas: &quot;N\u00e3o \u00e9 a Prefeitura&quot; - Agazeta.net<\/title>\n<meta name=\"robots\" content=\"index, follow, max-snippet:-1, max-image-preview:large, max-video-preview:-1\" \/>\n<link rel=\"canonical\" href=\"https:\/\/nk7-testes.com.br\/agazeta\/em-video-bocalom-desmente-distribuicao-desorganizada-de-cestas-basicas-nao-e-a-prefeitura\/\" \/>\n<meta property=\"og:locale\" content=\"pt_BR\" \/>\n<meta property=\"og:type\" content=\"article\" \/>\n<meta property=\"og:title\" content=\"Em v\u00eddeo, Bocalom desmente distribui\u00e7\u00e3o desorganizada de cestas b\u00e1sicas: &quot;N\u00e3o \u00e9 a Prefeitura&quot;\" \/>\n<meta property=\"og:description\" content=\"Nesta sexta-feira, o prefeito acompanhou de perto o in\u00edcio da limpeza das ruas onde as \u00e1guas do Rio Acre j\u00e1 baixaram\" \/>\n<meta property=\"og:url\" content=\"https:\/\/nk7-testes.com.br\/agazeta\/em-video-bocalom-desmente-distribuicao-desorganizada-de-cestas-basicas-nao-e-a-prefeitura\/\" \/>\n<meta property=\"og:site_name\" content=\"Agazeta.net\" \/>\n<meta property=\"article:published_time\" content=\"2024-03-08T21:32:40+00:00\" \/>\n<meta property=\"og:image\" content=\"https:\/\/nk7-testes.com.br\/agazeta\/wp-content\/uploads\/2024\/03\/WhatsApp-Image-2024-03-08-at-15.43.16-jpeg.webp\" \/>\n\t<meta property=\"og:image:width\" content=\"800\" \/>\n\t<meta property=\"og:image:height\" content=\"406\" \/>\n\t<meta property=\"og:image:type\" content=\"image\/jpeg\" \/>\n<meta name=\"author\" content=\"Agazeta.Net\" \/>\n<meta name=\"twitter:card\" content=\"summary_large_image\" \/>\n<meta name=\"twitter:label1\" content=\"Escrito por\" \/>\n\t<meta name=\"twitter:data1\" content=\"Agazeta.Net\" \/>\n\t<meta name=\"twitter:label2\" content=\"Est. tempo de leitura\" \/>\n\t<meta name=\"twitter:data2\" content=\"3 minutos\" \/>\n<script type=\"application\/ld+json\" class=\"yoast-schema-graph\">{\"@context\":\"https:\/\/schema.org\",\"@graph\":[{\"@type\":\"WebPage\",\"@id\":\"https:\/\/nk7-testes.com.br\/agazeta\/em-video-bocalom-desmente-distribuicao-desorganizada-de-cestas-basicas-nao-e-a-prefeitura\/\",\"url\":\"https:\/\/nk7-testes.com.br\/agazeta\/em-video-bocalom-desmente-distribuicao-desorganizada-de-cestas-basicas-nao-e-a-prefeitura\/\",\"name\":\"Em v\u00eddeo, Bocalom desmente distribui\u00e7\u00e3o desorganizada de cestas b\u00e1sicas: \\\"N\u00e3o \u00e9 a Prefeitura\\\" - Agazeta.net\",\"isPartOf\":{\"@id\":\"https:\/\/nk7-testes.com.br\/agazeta\/#website\"},\"primaryImageOfPage\":{\"@id\":\"https:\/\/nk7-testes.com.br\/agazeta\/em-video-bocalom-desmente-distribuicao-desorganizada-de-cestas-basicas-nao-e-a-prefeitura\/#primaryimage\"},\"image\":{\"@id\":\"https:\/\/nk7-testes.com.br\/agazeta\/em-video-bocalom-desmente-distribuicao-desorganizada-de-cestas-basicas-nao-e-a-prefeitura\/#primaryimage\"},\"thumbnailUrl\":\"https:\/\/nk7-testes.com.br\/agazeta\/wp-content\/uploads\/2024\/03\/WhatsApp-Image-2024-03-08-at-15.43.16-jpeg.webp\",\"datePublished\":\"2024-03-08T21:32:40+00:00\",\"author\":{\"@id\":\"https:\/\/nk7-testes.com.br\/agazeta\/#\/schema\/person\/ff6b39d54d6973bfc57f4140f659b23f\"},\"breadcrumb\":{\"@id\":\"https:\/\/nk7-testes.com.br\/agazeta\/em-video-bocalom-desmente-distribuicao-desorganizada-de-cestas-basicas-nao-e-a-prefeitura\/#breadcrumb\"},\"inLanguage\":\"pt-BR\",\"potentialAction\":[{\"@type\":\"ReadAction\",\"target\":[\"https:\/\/nk7-testes.com.br\/agazeta\/em-video-bocalom-desmente-distribuicao-desorganizada-de-cestas-basicas-nao-e-a-prefeitura\/\"]}]},{\"@type\":\"ImageObject\",\"inLanguage\":\"pt-BR\",\"@id\":\"https:\/\/nk7-testes.com.br\/agazeta\/em-video-bocalom-desmente-distribuicao-desorganizada-de-cestas-basicas-nao-e-a-prefeitura\/#primaryimage\",\"url\":\"https:\/\/nk7-testes.com.br\/agazeta\/wp-content\/uploads\/2024\/03\/WhatsApp-Image-2024-03-08-at-15.43.16-jpeg.webp\",\"contentUrl\":\"https:\/\/nk7-testes.com.br\/agazeta\/wp-content\/uploads\/2024\/03\/WhatsApp-Image-2024-03-08-at-15.43.16-jpeg.webp\",\"width\":800,\"height\":406,\"caption\":\"Imagem: Assessoria\"},{\"@type\":\"BreadcrumbList\",\"@id\":\"https:\/\/nk7-testes.com.br\/agazeta\/em-video-bocalom-desmente-distribuicao-desorganizada-de-cestas-basicas-nao-e-a-prefeitura\/#breadcrumb\",\"itemListElement\":[{\"@type\":\"ListItem\",\"position\":1,\"name\":\"In\u00edcio\",\"item\":\"https:\/\/nk7-testes.com.br\/agazeta\/\"},{\"@type\":\"ListItem\",\"position\":2,\"name\":\"Em v\u00eddeo, Bocalom desmente distribui\u00e7\u00e3o desorganizada de cestas b\u00e1sicas: &#8220;N\u00e3o \u00e9 a Prefeitura&#8221;\"}]},{\"@type\":\"WebSite\",\"@id\":\"https:\/\/nk7-testes.com.br\/agazeta\/#website\",\"url\":\"https:\/\/nk7-testes.com.br\/agazeta\/\",\"name\":\"Agazeta.net\",\"description\":\"Agazeta.net - Not\u00edcias de Rio Branco\/AC\",\"potentialAction\":[{\"@type\":\"SearchAction\",\"target\":{\"@type\":\"EntryPoint\",\"urlTemplate\":\"https:\/\/nk7-testes.com.br\/agazeta\/?s={search_term_string}\"},\"query-input\":{\"@type\":\"PropertyValueSpecification\",\"valueRequired\":true,\"valueName\":\"search_term_string\"}}],\"inLanguage\":\"pt-BR\"},{\"@type\":\"Person\",\"@id\":\"https:\/\/nk7-testes.com.br\/agazeta\/#\/schema\/person\/ff6b39d54d6973bfc57f4140f659b23f\",\"name\":\"Agazeta.Net\",\"url\":\"https:\/\/nk7-testes.com.br\/agazeta\/author\/agazeta\/\"}]}<\/script>\n<!-- \/ Yoast SEO plugin. -->","yoast_head_json":{"title":"Em v\u00eddeo, Bocalom desmente distribui\u00e7\u00e3o desorganizada de cestas b\u00e1sicas: \"N\u00e3o \u00e9 a Prefeitura\" - Agazeta.net","robots":{"index":"index","follow":"follow","max-snippet":"max-snippet:-1","max-image-preview":"max-image-preview:large","max-video-preview":"max-video-preview:-1"},"canonical":"https:\/\/nk7-testes.com.br\/agazeta\/em-video-bocalom-desmente-distribuicao-desorganizada-de-cestas-basicas-nao-e-a-prefeitura\/","og_locale":"pt_BR","og_type":"article","og_title":"Em v\u00eddeo, Bocalom desmente distribui\u00e7\u00e3o desorganizada de cestas b\u00e1sicas: \"N\u00e3o \u00e9 a Prefeitura\"","og_description":"Nesta sexta-feira, o prefeito acompanhou de perto o in\u00edcio da limpeza das ruas onde as \u00e1guas do Rio Acre j\u00e1 baixaram","og_url":"https:\/\/nk7-testes.com.br\/agazeta\/em-video-bocalom-desmente-distribuicao-desorganizada-de-cestas-basicas-nao-e-a-prefeitura\/","og_site_name":"Agazeta.net","article_published_time":"2024-03-08T21:32:40+00:00","og_image":[{"width":800,"height":406,"url":"https:\/\/nk7-testes.com.br\/agazeta\/wp-content\/uploads\/2024\/03\/WhatsApp-Image-2024-03-08-at-15.43.16-jpeg.webp","type":"image\/jpeg"}],"author":"Agazeta.Net","twitter_card":"summary_large_image","twitter_misc":{"Escrito por":"Agazeta.Net","Est. tempo de leitura":"3 minutos"},"schema":{"@context":"https:\/\/schema.org","@graph":[{"@type":"WebPage","@id":"https:\/\/nk7-testes.com.br\/agazeta\/em-video-bocalom-desmente-distribuicao-desorganizada-de-cestas-basicas-nao-e-a-prefeitura\/","url":"https:\/\/nk7-testes.com.br\/agazeta\/em-video-bocalom-desmente-distribuicao-desorganizada-de-cestas-basicas-nao-e-a-prefeitura\/","name":"Em v\u00eddeo, Bocalom desmente distribui\u00e7\u00e3o desorganizada de cestas b\u00e1sicas: \"N\u00e3o \u00e9 a Prefeitura\" - Agazeta.net","isPartOf":{"@id":"https:\/\/nk7-testes.com.br\/agazeta\/#website"},"primaryImageOfPage":{"@id":"https:\/\/nk7-testes.com.br\/agazeta\/em-video-bocalom-desmente-distribuicao-desorganizada-de-cestas-basicas-nao-e-a-prefeitura\/#primaryimage"},"image":{"@id":"https:\/\/nk7-testes.com.br\/agazeta\/em-video-bocalom-desmente-distribuicao-desorganizada-de-cestas-basicas-nao-e-a-prefeitura\/#primaryimage"},"thumbnailUrl":"https:\/\/nk7-testes.com.br\/agazeta\/wp-content\/uploads\/2024\/03\/WhatsApp-Image-2024-03-08-at-15.43.16-jpeg.webp","datePublished":"2024-03-08T21:32:40+00:00","author":{"@id":"https:\/\/nk7-testes.com.br\/agazeta\/#\/schema\/person\/ff6b39d54d6973bfc57f4140f659b23f"},"breadcrumb":{"@id":"https:\/\/nk7-testes.com.br\/agazeta\/em-video-bocalom-desmente-distribuicao-desorganizada-de-cestas-basicas-nao-e-a-prefeitura\/#breadcrumb"},"inLanguage":"pt-BR","potentialAction":[{"@type":"ReadAction","target":["https:\/\/nk7-testes.com.br\/agazeta\/em-video-bocalom-desmente-distribuicao-desorganizada-de-cestas-basicas-nao-e-a-prefeitura\/"]}]},{"@type":"ImageObject","inLanguage":"pt-BR","@id":"https:\/\/nk7-testes.com.br\/agazeta\/em-video-bocalom-desmente-distribuicao-desorganizada-de-cestas-basicas-nao-e-a-prefeitura\/#primaryimage","url":"https:\/\/nk7-testes.com.br\/agazeta\/wp-content\/uploads\/2024\/03\/WhatsApp-Image-2024-03-08-at-15.43.16-jpeg.webp","contentUrl":"https:\/\/nk7-testes.com.br\/agazeta\/wp-content\/uploads\/2024\/03\/WhatsApp-Image-2024-03-08-at-15.43.16-jpeg.webp","width":800,"height":406,"caption":"Imagem: Assessoria"},{"@type":"BreadcrumbList","@id":"https:\/\/nk7-testes.com.br\/agazeta\/em-video-bocalom-desmente-distribuicao-desorganizada-de-cestas-basicas-nao-e-a-prefeitura\/#breadcrumb","itemListElement":[{"@type":"ListItem","position":1,"name":"In\u00edcio","item":"https:\/\/nk7-testes.com.br\/agazeta\/"},{"@type":"ListItem","position":2,"name":"Em v\u00eddeo, Bocalom desmente distribui\u00e7\u00e3o desorganizada de cestas b\u00e1sicas: &#8220;N\u00e3o \u00e9 a Prefeitura&#8221;"}]},{"@type":"WebSite","@id":"https:\/\/nk7-testes.com.br\/agazeta\/#website","url":"https:\/\/nk7-testes.com.br\/agazeta\/","name":"Agazeta.net","description":"Agazeta.net - Not\u00edcias de Rio Branco\/AC","potentialAction":[{"@type":"SearchAction","target":{"@type":"EntryPoint","urlTemplate":"https:\/\/nk7-testes.com.br\/agazeta\/?s={search_term_string}"},"query-input":{"@type":"PropertyValueSpecification","valueRequired":true,"valueName":"search_term_string"}}],"inLanguage":"pt-BR"},{"@type":"Person","@id":"https:\/\/nk7-testes.com.br\/agazeta\/#\/schema\/person\/ff6b39d54d6973bfc57f4140f659b23f","name":"Agazeta.Net","url":"https:\/\/nk7-testes.com.br\/agazeta\/author\/agazeta\/"}]}},"_links":{"self":[{"href":"https:\/\/nk7-testes.com.br\/agazeta\/wp-json\/wp\/v2\/posts\/128666","targetHints":{"allow":["GET"]}}],"collection":[{"href":"https:\/\/nk7-testes.com.br\/agazeta\/wp-json\/wp\/v2\/posts"}],"about":[{"href":"https:\/\/nk7-testes.com.br\/agazeta\/wp-json\/wp\/v2\/types\/post"}],"author":[{"embeddable":true,"href":"https:\/\/nk7-testes.com.br\/agazeta\/wp-json\/wp\/v2\/users\/4"}],"replies":[{"embeddable":true,"href":"https:\/\/nk7-testes.com.br\/agazeta\/wp-json\/wp\/v2\/comments?post=128666"}],"version-history":[{"count":0,"href":"https:\/\/nk7-testes.com.br\/agazeta\/wp-json\/wp\/v2\/posts\/128666\/revisions"}],"wp:featuredmedia":[{"embeddable":true,"href":"https:\/\/nk7-testes.com.br\/agazeta\/wp-json\/wp\/v2\/media\/128667"}],"wp:attachment":[{"href":"https:\/\/nk7-testes.com.br\/agazeta\/wp-json\/wp\/v2\/media?parent=128666"}],"wp:term":[{"taxonomy":"category","embeddable":true,"href":"https:\/\/nk7-testes.com.br\/agazeta\/wp-json\/wp\/v2\/categories?post=128666"},{"taxonomy":"post_tag","embeddable":true,"href":"https:\/\/nk7-testes.com.br\/agazeta\/wp-json\/wp\/v2\/tags?post=128666"}],"curies":[{"name":"wp","href":"https:\/\/api.w.org\/{rel}","templated":true}]}}