{"id":128653,"date":"2024-03-08T15:02:03","date_gmt":"2024-03-08T20:02:03","guid":{"rendered":"https:\/\/nk7-testes.com.br\/?p=128653"},"modified":"2024-03-08T15:16:46","modified_gmt":"2024-03-08T20:16:46","slug":"apaixonada-por-livros-desde-a-infancia-pedagoga-cria-projetos-para-incentivar-leitura-em-criancas-da-zona-rural-do-acre","status":"publish","type":"post","link":"https:\/\/nk7-testes.com.br\/agazeta\/apaixonada-por-livros-desde-a-infancia-pedagoga-cria-projetos-para-incentivar-leitura-em-criancas-da-zona-rural-do-acre\/","title":{"rendered":"Apaixonada por livros desde a inf\u00e2ncia, pedagoga cria projetos para incentivar leitura em crian\u00e7as da zona rural do Acre"},"content":{"rendered":"<p style=\"text-align: justify;\"><span style=\"font-weight: 400;\">O dia 8 de mar\u00e7o \u00e9 celebrado em todo o mundo para reconhecer as conquistas sociais, pol\u00edticas e culturais das mulheres. O Dia Internacional da Mulher tamb\u00e9m \u00e9 uma oportunidade de chamar aten\u00e7\u00e3o \u00e0s necessidade de acelerar os movimentos em dire\u00e7\u00e3o \u00e0 igualdade de direitos e de condi\u00e7\u00f5es em rela\u00e7\u00e3o aos homens.<\/span><\/p>\n<p style=\"text-align: justify;\"><span style=\"font-weight: 400;\">Por muito tempo, as mulheres eram completamente ignoradas e vistas como incapazes de tomar decis\u00f5es. Elas n\u00e3o tinham voz nenhuma. Aos poucos, a luta feminina vem ganhando espa\u00e7o e, apesar de ser em passos curtos, o que j\u00e1 foi conquistado, quando comparado a realidade de 100 anos atr\u00e1s, \u00e9 algo significativo.<\/span><\/p>\n<p style=\"text-align: justify;\"><span style=\"font-weight: 400;\">H\u00e1 114 anos, em 1909, acontecia o primeiro dia da mulher j\u00e1 registrado. No dia 28 de fevereiro, os Estados Unidos comemoraram a data,<\/span> <span style=\"font-weight: 400;\">por sugest\u00e3o de Theresa Malkiel, uma educadora que lutava pelo direito ao voto. Ao decorrer da hist\u00f3ria, muitas educadoras representaram papeis importantes para mudar o jeito de pensar dos seres humanos.<\/span><\/p>\n<p style=\"text-align: justify;\"><span style=\"font-weight: 400;\">Apesar disso, a arte de ensinar n\u00e3o \u00e9 vista como importante e essencial para a grande massa. No Brasil, por exemplo, professores sofrem com frequente ataques \u00e0 classe, baixos sal\u00e1rios e excesso de trabalho. Mesmo assim, o amor pela profiss\u00e3o e vontade de querer mudar o mundo faz com que os profissionais da educa\u00e7\u00e3o mere\u00e7am celebra\u00e7\u00e3o. Principalmente as educadoras, essas que, muitas vezes, s\u00e3o respons\u00e1veis por fazer o papel de m\u00e3e \u00e0s pessoas.<\/span><\/p>\n<p style=\"text-align: justify;\"><span style=\"font-weight: 400;\">\u00c9 com essa vis\u00e3o de transformar o mundo que a professora Maria da Concei\u00e7\u00e3o, mais conhecida como Cei\u00e7a, moradora do munic\u00edpio de Porto Acre, exalta e incentiva a leitura aos seus alunos no decorrer dos anos em que se dedica ao ensino. Cei\u00e7a \u00e9 pedagoga e soci\u00f3loga, al\u00e9m de especializada em Gest\u00e3o Escolar e em Educa\u00e7\u00e3o Infantil, e ainda \u00e9 mestre em Letras, tudo pela Universidade Federal do Acre.<\/span><\/p>\n<figure id=\"attachment_128660\" aria-describedby=\"caption-attachment-128660\" style=\"width: 563px\" class=\"wp-caption aligncenter\"><img decoding=\"async\" class=\"wp-image-128660 \" src=\"https:\/\/nk7-testes.com.br\/wp-content\/uploads\/2024\/03\/F209546B-6B05-44F2-8A0A-E7385A67960B-scaled-1-jpeg.webp\" alt=\"\" width=\"563\" height=\"383\" srcset=\"https:\/\/nk7-testes.com.br\/agazeta\/wp-content\/uploads\/2024\/03\/F209546B-6B05-44F2-8A0A-E7385A67960B-scaled-1-jpeg.webp 2048w, https:\/\/nk7-testes.com.br\/agazeta\/wp-content\/uploads\/2024\/03\/F209546B-6B05-44F2-8A0A-E7385A67960B-scaled-1-300x204.webp 300w, https:\/\/nk7-testes.com.br\/agazeta\/wp-content\/uploads\/2024\/03\/F209546B-6B05-44F2-8A0A-E7385A67960B-scaled-1-1024x697.webp 1024w, https:\/\/nk7-testes.com.br\/agazeta\/wp-content\/uploads\/2024\/03\/F209546B-6B05-44F2-8A0A-E7385A67960B-scaled-1-768x522.webp 768w, https:\/\/nk7-testes.com.br\/agazeta\/wp-content\/uploads\/2024\/03\/F209546B-6B05-44F2-8A0A-E7385A67960B-scaled-1-1536x1045.webp 1536w, https:\/\/nk7-testes.com.br\/agazeta\/wp-content\/uploads\/2024\/03\/F209546B-6B05-44F2-8A0A-E7385A67960B-scaled-1-750x510.webp 750w, https:\/\/nk7-testes.com.br\/agazeta\/wp-content\/uploads\/2024\/03\/F209546B-6B05-44F2-8A0A-E7385A67960B-scaled-1-1140x775.webp 1140w\" sizes=\"(max-width: 563px) 100vw, 563px\" \/><figcaption id=\"caption-attachment-128660\" class=\"wp-caption-text\">Maria da Concei\u00e7\u00e3o\/Foto: Marcos Vicentti\/Secom<\/figcaption><\/figure>\n<p style=\"text-align: justify;\"><span style=\"font-weight: 400;\">A educadora n\u00e3o \u00e9 acreana e chegou ao Acre com 22 anos de idade, vinda da Bahia. Durante a trajet\u00f3ria no Estado, Maria da Concei\u00e7\u00e3o j\u00e1 se aventurou nos mais diversos empregos, chegou at\u00e9 mesmo a trabalhar em uma emissora de televis\u00e3o. Por\u00e9m, a verdadeira voca\u00e7\u00e3o sempre foi em meio aos livros e ensinando as crian\u00e7as, lugar esse que se encontra at\u00e9 os dias de hoje.<\/span><\/p>\n<p style=\"text-align: justify;\"><span style=\"font-weight: 400;\">Atualmente, ela \u00e9 docente da Escola <\/span><span style=\"font-weight: 400;\">Estadual Rural de Ensino Fundamental e M\u00e9dio Uni\u00e3o e Progresso, por\u00e9m j\u00e1 foi gestora de tr\u00eas outras escolas. Cei\u00e7a gosta de deixar claro que por onde passa faz hist\u00f3ria, pois todos os locais que geriu j\u00e1 receberam algum pr\u00eamio.<\/span><\/p>\n<blockquote>\n<p style=\"text-align: justify;\"><span style=\"font-weight: 400;\">\u201c<\/span><span style=\"font-weight: 400;\">Fui diretora em tr\u00eas escolas. Todas as escolas que eu fui diretora foram escolas premiadas, porque eu me dedico ao m\u00e1ximo. Estar entre os jovens e as crian\u00e7as \u00e9 o lugar que eu gosto muito, gosto muit\u00edssimo. \u00c9 um lugar muito feliz para eu estar entre eles\u201d<\/span><\/p>\n<\/blockquote>\n<p style=\"text-align: justify;\"><span style=\"font-weight: 400;\">Ela conta que est\u00e1 na \u00e1rea da educa\u00e7\u00e3o desde nova, bem antes de se tornar, de fato, uma pedagoga. Cei\u00e7a morava na zona rural de uma cidade baiana e l\u00e1, pela falta de pessoas com certo grau de estudo, ela foi chamada para ser professora ainda na adolesc\u00eancia, quando estava no 8\u00ba ano do ensino fundamental. Junto com a cunhada, a mulher come\u00e7ou a ensinar trabalhadores da \u201cro\u00e7a\u201d, na Educa\u00e7\u00e3o de Jovens e Adultos (EJA).<\/span><\/p>\n<p style=\"text-align: justify;\"><span style=\"font-weight: 400;\">\u201cQuando apareceu o curso de magist\u00e9rio eu me matriculei. Eu andava nove quil\u00f4metros para ir da zona rural at\u00e9 a escola, e nove quil\u00f4metros para voltar. Eu estudava \u00e0 noite, porque de dia trabalhava. E foi assim que eu fui fazer magist\u00e9rio\u201d, explica.<\/span><\/p>\n<p style=\"text-align: justify;\"><span style=\"font-weight: 400;\">Algumas d\u00e9cadas atr\u00e1s no Brasil n\u00e3o era comum ver a fam\u00edlia incentivando os filhos ao estudo, diferente dos dias atuais. Com Cei\u00e7a n\u00e3o foi diferente. Para os pais dela o mais importante era ficar em casa e trabalhar. Mesmo com essa total falta de incentivo, o estudo sempre se mostrou muito importante \u00e0quela jovem que morava na zona rural.<\/span><\/p>\n<p style=\"text-align: justify;\"><span style=\"font-weight: 400;\">Arranjar amigos, brincar, ler livros e fazer as atividades estavam na lista de coisas preferidas que Concei\u00e7\u00e3o fazia na escola. Segundo ela, desde a inf\u00e2ncia as pessoas sabiam que viria se tornar professora, pois sempre foi apaixonada pelo ambiente escolar.<\/span><\/p>\n<blockquote>\n<p style=\"text-align: justify;\"><span style=\"font-weight: 400;\">\u201cEu amava demais. A escola sempre foi um dos meus lugares preferidos de estar. E desde a inf\u00e2ncia todo mundo j\u00e1 sabia que eu seria professora, visto que eu era muito apaixonada pela escola\u201d<\/span><\/p>\n<\/blockquote>\n<h3 style=\"text-align: justify;\">A descoberta da leitura<\/h3>\n<p style=\"text-align: justify;\"><span style=\"font-weight: 400;\">Cei\u00e7a \u00e9 a nona filha dos seus pais. Viveu uma inf\u00e2ncia comum \u00e0 \u00e9poca, in\u00edcio da d\u00e9cada de 70. Ela conta que onde ela e a fam\u00edlia moravam as pessoas come\u00e7avam a estudar com sete anos, por\u00e9m, no seu caso, foi aos seis, pois a irm\u00e3 n\u00e3o conseguia se adaptar \u00e0 escola.<\/span><\/p>\n<p style=\"text-align: justify;\"><span style=\"font-weight: 400;\">E foi quando entrou na escola que Maria da Concei\u00e7\u00e3o descobriu o, at\u00e9 ent\u00e3o desconhecido, amor pela leitura. Na casa da fam\u00edlia n\u00e3o tinha nada para os filhos lerem, nem menos a b\u00edblia. A partir do momento em que iniciou os estudos, ela viu que a diretora do col\u00e9gio, \u201cdona Diva\u201d, comprava livros para a filha, mas a menina n\u00e3o lia. Com isso, a pr\u00f3pria Cei\u00e7a come\u00e7ou a ler os livros dela.<\/span><\/p>\n<blockquote>\n<p style=\"text-align: justify;\"><span style=\"font-weight: 400;\">\u201cA\u00ed eu comecei a ler os livros dessa menina, quando ela queria emprestar. Ent\u00e3o, eu fazia verdadeiros plant\u00f5es na porta da casa dela esperando a boa vontade dela. Ela vinha e dizia que ia ler, e que no outro dia iria me emprestar. Eu voltava no dia seguinte, at\u00e9 que a m\u00e3e dela descobriu a minha peregrina\u00e7\u00e3o e passou a me emprestar os livros da mocinha. Ela se chamava Norma, nunca me esque\u00e7o\u201d<\/span><\/p>\n<\/blockquote>\n<figure id=\"attachment_128658\" aria-describedby=\"caption-attachment-128658\" style=\"width: 551px\" class=\"wp-caption aligncenter\"><img decoding=\"async\" class=\"wp-image-128658 \" src=\"https:\/\/nk7-testes.com.br\/wp-content\/uploads\/2024\/03\/2880FC90-0DA0-46B1-9D4A-5C5D9BDB1BC0-scaled-e1678197090728-jpeg.webp\" alt=\"\" width=\"551\" height=\"362\" srcset=\"https:\/\/nk7-testes.com.br\/agazeta\/wp-content\/uploads\/2024\/03\/2880FC90-0DA0-46B1-9D4A-5C5D9BDB1BC0-scaled-e1678197090728-jpeg.webp 1771w, https:\/\/nk7-testes.com.br\/agazeta\/wp-content\/uploads\/2024\/03\/2880FC90-0DA0-46B1-9D4A-5C5D9BDB1BC0-scaled-e1678197090728-300x197.webp 300w, https:\/\/nk7-testes.com.br\/agazeta\/wp-content\/uploads\/2024\/03\/2880FC90-0DA0-46B1-9D4A-5C5D9BDB1BC0-scaled-e1678197090728-1024x672.webp 1024w, https:\/\/nk7-testes.com.br\/agazeta\/wp-content\/uploads\/2024\/03\/2880FC90-0DA0-46B1-9D4A-5C5D9BDB1BC0-scaled-e1678197090728-768x504.webp 768w, https:\/\/nk7-testes.com.br\/agazeta\/wp-content\/uploads\/2024\/03\/2880FC90-0DA0-46B1-9D4A-5C5D9BDB1BC0-scaled-e1678197090728-1536x1008.webp 1536w, https:\/\/nk7-testes.com.br\/agazeta\/wp-content\/uploads\/2024\/03\/2880FC90-0DA0-46B1-9D4A-5C5D9BDB1BC0-scaled-e1678197090728-750x492.webp 750w, https:\/\/nk7-testes.com.br\/agazeta\/wp-content\/uploads\/2024\/03\/2880FC90-0DA0-46B1-9D4A-5C5D9BDB1BC0-scaled-e1678197090728-1140x748.webp 1140w\" sizes=\"(max-width: 551px) 100vw, 551px\" \/><figcaption id=\"caption-attachment-128658\" class=\"wp-caption-text\">Foto: Marcos Vicentti\/Secom<\/figcaption><\/figure>\n<p style=\"text-align: justify;\"><span style=\"font-weight: 400;\">Devido ao h\u00e1bito de leitura que havia adquirido, a mulher \u201cdava show\u201d &#8211; como ela mesmo dia &#8211; na escola. Contava a hist\u00f3ria dos livros que lia para os colegas. Gra\u00e7as a leitura, Cei\u00e7a foi avan\u00e7ada do 1\u00ba para o 2\u00ba ano e, com certeza, ela deve isso aos livros e \u00e0 literatura.<\/span><\/p>\n<p style=\"text-align: justify;\"><span style=\"font-weight: 400;\">A diretora foi, de longe, a pessoa que mais impulsionou o h\u00e1bito da leitura na vida dela. Naquele momento, Diva era a mulher mais importante da comunidade, segundo Maria da Concei\u00e7\u00e3o. Por conta dos livros emprestados, ela p\u00f4de conhecer o mundo criado por Monteiro Lobato e os cl\u00e1ssicos da mitologia grega.<\/span><\/p>\n<p style=\"text-align: justify;\"><span style=\"font-weight: 400;\">\u201cAo emprestar os livros que era da filha dela, talvez eu tenha sido a filha que ela queria ter, porque eu li toda a cole\u00e7\u00e3o do Monteiro Lobato, li os cl\u00e1ssicos da mitologia grega. Ent\u00e3o, eu dava felicidade para ela e ela me dava livros, e me dava felicidade tamb\u00e9m\u201d, salienta.<\/span><\/p>\n<h3 style=\"text-align: justify;\">Recompensas da arte de ensinar<\/h3>\n<p style=\"text-align: justify;\"><span style=\"font-weight: 400;\">Desde 1991 na \u00e1rea da educa\u00e7\u00e3o, Concei\u00e7\u00e3o j\u00e1 viveu grandes momentos. O que lembra com bastante carinho foi quando recebeu o t\u00edtulo de Mulher Destaque, dado pela Prefeitura e C\u00e2mara de Vereadores de Rio Branco. Al\u00e9m disso, ela recebeu o t\u00edtulo de cidad\u00e3 rio-branquense, pelo trabalho prestado \u00e0 educa\u00e7\u00e3o. Agora, aguarda ser reconhecida como cidad\u00e3 acreana.<\/span><\/p>\n<p style=\"text-align: justify;\"><span style=\"font-weight: 400;\">Outro per\u00edodo marcante na vida da professora foi quando o projeto \u201cClube de Leitores\u201d, criado na Escola Uni\u00e3o e Progresso, virou pauta de interesse p\u00fablico e deu visibilidade \u00e0 a\u00e7\u00e3o onde participam jovens adolescentes que t\u00eam apre\u00e7o pela leitura.<\/span><\/p>\n<p style=\"text-align: justify;\"><span style=\"font-weight: 400;\">\u201cEu trabalho com jovens adolescentes no Clube de Leitores. \u00c9 uma reuni\u00e3o mensal em que eles pegam livros e a gente se encontra uma vez no m\u00eas para falar desses livros\u201d, detalha.<\/span><\/p>\n<figure id=\"attachment_128659\" aria-describedby=\"caption-attachment-128659\" style=\"width: 586px\" class=\"wp-caption aligncenter\"><img decoding=\"async\" class=\"wp-image-128659 \" src=\"https:\/\/nk7-testes.com.br\/wp-content\/uploads\/2024\/03\/1DDE5AF6-5E82-4C8B-A051-BD69FB2D235C-scaled-1-jpeg.webp\" alt=\"\" width=\"586\" height=\"392\" srcset=\"https:\/\/nk7-testes.com.br\/agazeta\/wp-content\/uploads\/2024\/03\/1DDE5AF6-5E82-4C8B-A051-BD69FB2D235C-scaled-1-jpeg.webp 2048w, https:\/\/nk7-testes.com.br\/agazeta\/wp-content\/uploads\/2024\/03\/1DDE5AF6-5E82-4C8B-A051-BD69FB2D235C-scaled-1-300x201.webp 300w, https:\/\/nk7-testes.com.br\/agazeta\/wp-content\/uploads\/2024\/03\/1DDE5AF6-5E82-4C8B-A051-BD69FB2D235C-scaled-1-1024x685.webp 1024w, https:\/\/nk7-testes.com.br\/agazeta\/wp-content\/uploads\/2024\/03\/1DDE5AF6-5E82-4C8B-A051-BD69FB2D235C-scaled-1-768x513.webp 768w, https:\/\/nk7-testes.com.br\/agazeta\/wp-content\/uploads\/2024\/03\/1DDE5AF6-5E82-4C8B-A051-BD69FB2D235C-scaled-1-1536x1027.webp 1536w, https:\/\/nk7-testes.com.br\/agazeta\/wp-content\/uploads\/2024\/03\/1DDE5AF6-5E82-4C8B-A051-BD69FB2D235C-scaled-1-750x501.webp 750w, https:\/\/nk7-testes.com.br\/agazeta\/wp-content\/uploads\/2024\/03\/1DDE5AF6-5E82-4C8B-A051-BD69FB2D235C-scaled-1-1140x762.webp 1140w\" sizes=\"(max-width: 586px) 100vw, 586px\" \/><figcaption id=\"caption-attachment-128659\" class=\"wp-caption-text\">Foto: Marcos Vicentti\/Secom<\/figcaption><\/figure>\n<h3 style=\"text-align: justify;\">Bicicleta Itinerante do Caquet\u00e1<\/h3>\n<p style=\"text-align: justify;\"><span style=\"font-weight: 400;\">Foi pelo amor \u00e0 leitura que Cei\u00e7a deu in\u00edcio ao projeto Bicicleta Itinerante do Caquet\u00e1, que tem como principal objetivo levar livros aos jovens da comunidade que n\u00e3o t\u00eam acesso. Apesar de n\u00e3o ter sido a idealizadora &#8211; m\u00e9rito esse do amigo de profiss\u00e3o Renaxon Oliveira -, a participa\u00e7\u00e3o dela teve suma import\u00e2ncia para fazer o projeto acontecer.<\/span><\/p>\n<blockquote>\n<p style=\"text-align: justify;\"><span style=\"font-weight: 400;\">\u201cEu falava para o Renaxon, na \u00e9poca da pandemia, que eu ficava triste porque estava lendo mais do que nunca no isolamento social e os meninos da comunidade n\u00e3o tinham livro para ler\u201d<\/span><\/p>\n<\/blockquote>\n<p style=\"text-align: justify;\"><span style=\"font-weight: 400;\">Por conta disso, surgiu a ideia de levar livros at\u00e9 os estudantes na casa de cada uma. Na \u00e9poca, a professora tinha apenas uma bicicleta com cestinha, por\u00e9m, com a ideia do amigo, conseguiu expandir e alcan\u00e7ar mais jovens. A princ\u00edpio, a ideia era fazer uma moto da leitura, mas o recurso da lei Aldir Blanc, do Governo Federal, n\u00e3o seria suficiente.<\/span><\/p>\n<p style=\"text-align: justify;\"><span style=\"font-weight: 400;\">Com isso, Renaxon Oliveira idealizou um triciclo da leitura, nascendo assim o projeto Bicicleta Itinerante do Caquet\u00e1. Juntos, escreveram a ideia e foi aprovado.<\/span><\/p>\n<figure id=\"attachment_128656\" aria-describedby=\"caption-attachment-128656\" style=\"width: 589px\" class=\"wp-caption aligncenter\"><img decoding=\"async\" class=\"wp-image-128656 \" src=\"https:\/\/nk7-testes.com.br\/wp-content\/uploads\/2024\/03\/98364DCA-0431-422B-8CAF-F8552ACDF47B-1536x1024-1-jpeg.webp\" alt=\"\" width=\"589\" height=\"392\" srcset=\"https:\/\/nk7-testes.com.br\/agazeta\/wp-content\/uploads\/2024\/03\/98364DCA-0431-422B-8CAF-F8552ACDF47B-1536x1024-1-jpeg.webp 1536w, https:\/\/nk7-testes.com.br\/agazeta\/wp-content\/uploads\/2024\/03\/98364DCA-0431-422B-8CAF-F8552ACDF47B-1536x1024-1-300x200.webp 300w, https:\/\/nk7-testes.com.br\/agazeta\/wp-content\/uploads\/2024\/03\/98364DCA-0431-422B-8CAF-F8552ACDF47B-1536x1024-1-1024x683.webp 1024w, https:\/\/nk7-testes.com.br\/agazeta\/wp-content\/uploads\/2024\/03\/98364DCA-0431-422B-8CAF-F8552ACDF47B-1536x1024-1-768x512.webp 768w, https:\/\/nk7-testes.com.br\/agazeta\/wp-content\/uploads\/2024\/03\/98364DCA-0431-422B-8CAF-F8552ACDF47B-1536x1024-1-750x500.webp 750w, https:\/\/nk7-testes.com.br\/agazeta\/wp-content\/uploads\/2024\/03\/98364DCA-0431-422B-8CAF-F8552ACDF47B-1536x1024-1-1140x760.webp 1140w\" sizes=\"(max-width: 589px) 100vw, 589px\" \/><figcaption id=\"caption-attachment-128656\" class=\"wp-caption-text\">Foto: Marcos Vicentti\/Secom<\/figcaption><\/figure>\n<p style=\"text-align: justify;\"><span style=\"font-weight: 400;\">\u201cAndamos, em geral duas vezes na semana, pelas ruas da vila, por ch\u00e1caras aqui pr\u00f3ximas, nas pequenas propriedades rurais nas imedia\u00e7\u00f5es. Na vila tem cerca de dois mil habitantes e essas crian\u00e7as da vila s\u00e3o quase que na sua totalidade alcan\u00e7adas. \u00c9 um empr\u00e9stimo de livro delivery, de casa em casa. Eles v\u00e3o at\u00e9 mesmo na frente das igrejas, quando est\u00e1 acontecendo alguma a\u00e7\u00e3o durante o dia, ou na sa\u00edda da escola. N\u00f3s temos um alcance de mais de 500 alunos mensais\u201d, afirma.<\/span><\/p>\n<p style=\"text-align: justify;\"><span style=\"font-weight: 400;\">Curiosamente, s\u00e3o os pr\u00f3prios alunos da escola que entregam os livros \u00e0s outras crian\u00e7as. No s\u00e1bado, Cei\u00e7a paga uma roda de sorvete, na sorveteria da vila, e \u00e9 como um momento de confraterniza\u00e7\u00e3o. Eles brincam, conversam e se divertem.<\/span><\/p>\n<figure id=\"attachment_128654\" aria-describedby=\"caption-attachment-128654\" style=\"width: 468px\" class=\"wp-caption aligncenter\"><img decoding=\"async\" class=\"wp-image-128654 \" src=\"https:\/\/nk7-testes.com.br\/wp-content\/uploads\/2024\/03\/WhatsApp-Image-2024-03-08-at-16.36.41-jpeg.webp\" alt=\"\" width=\"468\" height=\"478\" srcset=\"https:\/\/nk7-testes.com.br\/agazeta\/wp-content\/uploads\/2024\/03\/WhatsApp-Image-2024-03-08-at-16.36.41-jpeg.webp 868w, https:\/\/nk7-testes.com.br\/agazeta\/wp-content\/uploads\/2024\/03\/WhatsApp-Image-2024-03-08-at-16.36.41-294x300.webp 294w, https:\/\/nk7-testes.com.br\/agazeta\/wp-content\/uploads\/2024\/03\/WhatsApp-Image-2024-03-08-at-16.36.41-768x785.webp 768w, https:\/\/nk7-testes.com.br\/agazeta\/wp-content\/uploads\/2024\/03\/WhatsApp-Image-2024-03-08-at-16.36.41-750x766.webp 750w\" sizes=\"(max-width: 468px) 100vw, 468px\" \/><figcaption id=\"caption-attachment-128654\" class=\"wp-caption-text\">Foto: Cedida<\/figcaption><\/figure>\n<h3 style=\"text-align: justify;\">Projetos futuros<\/h3>\n<p style=\"text-align: justify;\"><span style=\"font-weight: 400;\">Mais tarde, em 2024, a professora se mobiliza para lan\u00e7ar o projeto Casinha da Leitura, tamb\u00e9m idealizado pelo amigo Renaxon Oliveira, que consiste em dois pequenos quiosques, um em frente a sua resid\u00eancia e outro, na escola. Segundo Cei\u00e7a, j\u00e1 est\u00e1 na marcenaria para ser colocado em pr\u00e1tica.<\/span><\/p>\n<p style=\"text-align: justify;\"><span style=\"font-weight: 400;\">Al\u00e9m da Casinha da Leitura, ela vai organizar uma feira de livros infantis na Pra\u00e7a da comunidade onde reside e uma pe\u00e7a teatral, adaptando o livro \u201cO Gato Preto\u201d, do autor Edgar Allan Poe, pois \u00e9 um dos livros que os alunos mais gostam de ler.<\/span><\/p>\n<p style=\"text-align: justify;\"><span style=\"font-weight: 400;\">\u201cO projeto est\u00e1 na marcenaria. Vou colocar uma l\u00e1 na frente da minha propriedade e outra aqui na frente da escola. Tamb\u00e9m estou me mobilizando para fazer uma feira de livros infantis aqui na Pra\u00e7a da comunidade, com os adolescentes aqui da escola. Vou tamb\u00e9m fazer um teatro com um dos livros que eles mais gostam, que \u00e9 o livro O Gato Preto, do Edgar Allan Poe\u201d, salienta.<\/span><\/p>\n<figure id=\"attachment_128657\" aria-describedby=\"caption-attachment-128657\" style=\"width: 626px\" class=\"wp-caption aligncenter\"><img decoding=\"async\" class=\"wp-image-128657 \" src=\"https:\/\/nk7-testes.com.br\/wp-content\/uploads\/2024\/03\/ABAA89CD-A748-4415-A3CF-82081831F664-scaled-1-jpeg.webp\" alt=\"\" width=\"626\" height=\"413\" srcset=\"https:\/\/nk7-testes.com.br\/agazeta\/wp-content\/uploads\/2024\/03\/ABAA89CD-A748-4415-A3CF-82081831F664-scaled-1-jpeg.webp 2048w, https:\/\/nk7-testes.com.br\/agazeta\/wp-content\/uploads\/2024\/03\/ABAA89CD-A748-4415-A3CF-82081831F664-scaled-1-300x198.webp 300w, https:\/\/nk7-testes.com.br\/agazeta\/wp-content\/uploads\/2024\/03\/ABAA89CD-A748-4415-A3CF-82081831F664-scaled-1-1024x676.webp 1024w, https:\/\/nk7-testes.com.br\/agazeta\/wp-content\/uploads\/2024\/03\/ABAA89CD-A748-4415-A3CF-82081831F664-scaled-1-768x507.webp 768w, https:\/\/nk7-testes.com.br\/agazeta\/wp-content\/uploads\/2024\/03\/ABAA89CD-A748-4415-A3CF-82081831F664-scaled-1-1536x1013.webp 1536w, https:\/\/nk7-testes.com.br\/agazeta\/wp-content\/uploads\/2024\/03\/ABAA89CD-A748-4415-A3CF-82081831F664-scaled-1-750x495.webp 750w, https:\/\/nk7-testes.com.br\/agazeta\/wp-content\/uploads\/2024\/03\/ABAA89CD-A748-4415-A3CF-82081831F664-scaled-1-1140x752.webp 1140w\" sizes=\"(max-width: 626px) 100vw, 626px\" \/><figcaption id=\"caption-attachment-128657\" class=\"wp-caption-text\">Foto: Marcos Vicentti\/Secom<\/figcaption><\/figure>\n<h3 style=\"text-align: justify;\">O poder dos livros<\/h3>\n<p style=\"text-align: justify;\"><span style=\"font-weight: 400;\">Como diria o escritor brit\u00e2nico Neil Gaiman: <\/span><span style=\"font-weight: 400;\">\u201cUm livro \u00e9 um sonho que voc\u00ea segura na m\u00e3o\u201d. O mundo liter\u00e1rio pode levar as pessoas a qualquer lugar, sem sair do lugar. Por\u00e9m, acima de tudo, tem o poder de transformar vidas e, sem sombra de d\u00favidas, para melhor.<\/span><\/p>\n<p style=\"text-align: justify;\"><span style=\"font-weight: 400;\">\u201c<\/span><span style=\"font-weight: 400;\">A literatura ajuda a pessoa a escrever melhor, ao meu ver. Tenho visto aqui, concretamente, na escola. Al\u00e9m de ajudar a ler melhor, a interpretar melhor, a melhorar o vocabul\u00e1rio. Na sala de aula tenho percebido que os alunos que t\u00eam trabalhos mais bem elaborados s\u00e3o os alunos que leem mais. Quanto mais leem, mais eles ampliam o seu vocabul\u00e1rio\u201d, reitera a professora.<\/span><\/p>\n<figure id=\"attachment_128661\" aria-describedby=\"caption-attachment-128661\" style=\"width: 607px\" class=\"wp-caption aligncenter\"><img decoding=\"async\" class=\"wp-image-128661 \" src=\"https:\/\/nk7-testes.com.br\/wp-content\/uploads\/2024\/03\/DE9B4F4E-2761-49FB-8C3F-CCDF18ADC373-scaled-1-jpeg.webp\" alt=\"\" width=\"607\" height=\"400\" srcset=\"https:\/\/nk7-testes.com.br\/agazeta\/wp-content\/uploads\/2024\/03\/DE9B4F4E-2761-49FB-8C3F-CCDF18ADC373-scaled-1-jpeg.webp 2048w, https:\/\/nk7-testes.com.br\/agazeta\/wp-content\/uploads\/2024\/03\/DE9B4F4E-2761-49FB-8C3F-CCDF18ADC373-scaled-1-300x198.webp 300w, https:\/\/nk7-testes.com.br\/agazeta\/wp-content\/uploads\/2024\/03\/DE9B4F4E-2761-49FB-8C3F-CCDF18ADC373-scaled-1-1024x676.webp 1024w, https:\/\/nk7-testes.com.br\/agazeta\/wp-content\/uploads\/2024\/03\/DE9B4F4E-2761-49FB-8C3F-CCDF18ADC373-scaled-1-768x507.webp 768w, https:\/\/nk7-testes.com.br\/agazeta\/wp-content\/uploads\/2024\/03\/DE9B4F4E-2761-49FB-8C3F-CCDF18ADC373-scaled-1-1536x1013.webp 1536w, https:\/\/nk7-testes.com.br\/agazeta\/wp-content\/uploads\/2024\/03\/DE9B4F4E-2761-49FB-8C3F-CCDF18ADC373-scaled-1-750x495.webp 750w, https:\/\/nk7-testes.com.br\/agazeta\/wp-content\/uploads\/2024\/03\/DE9B4F4E-2761-49FB-8C3F-CCDF18ADC373-scaled-1-1140x752.webp 1140w\" sizes=\"(max-width: 607px) 100vw, 607px\" \/><figcaption id=\"caption-attachment-128661\" class=\"wp-caption-text\">Foto: Marcos Vicentti\/Secom<\/figcaption><\/figure>\n<p style=\"text-align: justify;\"><span style=\"font-weight: 400;\">Al\u00e9m disso, Maria da Concei\u00e7\u00e3o faz quest\u00e3o de afirmar que a import\u00e2ncia dos livros \u00e9 primordial para o desenvolvimento pessoal, profissional e humano. Destaca tamb\u00e9m o poder de ajudar a juventude de hoje a se livrar dos problemas relacionados \u00e0 sa\u00fade mental.<\/span><\/p>\n<blockquote>\n<p style=\"text-align: justify;\"><span style=\"font-weight: 400;\">\u201cImportante para o desenvolvimento pessoal, profissional e humano. Mas tamb\u00e9m para os sentimentos, emo\u00e7\u00f5es, e at\u00e9 mesmo na ajuda com rela\u00e7\u00e3o \u00e0s doen\u00e7as como a ansiedade e depress\u00e3o, t\u00e3o comuns na juventude. Esse \u00e9 o poder dos livros. Nos faz pensar com a cabe\u00e7a do outro, que \u00e9 a do escritor ou do personagem escrito. Nos faz viver realidades que jamais viver\u00edamos se n\u00e3o fosse assim\u201d<\/span><\/p>\n<\/blockquote>\n<p><strong><em>Reportagem feita com produ\u00e7\u00e3o da jornalista Gisele Almeida<\/em><\/strong><\/p>\n","protected":false},"excerpt":{"rendered":"<p>O dia 8 de mar\u00e7o \u00e9 celebrado em todo o mundo para reconhecer as conquistas sociais, pol\u00edticas e culturais das mulheres. O Dia Internacional da Mulher tamb\u00e9m \u00e9 uma oportunidade de chamar aten\u00e7\u00e3o \u00e0s necessidade de acelerar os movimentos em dire\u00e7\u00e3o \u00e0 igualdade de direitos e de condi\u00e7\u00f5es em rela\u00e7\u00e3o aos homens. Por muito tempo, [&hellip;]<\/p>\n","protected":false},"author":4,"featured_media":128655,"comment_status":"open","ping_status":"open","sticky":false,"template":"","format":"standard","meta":{"jnews-multi-image_gallery":[],"jnews_single_post":{"source_name":"","source_url":"","via_name":"","via_url":"","override_template":"0","override":[{"template":"custom","single_blog_custom":"110746","parallax":"1","fullscreen":"1","layout":"right-sidebar","sidebar":"default-sidebar","second_sidebar":"default-sidebar","sticky_sidebar":"1","share_position":"top","share_float_style":"share-monocrhome","show_share_counter":"1","show_view_counter":"1","show_featured":"1","show_post_meta":"1","show_post_author":"1","show_post_author_image":"1","show_post_date":"1","post_date_format":"default","post_date_format_custom":"Y\/m\/d","show_post_category":"1","show_post_reading_time":"0","post_reading_time_wpm":"300","show_zoom_button":"0","zoom_button_out_step":"2","zoom_button_in_step":"3","show_post_tag":"1","show_prev_next_post":"1","show_popup_post":"1","number_popup_post":"1","show_author_box":"0","show_post_related":"1","show_inline_post_related":"0"}],"override_image_size":"0","image_override":[{"single_post_thumbnail_size":"crop-500","single_post_gallery_size":"crop-500"}],"trending_post":"0","trending_post_position":"meta","trending_post_label":"Trending","sponsored_post":"0","sponsored_post_label":"Sponsored by","sponsored_post_name":"","sponsored_post_url":"","sponsored_post_logo_enable":"0","sponsored_post_logo":"","sponsored_post_desc":"","disable_ad":"0"},"jnews_primary_category":{"id":"","hide":""},"jnews_social_meta":{"fb_title":"","fb_description":"","fb_image":"","twitter_title":"","twitter_description":"","twitter_image":""},"jnews_review":[],"enable_review":"0","type":"percentage","name":"","summary":"","brand":"","sku":"","good":[{"good_text":""}],"bad":[{"bad_text":""}],"score_override":"0","override_value":"","rating":[{"rating_text":"","rating_number":"10"}],"price":[{"shop":"","price":"","link":"","icon":""}],"footnotes":""},"categories":[54],"tags":[152],"class_list":["post-128653","post","type-post","status-publish","format-standard","has-post-thumbnail","hentry","category-cotidiano","tag-destaque"],"yoast_head":"<!-- This site is optimized with the Yoast SEO plugin v26.5 - https:\/\/yoast.com\/wordpress\/plugins\/seo\/ -->\n<title>Apaixonada por livros desde a inf\u00e2ncia, pedagoga cria projetos para incentivar leitura em crian\u00e7as da zona rural do Acre - Agazeta.net<\/title>\n<meta name=\"robots\" content=\"index, follow, max-snippet:-1, max-image-preview:large, max-video-preview:-1\" \/>\n<link rel=\"canonical\" href=\"https:\/\/nk7-testes.com.br\/agazeta\/apaixonada-por-livros-desde-a-infancia-pedagoga-cria-projetos-para-incentivar-leitura-em-criancas-da-zona-rural-do-acre\/\" \/>\n<meta property=\"og:locale\" content=\"pt_BR\" \/>\n<meta property=\"og:type\" content=\"article\" \/>\n<meta property=\"og:title\" content=\"Apaixonada por livros desde a inf\u00e2ncia, pedagoga cria projetos para incentivar leitura em crian\u00e7as da zona rural do Acre\" \/>\n<meta property=\"og:description\" content=\"Maria da Concei\u00e7\u00e3o come\u00e7ou a dar aula ainda na adolesc\u00eancia, quando estava no 8\u00b0 ano do ensino fundamental\" \/>\n<meta property=\"og:url\" content=\"https:\/\/nk7-testes.com.br\/agazeta\/apaixonada-por-livros-desde-a-infancia-pedagoga-cria-projetos-para-incentivar-leitura-em-criancas-da-zona-rural-do-acre\/\" \/>\n<meta property=\"og:site_name\" content=\"Agazeta.net\" \/>\n<meta property=\"article:published_time\" content=\"2024-03-08T20:02:03+00:00\" \/>\n<meta property=\"article:modified_time\" content=\"2024-03-08T20:16:46+00:00\" \/>\n<meta property=\"og:image\" content=\"https:\/\/nk7-testes.com.br\/agazeta\/wp-content\/uploads\/2024\/03\/66C7484A-8A99-4552-B87C-73485D82FDF6-1536x1024-1-jpeg.webp\" \/>\n\t<meta property=\"og:image:width\" content=\"800\" \/>\n\t<meta property=\"og:image:height\" content=\"403\" \/>\n\t<meta property=\"og:image:type\" content=\"image\/jpeg\" \/>\n<meta name=\"author\" content=\"Agazeta.Net\" \/>\n<meta name=\"twitter:card\" content=\"summary_large_image\" \/>\n<meta name=\"twitter:label1\" content=\"Escrito por\" \/>\n\t<meta name=\"twitter:data1\" content=\"Agazeta.Net\" \/>\n\t<meta name=\"twitter:label2\" content=\"Est. tempo de leitura\" \/>\n\t<meta name=\"twitter:data2\" content=\"11 minutos\" \/>\n<script type=\"application\/ld+json\" class=\"yoast-schema-graph\">{\"@context\":\"https:\/\/schema.org\",\"@graph\":[{\"@type\":\"WebPage\",\"@id\":\"https:\/\/nk7-testes.com.br\/agazeta\/apaixonada-por-livros-desde-a-infancia-pedagoga-cria-projetos-para-incentivar-leitura-em-criancas-da-zona-rural-do-acre\/\",\"url\":\"https:\/\/nk7-testes.com.br\/agazeta\/apaixonada-por-livros-desde-a-infancia-pedagoga-cria-projetos-para-incentivar-leitura-em-criancas-da-zona-rural-do-acre\/\",\"name\":\"Apaixonada por livros desde a inf\u00e2ncia, pedagoga cria projetos para incentivar leitura em crian\u00e7as da zona rural do Acre - Agazeta.net\",\"isPartOf\":{\"@id\":\"https:\/\/nk7-testes.com.br\/agazeta\/#website\"},\"primaryImageOfPage\":{\"@id\":\"https:\/\/nk7-testes.com.br\/agazeta\/apaixonada-por-livros-desde-a-infancia-pedagoga-cria-projetos-para-incentivar-leitura-em-criancas-da-zona-rural-do-acre\/#primaryimage\"},\"image\":{\"@id\":\"https:\/\/nk7-testes.com.br\/agazeta\/apaixonada-por-livros-desde-a-infancia-pedagoga-cria-projetos-para-incentivar-leitura-em-criancas-da-zona-rural-do-acre\/#primaryimage\"},\"thumbnailUrl\":\"https:\/\/nk7-testes.com.br\/agazeta\/wp-content\/uploads\/2024\/03\/66C7484A-8A99-4552-B87C-73485D82FDF6-1536x1024-1-jpeg.webp\",\"datePublished\":\"2024-03-08T20:02:03+00:00\",\"dateModified\":\"2024-03-08T20:16:46+00:00\",\"author\":{\"@id\":\"https:\/\/nk7-testes.com.br\/agazeta\/#\/schema\/person\/ff6b39d54d6973bfc57f4140f659b23f\"},\"breadcrumb\":{\"@id\":\"https:\/\/nk7-testes.com.br\/agazeta\/apaixonada-por-livros-desde-a-infancia-pedagoga-cria-projetos-para-incentivar-leitura-em-criancas-da-zona-rural-do-acre\/#breadcrumb\"},\"inLanguage\":\"pt-BR\",\"potentialAction\":[{\"@type\":\"ReadAction\",\"target\":[\"https:\/\/nk7-testes.com.br\/agazeta\/apaixonada-por-livros-desde-a-infancia-pedagoga-cria-projetos-para-incentivar-leitura-em-criancas-da-zona-rural-do-acre\/\"]}]},{\"@type\":\"ImageObject\",\"inLanguage\":\"pt-BR\",\"@id\":\"https:\/\/nk7-testes.com.br\/agazeta\/apaixonada-por-livros-desde-a-infancia-pedagoga-cria-projetos-para-incentivar-leitura-em-criancas-da-zona-rural-do-acre\/#primaryimage\",\"url\":\"https:\/\/nk7-testes.com.br\/agazeta\/wp-content\/uploads\/2024\/03\/66C7484A-8A99-4552-B87C-73485D82FDF6-1536x1024-1-jpeg.webp\",\"contentUrl\":\"https:\/\/nk7-testes.com.br\/agazeta\/wp-content\/uploads\/2024\/03\/66C7484A-8A99-4552-B87C-73485D82FDF6-1536x1024-1-jpeg.webp\",\"width\":800,\"height\":403,\"caption\":\"Foto: Marcos Vicentti\/Secom\"},{\"@type\":\"BreadcrumbList\",\"@id\":\"https:\/\/nk7-testes.com.br\/agazeta\/apaixonada-por-livros-desde-a-infancia-pedagoga-cria-projetos-para-incentivar-leitura-em-criancas-da-zona-rural-do-acre\/#breadcrumb\",\"itemListElement\":[{\"@type\":\"ListItem\",\"position\":1,\"name\":\"In\u00edcio\",\"item\":\"https:\/\/nk7-testes.com.br\/agazeta\/\"},{\"@type\":\"ListItem\",\"position\":2,\"name\":\"Apaixonada por livros desde a inf\u00e2ncia, pedagoga cria projetos para incentivar leitura em crian\u00e7as da zona rural do Acre\"}]},{\"@type\":\"WebSite\",\"@id\":\"https:\/\/nk7-testes.com.br\/agazeta\/#website\",\"url\":\"https:\/\/nk7-testes.com.br\/agazeta\/\",\"name\":\"Agazeta.net\",\"description\":\"Agazeta.net - Not\u00edcias de Rio Branco\/AC\",\"potentialAction\":[{\"@type\":\"SearchAction\",\"target\":{\"@type\":\"EntryPoint\",\"urlTemplate\":\"https:\/\/nk7-testes.com.br\/agazeta\/?s={search_term_string}\"},\"query-input\":{\"@type\":\"PropertyValueSpecification\",\"valueRequired\":true,\"valueName\":\"search_term_string\"}}],\"inLanguage\":\"pt-BR\"},{\"@type\":\"Person\",\"@id\":\"https:\/\/nk7-testes.com.br\/agazeta\/#\/schema\/person\/ff6b39d54d6973bfc57f4140f659b23f\",\"name\":\"Agazeta.Net\",\"url\":\"https:\/\/nk7-testes.com.br\/agazeta\/author\/agazeta\/\"}]}<\/script>\n<!-- \/ Yoast SEO plugin. -->","yoast_head_json":{"title":"Apaixonada por livros desde a inf\u00e2ncia, pedagoga cria projetos para incentivar leitura em crian\u00e7as da zona rural do Acre - Agazeta.net","robots":{"index":"index","follow":"follow","max-snippet":"max-snippet:-1","max-image-preview":"max-image-preview:large","max-video-preview":"max-video-preview:-1"},"canonical":"https:\/\/nk7-testes.com.br\/agazeta\/apaixonada-por-livros-desde-a-infancia-pedagoga-cria-projetos-para-incentivar-leitura-em-criancas-da-zona-rural-do-acre\/","og_locale":"pt_BR","og_type":"article","og_title":"Apaixonada por livros desde a inf\u00e2ncia, pedagoga cria projetos para incentivar leitura em crian\u00e7as da zona rural do Acre","og_description":"Maria da Concei\u00e7\u00e3o come\u00e7ou a dar aula ainda na adolesc\u00eancia, quando estava no 8\u00b0 ano do ensino fundamental","og_url":"https:\/\/nk7-testes.com.br\/agazeta\/apaixonada-por-livros-desde-a-infancia-pedagoga-cria-projetos-para-incentivar-leitura-em-criancas-da-zona-rural-do-acre\/","og_site_name":"Agazeta.net","article_published_time":"2024-03-08T20:02:03+00:00","article_modified_time":"2024-03-08T20:16:46+00:00","og_image":[{"width":800,"height":403,"url":"https:\/\/nk7-testes.com.br\/agazeta\/wp-content\/uploads\/2024\/03\/66C7484A-8A99-4552-B87C-73485D82FDF6-1536x1024-1-jpeg.webp","type":"image\/jpeg"}],"author":"Agazeta.Net","twitter_card":"summary_large_image","twitter_misc":{"Escrito por":"Agazeta.Net","Est. tempo de leitura":"11 minutos"},"schema":{"@context":"https:\/\/schema.org","@graph":[{"@type":"WebPage","@id":"https:\/\/nk7-testes.com.br\/agazeta\/apaixonada-por-livros-desde-a-infancia-pedagoga-cria-projetos-para-incentivar-leitura-em-criancas-da-zona-rural-do-acre\/","url":"https:\/\/nk7-testes.com.br\/agazeta\/apaixonada-por-livros-desde-a-infancia-pedagoga-cria-projetos-para-incentivar-leitura-em-criancas-da-zona-rural-do-acre\/","name":"Apaixonada por livros desde a inf\u00e2ncia, pedagoga cria projetos para incentivar leitura em crian\u00e7as da zona rural do Acre - Agazeta.net","isPartOf":{"@id":"https:\/\/nk7-testes.com.br\/agazeta\/#website"},"primaryImageOfPage":{"@id":"https:\/\/nk7-testes.com.br\/agazeta\/apaixonada-por-livros-desde-a-infancia-pedagoga-cria-projetos-para-incentivar-leitura-em-criancas-da-zona-rural-do-acre\/#primaryimage"},"image":{"@id":"https:\/\/nk7-testes.com.br\/agazeta\/apaixonada-por-livros-desde-a-infancia-pedagoga-cria-projetos-para-incentivar-leitura-em-criancas-da-zona-rural-do-acre\/#primaryimage"},"thumbnailUrl":"https:\/\/nk7-testes.com.br\/agazeta\/wp-content\/uploads\/2024\/03\/66C7484A-8A99-4552-B87C-73485D82FDF6-1536x1024-1-jpeg.webp","datePublished":"2024-03-08T20:02:03+00:00","dateModified":"2024-03-08T20:16:46+00:00","author":{"@id":"https:\/\/nk7-testes.com.br\/agazeta\/#\/schema\/person\/ff6b39d54d6973bfc57f4140f659b23f"},"breadcrumb":{"@id":"https:\/\/nk7-testes.com.br\/agazeta\/apaixonada-por-livros-desde-a-infancia-pedagoga-cria-projetos-para-incentivar-leitura-em-criancas-da-zona-rural-do-acre\/#breadcrumb"},"inLanguage":"pt-BR","potentialAction":[{"@type":"ReadAction","target":["https:\/\/nk7-testes.com.br\/agazeta\/apaixonada-por-livros-desde-a-infancia-pedagoga-cria-projetos-para-incentivar-leitura-em-criancas-da-zona-rural-do-acre\/"]}]},{"@type":"ImageObject","inLanguage":"pt-BR","@id":"https:\/\/nk7-testes.com.br\/agazeta\/apaixonada-por-livros-desde-a-infancia-pedagoga-cria-projetos-para-incentivar-leitura-em-criancas-da-zona-rural-do-acre\/#primaryimage","url":"https:\/\/nk7-testes.com.br\/agazeta\/wp-content\/uploads\/2024\/03\/66C7484A-8A99-4552-B87C-73485D82FDF6-1536x1024-1-jpeg.webp","contentUrl":"https:\/\/nk7-testes.com.br\/agazeta\/wp-content\/uploads\/2024\/03\/66C7484A-8A99-4552-B87C-73485D82FDF6-1536x1024-1-jpeg.webp","width":800,"height":403,"caption":"Foto: Marcos Vicentti\/Secom"},{"@type":"BreadcrumbList","@id":"https:\/\/nk7-testes.com.br\/agazeta\/apaixonada-por-livros-desde-a-infancia-pedagoga-cria-projetos-para-incentivar-leitura-em-criancas-da-zona-rural-do-acre\/#breadcrumb","itemListElement":[{"@type":"ListItem","position":1,"name":"In\u00edcio","item":"https:\/\/nk7-testes.com.br\/agazeta\/"},{"@type":"ListItem","position":2,"name":"Apaixonada por livros desde a inf\u00e2ncia, pedagoga cria projetos para incentivar leitura em crian\u00e7as da zona rural do Acre"}]},{"@type":"WebSite","@id":"https:\/\/nk7-testes.com.br\/agazeta\/#website","url":"https:\/\/nk7-testes.com.br\/agazeta\/","name":"Agazeta.net","description":"Agazeta.net - Not\u00edcias de Rio Branco\/AC","potentialAction":[{"@type":"SearchAction","target":{"@type":"EntryPoint","urlTemplate":"https:\/\/nk7-testes.com.br\/agazeta\/?s={search_term_string}"},"query-input":{"@type":"PropertyValueSpecification","valueRequired":true,"valueName":"search_term_string"}}],"inLanguage":"pt-BR"},{"@type":"Person","@id":"https:\/\/nk7-testes.com.br\/agazeta\/#\/schema\/person\/ff6b39d54d6973bfc57f4140f659b23f","name":"Agazeta.Net","url":"https:\/\/nk7-testes.com.br\/agazeta\/author\/agazeta\/"}]}},"_links":{"self":[{"href":"https:\/\/nk7-testes.com.br\/agazeta\/wp-json\/wp\/v2\/posts\/128653","targetHints":{"allow":["GET"]}}],"collection":[{"href":"https:\/\/nk7-testes.com.br\/agazeta\/wp-json\/wp\/v2\/posts"}],"about":[{"href":"https:\/\/nk7-testes.com.br\/agazeta\/wp-json\/wp\/v2\/types\/post"}],"author":[{"embeddable":true,"href":"https:\/\/nk7-testes.com.br\/agazeta\/wp-json\/wp\/v2\/users\/4"}],"replies":[{"embeddable":true,"href":"https:\/\/nk7-testes.com.br\/agazeta\/wp-json\/wp\/v2\/comments?post=128653"}],"version-history":[{"count":0,"href":"https:\/\/nk7-testes.com.br\/agazeta\/wp-json\/wp\/v2\/posts\/128653\/revisions"}],"wp:featuredmedia":[{"embeddable":true,"href":"https:\/\/nk7-testes.com.br\/agazeta\/wp-json\/wp\/v2\/media\/128655"}],"wp:attachment":[{"href":"https:\/\/nk7-testes.com.br\/agazeta\/wp-json\/wp\/v2\/media?parent=128653"}],"wp:term":[{"taxonomy":"category","embeddable":true,"href":"https:\/\/nk7-testes.com.br\/agazeta\/wp-json\/wp\/v2\/categories?post=128653"},{"taxonomy":"post_tag","embeddable":true,"href":"https:\/\/nk7-testes.com.br\/agazeta\/wp-json\/wp\/v2\/tags?post=128653"}],"curies":[{"name":"wp","href":"https:\/\/api.w.org\/{rel}","templated":true}]}}