{"id":128497,"date":"2024-03-06T13:26:15","date_gmt":"2024-03-06T18:26:15","guid":{"rendered":"https:\/\/nk7-testes.com.br\/?p=128497"},"modified":"2024-03-06T13:26:15","modified_gmt":"2024-03-06T18:26:15","slug":"apos-problemas-na-eta-ii-mais-de-30-bairros-de-rio-branco-tem-abastecimento-de-agua-comprometido-veja-quais","status":"publish","type":"post","link":"https:\/\/nk7-testes.com.br\/agazeta\/apos-problemas-na-eta-ii-mais-de-30-bairros-de-rio-branco-tem-abastecimento-de-agua-comprometido-veja-quais\/","title":{"rendered":"Ap\u00f3s problemas na ETA II, mais de 30 bairros de Rio Branco t\u00eam abastecimento de \u00e1gua comprometido; veja quais"},"content":{"rendered":"<p style=\"text-align: justify;\">O Servi\u00e7o de \u00c1gua e Esgoto de Rio Branco (Saerb), atrav\u00e9s de um v\u00eddeo publicado nas redes sociais na noite desta ter\u00e7a-feira (5), explica que, por conta da cheia do Rio Acre, a balsa da bomba de capta\u00e7\u00e3o ETA II foi comprometida pela for\u00e7a da correnteza. Por conta disso, \u00e9 necess\u00e1rio realizar reparos no sistema de bombeamento e algumas regi\u00f5es da cidade v\u00e3o ser afetadas com a falta de \u00e1gua pot\u00e1vel nos pr\u00f3ximos dias.<\/p>\n<p style=\"text-align: justify;\">Segundo o diretor-presidente do Saerb, Enoque Pereira, tudo est\u00e1 sendo feito para solucionar o problema o mais r\u00e1pido poss\u00edvel, mas, que no momento, ainda n\u00e3o existe prazo estabelecido para normaliza\u00e7\u00e3o. Na manh\u00e3 desta quarta-feira (6), o \u00f3rg\u00e3o divulgou a lista de bairros que v\u00e3o ser afetados com a falta de \u00e1gua na capital. Confira a rela\u00e7\u00e3o de bairros:<\/p>\n<ul>\n<li style=\"text-align: justify;\">Placas, Raimundo Melo, Reserva do Bosque, Bairro Novo Cruzeiro, Rua Joaquim Macedo, Oscar Passos ll e lll, Adalberto Sena, Xavier Maia, Vanderlei Dantas, Loteamento C\u00e9u Azul, Conjunto Solar, Conjunto Procon, Vila Ivonete, Conquista, Manoel Juli\u00e3o, Nova Esta\u00e7\u00e3o, Geraldo Fleming, Jardim Am\u00e9rica, Avenida Ant\u00f4nio da Rocha Viana (at\u00e9 a Afeletro), Conjunto Vilage, Parte da Avenida Get\u00falio Vargas (at\u00e9 a escola Louren\u00e7o Filho).<\/li>\n<\/ul>\n<p style=\"text-align: justify;\">Algumas outras regi\u00f5es da capital tamb\u00e9m v\u00e3o ser afetadas, mas com apenas um atraso. O Servi\u00e7o de \u00c1gua e Esgoto divulgou a lista para as pessoas reduzirem o consumo do l\u00edquido nesses locais. Veja:<\/p>\n<ul>\n<li style=\"text-align: justify;\">Castelo Branco, Bela Vista, Mascarenhas de Moraes, Abra\u00e3o Alab, Esta\u00e7\u00e3o Experimental, Ivete Vargas, Centro, Bosque, Cohab do Bosque, Avi\u00e1rio, Base, Morada do Sol, Tropical, Cadeia Velha, Habitasa, Adalberto Arag\u00e3o e S\u00e3o Francisco.<\/li>\n<\/ul>\n<h4>Isolados pela alaga\u00e7\u00e3o denunciam falta d&#8217;\u00e1gua<\/h4>\n<p style=\"text-align: justify;\">Na regi\u00e3o da Sobral, em Rio Branco, alguns bairros j\u00e1 est\u00e3o atingidos pelo transbordamento de igarap\u00e9s. No bairro Bahia, em algumas ruas, o acesso agora se d\u00e1 apenas por canoa. Sem saber se a situa\u00e7\u00e3o ir\u00e1 piorar ou melhorar, muitas pessoas j\u00e1 sa\u00edram de casa e buscaram abrigo em outros lugares.<\/p>\n<p style=\"text-align: justify;\">Apesar disso, a situa\u00e7\u00e3o dos moradores do bairro Bahia fica ainda mais complicada, porque, al\u00e9m deles enfrentarem a cheia do igarap\u00e9, faz mais de uma semana que o fornecimento de \u00e1gua tratada do Servi\u00e7o de \u00c1gua e Esgoto de Rio Branco (Saerb) est\u00e1 irregular.<\/p>\n<p style=\"text-align: justify;\">Sem \u00e1gua fica ainda mais dif\u00edcil enfrentar a alaga\u00e7\u00e3o. Isoladas, as fam\u00edlias que permanecem no bairro j\u00e1 n\u00e3o t\u00eam nem mais dinheiro para comprar \u00e1gua tratada. E mesmo se tivessem, o carro pipa n\u00e3o teria como chegar at\u00e9 elas, devido a enchente.<\/p>\n<p>https:\/\/nk7-testes.com.br\/isolados-devido-enchente-moradores-denunciam-falta-de-agua-tratada-em-bairros-de-rio-branco\/<\/p>\n","protected":false},"excerpt":{"rendered":"<p>O Servi\u00e7o de \u00c1gua e Esgoto de Rio Branco (Saerb), atrav\u00e9s de um v\u00eddeo publicado nas redes sociais na noite desta ter\u00e7a-feira (5), explica que, por conta da cheia do Rio Acre, a balsa da bomba de capta\u00e7\u00e3o ETA II foi comprometida pela for\u00e7a da correnteza. Por conta disso, \u00e9 necess\u00e1rio realizar reparos no sistema [&hellip;]<\/p>\n","protected":false},"author":4,"featured_media":128498,"comment_status":"open","ping_status":"open","sticky":false,"template":"","format":"standard","meta":{"jnews-multi-image_gallery":[],"jnews_single_post":{"source_name":"","source_url":"","via_name":"","via_url":"","override_template":"0","override":[{"template":"custom","single_blog_custom":"110746","parallax":"1","fullscreen":"1","layout":"right-sidebar","sidebar":"default-sidebar","second_sidebar":"default-sidebar","sticky_sidebar":"1","share_position":"top","share_float_style":"share-monocrhome","show_share_counter":"1","show_view_counter":"1","show_featured":"1","show_post_meta":"1","show_post_author":"1","show_post_author_image":"1","show_post_date":"1","post_date_format":"default","post_date_format_custom":"Y\/m\/d","show_post_category":"1","show_post_reading_time":"0","post_reading_time_wpm":"300","show_zoom_button":"0","zoom_button_out_step":"2","zoom_button_in_step":"3","show_post_tag":"1","show_prev_next_post":"1","show_popup_post":"1","number_popup_post":"1","show_author_box":"0","show_post_related":"1","show_inline_post_related":"0"}],"override_image_size":"0","image_override":[{"single_post_thumbnail_size":"crop-500","single_post_gallery_size":"crop-500"}],"trending_post":"0","trending_post_position":"meta","trending_post_label":"Trending","sponsored_post":"0","sponsored_post_label":"Sponsored by","sponsored_post_name":"","sponsored_post_url":"","sponsored_post_logo_enable":"0","sponsored_post_logo":"","sponsored_post_desc":"","disable_ad":"0"},"jnews_primary_category":{"id":"","hide":""},"jnews_social_meta":{"fb_title":"","fb_description":"","fb_image":"","twitter_title":"","twitter_description":"","twitter_image":""},"jnews_review":[],"enable_review":"0","type":"percentage","name":"","summary":"","brand":"","sku":"","good":[{"good_text":""}],"bad":[{"bad_text":""}],"score_override":"0","override_value":"","rating":[{"rating_text":"","rating_number":"10"}],"price":[{"shop":"","price":"","link":"","icon":""}],"footnotes":""},"categories":[54],"tags":[152],"class_list":["post-128497","post","type-post","status-publish","format-standard","has-post-thumbnail","hentry","category-cotidiano","tag-destaque"],"yoast_head":"<!-- This site is optimized with the Yoast SEO plugin v26.5 - https:\/\/yoast.com\/wordpress\/plugins\/seo\/ -->\n<title>Ap\u00f3s problemas na ETA II, mais de 30 bairros de Rio Branco t\u00eam abastecimento de \u00e1gua comprometido; veja quais - Agazeta.net<\/title>\n<meta name=\"robots\" content=\"index, follow, max-snippet:-1, max-image-preview:large, max-video-preview:-1\" \/>\n<link rel=\"canonical\" href=\"https:\/\/nk7-testes.com.br\/agazeta\/apos-problemas-na-eta-ii-mais-de-30-bairros-de-rio-branco-tem-abastecimento-de-agua-comprometido-veja-quais\/\" \/>\n<meta property=\"og:locale\" content=\"pt_BR\" \/>\n<meta property=\"og:type\" content=\"article\" \/>\n<meta property=\"og:title\" content=\"Ap\u00f3s problemas na ETA II, mais de 30 bairros de Rio Branco t\u00eam abastecimento de \u00e1gua comprometido; veja quais\" \/>\n<meta property=\"og:description\" content=\"O diretor-presidente do Saerb, Enoque Pereira, afirma que tudo est\u00e1 sendo feito para solucionar o problema\" \/>\n<meta property=\"og:url\" content=\"https:\/\/nk7-testes.com.br\/agazeta\/apos-problemas-na-eta-ii-mais-de-30-bairros-de-rio-branco-tem-abastecimento-de-agua-comprometido-veja-quais\/\" \/>\n<meta property=\"og:site_name\" content=\"Agazeta.net\" \/>\n<meta property=\"article:published_time\" content=\"2024-03-06T18:26:15+00:00\" \/>\n<meta property=\"og:image\" content=\"https:\/\/nk7-testes.com.br\/agazeta\/wp-content\/uploads\/2024\/03\/FOTOSFEVEREIRO01TRABALHOS-SAERB-DIA30-1-16-jpeg.webp\" \/>\n\t<meta property=\"og:image:width\" content=\"800\" \/>\n\t<meta property=\"og:image:height\" content=\"397\" \/>\n\t<meta property=\"og:image:type\" content=\"image\/jpeg\" \/>\n<meta name=\"author\" content=\"Agazeta.Net\" \/>\n<meta name=\"twitter:card\" content=\"summary_large_image\" \/>\n<meta name=\"twitter:label1\" content=\"Escrito por\" \/>\n\t<meta name=\"twitter:data1\" content=\"Agazeta.Net\" \/>\n\t<meta name=\"twitter:label2\" content=\"Est. tempo de leitura\" \/>\n\t<meta name=\"twitter:data2\" content=\"2 minutos\" \/>\n<script type=\"application\/ld+json\" class=\"yoast-schema-graph\">{\"@context\":\"https:\/\/schema.org\",\"@graph\":[{\"@type\":\"WebPage\",\"@id\":\"https:\/\/nk7-testes.com.br\/agazeta\/apos-problemas-na-eta-ii-mais-de-30-bairros-de-rio-branco-tem-abastecimento-de-agua-comprometido-veja-quais\/\",\"url\":\"https:\/\/nk7-testes.com.br\/agazeta\/apos-problemas-na-eta-ii-mais-de-30-bairros-de-rio-branco-tem-abastecimento-de-agua-comprometido-veja-quais\/\",\"name\":\"Ap\u00f3s problemas na ETA II, mais de 30 bairros de Rio Branco t\u00eam abastecimento de \u00e1gua comprometido; veja quais - Agazeta.net\",\"isPartOf\":{\"@id\":\"https:\/\/nk7-testes.com.br\/agazeta\/#website\"},\"primaryImageOfPage\":{\"@id\":\"https:\/\/nk7-testes.com.br\/agazeta\/apos-problemas-na-eta-ii-mais-de-30-bairros-de-rio-branco-tem-abastecimento-de-agua-comprometido-veja-quais\/#primaryimage\"},\"image\":{\"@id\":\"https:\/\/nk7-testes.com.br\/agazeta\/apos-problemas-na-eta-ii-mais-de-30-bairros-de-rio-branco-tem-abastecimento-de-agua-comprometido-veja-quais\/#primaryimage\"},\"thumbnailUrl\":\"https:\/\/nk7-testes.com.br\/agazeta\/wp-content\/uploads\/2024\/03\/FOTOSFEVEREIRO01TRABALHOS-SAERB-DIA30-1-16-jpeg.webp\",\"datePublished\":\"2024-03-06T18:26:15+00:00\",\"author\":{\"@id\":\"https:\/\/nk7-testes.com.br\/agazeta\/#\/schema\/person\/ff6b39d54d6973bfc57f4140f659b23f\"},\"breadcrumb\":{\"@id\":\"https:\/\/nk7-testes.com.br\/agazeta\/apos-problemas-na-eta-ii-mais-de-30-bairros-de-rio-branco-tem-abastecimento-de-agua-comprometido-veja-quais\/#breadcrumb\"},\"inLanguage\":\"pt-BR\",\"potentialAction\":[{\"@type\":\"ReadAction\",\"target\":[\"https:\/\/nk7-testes.com.br\/agazeta\/apos-problemas-na-eta-ii-mais-de-30-bairros-de-rio-branco-tem-abastecimento-de-agua-comprometido-veja-quais\/\"]}]},{\"@type\":\"ImageObject\",\"inLanguage\":\"pt-BR\",\"@id\":\"https:\/\/nk7-testes.com.br\/agazeta\/apos-problemas-na-eta-ii-mais-de-30-bairros-de-rio-branco-tem-abastecimento-de-agua-comprometido-veja-quais\/#primaryimage\",\"url\":\"https:\/\/nk7-testes.com.br\/agazeta\/wp-content\/uploads\/2024\/03\/FOTOSFEVEREIRO01TRABALHOS-SAERB-DIA30-1-16-jpeg.webp\",\"contentUrl\":\"https:\/\/nk7-testes.com.br\/agazeta\/wp-content\/uploads\/2024\/03\/FOTOSFEVEREIRO01TRABALHOS-SAERB-DIA30-1-16-jpeg.webp\",\"width\":800,\"height\":397,\"caption\":\"Imagem: Saerb\/Ascom\"},{\"@type\":\"BreadcrumbList\",\"@id\":\"https:\/\/nk7-testes.com.br\/agazeta\/apos-problemas-na-eta-ii-mais-de-30-bairros-de-rio-branco-tem-abastecimento-de-agua-comprometido-veja-quais\/#breadcrumb\",\"itemListElement\":[{\"@type\":\"ListItem\",\"position\":1,\"name\":\"In\u00edcio\",\"item\":\"https:\/\/nk7-testes.com.br\/agazeta\/\"},{\"@type\":\"ListItem\",\"position\":2,\"name\":\"Ap\u00f3s problemas na ETA II, mais de 30 bairros de Rio Branco t\u00eam abastecimento de \u00e1gua comprometido; veja quais\"}]},{\"@type\":\"WebSite\",\"@id\":\"https:\/\/nk7-testes.com.br\/agazeta\/#website\",\"url\":\"https:\/\/nk7-testes.com.br\/agazeta\/\",\"name\":\"Agazeta.net\",\"description\":\"Agazeta.net - Not\u00edcias de Rio Branco\/AC\",\"potentialAction\":[{\"@type\":\"SearchAction\",\"target\":{\"@type\":\"EntryPoint\",\"urlTemplate\":\"https:\/\/nk7-testes.com.br\/agazeta\/?s={search_term_string}\"},\"query-input\":{\"@type\":\"PropertyValueSpecification\",\"valueRequired\":true,\"valueName\":\"search_term_string\"}}],\"inLanguage\":\"pt-BR\"},{\"@type\":\"Person\",\"@id\":\"https:\/\/nk7-testes.com.br\/agazeta\/#\/schema\/person\/ff6b39d54d6973bfc57f4140f659b23f\",\"name\":\"Agazeta.Net\",\"url\":\"https:\/\/nk7-testes.com.br\/agazeta\/author\/agazeta\/\"}]}<\/script>\n<!-- \/ Yoast SEO plugin. -->","yoast_head_json":{"title":"Ap\u00f3s problemas na ETA II, mais de 30 bairros de Rio Branco t\u00eam abastecimento de \u00e1gua comprometido; veja quais - Agazeta.net","robots":{"index":"index","follow":"follow","max-snippet":"max-snippet:-1","max-image-preview":"max-image-preview:large","max-video-preview":"max-video-preview:-1"},"canonical":"https:\/\/nk7-testes.com.br\/agazeta\/apos-problemas-na-eta-ii-mais-de-30-bairros-de-rio-branco-tem-abastecimento-de-agua-comprometido-veja-quais\/","og_locale":"pt_BR","og_type":"article","og_title":"Ap\u00f3s problemas na ETA II, mais de 30 bairros de Rio Branco t\u00eam abastecimento de \u00e1gua comprometido; veja quais","og_description":"O diretor-presidente do Saerb, Enoque Pereira, afirma que tudo est\u00e1 sendo feito para solucionar o problema","og_url":"https:\/\/nk7-testes.com.br\/agazeta\/apos-problemas-na-eta-ii-mais-de-30-bairros-de-rio-branco-tem-abastecimento-de-agua-comprometido-veja-quais\/","og_site_name":"Agazeta.net","article_published_time":"2024-03-06T18:26:15+00:00","og_image":[{"width":800,"height":397,"url":"https:\/\/nk7-testes.com.br\/agazeta\/wp-content\/uploads\/2024\/03\/FOTOSFEVEREIRO01TRABALHOS-SAERB-DIA30-1-16-jpeg.webp","type":"image\/jpeg"}],"author":"Agazeta.Net","twitter_card":"summary_large_image","twitter_misc":{"Escrito por":"Agazeta.Net","Est. tempo de leitura":"2 minutos"},"schema":{"@context":"https:\/\/schema.org","@graph":[{"@type":"WebPage","@id":"https:\/\/nk7-testes.com.br\/agazeta\/apos-problemas-na-eta-ii-mais-de-30-bairros-de-rio-branco-tem-abastecimento-de-agua-comprometido-veja-quais\/","url":"https:\/\/nk7-testes.com.br\/agazeta\/apos-problemas-na-eta-ii-mais-de-30-bairros-de-rio-branco-tem-abastecimento-de-agua-comprometido-veja-quais\/","name":"Ap\u00f3s problemas na ETA II, mais de 30 bairros de Rio Branco t\u00eam abastecimento de \u00e1gua comprometido; veja quais - Agazeta.net","isPartOf":{"@id":"https:\/\/nk7-testes.com.br\/agazeta\/#website"},"primaryImageOfPage":{"@id":"https:\/\/nk7-testes.com.br\/agazeta\/apos-problemas-na-eta-ii-mais-de-30-bairros-de-rio-branco-tem-abastecimento-de-agua-comprometido-veja-quais\/#primaryimage"},"image":{"@id":"https:\/\/nk7-testes.com.br\/agazeta\/apos-problemas-na-eta-ii-mais-de-30-bairros-de-rio-branco-tem-abastecimento-de-agua-comprometido-veja-quais\/#primaryimage"},"thumbnailUrl":"https:\/\/nk7-testes.com.br\/agazeta\/wp-content\/uploads\/2024\/03\/FOTOSFEVEREIRO01TRABALHOS-SAERB-DIA30-1-16-jpeg.webp","datePublished":"2024-03-06T18:26:15+00:00","author":{"@id":"https:\/\/nk7-testes.com.br\/agazeta\/#\/schema\/person\/ff6b39d54d6973bfc57f4140f659b23f"},"breadcrumb":{"@id":"https:\/\/nk7-testes.com.br\/agazeta\/apos-problemas-na-eta-ii-mais-de-30-bairros-de-rio-branco-tem-abastecimento-de-agua-comprometido-veja-quais\/#breadcrumb"},"inLanguage":"pt-BR","potentialAction":[{"@type":"ReadAction","target":["https:\/\/nk7-testes.com.br\/agazeta\/apos-problemas-na-eta-ii-mais-de-30-bairros-de-rio-branco-tem-abastecimento-de-agua-comprometido-veja-quais\/"]}]},{"@type":"ImageObject","inLanguage":"pt-BR","@id":"https:\/\/nk7-testes.com.br\/agazeta\/apos-problemas-na-eta-ii-mais-de-30-bairros-de-rio-branco-tem-abastecimento-de-agua-comprometido-veja-quais\/#primaryimage","url":"https:\/\/nk7-testes.com.br\/agazeta\/wp-content\/uploads\/2024\/03\/FOTOSFEVEREIRO01TRABALHOS-SAERB-DIA30-1-16-jpeg.webp","contentUrl":"https:\/\/nk7-testes.com.br\/agazeta\/wp-content\/uploads\/2024\/03\/FOTOSFEVEREIRO01TRABALHOS-SAERB-DIA30-1-16-jpeg.webp","width":800,"height":397,"caption":"Imagem: Saerb\/Ascom"},{"@type":"BreadcrumbList","@id":"https:\/\/nk7-testes.com.br\/agazeta\/apos-problemas-na-eta-ii-mais-de-30-bairros-de-rio-branco-tem-abastecimento-de-agua-comprometido-veja-quais\/#breadcrumb","itemListElement":[{"@type":"ListItem","position":1,"name":"In\u00edcio","item":"https:\/\/nk7-testes.com.br\/agazeta\/"},{"@type":"ListItem","position":2,"name":"Ap\u00f3s problemas na ETA II, mais de 30 bairros de Rio Branco t\u00eam abastecimento de \u00e1gua comprometido; veja quais"}]},{"@type":"WebSite","@id":"https:\/\/nk7-testes.com.br\/agazeta\/#website","url":"https:\/\/nk7-testes.com.br\/agazeta\/","name":"Agazeta.net","description":"Agazeta.net - Not\u00edcias de Rio Branco\/AC","potentialAction":[{"@type":"SearchAction","target":{"@type":"EntryPoint","urlTemplate":"https:\/\/nk7-testes.com.br\/agazeta\/?s={search_term_string}"},"query-input":{"@type":"PropertyValueSpecification","valueRequired":true,"valueName":"search_term_string"}}],"inLanguage":"pt-BR"},{"@type":"Person","@id":"https:\/\/nk7-testes.com.br\/agazeta\/#\/schema\/person\/ff6b39d54d6973bfc57f4140f659b23f","name":"Agazeta.Net","url":"https:\/\/nk7-testes.com.br\/agazeta\/author\/agazeta\/"}]}},"_links":{"self":[{"href":"https:\/\/nk7-testes.com.br\/agazeta\/wp-json\/wp\/v2\/posts\/128497","targetHints":{"allow":["GET"]}}],"collection":[{"href":"https:\/\/nk7-testes.com.br\/agazeta\/wp-json\/wp\/v2\/posts"}],"about":[{"href":"https:\/\/nk7-testes.com.br\/agazeta\/wp-json\/wp\/v2\/types\/post"}],"author":[{"embeddable":true,"href":"https:\/\/nk7-testes.com.br\/agazeta\/wp-json\/wp\/v2\/users\/4"}],"replies":[{"embeddable":true,"href":"https:\/\/nk7-testes.com.br\/agazeta\/wp-json\/wp\/v2\/comments?post=128497"}],"version-history":[{"count":0,"href":"https:\/\/nk7-testes.com.br\/agazeta\/wp-json\/wp\/v2\/posts\/128497\/revisions"}],"wp:featuredmedia":[{"embeddable":true,"href":"https:\/\/nk7-testes.com.br\/agazeta\/wp-json\/wp\/v2\/media\/128498"}],"wp:attachment":[{"href":"https:\/\/nk7-testes.com.br\/agazeta\/wp-json\/wp\/v2\/media?parent=128497"}],"wp:term":[{"taxonomy":"category","embeddable":true,"href":"https:\/\/nk7-testes.com.br\/agazeta\/wp-json\/wp\/v2\/categories?post=128497"},{"taxonomy":"post_tag","embeddable":true,"href":"https:\/\/nk7-testes.com.br\/agazeta\/wp-json\/wp\/v2\/tags?post=128497"}],"curies":[{"name":"wp","href":"https:\/\/api.w.org\/{rel}","templated":true}]}}