{"id":128461,"date":"2024-03-05T15:02:09","date_gmt":"2024-03-05T20:02:09","guid":{"rendered":"https:\/\/nk7-testes.com.br\/?p=128461"},"modified":"2024-03-05T15:02:09","modified_gmt":"2024-03-05T20:02:09","slug":"justica-acata-denuncia-do-mpac-e-prefeita-de-tarauaca-pode-ser-indiciada-por-homicidio-culposo-entenda","status":"publish","type":"post","link":"https:\/\/nk7-testes.com.br\/agazeta\/justica-acata-denuncia-do-mpac-e-prefeita-de-tarauaca-pode-ser-indiciada-por-homicidio-culposo-entenda\/","title":{"rendered":"Justi\u00e7a acata den\u00fancia do MPAC e prefeita de Tarauac\u00e1 pode ser indiciada por homic\u00eddio culposo; entenda"},"content":{"rendered":"<p style=\"text-align: justify;\">O juiz Guilherme Aparecido do Nascimento Fraga, da Vara Criminal da Comarca de Tarauac\u00e1, ap\u00f3s an\u00e1lise, decidiu acatar a den\u00fancia do Minist\u00e9rio P\u00fablico do Acre (MP\/AC) sobre o poss\u00edvel envolvimento da prefeita do munic\u00edpio, Maria Lucin\u00e9ia Nery, na morte do adolescente Lucas Mesquita da Silva, ocorrida em junho de 2022.<\/p>\n<p style=\"text-align: justify;\">O menor veio a \u00f3bito ao ser soterrado enquanto brincava em uma barreiro que, de acordo com o Minist\u00e9rio P\u00fablico, era uma extra\u00e7\u00e3o mineral inapropriada. Al\u00e9m da prefeita, o secret\u00e1rio de Obras Municipal de Tarauac\u00e1, Antonio Rosenir Arc\u00eanio, tamb\u00e9m \u00e9 uma poss\u00edvel respons\u00e1vel pelo ocorrido e \u00e9 indiciado pelo crime de homic\u00eddio culposo \u201cem raz\u00e3o de conduta omissiva penalmente relevante\u201d.<\/p>\n<p style=\"text-align: justify;\">Os dois tamb\u00e9m podem ser indiciados por crime ambiental, tendo em vista que o MPAC considera a extra\u00e7\u00e3o mineral, que ocorria no munic\u00edpio, ilegal. A decis\u00e3o foi acatada no \u00faltimo dia 23 de fevereiro e encaminhou aos autos ao Tribunal de Justi\u00e7a do Acre (TJAC).<\/p>\n","protected":false},"excerpt":{"rendered":"<p>O juiz Guilherme Aparecido do Nascimento Fraga, da Vara Criminal da Comarca de Tarauac\u00e1, ap\u00f3s an\u00e1lise, decidiu acatar a den\u00fancia do Minist\u00e9rio P\u00fablico do Acre (MP\/AC) sobre o poss\u00edvel envolvimento da prefeita do munic\u00edpio, Maria Lucin\u00e9ia Nery, na morte do adolescente Lucas Mesquita da Silva, ocorrida em junho de 2022. O menor veio a \u00f3bito [&hellip;]<\/p>\n","protected":false},"author":4,"featured_media":128462,"comment_status":"open","ping_status":"open","sticky":false,"template":"","format":"standard","meta":{"jnews-multi-image_gallery":[],"jnews_single_post":{"source_name":"","source_url":"","via_name":"","via_url":"","override_template":"0","override":[{"template":"custom","single_blog_custom":"110746","parallax":"1","fullscreen":"1","layout":"right-sidebar","sidebar":"default-sidebar","second_sidebar":"default-sidebar","sticky_sidebar":"1","share_position":"top","share_float_style":"share-monocrhome","show_share_counter":"1","show_view_counter":"1","show_featured":"1","show_post_meta":"1","show_post_author":"1","show_post_author_image":"1","show_post_date":"1","post_date_format":"default","post_date_format_custom":"Y\/m\/d","show_post_category":"1","show_post_reading_time":"0","post_reading_time_wpm":"300","show_zoom_button":"0","zoom_button_out_step":"2","zoom_button_in_step":"3","show_post_tag":"1","show_prev_next_post":"1","show_popup_post":"1","number_popup_post":"1","show_author_box":"0","show_post_related":"1","show_inline_post_related":"0"}],"override_image_size":"0","image_override":[{"single_post_thumbnail_size":"crop-500","single_post_gallery_size":"crop-500"}],"trending_post":"0","trending_post_position":"meta","trending_post_label":"Trending","sponsored_post":"0","sponsored_post_label":"Sponsored by","sponsored_post_name":"","sponsored_post_url":"","sponsored_post_logo_enable":"0","sponsored_post_logo":"","sponsored_post_desc":"","disable_ad":"0"},"jnews_primary_category":{"id":"","hide":""},"jnews_social_meta":{"fb_title":"","fb_description":"","fb_image":"","twitter_title":"","twitter_description":"","twitter_image":""},"jnews_review":[],"enable_review":"0","type":"percentage","name":"","summary":"","brand":"","sku":"","good":[{"good_text":""}],"bad":[{"bad_text":""}],"score_override":"0","override_value":"","rating":[{"rating_text":"","rating_number":"10"}],"price":[{"shop":"","price":"","link":"","icon":""}],"footnotes":""},"categories":[54],"tags":[152],"class_list":["post-128461","post","type-post","status-publish","format-standard","has-post-thumbnail","hentry","category-cotidiano","tag-destaque"],"yoast_head":"<!-- This site is optimized with the Yoast SEO plugin v26.5 - https:\/\/yoast.com\/wordpress\/plugins\/seo\/ -->\n<title>Justi\u00e7a acata den\u00fancia do MPAC e prefeita de Tarauac\u00e1 pode ser indiciada por homic\u00eddio culposo; entenda - Agazeta.net<\/title>\n<meta name=\"robots\" content=\"index, follow, max-snippet:-1, max-image-preview:large, max-video-preview:-1\" \/>\n<link rel=\"canonical\" href=\"https:\/\/nk7-testes.com.br\/agazeta\/justica-acata-denuncia-do-mpac-e-prefeita-de-tarauaca-pode-ser-indiciada-por-homicidio-culposo-entenda\/\" \/>\n<meta property=\"og:locale\" content=\"pt_BR\" \/>\n<meta property=\"og:type\" content=\"article\" \/>\n<meta property=\"og:title\" content=\"Justi\u00e7a acata den\u00fancia do MPAC e prefeita de Tarauac\u00e1 pode ser indiciada por homic\u00eddio culposo; entenda\" \/>\n<meta property=\"og:description\" content=\"A prefeita Maria Lucin\u00e9ia e secret\u00e1rio de Obras, Antonio Rosenir Arc\u00eanio, tamb\u00e9m podem ser indiciados por crime ambiental\" \/>\n<meta property=\"og:url\" content=\"https:\/\/nk7-testes.com.br\/agazeta\/justica-acata-denuncia-do-mpac-e-prefeita-de-tarauaca-pode-ser-indiciada-por-homicidio-culposo-entenda\/\" \/>\n<meta property=\"og:site_name\" content=\"Agazeta.net\" \/>\n<meta property=\"article:published_time\" content=\"2024-03-05T20:02:09+00:00\" \/>\n<meta property=\"og:image\" content=\"https:\/\/nk7-testes.com.br\/agazeta\/wp-content\/uploads\/2024\/03\/WhatsApp-Image-2024-03-05-at-16.59.46-jpeg.webp\" \/>\n\t<meta property=\"og:image:width\" content=\"800\" \/>\n\t<meta property=\"og:image:height\" content=\"406\" \/>\n\t<meta property=\"og:image:type\" content=\"image\/jpeg\" \/>\n<meta name=\"author\" content=\"Agazeta.Net\" \/>\n<meta name=\"twitter:card\" content=\"summary_large_image\" \/>\n<meta name=\"twitter:label1\" content=\"Escrito por\" \/>\n\t<meta name=\"twitter:data1\" content=\"Agazeta.Net\" \/>\n\t<meta name=\"twitter:label2\" content=\"Est. tempo de leitura\" \/>\n\t<meta name=\"twitter:data2\" content=\"1 minuto\" \/>\n<script type=\"application\/ld+json\" class=\"yoast-schema-graph\">{\"@context\":\"https:\/\/schema.org\",\"@graph\":[{\"@type\":\"WebPage\",\"@id\":\"https:\/\/nk7-testes.com.br\/agazeta\/justica-acata-denuncia-do-mpac-e-prefeita-de-tarauaca-pode-ser-indiciada-por-homicidio-culposo-entenda\/\",\"url\":\"https:\/\/nk7-testes.com.br\/agazeta\/justica-acata-denuncia-do-mpac-e-prefeita-de-tarauaca-pode-ser-indiciada-por-homicidio-culposo-entenda\/\",\"name\":\"Justi\u00e7a acata den\u00fancia do MPAC e prefeita de Tarauac\u00e1 pode ser indiciada por homic\u00eddio culposo; entenda - Agazeta.net\",\"isPartOf\":{\"@id\":\"https:\/\/nk7-testes.com.br\/agazeta\/#website\"},\"primaryImageOfPage\":{\"@id\":\"https:\/\/nk7-testes.com.br\/agazeta\/justica-acata-denuncia-do-mpac-e-prefeita-de-tarauaca-pode-ser-indiciada-por-homicidio-culposo-entenda\/#primaryimage\"},\"image\":{\"@id\":\"https:\/\/nk7-testes.com.br\/agazeta\/justica-acata-denuncia-do-mpac-e-prefeita-de-tarauaca-pode-ser-indiciada-por-homicidio-culposo-entenda\/#primaryimage\"},\"thumbnailUrl\":\"https:\/\/nk7-testes.com.br\/agazeta\/wp-content\/uploads\/2024\/03\/WhatsApp-Image-2024-03-05-at-16.59.46-jpeg.webp\",\"datePublished\":\"2024-03-05T20:02:09+00:00\",\"author\":{\"@id\":\"https:\/\/nk7-testes.com.br\/agazeta\/#\/schema\/person\/ff6b39d54d6973bfc57f4140f659b23f\"},\"breadcrumb\":{\"@id\":\"https:\/\/nk7-testes.com.br\/agazeta\/justica-acata-denuncia-do-mpac-e-prefeita-de-tarauaca-pode-ser-indiciada-por-homicidio-culposo-entenda\/#breadcrumb\"},\"inLanguage\":\"pt-BR\",\"potentialAction\":[{\"@type\":\"ReadAction\",\"target\":[\"https:\/\/nk7-testes.com.br\/agazeta\/justica-acata-denuncia-do-mpac-e-prefeita-de-tarauaca-pode-ser-indiciada-por-homicidio-culposo-entenda\/\"]}]},{\"@type\":\"ImageObject\",\"inLanguage\":\"pt-BR\",\"@id\":\"https:\/\/nk7-testes.com.br\/agazeta\/justica-acata-denuncia-do-mpac-e-prefeita-de-tarauaca-pode-ser-indiciada-por-homicidio-culposo-entenda\/#primaryimage\",\"url\":\"https:\/\/nk7-testes.com.br\/agazeta\/wp-content\/uploads\/2024\/03\/WhatsApp-Image-2024-03-05-at-16.59.46-jpeg.webp\",\"contentUrl\":\"https:\/\/nk7-testes.com.br\/agazeta\/wp-content\/uploads\/2024\/03\/WhatsApp-Image-2024-03-05-at-16.59.46-jpeg.webp\",\"width\":800,\"height\":406},{\"@type\":\"BreadcrumbList\",\"@id\":\"https:\/\/nk7-testes.com.br\/agazeta\/justica-acata-denuncia-do-mpac-e-prefeita-de-tarauaca-pode-ser-indiciada-por-homicidio-culposo-entenda\/#breadcrumb\",\"itemListElement\":[{\"@type\":\"ListItem\",\"position\":1,\"name\":\"In\u00edcio\",\"item\":\"https:\/\/nk7-testes.com.br\/agazeta\/\"},{\"@type\":\"ListItem\",\"position\":2,\"name\":\"Justi\u00e7a acata den\u00fancia do MPAC e prefeita de Tarauac\u00e1 pode ser indiciada por homic\u00eddio culposo; entenda\"}]},{\"@type\":\"WebSite\",\"@id\":\"https:\/\/nk7-testes.com.br\/agazeta\/#website\",\"url\":\"https:\/\/nk7-testes.com.br\/agazeta\/\",\"name\":\"Agazeta.net\",\"description\":\"Agazeta.net - Not\u00edcias de Rio Branco\/AC\",\"potentialAction\":[{\"@type\":\"SearchAction\",\"target\":{\"@type\":\"EntryPoint\",\"urlTemplate\":\"https:\/\/nk7-testes.com.br\/agazeta\/?s={search_term_string}\"},\"query-input\":{\"@type\":\"PropertyValueSpecification\",\"valueRequired\":true,\"valueName\":\"search_term_string\"}}],\"inLanguage\":\"pt-BR\"},{\"@type\":\"Person\",\"@id\":\"https:\/\/nk7-testes.com.br\/agazeta\/#\/schema\/person\/ff6b39d54d6973bfc57f4140f659b23f\",\"name\":\"Agazeta.Net\",\"url\":\"https:\/\/nk7-testes.com.br\/agazeta\/author\/agazeta\/\"}]}<\/script>\n<!-- \/ Yoast SEO plugin. -->","yoast_head_json":{"title":"Justi\u00e7a acata den\u00fancia do MPAC e prefeita de Tarauac\u00e1 pode ser indiciada por homic\u00eddio culposo; entenda - Agazeta.net","robots":{"index":"index","follow":"follow","max-snippet":"max-snippet:-1","max-image-preview":"max-image-preview:large","max-video-preview":"max-video-preview:-1"},"canonical":"https:\/\/nk7-testes.com.br\/agazeta\/justica-acata-denuncia-do-mpac-e-prefeita-de-tarauaca-pode-ser-indiciada-por-homicidio-culposo-entenda\/","og_locale":"pt_BR","og_type":"article","og_title":"Justi\u00e7a acata den\u00fancia do MPAC e prefeita de Tarauac\u00e1 pode ser indiciada por homic\u00eddio culposo; entenda","og_description":"A prefeita Maria Lucin\u00e9ia e secret\u00e1rio de Obras, Antonio Rosenir Arc\u00eanio, tamb\u00e9m podem ser indiciados por crime ambiental","og_url":"https:\/\/nk7-testes.com.br\/agazeta\/justica-acata-denuncia-do-mpac-e-prefeita-de-tarauaca-pode-ser-indiciada-por-homicidio-culposo-entenda\/","og_site_name":"Agazeta.net","article_published_time":"2024-03-05T20:02:09+00:00","og_image":[{"width":800,"height":406,"url":"https:\/\/nk7-testes.com.br\/agazeta\/wp-content\/uploads\/2024\/03\/WhatsApp-Image-2024-03-05-at-16.59.46-jpeg.webp","type":"image\/jpeg"}],"author":"Agazeta.Net","twitter_card":"summary_large_image","twitter_misc":{"Escrito por":"Agazeta.Net","Est. tempo de leitura":"1 minuto"},"schema":{"@context":"https:\/\/schema.org","@graph":[{"@type":"WebPage","@id":"https:\/\/nk7-testes.com.br\/agazeta\/justica-acata-denuncia-do-mpac-e-prefeita-de-tarauaca-pode-ser-indiciada-por-homicidio-culposo-entenda\/","url":"https:\/\/nk7-testes.com.br\/agazeta\/justica-acata-denuncia-do-mpac-e-prefeita-de-tarauaca-pode-ser-indiciada-por-homicidio-culposo-entenda\/","name":"Justi\u00e7a acata den\u00fancia do MPAC e prefeita de Tarauac\u00e1 pode ser indiciada por homic\u00eddio culposo; entenda - Agazeta.net","isPartOf":{"@id":"https:\/\/nk7-testes.com.br\/agazeta\/#website"},"primaryImageOfPage":{"@id":"https:\/\/nk7-testes.com.br\/agazeta\/justica-acata-denuncia-do-mpac-e-prefeita-de-tarauaca-pode-ser-indiciada-por-homicidio-culposo-entenda\/#primaryimage"},"image":{"@id":"https:\/\/nk7-testes.com.br\/agazeta\/justica-acata-denuncia-do-mpac-e-prefeita-de-tarauaca-pode-ser-indiciada-por-homicidio-culposo-entenda\/#primaryimage"},"thumbnailUrl":"https:\/\/nk7-testes.com.br\/agazeta\/wp-content\/uploads\/2024\/03\/WhatsApp-Image-2024-03-05-at-16.59.46-jpeg.webp","datePublished":"2024-03-05T20:02:09+00:00","author":{"@id":"https:\/\/nk7-testes.com.br\/agazeta\/#\/schema\/person\/ff6b39d54d6973bfc57f4140f659b23f"},"breadcrumb":{"@id":"https:\/\/nk7-testes.com.br\/agazeta\/justica-acata-denuncia-do-mpac-e-prefeita-de-tarauaca-pode-ser-indiciada-por-homicidio-culposo-entenda\/#breadcrumb"},"inLanguage":"pt-BR","potentialAction":[{"@type":"ReadAction","target":["https:\/\/nk7-testes.com.br\/agazeta\/justica-acata-denuncia-do-mpac-e-prefeita-de-tarauaca-pode-ser-indiciada-por-homicidio-culposo-entenda\/"]}]},{"@type":"ImageObject","inLanguage":"pt-BR","@id":"https:\/\/nk7-testes.com.br\/agazeta\/justica-acata-denuncia-do-mpac-e-prefeita-de-tarauaca-pode-ser-indiciada-por-homicidio-culposo-entenda\/#primaryimage","url":"https:\/\/nk7-testes.com.br\/agazeta\/wp-content\/uploads\/2024\/03\/WhatsApp-Image-2024-03-05-at-16.59.46-jpeg.webp","contentUrl":"https:\/\/nk7-testes.com.br\/agazeta\/wp-content\/uploads\/2024\/03\/WhatsApp-Image-2024-03-05-at-16.59.46-jpeg.webp","width":800,"height":406},{"@type":"BreadcrumbList","@id":"https:\/\/nk7-testes.com.br\/agazeta\/justica-acata-denuncia-do-mpac-e-prefeita-de-tarauaca-pode-ser-indiciada-por-homicidio-culposo-entenda\/#breadcrumb","itemListElement":[{"@type":"ListItem","position":1,"name":"In\u00edcio","item":"https:\/\/nk7-testes.com.br\/agazeta\/"},{"@type":"ListItem","position":2,"name":"Justi\u00e7a acata den\u00fancia do MPAC e prefeita de Tarauac\u00e1 pode ser indiciada por homic\u00eddio culposo; entenda"}]},{"@type":"WebSite","@id":"https:\/\/nk7-testes.com.br\/agazeta\/#website","url":"https:\/\/nk7-testes.com.br\/agazeta\/","name":"Agazeta.net","description":"Agazeta.net - Not\u00edcias de Rio Branco\/AC","potentialAction":[{"@type":"SearchAction","target":{"@type":"EntryPoint","urlTemplate":"https:\/\/nk7-testes.com.br\/agazeta\/?s={search_term_string}"},"query-input":{"@type":"PropertyValueSpecification","valueRequired":true,"valueName":"search_term_string"}}],"inLanguage":"pt-BR"},{"@type":"Person","@id":"https:\/\/nk7-testes.com.br\/agazeta\/#\/schema\/person\/ff6b39d54d6973bfc57f4140f659b23f","name":"Agazeta.Net","url":"https:\/\/nk7-testes.com.br\/agazeta\/author\/agazeta\/"}]}},"_links":{"self":[{"href":"https:\/\/nk7-testes.com.br\/agazeta\/wp-json\/wp\/v2\/posts\/128461","targetHints":{"allow":["GET"]}}],"collection":[{"href":"https:\/\/nk7-testes.com.br\/agazeta\/wp-json\/wp\/v2\/posts"}],"about":[{"href":"https:\/\/nk7-testes.com.br\/agazeta\/wp-json\/wp\/v2\/types\/post"}],"author":[{"embeddable":true,"href":"https:\/\/nk7-testes.com.br\/agazeta\/wp-json\/wp\/v2\/users\/4"}],"replies":[{"embeddable":true,"href":"https:\/\/nk7-testes.com.br\/agazeta\/wp-json\/wp\/v2\/comments?post=128461"}],"version-history":[{"count":0,"href":"https:\/\/nk7-testes.com.br\/agazeta\/wp-json\/wp\/v2\/posts\/128461\/revisions"}],"wp:featuredmedia":[{"embeddable":true,"href":"https:\/\/nk7-testes.com.br\/agazeta\/wp-json\/wp\/v2\/media\/128462"}],"wp:attachment":[{"href":"https:\/\/nk7-testes.com.br\/agazeta\/wp-json\/wp\/v2\/media?parent=128461"}],"wp:term":[{"taxonomy":"category","embeddable":true,"href":"https:\/\/nk7-testes.com.br\/agazeta\/wp-json\/wp\/v2\/categories?post=128461"},{"taxonomy":"post_tag","embeddable":true,"href":"https:\/\/nk7-testes.com.br\/agazeta\/wp-json\/wp\/v2\/tags?post=128461"}],"curies":[{"name":"wp","href":"https:\/\/api.w.org\/{rel}","templated":true}]}}