{"id":128422,"date":"2024-03-05T09:05:56","date_gmt":"2024-03-05T14:05:56","guid":{"rendered":"https:\/\/nk7-testes.com.br\/?p=128422"},"modified":"2024-03-05T09:10:02","modified_gmt":"2024-03-05T14:10:02","slug":"brasileia-enfrenta-cenario-de-destruicao-apos-enchente-historica-veja-fotos","status":"publish","type":"post","link":"https:\/\/nk7-testes.com.br\/agazeta\/brasileia-enfrenta-cenario-de-destruicao-apos-enchente-historica-veja-fotos\/","title":{"rendered":"Brasil\u00e9ia enfrenta cen\u00e1rio de destrui\u00e7\u00e3o ap\u00f3s enchente hist\u00f3rica; veja fotos"},"content":{"rendered":"<p style=\"text-align: justify;\"><span style=\"font-weight: 400;\">Na \u00faltima quinta-feira (29), a Pra\u00e7a Hugo Poli, localizada no centro de Brasil\u00e9ia, foi tomada pela \u00e1g\u200b\u200bua devido \u00e0 subida do Rio Acre. Com a baixa das \u00e1guas no dia seguinte, revelou-se um cen\u00e1rio de devasta\u00e7\u00e3o, com a sujeira deixada pelo transbordamento. Os moradores da regi\u00e3o come\u00e7aram a remover a lama, que se solidificou, e exigiu o uso de enxadas para sua remo\u00e7\u00e3o. <\/span><\/p>\n<figure id=\"attachment_128429\" aria-describedby=\"caption-attachment-128429\" style=\"width: 483px\" class=\"wp-caption aligncenter\"><img decoding=\"async\" class=\"wp-image-128429\" src=\"https:\/\/nk7-testes.com.br\/wp-content\/uploads\/2024\/03\/WhatsApp-Image-2024-03-05-at-08.49.36-1-jpeg.webp\" alt=\"\" width=\"483\" height=\"318\" srcset=\"https:\/\/nk7-testes.com.br\/agazeta\/wp-content\/uploads\/2024\/03\/WhatsApp-Image-2024-03-05-at-08.49.36-1-jpeg.webp 1079w, https:\/\/nk7-testes.com.br\/agazeta\/wp-content\/uploads\/2024\/03\/WhatsApp-Image-2024-03-05-at-08.49.36-1-300x198.webp 300w, https:\/\/nk7-testes.com.br\/agazeta\/wp-content\/uploads\/2024\/03\/WhatsApp-Image-2024-03-05-at-08.49.36-1-1024x676.webp 1024w, https:\/\/nk7-testes.com.br\/agazeta\/wp-content\/uploads\/2024\/03\/WhatsApp-Image-2024-03-05-at-08.49.36-1-768x507.webp 768w, https:\/\/nk7-testes.com.br\/agazeta\/wp-content\/uploads\/2024\/03\/WhatsApp-Image-2024-03-05-at-08.49.36-1-750x495.webp 750w\" sizes=\"(max-width: 483px) 100vw, 483px\" \/><figcaption id=\"caption-attachment-128429\" class=\"wp-caption-text\">Imagem da Prefeitura de Brasil\u00e9ia<\/figcaption><\/figure>\n<p style=\"text-align: justify;\"><span style=\"font-weight: 400;\">Nas ruas, os moradores depositaram os pertences que n\u00e3o puderam ser salvos a tempo, enquanto a for\u00e7a das \u00e1guas contribuiu para a destrui\u00e7\u00e3o de casas, principalmente nas \u00e1reas mais pr\u00f3ximas \u00e0s margens do rio. Cerca de 70% da parte urbana de Brasil\u00e9ia foi afetada.<\/span><\/p>\n<figure id=\"attachment_128437\" aria-describedby=\"caption-attachment-128437\" style=\"width: 484px\" class=\"wp-caption aligncenter\"><img decoding=\"async\" class=\"wp-image-128437\" src=\"https:\/\/nk7-testes.com.br\/wp-content\/uploads\/2024\/03\/WhatsApp-Image-2024-03-05-at-08.49.39-1-jpeg.webp\" alt=\"\" width=\"484\" height=\"321\" srcset=\"https:\/\/nk7-testes.com.br\/agazeta\/wp-content\/uploads\/2024\/03\/WhatsApp-Image-2024-03-05-at-08.49.39-1-jpeg.webp 1079w, https:\/\/nk7-testes.com.br\/agazeta\/wp-content\/uploads\/2024\/03\/WhatsApp-Image-2024-03-05-at-08.49.39-1-300x199.webp 300w, https:\/\/nk7-testes.com.br\/agazeta\/wp-content\/uploads\/2024\/03\/WhatsApp-Image-2024-03-05-at-08.49.39-1-1024x680.webp 1024w, https:\/\/nk7-testes.com.br\/agazeta\/wp-content\/uploads\/2024\/03\/WhatsApp-Image-2024-03-05-at-08.49.39-1-768x510.webp 768w, https:\/\/nk7-testes.com.br\/agazeta\/wp-content\/uploads\/2024\/03\/WhatsApp-Image-2024-03-05-at-08.49.39-1-750x498.webp 750w\" sizes=\"(max-width: 484px) 100vw, 484px\" \/><figcaption id=\"caption-attachment-128437\" class=\"wp-caption-text\">Imagem da Prefeitura de Brasil\u00e9ia<\/figcaption><\/figure>\n<p style=\"text-align: justify;\"><span style=\"font-weight: 400;\">Muitas resid\u00eancias foram danificadas, algumas \u00e0 beira do colapso, outras deslocadas de suas bases. Mesmo as constru\u00e7\u00f5es de alvenaria n\u00e3o resistiram \u00e0 for\u00e7a das \u00e1guas.\u00a0<\/span><\/p>\n<figure id=\"attachment_128438\" aria-describedby=\"caption-attachment-128438\" style=\"width: 496px\" class=\"wp-caption aligncenter\"><img decoding=\"async\" class=\"wp-image-128438\" src=\"https:\/\/nk7-testes.com.br\/wp-content\/uploads\/2024\/03\/WhatsApp-Image-2024-03-05-at-08.49.39-jpeg.webp\" alt=\"\" width=\"496\" height=\"327\" srcset=\"https:\/\/nk7-testes.com.br\/agazeta\/wp-content\/uploads\/2024\/03\/WhatsApp-Image-2024-03-05-at-08.49.39-jpeg.webp 1079w, https:\/\/nk7-testes.com.br\/agazeta\/wp-content\/uploads\/2024\/03\/WhatsApp-Image-2024-03-05-at-08.49.39-300x198.webp 300w, https:\/\/nk7-testes.com.br\/agazeta\/wp-content\/uploads\/2024\/03\/WhatsApp-Image-2024-03-05-at-08.49.39-1024x676.webp 1024w, https:\/\/nk7-testes.com.br\/agazeta\/wp-content\/uploads\/2024\/03\/WhatsApp-Image-2024-03-05-at-08.49.39-768x507.webp 768w, https:\/\/nk7-testes.com.br\/agazeta\/wp-content\/uploads\/2024\/03\/WhatsApp-Image-2024-03-05-at-08.49.39-750x495.webp 750w\" sizes=\"(max-width: 496px) 100vw, 496px\" \/><figcaption id=\"caption-attachment-128438\" class=\"wp-caption-text\">Imagem da Prefeitura de Brasil\u00e9ia<\/figcaption><\/figure>\n<p style=\"text-align: justify;\"><span style=\"font-weight: 400;\">Al\u00e9m das casas, cercas e muros foram destru\u00eddos. \u00d3rg\u00e3os p\u00fablicos localizados na parte antiga da cidade tamb\u00e9m precisar\u00e3o passar por reformas. Em diversos pontos, o asfalto e os tijolos foram arrancados.<\/span><\/p>\n<figure id=\"attachment_128439\" aria-describedby=\"caption-attachment-128439\" style=\"width: 493px\" class=\"wp-caption aligncenter\"><img decoding=\"async\" class=\"wp-image-128439\" src=\"https:\/\/nk7-testes.com.br\/wp-content\/uploads\/2024\/03\/WhatsApp-Image-2024-03-05-at-08.49.40-jpeg.webp\" alt=\"\" width=\"493\" height=\"325\" srcset=\"https:\/\/nk7-testes.com.br\/agazeta\/wp-content\/uploads\/2024\/03\/WhatsApp-Image-2024-03-05-at-08.49.40-jpeg.webp 1079w, https:\/\/nk7-testes.com.br\/agazeta\/wp-content\/uploads\/2024\/03\/WhatsApp-Image-2024-03-05-at-08.49.40-300x198.webp 300w, https:\/\/nk7-testes.com.br\/agazeta\/wp-content\/uploads\/2024\/03\/WhatsApp-Image-2024-03-05-at-08.49.40-1024x676.webp 1024w, https:\/\/nk7-testes.com.br\/agazeta\/wp-content\/uploads\/2024\/03\/WhatsApp-Image-2024-03-05-at-08.49.40-768x507.webp 768w, https:\/\/nk7-testes.com.br\/agazeta\/wp-content\/uploads\/2024\/03\/WhatsApp-Image-2024-03-05-at-08.49.40-750x495.webp 750w\" sizes=\"(max-width: 493px) 100vw, 493px\" \/><figcaption id=\"caption-attachment-128439\" class=\"wp-caption-text\">Imagem da Prefeitura de Brasil\u00e9ia<\/figcaption><\/figure>\n<p style=\"text-align: justify;\"><span style=\"font-weight: 400;\">A Prefeitura realiza o levantamento do n\u00famero de resid\u00eancias destru\u00eddas e das que n\u00e3o oferecem mais condi\u00e7\u00f5es de moradia. Estima-se que mais de 200 moradias tenham sido interditadas, com v\u00e1rias fam\u00edlias que agora est\u00e3o desabrigadas. O poder p\u00fablico municipal, neste momento, abriga temporariamente as fam\u00edlias desalojadas.<\/span><\/p>\n<figure id=\"attachment_128440\" aria-describedby=\"caption-attachment-128440\" style=\"width: 497px\" class=\"wp-caption aligncenter\"><img decoding=\"async\" class=\"wp-image-128440\" src=\"https:\/\/nk7-testes.com.br\/wp-content\/uploads\/2024\/03\/WhatsApp-Image-2024-03-05-at-08.49.41-1-jpeg.webp\" alt=\"\" width=\"497\" height=\"330\" srcset=\"https:\/\/nk7-testes.com.br\/agazeta\/wp-content\/uploads\/2024\/03\/WhatsApp-Image-2024-03-05-at-08.49.41-1-jpeg.webp 1079w, https:\/\/nk7-testes.com.br\/agazeta\/wp-content\/uploads\/2024\/03\/WhatsApp-Image-2024-03-05-at-08.49.41-1-300x199.webp 300w, https:\/\/nk7-testes.com.br\/agazeta\/wp-content\/uploads\/2024\/03\/WhatsApp-Image-2024-03-05-at-08.49.41-1-1024x680.webp 1024w, https:\/\/nk7-testes.com.br\/agazeta\/wp-content\/uploads\/2024\/03\/WhatsApp-Image-2024-03-05-at-08.49.41-1-768x510.webp 768w, https:\/\/nk7-testes.com.br\/agazeta\/wp-content\/uploads\/2024\/03\/WhatsApp-Image-2024-03-05-at-08.49.41-1-750x498.webp 750w\" sizes=\"(max-width: 497px) 100vw, 497px\" \/><figcaption id=\"caption-attachment-128440\" class=\"wp-caption-text\">Imagem da Prefeitura de Brasil\u00e9ia<\/figcaption><\/figure>\n<p style=\"text-align: justify;\"><span style=\"font-weight: 400;\">Para aqueles que puderem retornar com seguran\u00e7a para as casas, a Prefeitura disponibiliza kits de limpeza. No bairro Leonardo Barbosa, onde a destrui\u00e7\u00e3o foi mais intensa, os moradores se unem para se ajudar mutuamente. A prefeitura disponibilizou m\u00e1quinas e ca\u00e7ambas para auxiliar na remo\u00e7\u00e3o dos entulhos e sedimentos retirados das resid\u00eancias e pr\u00e9dios p\u00fablicos.\u00a0<\/span><\/p>\n<figure id=\"attachment_128441\" aria-describedby=\"caption-attachment-128441\" style=\"width: 501px\" class=\"wp-caption aligncenter\"><img decoding=\"async\" class=\"wp-image-128441\" src=\"https:\/\/nk7-testes.com.br\/wp-content\/uploads\/2024\/03\/WhatsApp-Image-2024-03-05-at-08.49.41-jpeg.webp\" alt=\"\" width=\"501\" height=\"332\" srcset=\"https:\/\/nk7-testes.com.br\/agazeta\/wp-content\/uploads\/2024\/03\/WhatsApp-Image-2024-03-05-at-08.49.41-jpeg.webp 1079w, https:\/\/nk7-testes.com.br\/agazeta\/wp-content\/uploads\/2024\/03\/WhatsApp-Image-2024-03-05-at-08.49.41-300x199.webp 300w, https:\/\/nk7-testes.com.br\/agazeta\/wp-content\/uploads\/2024\/03\/WhatsApp-Image-2024-03-05-at-08.49.41-1024x680.webp 1024w, https:\/\/nk7-testes.com.br\/agazeta\/wp-content\/uploads\/2024\/03\/WhatsApp-Image-2024-03-05-at-08.49.41-768x510.webp 768w, https:\/\/nk7-testes.com.br\/agazeta\/wp-content\/uploads\/2024\/03\/WhatsApp-Image-2024-03-05-at-08.49.41-750x498.webp 750w\" sizes=\"(max-width: 501px) 100vw, 501px\" \/><figcaption id=\"caption-attachment-128441\" class=\"wp-caption-text\">Imagem da Prefeitura de Brasil\u00e9ia<\/figcaption><\/figure>\n<p style=\"text-align: justify;\"><span style=\"font-weight: 400;\">Mat\u00e9ria em v\u00eddeo produzida pelo rep\u00f3rter Adailson Oliveira para a TV Gazeta<\/span><\/p>\n","protected":false},"excerpt":{"rendered":"<p>Na \u00faltima quinta-feira (29), a Pra\u00e7a Hugo Poli, localizada no centro de Brasil\u00e9ia, foi tomada pela \u00e1g\u200b\u200bua devido \u00e0 subida do Rio Acre. Com a baixa das \u00e1guas no dia seguinte, revelou-se um cen\u00e1rio de devasta\u00e7\u00e3o, com a sujeira deixada pelo transbordamento. Os moradores da regi\u00e3o come\u00e7aram a remover a lama, que se solidificou, e [&hellip;]<\/p>\n","protected":false},"author":4,"featured_media":128442,"comment_status":"open","ping_status":"open","sticky":false,"template":"","format":"standard","meta":{"jnews-multi-image_gallery":[],"jnews_single_post":{"source_name":"","source_url":"","via_name":"","via_url":"","override_template":"0","override":[{"template":"custom","single_blog_custom":"110746","parallax":"1","fullscreen":"1","layout":"right-sidebar","sidebar":"default-sidebar","second_sidebar":"default-sidebar","sticky_sidebar":"1","share_position":"top","share_float_style":"share-monocrhome","show_share_counter":"1","show_view_counter":"1","show_featured":"1","show_post_meta":"1","show_post_author":"1","show_post_author_image":"1","show_post_date":"1","post_date_format":"default","post_date_format_custom":"Y\/m\/d","show_post_category":"1","show_post_reading_time":"0","post_reading_time_wpm":"300","show_zoom_button":"0","zoom_button_out_step":"2","zoom_button_in_step":"3","show_post_tag":"1","show_prev_next_post":"1","show_popup_post":"1","number_popup_post":"1","show_author_box":"0","show_post_related":"1","show_inline_post_related":"0"}],"override_image_size":"0","image_override":[{"single_post_thumbnail_size":"crop-500","single_post_gallery_size":"crop-500"}],"trending_post":"0","trending_post_position":"meta","trending_post_label":"Trending","sponsored_post":"0","sponsored_post_label":"Sponsored by","sponsored_post_name":"","sponsored_post_url":"","sponsored_post_logo_enable":"0","sponsored_post_logo":"","sponsored_post_desc":"","disable_ad":"0"},"jnews_primary_category":{"id":"","hide":""},"jnews_social_meta":{"fb_title":"","fb_description":"","fb_image":"","twitter_title":"","twitter_description":"","twitter_image":""},"jnews_review":[],"enable_review":"0","type":"percentage","name":"","summary":"","brand":"","sku":"","good":[{"good_text":""}],"bad":[{"bad_text":""}],"score_override":"0","override_value":"","rating":[{"rating_text":"","rating_number":"10"}],"price":[{"shop":"","price":"","link":"","icon":""}],"footnotes":""},"categories":[54],"tags":[152],"class_list":["post-128422","post","type-post","status-publish","format-standard","has-post-thumbnail","hentry","category-cotidiano","tag-destaque"],"yoast_head":"<!-- This site is optimized with the Yoast SEO plugin v26.5 - https:\/\/yoast.com\/wordpress\/plugins\/seo\/ -->\n<title>Brasil\u00e9ia enfrenta cen\u00e1rio de destrui\u00e7\u00e3o ap\u00f3s enchente hist\u00f3rica; veja fotos - Agazeta.net<\/title>\n<meta name=\"robots\" content=\"index, follow, max-snippet:-1, max-image-preview:large, max-video-preview:-1\" \/>\n<link rel=\"canonical\" href=\"https:\/\/nk7-testes.com.br\/agazeta\/brasileia-enfrenta-cenario-de-destruicao-apos-enchente-historica-veja-fotos\/\" \/>\n<meta property=\"og:locale\" content=\"pt_BR\" \/>\n<meta property=\"og:type\" content=\"article\" \/>\n<meta property=\"og:title\" content=\"Brasil\u00e9ia enfrenta cen\u00e1rio de destrui\u00e7\u00e3o ap\u00f3s enchente hist\u00f3rica; veja fotos - Agazeta.net\" \/>\n<meta property=\"og:description\" content=\"Na \u00faltima quinta-feira (29), a Pra\u00e7a Hugo Poli, localizada no centro de Brasil\u00e9ia, foi tomada pela \u00e1g\u200b\u200bua devido \u00e0 subida do Rio Acre. Com a baixa das \u00e1guas no dia seguinte, revelou-se um cen\u00e1rio de devasta\u00e7\u00e3o, com a sujeira deixada pelo transbordamento. Os moradores da regi\u00e3o come\u00e7aram a remover a lama, que se solidificou, e [&hellip;]\" \/>\n<meta property=\"og:url\" content=\"https:\/\/nk7-testes.com.br\/agazeta\/brasileia-enfrenta-cenario-de-destruicao-apos-enchente-historica-veja-fotos\/\" \/>\n<meta property=\"og:site_name\" content=\"Agazeta.net\" \/>\n<meta property=\"article:published_time\" content=\"2024-03-05T14:05:56+00:00\" \/>\n<meta property=\"article:modified_time\" content=\"2024-03-05T14:10:02+00:00\" \/>\n<meta property=\"og:image\" content=\"https:\/\/nk7-testes.com.br\/agazeta\/wp-content\/uploads\/2024\/03\/WhatsApp-Image-2024-03-05-at-08.50.29-jpeg.webp\" \/>\n\t<meta property=\"og:image:width\" content=\"1078\" \/>\n\t<meta property=\"og:image:height\" content=\"606\" \/>\n\t<meta property=\"og:image:type\" content=\"image\/jpeg\" \/>\n<meta name=\"author\" content=\"Agazeta.Net\" \/>\n<meta name=\"twitter:card\" content=\"summary_large_image\" \/>\n<meta name=\"twitter:label1\" content=\"Escrito por\" \/>\n\t<meta name=\"twitter:data1\" content=\"Agazeta.Net\" \/>\n\t<meta name=\"twitter:label2\" content=\"Est. tempo de leitura\" \/>\n\t<meta name=\"twitter:data2\" content=\"2 minutos\" \/>\n<script type=\"application\/ld+json\" class=\"yoast-schema-graph\">{\"@context\":\"https:\/\/schema.org\",\"@graph\":[{\"@type\":\"WebPage\",\"@id\":\"https:\/\/nk7-testes.com.br\/agazeta\/brasileia-enfrenta-cenario-de-destruicao-apos-enchente-historica-veja-fotos\/\",\"url\":\"https:\/\/nk7-testes.com.br\/agazeta\/brasileia-enfrenta-cenario-de-destruicao-apos-enchente-historica-veja-fotos\/\",\"name\":\"Brasil\u00e9ia enfrenta cen\u00e1rio de destrui\u00e7\u00e3o ap\u00f3s enchente hist\u00f3rica; veja fotos - Agazeta.net\",\"isPartOf\":{\"@id\":\"https:\/\/nk7-testes.com.br\/agazeta\/#website\"},\"primaryImageOfPage\":{\"@id\":\"https:\/\/nk7-testes.com.br\/agazeta\/brasileia-enfrenta-cenario-de-destruicao-apos-enchente-historica-veja-fotos\/#primaryimage\"},\"image\":{\"@id\":\"https:\/\/nk7-testes.com.br\/agazeta\/brasileia-enfrenta-cenario-de-destruicao-apos-enchente-historica-veja-fotos\/#primaryimage\"},\"thumbnailUrl\":\"https:\/\/nk7-testes.com.br\/agazeta\/wp-content\/uploads\/2024\/03\/WhatsApp-Image-2024-03-05-at-08.50.29-jpeg.webp\",\"datePublished\":\"2024-03-05T14:05:56+00:00\",\"dateModified\":\"2024-03-05T14:10:02+00:00\",\"author\":{\"@id\":\"https:\/\/nk7-testes.com.br\/agazeta\/#\/schema\/person\/ff6b39d54d6973bfc57f4140f659b23f\"},\"breadcrumb\":{\"@id\":\"https:\/\/nk7-testes.com.br\/agazeta\/brasileia-enfrenta-cenario-de-destruicao-apos-enchente-historica-veja-fotos\/#breadcrumb\"},\"inLanguage\":\"pt-BR\",\"potentialAction\":[{\"@type\":\"ReadAction\",\"target\":[\"https:\/\/nk7-testes.com.br\/agazeta\/brasileia-enfrenta-cenario-de-destruicao-apos-enchente-historica-veja-fotos\/\"]}]},{\"@type\":\"ImageObject\",\"inLanguage\":\"pt-BR\",\"@id\":\"https:\/\/nk7-testes.com.br\/agazeta\/brasileia-enfrenta-cenario-de-destruicao-apos-enchente-historica-veja-fotos\/#primaryimage\",\"url\":\"https:\/\/nk7-testes.com.br\/agazeta\/wp-content\/uploads\/2024\/03\/WhatsApp-Image-2024-03-05-at-08.50.29-jpeg.webp\",\"contentUrl\":\"https:\/\/nk7-testes.com.br\/agazeta\/wp-content\/uploads\/2024\/03\/WhatsApp-Image-2024-03-05-at-08.50.29-jpeg.webp\",\"width\":1078,\"height\":606,\"caption\":\"Imagem da Prefeitura de Brasil\u00e9ia\"},{\"@type\":\"BreadcrumbList\",\"@id\":\"https:\/\/nk7-testes.com.br\/agazeta\/brasileia-enfrenta-cenario-de-destruicao-apos-enchente-historica-veja-fotos\/#breadcrumb\",\"itemListElement\":[{\"@type\":\"ListItem\",\"position\":1,\"name\":\"In\u00edcio\",\"item\":\"https:\/\/nk7-testes.com.br\/agazeta\/\"},{\"@type\":\"ListItem\",\"position\":2,\"name\":\"Brasil\u00e9ia enfrenta cen\u00e1rio de destrui\u00e7\u00e3o ap\u00f3s enchente hist\u00f3rica; veja fotos\"}]},{\"@type\":\"WebSite\",\"@id\":\"https:\/\/nk7-testes.com.br\/agazeta\/#website\",\"url\":\"https:\/\/nk7-testes.com.br\/agazeta\/\",\"name\":\"Agazeta.net\",\"description\":\"Agazeta.net - Not\u00edcias de Rio Branco\/AC\",\"potentialAction\":[{\"@type\":\"SearchAction\",\"target\":{\"@type\":\"EntryPoint\",\"urlTemplate\":\"https:\/\/nk7-testes.com.br\/agazeta\/?s={search_term_string}\"},\"query-input\":{\"@type\":\"PropertyValueSpecification\",\"valueRequired\":true,\"valueName\":\"search_term_string\"}}],\"inLanguage\":\"pt-BR\"},{\"@type\":\"Person\",\"@id\":\"https:\/\/nk7-testes.com.br\/agazeta\/#\/schema\/person\/ff6b39d54d6973bfc57f4140f659b23f\",\"name\":\"Agazeta.Net\",\"url\":\"https:\/\/nk7-testes.com.br\/agazeta\/author\/agazeta\/\"}]}<\/script>\n<!-- \/ Yoast SEO plugin. -->","yoast_head_json":{"title":"Brasil\u00e9ia enfrenta cen\u00e1rio de destrui\u00e7\u00e3o ap\u00f3s enchente hist\u00f3rica; veja fotos - Agazeta.net","robots":{"index":"index","follow":"follow","max-snippet":"max-snippet:-1","max-image-preview":"max-image-preview:large","max-video-preview":"max-video-preview:-1"},"canonical":"https:\/\/nk7-testes.com.br\/agazeta\/brasileia-enfrenta-cenario-de-destruicao-apos-enchente-historica-veja-fotos\/","og_locale":"pt_BR","og_type":"article","og_title":"Brasil\u00e9ia enfrenta cen\u00e1rio de destrui\u00e7\u00e3o ap\u00f3s enchente hist\u00f3rica; veja fotos - Agazeta.net","og_description":"Na \u00faltima quinta-feira (29), a Pra\u00e7a Hugo Poli, localizada no centro de Brasil\u00e9ia, foi tomada pela \u00e1g\u200b\u200bua devido \u00e0 subida do Rio Acre. Com a baixa das \u00e1guas no dia seguinte, revelou-se um cen\u00e1rio de devasta\u00e7\u00e3o, com a sujeira deixada pelo transbordamento. Os moradores da regi\u00e3o come\u00e7aram a remover a lama, que se solidificou, e [&hellip;]","og_url":"https:\/\/nk7-testes.com.br\/agazeta\/brasileia-enfrenta-cenario-de-destruicao-apos-enchente-historica-veja-fotos\/","og_site_name":"Agazeta.net","article_published_time":"2024-03-05T14:05:56+00:00","article_modified_time":"2024-03-05T14:10:02+00:00","og_image":[{"width":1078,"height":606,"url":"https:\/\/nk7-testes.com.br\/agazeta\/wp-content\/uploads\/2024\/03\/WhatsApp-Image-2024-03-05-at-08.50.29-jpeg.webp","type":"image\/jpeg"}],"author":"Agazeta.Net","twitter_card":"summary_large_image","twitter_misc":{"Escrito por":"Agazeta.Net","Est. tempo de leitura":"2 minutos"},"schema":{"@context":"https:\/\/schema.org","@graph":[{"@type":"WebPage","@id":"https:\/\/nk7-testes.com.br\/agazeta\/brasileia-enfrenta-cenario-de-destruicao-apos-enchente-historica-veja-fotos\/","url":"https:\/\/nk7-testes.com.br\/agazeta\/brasileia-enfrenta-cenario-de-destruicao-apos-enchente-historica-veja-fotos\/","name":"Brasil\u00e9ia enfrenta cen\u00e1rio de destrui\u00e7\u00e3o ap\u00f3s enchente hist\u00f3rica; veja fotos - Agazeta.net","isPartOf":{"@id":"https:\/\/nk7-testes.com.br\/agazeta\/#website"},"primaryImageOfPage":{"@id":"https:\/\/nk7-testes.com.br\/agazeta\/brasileia-enfrenta-cenario-de-destruicao-apos-enchente-historica-veja-fotos\/#primaryimage"},"image":{"@id":"https:\/\/nk7-testes.com.br\/agazeta\/brasileia-enfrenta-cenario-de-destruicao-apos-enchente-historica-veja-fotos\/#primaryimage"},"thumbnailUrl":"https:\/\/nk7-testes.com.br\/agazeta\/wp-content\/uploads\/2024\/03\/WhatsApp-Image-2024-03-05-at-08.50.29-jpeg.webp","datePublished":"2024-03-05T14:05:56+00:00","dateModified":"2024-03-05T14:10:02+00:00","author":{"@id":"https:\/\/nk7-testes.com.br\/agazeta\/#\/schema\/person\/ff6b39d54d6973bfc57f4140f659b23f"},"breadcrumb":{"@id":"https:\/\/nk7-testes.com.br\/agazeta\/brasileia-enfrenta-cenario-de-destruicao-apos-enchente-historica-veja-fotos\/#breadcrumb"},"inLanguage":"pt-BR","potentialAction":[{"@type":"ReadAction","target":["https:\/\/nk7-testes.com.br\/agazeta\/brasileia-enfrenta-cenario-de-destruicao-apos-enchente-historica-veja-fotos\/"]}]},{"@type":"ImageObject","inLanguage":"pt-BR","@id":"https:\/\/nk7-testes.com.br\/agazeta\/brasileia-enfrenta-cenario-de-destruicao-apos-enchente-historica-veja-fotos\/#primaryimage","url":"https:\/\/nk7-testes.com.br\/agazeta\/wp-content\/uploads\/2024\/03\/WhatsApp-Image-2024-03-05-at-08.50.29-jpeg.webp","contentUrl":"https:\/\/nk7-testes.com.br\/agazeta\/wp-content\/uploads\/2024\/03\/WhatsApp-Image-2024-03-05-at-08.50.29-jpeg.webp","width":1078,"height":606,"caption":"Imagem da Prefeitura de Brasil\u00e9ia"},{"@type":"BreadcrumbList","@id":"https:\/\/nk7-testes.com.br\/agazeta\/brasileia-enfrenta-cenario-de-destruicao-apos-enchente-historica-veja-fotos\/#breadcrumb","itemListElement":[{"@type":"ListItem","position":1,"name":"In\u00edcio","item":"https:\/\/nk7-testes.com.br\/agazeta\/"},{"@type":"ListItem","position":2,"name":"Brasil\u00e9ia enfrenta cen\u00e1rio de destrui\u00e7\u00e3o ap\u00f3s enchente hist\u00f3rica; veja fotos"}]},{"@type":"WebSite","@id":"https:\/\/nk7-testes.com.br\/agazeta\/#website","url":"https:\/\/nk7-testes.com.br\/agazeta\/","name":"Agazeta.net","description":"Agazeta.net - Not\u00edcias de Rio Branco\/AC","potentialAction":[{"@type":"SearchAction","target":{"@type":"EntryPoint","urlTemplate":"https:\/\/nk7-testes.com.br\/agazeta\/?s={search_term_string}"},"query-input":{"@type":"PropertyValueSpecification","valueRequired":true,"valueName":"search_term_string"}}],"inLanguage":"pt-BR"},{"@type":"Person","@id":"https:\/\/nk7-testes.com.br\/agazeta\/#\/schema\/person\/ff6b39d54d6973bfc57f4140f659b23f","name":"Agazeta.Net","url":"https:\/\/nk7-testes.com.br\/agazeta\/author\/agazeta\/"}]}},"_links":{"self":[{"href":"https:\/\/nk7-testes.com.br\/agazeta\/wp-json\/wp\/v2\/posts\/128422","targetHints":{"allow":["GET"]}}],"collection":[{"href":"https:\/\/nk7-testes.com.br\/agazeta\/wp-json\/wp\/v2\/posts"}],"about":[{"href":"https:\/\/nk7-testes.com.br\/agazeta\/wp-json\/wp\/v2\/types\/post"}],"author":[{"embeddable":true,"href":"https:\/\/nk7-testes.com.br\/agazeta\/wp-json\/wp\/v2\/users\/4"}],"replies":[{"embeddable":true,"href":"https:\/\/nk7-testes.com.br\/agazeta\/wp-json\/wp\/v2\/comments?post=128422"}],"version-history":[{"count":0,"href":"https:\/\/nk7-testes.com.br\/agazeta\/wp-json\/wp\/v2\/posts\/128422\/revisions"}],"wp:featuredmedia":[{"embeddable":true,"href":"https:\/\/nk7-testes.com.br\/agazeta\/wp-json\/wp\/v2\/media\/128442"}],"wp:attachment":[{"href":"https:\/\/nk7-testes.com.br\/agazeta\/wp-json\/wp\/v2\/media?parent=128422"}],"wp:term":[{"taxonomy":"category","embeddable":true,"href":"https:\/\/nk7-testes.com.br\/agazeta\/wp-json\/wp\/v2\/categories?post=128422"},{"taxonomy":"post_tag","embeddable":true,"href":"https:\/\/nk7-testes.com.br\/agazeta\/wp-json\/wp\/v2\/tags?post=128422"}],"curies":[{"name":"wp","href":"https:\/\/api.w.org\/{rel}","templated":true}]}}