{"id":128353,"date":"2024-03-04T07:15:25","date_gmt":"2024-03-04T12:15:25","guid":{"rendered":"https:\/\/nk7-testes.com.br\/?p=128353"},"modified":"2024-03-04T07:24:36","modified_gmt":"2024-03-04T12:24:36","slug":"com-1775-metros-na-manha-desta-segunda-feira-rio-acre-registra-a-segunda-maior-enchente-na-capital","status":"publish","type":"post","link":"https:\/\/nk7-testes.com.br\/agazeta\/com-1775-metros-na-manha-desta-segunda-feira-rio-acre-registra-a-segunda-maior-enchente-na-capital\/","title":{"rendered":"Com 17,75 metros na manh\u00e3 desta segunda-feira, Rio Acre registra a segunda maior enchente na capital"},"content":{"rendered":"<p style=\"text-align: justify;\">A \u00faltima medi\u00e7\u00e3o realizada pela Defesa Civil de Rio Branco, \u00e0s 6h da manh\u00e3 desta segunda-feira (04), mostra que o Rio Acre chegou \u00e0 marca de 17,75 metros na capital acreana. Com isso, o munic\u00edpio chegou a ocupar o segundo lugar em rela\u00e7\u00e3o a maior enchente registrada da hist\u00f3ria.<\/p>\n<p style=\"text-align: justify;\">Antes dessa medi\u00e7\u00e3o, <a href=\"https:\/\/nk7-testes.com.br\/rio-acre-registra-segunda-maior-enchente-da-historia-segundo-defesa-civil-da-capital\/\">quem ocupava essa posi\u00e7\u00e3o era o ano de 2023<\/a>, que havia registrado o n\u00edvel de 17,72 metros. J\u00e1 a maior enchente ocorreu em 2015, com a cota hist\u00f3rica de 18,40 metros. <strong>Confira as maiores enchentes abaixo: <img decoding=\"async\" class=\"aligncenter wp-image-128354\" src=\"https:\/\/nk7-testes.com.br\/wp-content\/uploads\/2024\/03\/dd8e4e75-5000-4b4b-950c-7efac489f099-jpg.webp\" alt=\"\" width=\"546\" height=\"321\" srcset=\"https:\/\/nk7-testes.com.br\/agazeta\/wp-content\/uploads\/2024\/03\/dd8e4e75-5000-4b4b-950c-7efac489f099-jpg.webp 1280w, https:\/\/nk7-testes.com.br\/agazeta\/wp-content\/uploads\/2024\/03\/dd8e4e75-5000-4b4b-950c-7efac489f099-300x176.webp 300w, https:\/\/nk7-testes.com.br\/agazeta\/wp-content\/uploads\/2024\/03\/dd8e4e75-5000-4b4b-950c-7efac489f099-1024x602.webp 1024w, https:\/\/nk7-testes.com.br\/agazeta\/wp-content\/uploads\/2024\/03\/dd8e4e75-5000-4b4b-950c-7efac489f099-768x452.webp 768w, https:\/\/nk7-testes.com.br\/agazeta\/wp-content\/uploads\/2024\/03\/dd8e4e75-5000-4b4b-950c-7efac489f099-750x441.webp 750w, https:\/\/nk7-testes.com.br\/agazeta\/wp-content\/uploads\/2024\/03\/dd8e4e75-5000-4b4b-950c-7efac489f099-1140x671.webp 1140w\" sizes=\"(max-width: 546px) 100vw, 546px\" \/><\/strong><\/p>\n<p>&nbsp;<\/p>\n<p style=\"text-align: justify;\">O governador fez uma nova avalia\u00e7\u00e3o da situa\u00e7\u00e3o dos bairros alagados. \u201cEstamos preocupados n\u00e3o s\u00f3 com interior do Estado, mas tamb\u00e9m com a capital, as demandas s\u00e3o muitas, e todos n\u00f3s precisamos estar atentos \u00e0s necessidades da popula\u00e7\u00e3o\u201d, enfatizou.<\/p>\n<p style=\"text-align: justify;\">O corpo de bombeiros continua atuando no resgate \u00e0s fam\u00edlias afetadas, em todo Estado. A Sejusp tamb\u00e9m atua nos munic\u00edpios do interior, do Acre unindo for\u00e7as e levando mais solidariedade \u00e0 popula\u00e7\u00e3o, atrav\u00e9s do Grupo Especial de Fronteira (Gefron).<\/p>\n<h4 style=\"text-align: justify;\"><strong>Acolhimento<\/strong><\/h4>\n<p style=\"text-align: justify;\">Atualmente, <a href=\"https:\/\/nk7-testes.com.br\/na-capital-rio-acre-esta-a-42-centimetros-de-superar-cota-de-2023-mais-de-60-mil-atingidos\/\">a Prefeitura de Rio Branco tem 11 abrigos dispon\u00edveis para receber<\/a> a popula\u00e7\u00e3o afetada pela enchente. Dentre os abrigos, est\u00e1 o Parque de Exposi\u00e7\u00f5es Wildy Viana. A \u00faltima atualiza\u00e7\u00e3o mostra que 610 fam\u00edlias est\u00e3o abrigadas, o que totaliza 2.431 pessoas.<\/p>\n<p style=\"text-align: justify;\">Falc\u00e3o conta que o trabalho da Defesa Civil est\u00e1 com uma demanda muito grande, mas que tentam prestar todo o apoi poss\u00edvel \u00e0 popula\u00e7\u00e3o afetada pela \u00e1guas.<\/p>\n<p style=\"text-align: justify;\">\u201cA Defesa Civil est\u00e1 prestando todo o apoio. \u00c9 um trabalho herc\u00faleo. Agora, a demanda \u00e9 muito grande. E tamb\u00e9m n\u00f3s n\u00e3o fazemos cr\u00edticas nenhuma as pessoas que t\u00eam reclama\u00e7\u00f5es, porque n\u00f3s n\u00e3o conseguimos chegar em todos os lugares ao mesmo tempo. Mas o trabalho est\u00e1 enorme\u201d.<\/p>\n<p style=\"text-align: justify;\">Al\u00e9m disso, em todo o Acre, <a href=\"https:\/\/nk7-testes.com.br\/atingidos-pelas-cheias-devem-usar-190-e-193-orienta-seguranca-do-estado\/\">dois n\u00fameros telef\u00f4nicos garantem contato direto dos atingidos<\/a> pela enchente com as autoridades estaduais. S\u00e3o o 190, da Pol\u00edcia Militar, e o 193, do Corpo de Bombeiros. Em atendimentos oferecidos pela Secretaria de Estado de Justi\u00e7a e Seguran\u00e7a P\u00fablica do Acre (Sejusp), por meio desses canais a popula\u00e7\u00e3o pode fazer registros de ocorr\u00eancia e solicitar atendimentos de urg\u00eancia e emerg\u00eancia.<\/p>\n<p><strong><em>Com informa\u00e7\u00f5es adicionais da Ag\u00eancia de Not\u00edcias do Acre<\/em><\/strong><\/p>\n","protected":false},"excerpt":{"rendered":"<p>A \u00faltima medi\u00e7\u00e3o realizada pela Defesa Civil de Rio Branco, \u00e0s 6h da manh\u00e3 desta segunda-feira (04), mostra que o Rio Acre chegou \u00e0 marca de 17,75 metros na capital acreana. Com isso, o munic\u00edpio chegou a ocupar o segundo lugar em rela\u00e7\u00e3o a maior enchente registrada da hist\u00f3ria. Antes dessa medi\u00e7\u00e3o, quem ocupava essa [&hellip;]<\/p>\n","protected":false},"author":4,"featured_media":128355,"comment_status":"open","ping_status":"open","sticky":false,"template":"","format":"standard","meta":{"jnews-multi-image_gallery":[],"jnews_single_post":{"source_name":"","source_url":"","via_name":"","via_url":"","override_template":"0","override":[{"template":"custom","single_blog_custom":"110746","parallax":"1","fullscreen":"1","layout":"right-sidebar","sidebar":"default-sidebar","second_sidebar":"default-sidebar","sticky_sidebar":"1","share_position":"top","share_float_style":"share-monocrhome","show_share_counter":"1","show_view_counter":"1","show_featured":"1","show_post_meta":"1","show_post_author":"1","show_post_author_image":"1","show_post_date":"1","post_date_format":"default","post_date_format_custom":"Y\/m\/d","show_post_category":"1","show_post_reading_time":"0","post_reading_time_wpm":"300","show_zoom_button":"0","zoom_button_out_step":"2","zoom_button_in_step":"3","show_post_tag":"1","show_prev_next_post":"1","show_popup_post":"1","number_popup_post":"1","show_author_box":"0","show_post_related":"1","show_inline_post_related":"0"}],"override_image_size":"0","image_override":[{"single_post_thumbnail_size":"crop-500","single_post_gallery_size":"crop-500"}],"trending_post":"0","trending_post_position":"meta","trending_post_label":"Trending","sponsored_post":"0","sponsored_post_label":"Sponsored by","sponsored_post_name":"","sponsored_post_url":"","sponsored_post_logo_enable":"0","sponsored_post_logo":"","sponsored_post_desc":"","disable_ad":"0"},"jnews_primary_category":{"id":"","hide":""},"jnews_social_meta":{"fb_title":"","fb_description":"","fb_image":"","twitter_title":"","twitter_description":"","twitter_image":""},"jnews_review":[],"enable_review":"0","type":"percentage","name":"","summary":"","brand":"","sku":"","good":[{"good_text":""}],"bad":[{"bad_text":""}],"score_override":"0","override_value":"","rating":[{"rating_text":"","rating_number":"10"}],"price":[{"shop":"","price":"","link":"","icon":""}],"footnotes":""},"categories":[54],"tags":[152],"class_list":["post-128353","post","type-post","status-publish","format-standard","has-post-thumbnail","hentry","category-cotidiano","tag-destaque"],"yoast_head":"<!-- This site is optimized with the Yoast SEO plugin v26.5 - https:\/\/yoast.com\/wordpress\/plugins\/seo\/ -->\n<title>Com 17,75 metros na manh\u00e3 desta segunda-feira, Rio Acre registra a segunda maior enchente na capital - Agazeta.net<\/title>\n<meta name=\"robots\" content=\"index, follow, max-snippet:-1, max-image-preview:large, max-video-preview:-1\" \/>\n<link rel=\"canonical\" href=\"https:\/\/nk7-testes.com.br\/agazeta\/com-1775-metros-na-manha-desta-segunda-feira-rio-acre-registra-a-segunda-maior-enchente-na-capital\/\" \/>\n<meta property=\"og:locale\" content=\"pt_BR\" \/>\n<meta property=\"og:type\" content=\"article\" \/>\n<meta property=\"og:title\" content=\"Com 17,75 metros na manh\u00e3 desta segunda-feira, Rio Acre registra a segunda maior enchente na capital\" \/>\n<meta property=\"og:description\" content=\"Antes dessa medi\u00e7\u00e3o, quem ocupava essa posi\u00e7\u00e3o era o ano de 2023, que havia registrado o n\u00edvel de 17,72\" \/>\n<meta property=\"og:url\" content=\"https:\/\/nk7-testes.com.br\/agazeta\/com-1775-metros-na-manha-desta-segunda-feira-rio-acre-registra-a-segunda-maior-enchente-na-capital\/\" \/>\n<meta property=\"og:site_name\" content=\"Agazeta.net\" \/>\n<meta property=\"article:published_time\" content=\"2024-03-04T12:15:25+00:00\" \/>\n<meta property=\"article:modified_time\" content=\"2024-03-04T12:24:36+00:00\" \/>\n<meta property=\"og:image\" content=\"https:\/\/nk7-testes.com.br\/agazeta\/wp-content\/uploads\/2024\/03\/7ea2ffc1-5aaa-4418-b2dd-d8d98ff45c80-jpg.webp\" \/>\n\t<meta property=\"og:image:width\" content=\"800\" \/>\n\t<meta property=\"og:image:height\" content=\"435\" \/>\n\t<meta property=\"og:image:type\" content=\"image\/jpeg\" \/>\n<meta name=\"author\" content=\"Agazeta.Net\" \/>\n<meta name=\"twitter:card\" content=\"summary_large_image\" \/>\n<meta name=\"twitter:title\" content=\"Com 17,75 metros na manh\u00e3 desta segunda-feira, Rio Acre registra a segunda maior enchente na capital\" \/>\n<meta name=\"twitter:description\" content=\"Antes dessa medi\u00e7\u00e3o, quem ocupava essa posi\u00e7\u00e3o era o ano de 2023, que havia registrado o n\u00edvel de 17,72\" \/>\n<meta name=\"twitter:image\" content=\"https:\/\/nk7-testes.com.br\/agazeta\/wp-content\/uploads\/2024\/03\/7ea2ffc1-5aaa-4418-b2dd-d8d98ff45c80-jpg.webp\" \/>\n<meta name=\"twitter:label1\" content=\"Escrito por\" \/>\n\t<meta name=\"twitter:data1\" content=\"Agazeta.Net\" \/>\n\t<meta name=\"twitter:label2\" content=\"Est. tempo de leitura\" \/>\n\t<meta name=\"twitter:data2\" content=\"2 minutos\" \/>\n<script type=\"application\/ld+json\" class=\"yoast-schema-graph\">{\"@context\":\"https:\/\/schema.org\",\"@graph\":[{\"@type\":\"WebPage\",\"@id\":\"https:\/\/nk7-testes.com.br\/agazeta\/com-1775-metros-na-manha-desta-segunda-feira-rio-acre-registra-a-segunda-maior-enchente-na-capital\/\",\"url\":\"https:\/\/nk7-testes.com.br\/agazeta\/com-1775-metros-na-manha-desta-segunda-feira-rio-acre-registra-a-segunda-maior-enchente-na-capital\/\",\"name\":\"Com 17,75 metros na manh\u00e3 desta segunda-feira, Rio Acre registra a segunda maior enchente na capital - Agazeta.net\",\"isPartOf\":{\"@id\":\"https:\/\/nk7-testes.com.br\/agazeta\/#website\"},\"primaryImageOfPage\":{\"@id\":\"https:\/\/nk7-testes.com.br\/agazeta\/com-1775-metros-na-manha-desta-segunda-feira-rio-acre-registra-a-segunda-maior-enchente-na-capital\/#primaryimage\"},\"image\":{\"@id\":\"https:\/\/nk7-testes.com.br\/agazeta\/com-1775-metros-na-manha-desta-segunda-feira-rio-acre-registra-a-segunda-maior-enchente-na-capital\/#primaryimage\"},\"thumbnailUrl\":\"https:\/\/nk7-testes.com.br\/agazeta\/wp-content\/uploads\/2024\/03\/7ea2ffc1-5aaa-4418-b2dd-d8d98ff45c80-jpg.webp\",\"datePublished\":\"2024-03-04T12:15:25+00:00\",\"dateModified\":\"2024-03-04T12:24:36+00:00\",\"author\":{\"@id\":\"https:\/\/nk7-testes.com.br\/agazeta\/#\/schema\/person\/ff6b39d54d6973bfc57f4140f659b23f\"},\"breadcrumb\":{\"@id\":\"https:\/\/nk7-testes.com.br\/agazeta\/com-1775-metros-na-manha-desta-segunda-feira-rio-acre-registra-a-segunda-maior-enchente-na-capital\/#breadcrumb\"},\"inLanguage\":\"pt-BR\",\"potentialAction\":[{\"@type\":\"ReadAction\",\"target\":[\"https:\/\/nk7-testes.com.br\/agazeta\/com-1775-metros-na-manha-desta-segunda-feira-rio-acre-registra-a-segunda-maior-enchente-na-capital\/\"]}]},{\"@type\":\"ImageObject\",\"inLanguage\":\"pt-BR\",\"@id\":\"https:\/\/nk7-testes.com.br\/agazeta\/com-1775-metros-na-manha-desta-segunda-feira-rio-acre-registra-a-segunda-maior-enchente-na-capital\/#primaryimage\",\"url\":\"https:\/\/nk7-testes.com.br\/agazeta\/wp-content\/uploads\/2024\/03\/7ea2ffc1-5aaa-4418-b2dd-d8d98ff45c80-jpg.webp\",\"contentUrl\":\"https:\/\/nk7-testes.com.br\/agazeta\/wp-content\/uploads\/2024\/03\/7ea2ffc1-5aaa-4418-b2dd-d8d98ff45c80-jpg.webp\",\"width\":800,\"height\":435,\"caption\":\"Gameleira uma das primeiras ruas de Rio Branco tamb\u00e9m foi atingido. Foto: Dh\u00e1rcules Pinheiro\/Sejusp\"},{\"@type\":\"BreadcrumbList\",\"@id\":\"https:\/\/nk7-testes.com.br\/agazeta\/com-1775-metros-na-manha-desta-segunda-feira-rio-acre-registra-a-segunda-maior-enchente-na-capital\/#breadcrumb\",\"itemListElement\":[{\"@type\":\"ListItem\",\"position\":1,\"name\":\"In\u00edcio\",\"item\":\"https:\/\/nk7-testes.com.br\/agazeta\/\"},{\"@type\":\"ListItem\",\"position\":2,\"name\":\"Com 17,75 metros na manh\u00e3 desta segunda-feira, Rio Acre registra a segunda maior enchente na capital\"}]},{\"@type\":\"WebSite\",\"@id\":\"https:\/\/nk7-testes.com.br\/agazeta\/#website\",\"url\":\"https:\/\/nk7-testes.com.br\/agazeta\/\",\"name\":\"Agazeta.net\",\"description\":\"Agazeta.net - Not\u00edcias de Rio Branco\/AC\",\"potentialAction\":[{\"@type\":\"SearchAction\",\"target\":{\"@type\":\"EntryPoint\",\"urlTemplate\":\"https:\/\/nk7-testes.com.br\/agazeta\/?s={search_term_string}\"},\"query-input\":{\"@type\":\"PropertyValueSpecification\",\"valueRequired\":true,\"valueName\":\"search_term_string\"}}],\"inLanguage\":\"pt-BR\"},{\"@type\":\"Person\",\"@id\":\"https:\/\/nk7-testes.com.br\/agazeta\/#\/schema\/person\/ff6b39d54d6973bfc57f4140f659b23f\",\"name\":\"Agazeta.Net\",\"url\":\"https:\/\/nk7-testes.com.br\/agazeta\/author\/agazeta\/\"}]}<\/script>\n<!-- \/ Yoast SEO plugin. -->","yoast_head_json":{"title":"Com 17,75 metros na manh\u00e3 desta segunda-feira, Rio Acre registra a segunda maior enchente na capital - Agazeta.net","robots":{"index":"index","follow":"follow","max-snippet":"max-snippet:-1","max-image-preview":"max-image-preview:large","max-video-preview":"max-video-preview:-1"},"canonical":"https:\/\/nk7-testes.com.br\/agazeta\/com-1775-metros-na-manha-desta-segunda-feira-rio-acre-registra-a-segunda-maior-enchente-na-capital\/","og_locale":"pt_BR","og_type":"article","og_title":"Com 17,75 metros na manh\u00e3 desta segunda-feira, Rio Acre registra a segunda maior enchente na capital","og_description":"Antes dessa medi\u00e7\u00e3o, quem ocupava essa posi\u00e7\u00e3o era o ano de 2023, que havia registrado o n\u00edvel de 17,72","og_url":"https:\/\/nk7-testes.com.br\/agazeta\/com-1775-metros-na-manha-desta-segunda-feira-rio-acre-registra-a-segunda-maior-enchente-na-capital\/","og_site_name":"Agazeta.net","article_published_time":"2024-03-04T12:15:25+00:00","article_modified_time":"2024-03-04T12:24:36+00:00","og_image":[{"width":800,"height":435,"url":"https:\/\/nk7-testes.com.br\/agazeta\/wp-content\/uploads\/2024\/03\/7ea2ffc1-5aaa-4418-b2dd-d8d98ff45c80-jpg.webp","type":"image\/jpeg"}],"author":"Agazeta.Net","twitter_card":"summary_large_image","twitter_title":"Com 17,75 metros na manh\u00e3 desta segunda-feira, Rio Acre registra a segunda maior enchente na capital","twitter_description":"Antes dessa medi\u00e7\u00e3o, quem ocupava essa posi\u00e7\u00e3o era o ano de 2023, que havia registrado o n\u00edvel de 17,72","twitter_image":"https:\/\/nk7-testes.com.br\/agazeta\/wp-content\/uploads\/2024\/03\/7ea2ffc1-5aaa-4418-b2dd-d8d98ff45c80-jpg.webp","twitter_misc":{"Escrito por":"Agazeta.Net","Est. tempo de leitura":"2 minutos"},"schema":{"@context":"https:\/\/schema.org","@graph":[{"@type":"WebPage","@id":"https:\/\/nk7-testes.com.br\/agazeta\/com-1775-metros-na-manha-desta-segunda-feira-rio-acre-registra-a-segunda-maior-enchente-na-capital\/","url":"https:\/\/nk7-testes.com.br\/agazeta\/com-1775-metros-na-manha-desta-segunda-feira-rio-acre-registra-a-segunda-maior-enchente-na-capital\/","name":"Com 17,75 metros na manh\u00e3 desta segunda-feira, Rio Acre registra a segunda maior enchente na capital - Agazeta.net","isPartOf":{"@id":"https:\/\/nk7-testes.com.br\/agazeta\/#website"},"primaryImageOfPage":{"@id":"https:\/\/nk7-testes.com.br\/agazeta\/com-1775-metros-na-manha-desta-segunda-feira-rio-acre-registra-a-segunda-maior-enchente-na-capital\/#primaryimage"},"image":{"@id":"https:\/\/nk7-testes.com.br\/agazeta\/com-1775-metros-na-manha-desta-segunda-feira-rio-acre-registra-a-segunda-maior-enchente-na-capital\/#primaryimage"},"thumbnailUrl":"https:\/\/nk7-testes.com.br\/agazeta\/wp-content\/uploads\/2024\/03\/7ea2ffc1-5aaa-4418-b2dd-d8d98ff45c80-jpg.webp","datePublished":"2024-03-04T12:15:25+00:00","dateModified":"2024-03-04T12:24:36+00:00","author":{"@id":"https:\/\/nk7-testes.com.br\/agazeta\/#\/schema\/person\/ff6b39d54d6973bfc57f4140f659b23f"},"breadcrumb":{"@id":"https:\/\/nk7-testes.com.br\/agazeta\/com-1775-metros-na-manha-desta-segunda-feira-rio-acre-registra-a-segunda-maior-enchente-na-capital\/#breadcrumb"},"inLanguage":"pt-BR","potentialAction":[{"@type":"ReadAction","target":["https:\/\/nk7-testes.com.br\/agazeta\/com-1775-metros-na-manha-desta-segunda-feira-rio-acre-registra-a-segunda-maior-enchente-na-capital\/"]}]},{"@type":"ImageObject","inLanguage":"pt-BR","@id":"https:\/\/nk7-testes.com.br\/agazeta\/com-1775-metros-na-manha-desta-segunda-feira-rio-acre-registra-a-segunda-maior-enchente-na-capital\/#primaryimage","url":"https:\/\/nk7-testes.com.br\/agazeta\/wp-content\/uploads\/2024\/03\/7ea2ffc1-5aaa-4418-b2dd-d8d98ff45c80-jpg.webp","contentUrl":"https:\/\/nk7-testes.com.br\/agazeta\/wp-content\/uploads\/2024\/03\/7ea2ffc1-5aaa-4418-b2dd-d8d98ff45c80-jpg.webp","width":800,"height":435,"caption":"Gameleira uma das primeiras ruas de Rio Branco tamb\u00e9m foi atingido. Foto: Dh\u00e1rcules Pinheiro\/Sejusp"},{"@type":"BreadcrumbList","@id":"https:\/\/nk7-testes.com.br\/agazeta\/com-1775-metros-na-manha-desta-segunda-feira-rio-acre-registra-a-segunda-maior-enchente-na-capital\/#breadcrumb","itemListElement":[{"@type":"ListItem","position":1,"name":"In\u00edcio","item":"https:\/\/nk7-testes.com.br\/agazeta\/"},{"@type":"ListItem","position":2,"name":"Com 17,75 metros na manh\u00e3 desta segunda-feira, Rio Acre registra a segunda maior enchente na capital"}]},{"@type":"WebSite","@id":"https:\/\/nk7-testes.com.br\/agazeta\/#website","url":"https:\/\/nk7-testes.com.br\/agazeta\/","name":"Agazeta.net","description":"Agazeta.net - Not\u00edcias de Rio Branco\/AC","potentialAction":[{"@type":"SearchAction","target":{"@type":"EntryPoint","urlTemplate":"https:\/\/nk7-testes.com.br\/agazeta\/?s={search_term_string}"},"query-input":{"@type":"PropertyValueSpecification","valueRequired":true,"valueName":"search_term_string"}}],"inLanguage":"pt-BR"},{"@type":"Person","@id":"https:\/\/nk7-testes.com.br\/agazeta\/#\/schema\/person\/ff6b39d54d6973bfc57f4140f659b23f","name":"Agazeta.Net","url":"https:\/\/nk7-testes.com.br\/agazeta\/author\/agazeta\/"}]}},"_links":{"self":[{"href":"https:\/\/nk7-testes.com.br\/agazeta\/wp-json\/wp\/v2\/posts\/128353","targetHints":{"allow":["GET"]}}],"collection":[{"href":"https:\/\/nk7-testes.com.br\/agazeta\/wp-json\/wp\/v2\/posts"}],"about":[{"href":"https:\/\/nk7-testes.com.br\/agazeta\/wp-json\/wp\/v2\/types\/post"}],"author":[{"embeddable":true,"href":"https:\/\/nk7-testes.com.br\/agazeta\/wp-json\/wp\/v2\/users\/4"}],"replies":[{"embeddable":true,"href":"https:\/\/nk7-testes.com.br\/agazeta\/wp-json\/wp\/v2\/comments?post=128353"}],"version-history":[{"count":0,"href":"https:\/\/nk7-testes.com.br\/agazeta\/wp-json\/wp\/v2\/posts\/128353\/revisions"}],"wp:featuredmedia":[{"embeddable":true,"href":"https:\/\/nk7-testes.com.br\/agazeta\/wp-json\/wp\/v2\/media\/128355"}],"wp:attachment":[{"href":"https:\/\/nk7-testes.com.br\/agazeta\/wp-json\/wp\/v2\/media?parent=128353"}],"wp:term":[{"taxonomy":"category","embeddable":true,"href":"https:\/\/nk7-testes.com.br\/agazeta\/wp-json\/wp\/v2\/categories?post=128353"},{"taxonomy":"post_tag","embeddable":true,"href":"https:\/\/nk7-testes.com.br\/agazeta\/wp-json\/wp\/v2\/tags?post=128353"}],"curies":[{"name":"wp","href":"https:\/\/api.w.org\/{rel}","templated":true}]}}