{"id":128263,"date":"2024-03-01T16:23:06","date_gmt":"2024-03-01T21:23:06","guid":{"rendered":"https:\/\/nk7-testes.com.br\/?p=128263"},"modified":"2024-03-01T16:23:06","modified_gmt":"2024-03-01T21:23:06","slug":"na-capital-rio-acre-esta-a-42-centimetros-de-superar-cota-de-2023-mais-de-60-mil-atingidos","status":"publish","type":"post","link":"https:\/\/nk7-testes.com.br\/agazeta\/na-capital-rio-acre-esta-a-42-centimetros-de-superar-cota-de-2023-mais-de-60-mil-atingidos\/","title":{"rendered":"Na capital, Rio Acre est\u00e1 a 42 cent\u00edmetros de superar cota de 2023; mais de 60 mil atingidos"},"content":{"rendered":"<p style=\"text-align: justify;\">A \u00faltima medi\u00e7\u00e3o realizada pela Defesa Civil de Rio Branco, \u00e0s 15h, mostra que o Rio Acre chegou \u00e0 marca de 17,34 metros na capital acreana. Com o crescente aumento no n\u00famero, estima-se que mais de 60 mil pessoas j\u00e1 est\u00e3o afetadas.<\/p>\n<p style=\"text-align: justify;\">De acordo com o coordenador da Defesa Civil, tenente-coronel Cl\u00e1udio Falc\u00e3o, existe a possibilidade da enchente esse ano ser pior do que a de 2023, por\u00e9m o \u00f3rg\u00e3o est\u00e1 otimista. Apesar disso, \u00e9 previsto que o Rio chegue a 18 metros.<\/p>\n<p style=\"text-align: justify;\">&#8220;Existe a possibilidade de ser pior, mas n\u00f3s estamos otimistas porque as enxurradas n\u00e3o foram t\u00e3o graves, mas, em rela\u00e7\u00e3o ao pr\u00f3prio Rio Acre, pode ser pior. Existe a possibilidade de chegar em 18 metros, porque n\u00f3s j\u00e1 estamos aqui com 17,30 e est\u00e1 faltando apenas 70 cent\u00edmetros para 18&#8221;, explica Falc\u00e3o.<\/p>\n<p style=\"text-align: justify;\">O que preocupa a Defesa Civil da capital \u00e9 a vinda da \u00e1gua da regi\u00e3o do Alto Acre. Em Brasil\u00e9ia, por exemplo, a \u00e1gua com\u00e7ou a baixar, o que significa que a vazante de l\u00e1 chega em Rio Branco nos pr\u00f3ximos dias.<\/p>\n<p style=\"text-align: justify;\">&#8220;Teremos mais \u00e1gua de Brasil\u00e9ia. Por qu\u00ea? Porque em Assis Brasil est\u00e1 aumentando, essa \u00e1gua vai passar por Brasil\u00e9ia e vai chegar aqui. Mesmo antes disso, tem Xapuri Capixaba. Fora o Riozinho do R\u00f4la, que agrava todo o cen\u00e1rio&#8221;, detalha o coordenador.<\/p>\n<h4>Acolhimento<\/h4>\n<p style=\"text-align: justify;\">Atualmente, a Prefeitura de Rio Branco tem 11 abrigos dispon\u00edveis para receber a popula\u00e7\u00e3o afetada pela enchente. Dentre os abrigos, est\u00e1 o Parque de Exposi\u00e7\u00f5es Wildy Viana. A \u00faltima atualiza\u00e7\u00e3o mostra que 610 fam\u00edlias est\u00e3o abrigadas, o que totaliza 2.431 pessoas.<\/p>\n<p style=\"text-align: justify;\">Falc\u00e3o conta que o trabalho da Defesa Civil est\u00e1 com uma demanda muito grande, mas que tentam prestar todo o apoi poss\u00edvel \u00e0 popula\u00e7\u00e3o afetada pela \u00e1guas.<\/p>\n<p style=\"text-align: justify;\">&#8220;A Defesa Civil est\u00e1 prestando todo o apoio. \u00c9 um trabalho herc\u00faleo. Agora, a demanda \u00e9 muito grande. E tamb\u00e9m n\u00f3s n\u00e3o fazemos cr\u00edticas nenhuma as pessoas que t\u00eam reclama\u00e7\u00f5es, porque n\u00f3s n\u00e3o conseguimos chegar em todos os lugares ao mesmo tempo. Mas o trabalho est\u00e1 enorme&#8221;.<\/p>\n<h4>Recomenda\u00e7\u00e3o<\/h4>\n<p style=\"text-align: justify;\">Quarta-feira (28), o corpo do jovem Elias Lima, de 20 anos, foi localizado nas \u00e1guas do Igarap\u00e9 S\u00e3o Francisco, situado na regi\u00e3o do bairro Conquista, em Rio Branco. Ele havia desaparecido no domingo (25). Nesta sexta (1), mais uma pessoa foi vitimada pelas \u00e1guas.<\/p>\n<p style=\"text-align: justify;\">Sobre isso, o chefe de Defesa Civil deixa recomenda\u00e7\u00f5es \u00e0 popula\u00e7\u00e3o rio-branquense e afirma que n\u00e3o deve se colocar em mais perigos do que j\u00e1 tem.<\/p>\n<p style=\"text-align: justify;\">&#8220;N\u00f3s n\u00e3o precisamos nos expor a perigos al\u00e9m dos que n\u00f3s j\u00e1 temos. Eu deixo aqui a dica e seguran\u00e7a n\u00e3o se jogue de igarap\u00e9s, n\u00e3o se jogue de ponte, n\u00e3o atravessa locais alagados, tenha cuidado na sua casa. N\u00e3o se exponha ao perigo, n\u00e3o fica transitando e nem se jogando nos rios, e pr\u00f3ximo de locais onde permanece energia el\u00e9trica ligada, que pode ter choque el\u00e9trico e causar um um acidente fatal&#8221;.<\/p>\n","protected":false},"excerpt":{"rendered":"<p>A \u00faltima medi\u00e7\u00e3o realizada pela Defesa Civil de Rio Branco, \u00e0s 15h, mostra que o Rio Acre chegou \u00e0 marca de 17,34 metros na capital acreana. Com o crescente aumento no n\u00famero, estima-se que mais de 60 mil pessoas j\u00e1 est\u00e3o afetadas. De acordo com o coordenador da Defesa Civil, tenente-coronel Cl\u00e1udio Falc\u00e3o, existe a [&hellip;]<\/p>\n","protected":false},"author":4,"featured_media":128266,"comment_status":"open","ping_status":"open","sticky":false,"template":"","format":"standard","meta":{"jnews-multi-image_gallery":[],"jnews_single_post":{"source_name":"","source_url":"","via_name":"","via_url":"","override_template":"0","override":[{"template":"custom","single_blog_custom":"110746","parallax":"1","fullscreen":"1","layout":"right-sidebar","sidebar":"default-sidebar","second_sidebar":"default-sidebar","sticky_sidebar":"1","share_position":"top","share_float_style":"share-monocrhome","show_share_counter":"1","show_view_counter":"1","show_featured":"1","show_post_meta":"1","show_post_author":"1","show_post_author_image":"1","show_post_date":"1","post_date_format":"default","post_date_format_custom":"Y\/m\/d","show_post_category":"1","show_post_reading_time":"0","post_reading_time_wpm":"300","show_zoom_button":"0","zoom_button_out_step":"2","zoom_button_in_step":"3","show_post_tag":"1","show_prev_next_post":"1","show_popup_post":"1","number_popup_post":"1","show_author_box":"0","show_post_related":"1","show_inline_post_related":"0"}],"override_image_size":"0","image_override":[{"single_post_thumbnail_size":"crop-500","single_post_gallery_size":"crop-500"}],"trending_post":"0","trending_post_position":"meta","trending_post_label":"Trending","sponsored_post":"0","sponsored_post_label":"Sponsored by","sponsored_post_name":"","sponsored_post_url":"","sponsored_post_logo_enable":"0","sponsored_post_logo":"","sponsored_post_desc":"","disable_ad":"0"},"jnews_primary_category":{"id":"","hide":""},"jnews_social_meta":{"fb_title":"","fb_description":"","fb_image":"","twitter_title":"","twitter_description":"","twitter_image":""},"jnews_review":[],"enable_review":"0","type":"percentage","name":"","summary":"","brand":"","sku":"","good":[{"good_text":""}],"bad":[{"bad_text":""}],"score_override":"0","override_value":"","rating":[{"rating_text":"","rating_number":"10"}],"price":[{"shop":"","price":"","link":"","icon":""}],"footnotes":""},"categories":[54],"tags":[152],"class_list":["post-128263","post","type-post","status-publish","format-standard","has-post-thumbnail","hentry","category-cotidiano","tag-destaque"],"yoast_head":"<!-- This site is optimized with the Yoast SEO plugin v26.5 - https:\/\/yoast.com\/wordpress\/plugins\/seo\/ -->\n<title>Na capital, Rio Acre est\u00e1 a 42 cent\u00edmetros de superar cota de 2023; mais de 60 mil atingidos - Agazeta.net<\/title>\n<meta name=\"robots\" content=\"index, follow, max-snippet:-1, max-image-preview:large, max-video-preview:-1\" \/>\n<link rel=\"canonical\" href=\"https:\/\/nk7-testes.com.br\/agazeta\/na-capital-rio-acre-esta-a-42-centimetros-de-superar-cota-de-2023-mais-de-60-mil-atingidos\/\" \/>\n<meta property=\"og:locale\" content=\"pt_BR\" \/>\n<meta property=\"og:type\" content=\"article\" \/>\n<meta property=\"og:title\" content=\"Na capital, Rio Acre est\u00e1 a 42 cent\u00edmetros de superar cota de 2023; mais de 60 mil atingidos\" \/>\n<meta property=\"og:description\" content=\"O coordenador da Defesa Civil deixa recomenda\u00e7\u00f5es de seguran\u00e7a \u00e0 popula\u00e7\u00e3o durante a cheia\" \/>\n<meta property=\"og:url\" content=\"https:\/\/nk7-testes.com.br\/agazeta\/na-capital-rio-acre-esta-a-42-centimetros-de-superar-cota-de-2023-mais-de-60-mil-atingidos\/\" \/>\n<meta property=\"og:site_name\" content=\"Agazeta.net\" \/>\n<meta property=\"article:published_time\" content=\"2024-03-01T21:23:06+00:00\" \/>\n<meta property=\"og:image\" content=\"https:\/\/nk7-testes.com.br\/agazeta\/wp-content\/uploads\/2024\/03\/1680101347569-1536x864-1-jpg.webp\" \/>\n\t<meta property=\"og:image:width\" content=\"800\" \/>\n\t<meta property=\"og:image:height\" content=\"405\" \/>\n\t<meta property=\"og:image:type\" content=\"image\/jpeg\" \/>\n<meta name=\"author\" content=\"Agazeta.Net\" \/>\n<meta name=\"twitter:card\" content=\"summary_large_image\" \/>\n<meta name=\"twitter:label1\" content=\"Escrito por\" \/>\n\t<meta name=\"twitter:data1\" content=\"Agazeta.Net\" \/>\n\t<meta name=\"twitter:label2\" content=\"Est. tempo de leitura\" \/>\n\t<meta name=\"twitter:data2\" content=\"3 minutos\" \/>\n<script type=\"application\/ld+json\" class=\"yoast-schema-graph\">{\"@context\":\"https:\/\/schema.org\",\"@graph\":[{\"@type\":\"WebPage\",\"@id\":\"https:\/\/nk7-testes.com.br\/agazeta\/na-capital-rio-acre-esta-a-42-centimetros-de-superar-cota-de-2023-mais-de-60-mil-atingidos\/\",\"url\":\"https:\/\/nk7-testes.com.br\/agazeta\/na-capital-rio-acre-esta-a-42-centimetros-de-superar-cota-de-2023-mais-de-60-mil-atingidos\/\",\"name\":\"Na capital, Rio Acre est\u00e1 a 42 cent\u00edmetros de superar cota de 2023; mais de 60 mil atingidos - Agazeta.net\",\"isPartOf\":{\"@id\":\"https:\/\/nk7-testes.com.br\/agazeta\/#website\"},\"primaryImageOfPage\":{\"@id\":\"https:\/\/nk7-testes.com.br\/agazeta\/na-capital-rio-acre-esta-a-42-centimetros-de-superar-cota-de-2023-mais-de-60-mil-atingidos\/#primaryimage\"},\"image\":{\"@id\":\"https:\/\/nk7-testes.com.br\/agazeta\/na-capital-rio-acre-esta-a-42-centimetros-de-superar-cota-de-2023-mais-de-60-mil-atingidos\/#primaryimage\"},\"thumbnailUrl\":\"https:\/\/nk7-testes.com.br\/agazeta\/wp-content\/uploads\/2024\/03\/1680101347569-1536x864-1-jpg.webp\",\"datePublished\":\"2024-03-01T21:23:06+00:00\",\"author\":{\"@id\":\"https:\/\/nk7-testes.com.br\/agazeta\/#\/schema\/person\/ff6b39d54d6973bfc57f4140f659b23f\"},\"breadcrumb\":{\"@id\":\"https:\/\/nk7-testes.com.br\/agazeta\/na-capital-rio-acre-esta-a-42-centimetros-de-superar-cota-de-2023-mais-de-60-mil-atingidos\/#breadcrumb\"},\"inLanguage\":\"pt-BR\",\"potentialAction\":[{\"@type\":\"ReadAction\",\"target\":[\"https:\/\/nk7-testes.com.br\/agazeta\/na-capital-rio-acre-esta-a-42-centimetros-de-superar-cota-de-2023-mais-de-60-mil-atingidos\/\"]}]},{\"@type\":\"ImageObject\",\"inLanguage\":\"pt-BR\",\"@id\":\"https:\/\/nk7-testes.com.br\/agazeta\/na-capital-rio-acre-esta-a-42-centimetros-de-superar-cota-de-2023-mais-de-60-mil-atingidos\/#primaryimage\",\"url\":\"https:\/\/nk7-testes.com.br\/agazeta\/wp-content\/uploads\/2024\/03\/1680101347569-1536x864-1-jpg.webp\",\"contentUrl\":\"https:\/\/nk7-testes.com.br\/agazeta\/wp-content\/uploads\/2024\/03\/1680101347569-1536x864-1-jpg.webp\",\"width\":800,\"height\":405,\"caption\":\"DCIM102MEDIADJI_0511.JPG\"},{\"@type\":\"BreadcrumbList\",\"@id\":\"https:\/\/nk7-testes.com.br\/agazeta\/na-capital-rio-acre-esta-a-42-centimetros-de-superar-cota-de-2023-mais-de-60-mil-atingidos\/#breadcrumb\",\"itemListElement\":[{\"@type\":\"ListItem\",\"position\":1,\"name\":\"In\u00edcio\",\"item\":\"https:\/\/nk7-testes.com.br\/agazeta\/\"},{\"@type\":\"ListItem\",\"position\":2,\"name\":\"Na capital, Rio Acre est\u00e1 a 42 cent\u00edmetros de superar cota de 2023; mais de 60 mil atingidos\"}]},{\"@type\":\"WebSite\",\"@id\":\"https:\/\/nk7-testes.com.br\/agazeta\/#website\",\"url\":\"https:\/\/nk7-testes.com.br\/agazeta\/\",\"name\":\"Agazeta.net\",\"description\":\"Agazeta.net - Not\u00edcias de Rio Branco\/AC\",\"potentialAction\":[{\"@type\":\"SearchAction\",\"target\":{\"@type\":\"EntryPoint\",\"urlTemplate\":\"https:\/\/nk7-testes.com.br\/agazeta\/?s={search_term_string}\"},\"query-input\":{\"@type\":\"PropertyValueSpecification\",\"valueRequired\":true,\"valueName\":\"search_term_string\"}}],\"inLanguage\":\"pt-BR\"},{\"@type\":\"Person\",\"@id\":\"https:\/\/nk7-testes.com.br\/agazeta\/#\/schema\/person\/ff6b39d54d6973bfc57f4140f659b23f\",\"name\":\"Agazeta.Net\",\"url\":\"https:\/\/nk7-testes.com.br\/agazeta\/author\/agazeta\/\"}]}<\/script>\n<!-- \/ Yoast SEO plugin. -->","yoast_head_json":{"title":"Na capital, Rio Acre est\u00e1 a 42 cent\u00edmetros de superar cota de 2023; mais de 60 mil atingidos - Agazeta.net","robots":{"index":"index","follow":"follow","max-snippet":"max-snippet:-1","max-image-preview":"max-image-preview:large","max-video-preview":"max-video-preview:-1"},"canonical":"https:\/\/nk7-testes.com.br\/agazeta\/na-capital-rio-acre-esta-a-42-centimetros-de-superar-cota-de-2023-mais-de-60-mil-atingidos\/","og_locale":"pt_BR","og_type":"article","og_title":"Na capital, Rio Acre est\u00e1 a 42 cent\u00edmetros de superar cota de 2023; mais de 60 mil atingidos","og_description":"O coordenador da Defesa Civil deixa recomenda\u00e7\u00f5es de seguran\u00e7a \u00e0 popula\u00e7\u00e3o durante a cheia","og_url":"https:\/\/nk7-testes.com.br\/agazeta\/na-capital-rio-acre-esta-a-42-centimetros-de-superar-cota-de-2023-mais-de-60-mil-atingidos\/","og_site_name":"Agazeta.net","article_published_time":"2024-03-01T21:23:06+00:00","og_image":[{"width":800,"height":405,"url":"https:\/\/nk7-testes.com.br\/agazeta\/wp-content\/uploads\/2024\/03\/1680101347569-1536x864-1-jpg.webp","type":"image\/jpeg"}],"author":"Agazeta.Net","twitter_card":"summary_large_image","twitter_misc":{"Escrito por":"Agazeta.Net","Est. tempo de leitura":"3 minutos"},"schema":{"@context":"https:\/\/schema.org","@graph":[{"@type":"WebPage","@id":"https:\/\/nk7-testes.com.br\/agazeta\/na-capital-rio-acre-esta-a-42-centimetros-de-superar-cota-de-2023-mais-de-60-mil-atingidos\/","url":"https:\/\/nk7-testes.com.br\/agazeta\/na-capital-rio-acre-esta-a-42-centimetros-de-superar-cota-de-2023-mais-de-60-mil-atingidos\/","name":"Na capital, Rio Acre est\u00e1 a 42 cent\u00edmetros de superar cota de 2023; mais de 60 mil atingidos - Agazeta.net","isPartOf":{"@id":"https:\/\/nk7-testes.com.br\/agazeta\/#website"},"primaryImageOfPage":{"@id":"https:\/\/nk7-testes.com.br\/agazeta\/na-capital-rio-acre-esta-a-42-centimetros-de-superar-cota-de-2023-mais-de-60-mil-atingidos\/#primaryimage"},"image":{"@id":"https:\/\/nk7-testes.com.br\/agazeta\/na-capital-rio-acre-esta-a-42-centimetros-de-superar-cota-de-2023-mais-de-60-mil-atingidos\/#primaryimage"},"thumbnailUrl":"https:\/\/nk7-testes.com.br\/agazeta\/wp-content\/uploads\/2024\/03\/1680101347569-1536x864-1-jpg.webp","datePublished":"2024-03-01T21:23:06+00:00","author":{"@id":"https:\/\/nk7-testes.com.br\/agazeta\/#\/schema\/person\/ff6b39d54d6973bfc57f4140f659b23f"},"breadcrumb":{"@id":"https:\/\/nk7-testes.com.br\/agazeta\/na-capital-rio-acre-esta-a-42-centimetros-de-superar-cota-de-2023-mais-de-60-mil-atingidos\/#breadcrumb"},"inLanguage":"pt-BR","potentialAction":[{"@type":"ReadAction","target":["https:\/\/nk7-testes.com.br\/agazeta\/na-capital-rio-acre-esta-a-42-centimetros-de-superar-cota-de-2023-mais-de-60-mil-atingidos\/"]}]},{"@type":"ImageObject","inLanguage":"pt-BR","@id":"https:\/\/nk7-testes.com.br\/agazeta\/na-capital-rio-acre-esta-a-42-centimetros-de-superar-cota-de-2023-mais-de-60-mil-atingidos\/#primaryimage","url":"https:\/\/nk7-testes.com.br\/agazeta\/wp-content\/uploads\/2024\/03\/1680101347569-1536x864-1-jpg.webp","contentUrl":"https:\/\/nk7-testes.com.br\/agazeta\/wp-content\/uploads\/2024\/03\/1680101347569-1536x864-1-jpg.webp","width":800,"height":405,"caption":"DCIM102MEDIADJI_0511.JPG"},{"@type":"BreadcrumbList","@id":"https:\/\/nk7-testes.com.br\/agazeta\/na-capital-rio-acre-esta-a-42-centimetros-de-superar-cota-de-2023-mais-de-60-mil-atingidos\/#breadcrumb","itemListElement":[{"@type":"ListItem","position":1,"name":"In\u00edcio","item":"https:\/\/nk7-testes.com.br\/agazeta\/"},{"@type":"ListItem","position":2,"name":"Na capital, Rio Acre est\u00e1 a 42 cent\u00edmetros de superar cota de 2023; mais de 60 mil atingidos"}]},{"@type":"WebSite","@id":"https:\/\/nk7-testes.com.br\/agazeta\/#website","url":"https:\/\/nk7-testes.com.br\/agazeta\/","name":"Agazeta.net","description":"Agazeta.net - Not\u00edcias de Rio Branco\/AC","potentialAction":[{"@type":"SearchAction","target":{"@type":"EntryPoint","urlTemplate":"https:\/\/nk7-testes.com.br\/agazeta\/?s={search_term_string}"},"query-input":{"@type":"PropertyValueSpecification","valueRequired":true,"valueName":"search_term_string"}}],"inLanguage":"pt-BR"},{"@type":"Person","@id":"https:\/\/nk7-testes.com.br\/agazeta\/#\/schema\/person\/ff6b39d54d6973bfc57f4140f659b23f","name":"Agazeta.Net","url":"https:\/\/nk7-testes.com.br\/agazeta\/author\/agazeta\/"}]}},"_links":{"self":[{"href":"https:\/\/nk7-testes.com.br\/agazeta\/wp-json\/wp\/v2\/posts\/128263","targetHints":{"allow":["GET"]}}],"collection":[{"href":"https:\/\/nk7-testes.com.br\/agazeta\/wp-json\/wp\/v2\/posts"}],"about":[{"href":"https:\/\/nk7-testes.com.br\/agazeta\/wp-json\/wp\/v2\/types\/post"}],"author":[{"embeddable":true,"href":"https:\/\/nk7-testes.com.br\/agazeta\/wp-json\/wp\/v2\/users\/4"}],"replies":[{"embeddable":true,"href":"https:\/\/nk7-testes.com.br\/agazeta\/wp-json\/wp\/v2\/comments?post=128263"}],"version-history":[{"count":0,"href":"https:\/\/nk7-testes.com.br\/agazeta\/wp-json\/wp\/v2\/posts\/128263\/revisions"}],"wp:featuredmedia":[{"embeddable":true,"href":"https:\/\/nk7-testes.com.br\/agazeta\/wp-json\/wp\/v2\/media\/128266"}],"wp:attachment":[{"href":"https:\/\/nk7-testes.com.br\/agazeta\/wp-json\/wp\/v2\/media?parent=128263"}],"wp:term":[{"taxonomy":"category","embeddable":true,"href":"https:\/\/nk7-testes.com.br\/agazeta\/wp-json\/wp\/v2\/categories?post=128263"},{"taxonomy":"post_tag","embeddable":true,"href":"https:\/\/nk7-testes.com.br\/agazeta\/wp-json\/wp\/v2\/tags?post=128263"}],"curies":[{"name":"wp","href":"https:\/\/api.w.org\/{rel}","templated":true}]}}