{"id":128260,"date":"2024-03-01T15:02:19","date_gmt":"2024-03-01T20:02:19","guid":{"rendered":"https:\/\/nk7-testes.com.br\/?p=128260"},"modified":"2024-03-01T15:02:19","modified_gmt":"2024-03-01T20:02:19","slug":"energisa-anuncia-desligamento-de-energia-para-8-mil-pessoas-devido-enchentes-no-acre","status":"publish","type":"post","link":"https:\/\/nk7-testes.com.br\/agazeta\/energisa-anuncia-desligamento-de-energia-para-8-mil-pessoas-devido-enchentes-no-acre\/","title":{"rendered":"Energisa anuncia desligamento de energia para 8 mil pessoas devido enchentes no Acre"},"content":{"rendered":"<p style=\"text-align: justify;\">Nesta sexta-feira (1), a empresa Energisa anunciou o desligamento da energia el\u00e9trica para cerca de 8.702 pessoas em todo o Acre, por motivos de seguran\u00e7a. Nos \u00faltimos dias, o Estado est\u00e1 em colapso pela enchente do Rio Acre e afluentes.<\/p>\n<p style=\"text-align: justify;\">Desse montante de mais de 8 mil consumidores que v\u00e3o sofrer com a falta de energia, 935 est\u00e3o em Rio Branco, 355 no Jord\u00e3o, 258 em Epitaciol\u00e2ndia, 2.020 em Xapuri, 2.283 em Brasileia, 1.297 em Marechal Thaumaturgo, 135 em Santa Rosa do Purus, 213 em Porto Walter e 1.226 em Tarauaca.<\/p>\n<h4>Recomeda\u00e7\u00f5es Energisa<\/h4>\n<p style=\"text-align: justify;\">Diante do cen\u00e1rio de calamidade p\u00fablica que o Acre enfrenta, a Energisa deixa recomenda\u00e7\u00f5es para a popula\u00e7\u00e3o seguir e n\u00e3o colocar a vida em risco.<\/p>\n<p style=\"text-align: justify;\">A empresa recomenda que as pessoas n\u00e3o devem tentar consertar uma eventual falta de nergia por conta pr\u00f3pria; que, se a casa for atingida pela \u00e1gua, deve desligar o disjuntor de energia; e em caso de d\u00favida, contatem a empresa pelo n\u00famero <strong>0800-647-7196<\/strong>, pelo aplicativo Energisa ON ou atrav\u00e9s do<a href=\"http:\/\/gisa.energisa.com.br\"> site<\/a>.<\/p>\n","protected":false},"excerpt":{"rendered":"<p>Nesta sexta-feira (1), a empresa Energisa anunciou o desligamento da energia el\u00e9trica para cerca de 8.702 pessoas em todo o Acre, por motivos de seguran\u00e7a. Nos \u00faltimos dias, o Estado est\u00e1 em colapso pela enchente do Rio Acre e afluentes. Desse montante de mais de 8 mil consumidores que v\u00e3o sofrer com a falta de [&hellip;]<\/p>\n","protected":false},"author":4,"featured_media":128261,"comment_status":"open","ping_status":"open","sticky":false,"template":"","format":"standard","meta":{"jnews-multi-image_gallery":[],"jnews_single_post":{"source_name":"","source_url":"","via_name":"","via_url":"","override_template":"0","override":[{"template":"custom","single_blog_custom":"110746","parallax":"1","fullscreen":"1","layout":"right-sidebar","sidebar":"default-sidebar","second_sidebar":"default-sidebar","sticky_sidebar":"1","share_position":"top","share_float_style":"share-monocrhome","show_share_counter":"1","show_view_counter":"1","show_featured":"1","show_post_meta":"1","show_post_author":"1","show_post_author_image":"1","show_post_date":"1","post_date_format":"default","post_date_format_custom":"Y\/m\/d","show_post_category":"1","show_post_reading_time":"0","post_reading_time_wpm":"300","show_zoom_button":"0","zoom_button_out_step":"2","zoom_button_in_step":"3","show_post_tag":"1","show_prev_next_post":"1","show_popup_post":"1","number_popup_post":"1","show_author_box":"0","show_post_related":"1","show_inline_post_related":"0"}],"override_image_size":"0","image_override":[{"single_post_thumbnail_size":"crop-500","single_post_gallery_size":"crop-500"}],"trending_post":"0","trending_post_position":"meta","trending_post_label":"Trending","sponsored_post":"0","sponsored_post_label":"Sponsored by","sponsored_post_name":"","sponsored_post_url":"","sponsored_post_logo_enable":"0","sponsored_post_logo":"","sponsored_post_desc":"","disable_ad":"0"},"jnews_primary_category":{"id":"","hide":""},"jnews_social_meta":{"fb_title":"","fb_description":"","fb_image":"","twitter_title":"","twitter_description":"","twitter_image":""},"jnews_review":[],"enable_review":"0","type":"percentage","name":"","summary":"","brand":"","sku":"","good":[{"good_text":""}],"bad":[{"bad_text":""}],"score_override":"0","override_value":"","rating":[{"rating_text":"","rating_number":"10"}],"price":[{"shop":"","price":"","link":"","icon":""}],"footnotes":""},"categories":[54],"tags":[],"class_list":["post-128260","post","type-post","status-publish","format-standard","has-post-thumbnail","hentry","category-cotidiano"],"yoast_head":"<!-- This site is optimized with the Yoast SEO plugin v26.5 - https:\/\/yoast.com\/wordpress\/plugins\/seo\/ -->\n<title>Energisa anuncia desligamento de energia para 8 mil pessoas devido enchentes no Acre - Agazeta.net<\/title>\n<meta name=\"robots\" content=\"index, follow, max-snippet:-1, max-image-preview:large, max-video-preview:-1\" \/>\n<link rel=\"canonical\" href=\"https:\/\/nk7-testes.com.br\/agazeta\/energisa-anuncia-desligamento-de-energia-para-8-mil-pessoas-devido-enchentes-no-acre\/\" \/>\n<meta property=\"og:locale\" content=\"pt_BR\" \/>\n<meta property=\"og:type\" content=\"article\" \/>\n<meta property=\"og:title\" content=\"Energisa anuncia desligamento de energia para 8 mil pessoas devido enchentes no Acre\" \/>\n<meta property=\"og:description\" content=\"Al\u00e9m disso, a empresa deixa recomenda\u00e7\u00f5es para a popula\u00e7\u00e3o n\u00e3o colocar a vida em risco\" \/>\n<meta property=\"og:url\" content=\"https:\/\/nk7-testes.com.br\/agazeta\/energisa-anuncia-desligamento-de-energia-para-8-mil-pessoas-devido-enchentes-no-acre\/\" \/>\n<meta property=\"og:site_name\" content=\"Agazeta.net\" \/>\n<meta property=\"article:published_time\" content=\"2024-03-01T20:02:19+00:00\" \/>\n<meta property=\"og:image\" content=\"https:\/\/nk7-testes.com.br\/agazeta\/wp-content\/uploads\/2024\/03\/energisa_tecnico-jpg.webp\" \/>\n\t<meta property=\"og:image:width\" content=\"800\" \/>\n\t<meta property=\"og:image:height\" content=\"409\" \/>\n\t<meta property=\"og:image:type\" content=\"image\/jpeg\" \/>\n<meta name=\"author\" content=\"Agazeta.Net\" \/>\n<meta name=\"twitter:card\" content=\"summary_large_image\" \/>\n<meta name=\"twitter:label1\" content=\"Escrito por\" \/>\n\t<meta name=\"twitter:data1\" content=\"Agazeta.Net\" \/>\n\t<meta name=\"twitter:label2\" content=\"Est. tempo de leitura\" \/>\n\t<meta name=\"twitter:data2\" content=\"1 minuto\" \/>\n<script type=\"application\/ld+json\" class=\"yoast-schema-graph\">{\"@context\":\"https:\/\/schema.org\",\"@graph\":[{\"@type\":\"WebPage\",\"@id\":\"https:\/\/nk7-testes.com.br\/agazeta\/energisa-anuncia-desligamento-de-energia-para-8-mil-pessoas-devido-enchentes-no-acre\/\",\"url\":\"https:\/\/nk7-testes.com.br\/agazeta\/energisa-anuncia-desligamento-de-energia-para-8-mil-pessoas-devido-enchentes-no-acre\/\",\"name\":\"Energisa anuncia desligamento de energia para 8 mil pessoas devido enchentes no Acre - Agazeta.net\",\"isPartOf\":{\"@id\":\"https:\/\/nk7-testes.com.br\/agazeta\/#website\"},\"primaryImageOfPage\":{\"@id\":\"https:\/\/nk7-testes.com.br\/agazeta\/energisa-anuncia-desligamento-de-energia-para-8-mil-pessoas-devido-enchentes-no-acre\/#primaryimage\"},\"image\":{\"@id\":\"https:\/\/nk7-testes.com.br\/agazeta\/energisa-anuncia-desligamento-de-energia-para-8-mil-pessoas-devido-enchentes-no-acre\/#primaryimage\"},\"thumbnailUrl\":\"https:\/\/nk7-testes.com.br\/agazeta\/wp-content\/uploads\/2024\/03\/energisa_tecnico-jpg.webp\",\"datePublished\":\"2024-03-01T20:02:19+00:00\",\"author\":{\"@id\":\"https:\/\/nk7-testes.com.br\/agazeta\/#\/schema\/person\/ff6b39d54d6973bfc57f4140f659b23f\"},\"breadcrumb\":{\"@id\":\"https:\/\/nk7-testes.com.br\/agazeta\/energisa-anuncia-desligamento-de-energia-para-8-mil-pessoas-devido-enchentes-no-acre\/#breadcrumb\"},\"inLanguage\":\"pt-BR\",\"potentialAction\":[{\"@type\":\"ReadAction\",\"target\":[\"https:\/\/nk7-testes.com.br\/agazeta\/energisa-anuncia-desligamento-de-energia-para-8-mil-pessoas-devido-enchentes-no-acre\/\"]}]},{\"@type\":\"ImageObject\",\"inLanguage\":\"pt-BR\",\"@id\":\"https:\/\/nk7-testes.com.br\/agazeta\/energisa-anuncia-desligamento-de-energia-para-8-mil-pessoas-devido-enchentes-no-acre\/#primaryimage\",\"url\":\"https:\/\/nk7-testes.com.br\/agazeta\/wp-content\/uploads\/2024\/03\/energisa_tecnico-jpg.webp\",\"contentUrl\":\"https:\/\/nk7-testes.com.br\/agazeta\/wp-content\/uploads\/2024\/03\/energisa_tecnico-jpg.webp\",\"width\":800,\"height\":409,\"caption\":\"Imagem: Ascom\"},{\"@type\":\"BreadcrumbList\",\"@id\":\"https:\/\/nk7-testes.com.br\/agazeta\/energisa-anuncia-desligamento-de-energia-para-8-mil-pessoas-devido-enchentes-no-acre\/#breadcrumb\",\"itemListElement\":[{\"@type\":\"ListItem\",\"position\":1,\"name\":\"In\u00edcio\",\"item\":\"https:\/\/nk7-testes.com.br\/agazeta\/\"},{\"@type\":\"ListItem\",\"position\":2,\"name\":\"Energisa anuncia desligamento de energia para 8 mil pessoas devido enchentes no Acre\"}]},{\"@type\":\"WebSite\",\"@id\":\"https:\/\/nk7-testes.com.br\/agazeta\/#website\",\"url\":\"https:\/\/nk7-testes.com.br\/agazeta\/\",\"name\":\"Agazeta.net\",\"description\":\"Agazeta.net - Not\u00edcias de Rio Branco\/AC\",\"potentialAction\":[{\"@type\":\"SearchAction\",\"target\":{\"@type\":\"EntryPoint\",\"urlTemplate\":\"https:\/\/nk7-testes.com.br\/agazeta\/?s={search_term_string}\"},\"query-input\":{\"@type\":\"PropertyValueSpecification\",\"valueRequired\":true,\"valueName\":\"search_term_string\"}}],\"inLanguage\":\"pt-BR\"},{\"@type\":\"Person\",\"@id\":\"https:\/\/nk7-testes.com.br\/agazeta\/#\/schema\/person\/ff6b39d54d6973bfc57f4140f659b23f\",\"name\":\"Agazeta.Net\",\"url\":\"https:\/\/nk7-testes.com.br\/agazeta\/author\/agazeta\/\"}]}<\/script>\n<!-- \/ Yoast SEO plugin. -->","yoast_head_json":{"title":"Energisa anuncia desligamento de energia para 8 mil pessoas devido enchentes no Acre - Agazeta.net","robots":{"index":"index","follow":"follow","max-snippet":"max-snippet:-1","max-image-preview":"max-image-preview:large","max-video-preview":"max-video-preview:-1"},"canonical":"https:\/\/nk7-testes.com.br\/agazeta\/energisa-anuncia-desligamento-de-energia-para-8-mil-pessoas-devido-enchentes-no-acre\/","og_locale":"pt_BR","og_type":"article","og_title":"Energisa anuncia desligamento de energia para 8 mil pessoas devido enchentes no Acre","og_description":"Al\u00e9m disso, a empresa deixa recomenda\u00e7\u00f5es para a popula\u00e7\u00e3o n\u00e3o colocar a vida em risco","og_url":"https:\/\/nk7-testes.com.br\/agazeta\/energisa-anuncia-desligamento-de-energia-para-8-mil-pessoas-devido-enchentes-no-acre\/","og_site_name":"Agazeta.net","article_published_time":"2024-03-01T20:02:19+00:00","og_image":[{"width":800,"height":409,"url":"https:\/\/nk7-testes.com.br\/agazeta\/wp-content\/uploads\/2024\/03\/energisa_tecnico-jpg.webp","type":"image\/jpeg"}],"author":"Agazeta.Net","twitter_card":"summary_large_image","twitter_misc":{"Escrito por":"Agazeta.Net","Est. tempo de leitura":"1 minuto"},"schema":{"@context":"https:\/\/schema.org","@graph":[{"@type":"WebPage","@id":"https:\/\/nk7-testes.com.br\/agazeta\/energisa-anuncia-desligamento-de-energia-para-8-mil-pessoas-devido-enchentes-no-acre\/","url":"https:\/\/nk7-testes.com.br\/agazeta\/energisa-anuncia-desligamento-de-energia-para-8-mil-pessoas-devido-enchentes-no-acre\/","name":"Energisa anuncia desligamento de energia para 8 mil pessoas devido enchentes no Acre - Agazeta.net","isPartOf":{"@id":"https:\/\/nk7-testes.com.br\/agazeta\/#website"},"primaryImageOfPage":{"@id":"https:\/\/nk7-testes.com.br\/agazeta\/energisa-anuncia-desligamento-de-energia-para-8-mil-pessoas-devido-enchentes-no-acre\/#primaryimage"},"image":{"@id":"https:\/\/nk7-testes.com.br\/agazeta\/energisa-anuncia-desligamento-de-energia-para-8-mil-pessoas-devido-enchentes-no-acre\/#primaryimage"},"thumbnailUrl":"https:\/\/nk7-testes.com.br\/agazeta\/wp-content\/uploads\/2024\/03\/energisa_tecnico-jpg.webp","datePublished":"2024-03-01T20:02:19+00:00","author":{"@id":"https:\/\/nk7-testes.com.br\/agazeta\/#\/schema\/person\/ff6b39d54d6973bfc57f4140f659b23f"},"breadcrumb":{"@id":"https:\/\/nk7-testes.com.br\/agazeta\/energisa-anuncia-desligamento-de-energia-para-8-mil-pessoas-devido-enchentes-no-acre\/#breadcrumb"},"inLanguage":"pt-BR","potentialAction":[{"@type":"ReadAction","target":["https:\/\/nk7-testes.com.br\/agazeta\/energisa-anuncia-desligamento-de-energia-para-8-mil-pessoas-devido-enchentes-no-acre\/"]}]},{"@type":"ImageObject","inLanguage":"pt-BR","@id":"https:\/\/nk7-testes.com.br\/agazeta\/energisa-anuncia-desligamento-de-energia-para-8-mil-pessoas-devido-enchentes-no-acre\/#primaryimage","url":"https:\/\/nk7-testes.com.br\/agazeta\/wp-content\/uploads\/2024\/03\/energisa_tecnico-jpg.webp","contentUrl":"https:\/\/nk7-testes.com.br\/agazeta\/wp-content\/uploads\/2024\/03\/energisa_tecnico-jpg.webp","width":800,"height":409,"caption":"Imagem: Ascom"},{"@type":"BreadcrumbList","@id":"https:\/\/nk7-testes.com.br\/agazeta\/energisa-anuncia-desligamento-de-energia-para-8-mil-pessoas-devido-enchentes-no-acre\/#breadcrumb","itemListElement":[{"@type":"ListItem","position":1,"name":"In\u00edcio","item":"https:\/\/nk7-testes.com.br\/agazeta\/"},{"@type":"ListItem","position":2,"name":"Energisa anuncia desligamento de energia para 8 mil pessoas devido enchentes no Acre"}]},{"@type":"WebSite","@id":"https:\/\/nk7-testes.com.br\/agazeta\/#website","url":"https:\/\/nk7-testes.com.br\/agazeta\/","name":"Agazeta.net","description":"Agazeta.net - Not\u00edcias de Rio Branco\/AC","potentialAction":[{"@type":"SearchAction","target":{"@type":"EntryPoint","urlTemplate":"https:\/\/nk7-testes.com.br\/agazeta\/?s={search_term_string}"},"query-input":{"@type":"PropertyValueSpecification","valueRequired":true,"valueName":"search_term_string"}}],"inLanguage":"pt-BR"},{"@type":"Person","@id":"https:\/\/nk7-testes.com.br\/agazeta\/#\/schema\/person\/ff6b39d54d6973bfc57f4140f659b23f","name":"Agazeta.Net","url":"https:\/\/nk7-testes.com.br\/agazeta\/author\/agazeta\/"}]}},"_links":{"self":[{"href":"https:\/\/nk7-testes.com.br\/agazeta\/wp-json\/wp\/v2\/posts\/128260","targetHints":{"allow":["GET"]}}],"collection":[{"href":"https:\/\/nk7-testes.com.br\/agazeta\/wp-json\/wp\/v2\/posts"}],"about":[{"href":"https:\/\/nk7-testes.com.br\/agazeta\/wp-json\/wp\/v2\/types\/post"}],"author":[{"embeddable":true,"href":"https:\/\/nk7-testes.com.br\/agazeta\/wp-json\/wp\/v2\/users\/4"}],"replies":[{"embeddable":true,"href":"https:\/\/nk7-testes.com.br\/agazeta\/wp-json\/wp\/v2\/comments?post=128260"}],"version-history":[{"count":0,"href":"https:\/\/nk7-testes.com.br\/agazeta\/wp-json\/wp\/v2\/posts\/128260\/revisions"}],"wp:featuredmedia":[{"embeddable":true,"href":"https:\/\/nk7-testes.com.br\/agazeta\/wp-json\/wp\/v2\/media\/128261"}],"wp:attachment":[{"href":"https:\/\/nk7-testes.com.br\/agazeta\/wp-json\/wp\/v2\/media?parent=128260"}],"wp:term":[{"taxonomy":"category","embeddable":true,"href":"https:\/\/nk7-testes.com.br\/agazeta\/wp-json\/wp\/v2\/categories?post=128260"},{"taxonomy":"post_tag","embeddable":true,"href":"https:\/\/nk7-testes.com.br\/agazeta\/wp-json\/wp\/v2\/tags?post=128260"}],"curies":[{"name":"wp","href":"https:\/\/api.w.org\/{rel}","templated":true}]}}