{"id":128221,"date":"2024-03-01T10:13:06","date_gmt":"2024-03-01T15:13:06","guid":{"rendered":"https:\/\/nk7-testes.com.br\/?p=128221"},"modified":"2024-03-01T11:47:20","modified_gmt":"2024-03-01T16:47:20","slug":"nivel-do-rio-acre-deve-ultrapassar-cota-de-2023-18-metros-e-uma-grande-possibilidade-diz-defesa-civil","status":"publish","type":"post","link":"https:\/\/nk7-testes.com.br\/agazeta\/nivel-do-rio-acre-deve-ultrapassar-cota-de-2023-18-metros-e-uma-grande-possibilidade-diz-defesa-civil\/","title":{"rendered":"N\u00edvel do Rio Acre deve ultrapassar cota de 2023; 18 metros \u00e9 uma grande possibilidade, diz Defesa Civil"},"content":{"rendered":"<p style=\"text-align: justify;\"><span style=\"font-weight: 400;\">O n\u00edvel do Rio Acre em Rio Branco segue em aumento e cada vez mais se aproxima da cota de 2023, que representa a segunda maior marca registrada. Na manh\u00e3 desta sexta-feira, \u00e0s 09h, o rio atingiu a marca de 17,28 metros, apresentando um aumento de 28 cent\u00edmetros em poucas horas. A previs\u00e3o \u00e9 de que o rio alcance a faixa dos 18 metros, caso mantenha esse ritmo de crescimento, sendo que a estimativa anterior era que atingisse os 17 metros.<\/span><\/p>\n<p style=\"text-align: justify;\"><span style=\"font-weight: 400;\">De acordo com o Coordenador Municipal da Defesa Civil\u00a0 de Rio Branco (Comdec), o tenente e coronel Cl\u00e1udio Falc\u00e3o, o aumento cont\u00ednuo do n\u00edvel do Rio Acre tem sido motivo de preocupa\u00e7\u00e3o, com um crescimento de 18 cent\u00edmetros entre as 18h de ontem e as 6h da manh\u00e3 de hoje, o que equivale a um cent\u00edmetro e meio por hora. Esse aumento se deve \u00e0s chuvas em diversas regi\u00f5es, incluindo Rio Branco, e ao fluxo de \u00e1gua proveniente de outros munic\u00edpios que des\u00e1guam na capital acreana.<\/span><\/p>\n<p style=\"text-align: justify;\"><span style=\"font-weight: 400;\">&#8220;O n\u00edvel continua subindo desesperadamente. Infelizmente. De ontem das 18h at\u00e9 as 6h da manh\u00e3 de hoje, n\u00f3s aumentamos 18 cent\u00edmetros. Isso d\u00e1 um cent\u00edmetro e meio por hora. O que significa dizer? Parece bem pouco. Mas \u00e9 muita coisa, porque na altura que o rio est\u00e1, na largura que ele est\u00e1 e com a vaz\u00e3o que ele est\u00e1, \u00e9 muita \u00e1gua que n\u00f3s temos dentro do Rio Acre&#8221;, explica o coordenador.<\/span><\/p>\n<p style=\"text-align: justify;\"><span style=\"font-weight: 400;\">Segundo ele, a aten\u00e7\u00e3o se volta tamb\u00e9m para o riozinho do Rola, que tem apresentado um aumento significativo de vaz\u00e3o nas \u00faltimas horas, impactando diretamente o Rio Branco. Com a previs\u00e3o de um acr\u00e9scimo de 32 cent\u00edmetros a cada 24 horas, a possibilidade de o rio atingir a marca de 2023 \u00e9 considerada praticamente concreta, dada a velocidade do aumento do n\u00edvel das \u00e1guas.<\/span><\/p>\n<p style=\"text-align: justify;\"><span style=\"font-weight: 400;\">&#8220;S\u00e3o chuvas em outras regi\u00f5es, chuvas aqui em Rio Branco, todas as \u00e1guas que passam pelos outros munic\u00edpios chegam aqui em Rio Branco, como todos devem saber, e agora n\u00f3s nos voltamos a aten\u00e7\u00e3o ainda maior para a quest\u00e3o do riozinho do Rola, que agora realmente pegou uma velocidade bem alta nas \u00faltimas horas, e isso vai afetar diretamente o Rio Branco, assim como afeta de outras maneiras&#8221;, esclarece.<\/span><\/p>\n<p style=\"text-align: justify;\"><span style=\"font-weight: 400;\">Falc\u00e3o enfatizou que na \u00faltima medi\u00e7\u00e3o de quinta-feira (28), o Rio Acre registrou 16,82 metros, o que representa um aumento de 40 cent\u00edmetros nas \u00faltimas 24 horas. A r\u00e1pida eleva\u00e7\u00e3o do n\u00edvel das \u00e1guas tem sido observada de forma intensa, com relatos de moradores sobre a velocidade com que a \u00e1gua avan\u00e7a e a falta de perspectivas de estabiliza\u00e7\u00e3o nos pr\u00f3ximos dias. Tudo isso corrobora para a possibilidade dos 18 metros.<\/span><\/p>\n<p style=\"text-align: justify;\"><span style=\"font-weight: 400;\">&#8220;Ele subiu nas \u00faltimas 24 horas 40 cent\u00edmetros. N\u00f3s estamos a 50 cent\u00edmetros da marca do ano passado de 17,72 metros. Da velocidade que ele est\u00e1, ele vai dar em torno de 32 cent\u00edmetros a cada 24 horas. Ent\u00e3o, infelizmente, como n\u00f3s n\u00e3o temos nenhuma perspectiva de estabilidade at\u00e9 o dia de domingo, n\u00f3s ainda temos hoje, amanh\u00e3, s\u00e1bado. E a\u00ed n\u00f3s vamos atingir, possivelmente com quase toda certeza, a marca de 2023&#8221;, diz Falc\u00e3o.\u00a0<\/span><\/p>\n<p style=\"text-align: justify;\"><em><span style=\"font-weight: 400;\">Mat\u00e9ria em v\u00eddeo produzida pela rep\u00f3rter D\u00e9bora Ribeiro para a TV Gazeta<\/span><\/em><\/p>\n","protected":false},"excerpt":{"rendered":"<p>O n\u00edvel do Rio Acre em Rio Branco segue em aumento e cada vez mais se aproxima da cota de 2023, que representa a segunda maior marca registrada. Na manh\u00e3 desta sexta-feira, \u00e0s 09h, o rio atingiu a marca de 17,28 metros, apresentando um aumento de 28 cent\u00edmetros em poucas horas. A previs\u00e3o \u00e9 de [&hellip;]<\/p>\n","protected":false},"author":4,"featured_media":128222,"comment_status":"open","ping_status":"open","sticky":false,"template":"","format":"standard","meta":{"jnews-multi-image_gallery":[],"jnews_single_post":{"source_name":"","source_url":"","via_name":"","via_url":"","override_template":"0","override":[{"template":"custom","single_blog_custom":"110746","parallax":"1","fullscreen":"1","layout":"right-sidebar","sidebar":"default-sidebar","second_sidebar":"default-sidebar","sticky_sidebar":"1","share_position":"top","share_float_style":"share-monocrhome","show_share_counter":"1","show_view_counter":"1","show_featured":"1","show_post_meta":"1","show_post_author":"1","show_post_author_image":"1","show_post_date":"1","post_date_format":"default","post_date_format_custom":"Y\/m\/d","show_post_category":"1","show_post_reading_time":"0","post_reading_time_wpm":"300","show_zoom_button":"0","zoom_button_out_step":"2","zoom_button_in_step":"3","show_post_tag":"1","show_prev_next_post":"1","show_popup_post":"1","number_popup_post":"1","show_author_box":"0","show_post_related":"1","show_inline_post_related":"0"}],"override_image_size":"0","image_override":[{"single_post_thumbnail_size":"crop-500","single_post_gallery_size":"crop-500"}],"trending_post":"0","trending_post_position":"meta","trending_post_label":"Trending","sponsored_post":"0","sponsored_post_label":"Sponsored by","sponsored_post_name":"","sponsored_post_url":"","sponsored_post_logo_enable":"0","sponsored_post_logo":"","sponsored_post_desc":"","disable_ad":"0"},"jnews_primary_category":{"id":"","hide":""},"jnews_social_meta":{"fb_title":"","fb_description":"","fb_image":"","twitter_title":"","twitter_description":"","twitter_image":""},"jnews_review":[],"enable_review":"0","type":"percentage","name":"","summary":"","brand":"","sku":"","good":[{"good_text":""}],"bad":[{"bad_text":""}],"score_override":"0","override_value":"","rating":[{"rating_text":"","rating_number":"10"}],"price":[{"shop":"","price":"","link":"","icon":""}],"footnotes":""},"categories":[54],"tags":[152],"class_list":["post-128221","post","type-post","status-publish","format-standard","has-post-thumbnail","hentry","category-cotidiano","tag-destaque"],"yoast_head":"<!-- This site is optimized with the Yoast SEO plugin v26.5 - https:\/\/yoast.com\/wordpress\/plugins\/seo\/ -->\n<title>N\u00edvel do Rio Acre deve ultrapassar cota de 2023; 18 metros \u00e9 uma grande possibilidade, diz Defesa Civil - Agazeta.net<\/title>\n<meta name=\"robots\" content=\"index, follow, max-snippet:-1, max-image-preview:large, max-video-preview:-1\" \/>\n<link rel=\"canonical\" href=\"https:\/\/nk7-testes.com.br\/agazeta\/nivel-do-rio-acre-deve-ultrapassar-cota-de-2023-18-metros-e-uma-grande-possibilidade-diz-defesa-civil\/\" \/>\n<meta property=\"og:locale\" content=\"pt_BR\" \/>\n<meta property=\"og:type\" content=\"article\" \/>\n<meta property=\"og:title\" content=\"N\u00edvel do Rio Acre deve ultrapassar cota de 2023; 18 metros \u00e9 uma grande possibilidade, diz Defesa Civil - Agazeta.net\" \/>\n<meta property=\"og:description\" content=\"O n\u00edvel do Rio Acre em Rio Branco segue em aumento e cada vez mais se aproxima da cota de 2023, que representa a segunda maior marca registrada. Na manh\u00e3 desta sexta-feira, \u00e0s 09h, o rio atingiu a marca de 17,28 metros, apresentando um aumento de 28 cent\u00edmetros em poucas horas. A previs\u00e3o \u00e9 de [&hellip;]\" \/>\n<meta property=\"og:url\" content=\"https:\/\/nk7-testes.com.br\/agazeta\/nivel-do-rio-acre-deve-ultrapassar-cota-de-2023-18-metros-e-uma-grande-possibilidade-diz-defesa-civil\/\" \/>\n<meta property=\"og:site_name\" content=\"Agazeta.net\" \/>\n<meta property=\"article:published_time\" content=\"2024-03-01T15:13:06+00:00\" \/>\n<meta property=\"article:modified_time\" content=\"2024-03-01T16:47:20+00:00\" \/>\n<meta property=\"og:image\" content=\"https:\/\/nk7-testes.com.br\/agazeta\/wp-content\/uploads\/2024\/03\/WhatsApp-Image-2024-03-01-at-10.11.38-jpeg.webp\" \/>\n\t<meta property=\"og:image:width\" content=\"1600\" \/>\n\t<meta property=\"og:image:height\" content=\"900\" \/>\n\t<meta property=\"og:image:type\" content=\"image\/jpeg\" \/>\n<meta name=\"author\" content=\"Agazeta.Net\" \/>\n<meta name=\"twitter:card\" content=\"summary_large_image\" \/>\n<meta name=\"twitter:label1\" content=\"Escrito por\" \/>\n\t<meta name=\"twitter:data1\" content=\"Agazeta.Net\" \/>\n\t<meta name=\"twitter:label2\" content=\"Est. tempo de leitura\" \/>\n\t<meta name=\"twitter:data2\" content=\"3 minutos\" \/>\n<script type=\"application\/ld+json\" class=\"yoast-schema-graph\">{\"@context\":\"https:\/\/schema.org\",\"@graph\":[{\"@type\":\"WebPage\",\"@id\":\"https:\/\/nk7-testes.com.br\/agazeta\/nivel-do-rio-acre-deve-ultrapassar-cota-de-2023-18-metros-e-uma-grande-possibilidade-diz-defesa-civil\/\",\"url\":\"https:\/\/nk7-testes.com.br\/agazeta\/nivel-do-rio-acre-deve-ultrapassar-cota-de-2023-18-metros-e-uma-grande-possibilidade-diz-defesa-civil\/\",\"name\":\"N\u00edvel do Rio Acre deve ultrapassar cota de 2023; 18 metros \u00e9 uma grande possibilidade, diz Defesa Civil - Agazeta.net\",\"isPartOf\":{\"@id\":\"https:\/\/nk7-testes.com.br\/agazeta\/#website\"},\"primaryImageOfPage\":{\"@id\":\"https:\/\/nk7-testes.com.br\/agazeta\/nivel-do-rio-acre-deve-ultrapassar-cota-de-2023-18-metros-e-uma-grande-possibilidade-diz-defesa-civil\/#primaryimage\"},\"image\":{\"@id\":\"https:\/\/nk7-testes.com.br\/agazeta\/nivel-do-rio-acre-deve-ultrapassar-cota-de-2023-18-metros-e-uma-grande-possibilidade-diz-defesa-civil\/#primaryimage\"},\"thumbnailUrl\":\"https:\/\/nk7-testes.com.br\/agazeta\/wp-content\/uploads\/2024\/03\/WhatsApp-Image-2024-03-01-at-10.11.38-jpeg.webp\",\"datePublished\":\"2024-03-01T15:13:06+00:00\",\"dateModified\":\"2024-03-01T16:47:20+00:00\",\"author\":{\"@id\":\"https:\/\/nk7-testes.com.br\/agazeta\/#\/schema\/person\/ff6b39d54d6973bfc57f4140f659b23f\"},\"breadcrumb\":{\"@id\":\"https:\/\/nk7-testes.com.br\/agazeta\/nivel-do-rio-acre-deve-ultrapassar-cota-de-2023-18-metros-e-uma-grande-possibilidade-diz-defesa-civil\/#breadcrumb\"},\"inLanguage\":\"pt-BR\",\"potentialAction\":[{\"@type\":\"ReadAction\",\"target\":[\"https:\/\/nk7-testes.com.br\/agazeta\/nivel-do-rio-acre-deve-ultrapassar-cota-de-2023-18-metros-e-uma-grande-possibilidade-diz-defesa-civil\/\"]}]},{\"@type\":\"ImageObject\",\"inLanguage\":\"pt-BR\",\"@id\":\"https:\/\/nk7-testes.com.br\/agazeta\/nivel-do-rio-acre-deve-ultrapassar-cota-de-2023-18-metros-e-uma-grande-possibilidade-diz-defesa-civil\/#primaryimage\",\"url\":\"https:\/\/nk7-testes.com.br\/agazeta\/wp-content\/uploads\/2024\/03\/WhatsApp-Image-2024-03-01-at-10.11.38-jpeg.webp\",\"contentUrl\":\"https:\/\/nk7-testes.com.br\/agazeta\/wp-content\/uploads\/2024\/03\/WhatsApp-Image-2024-03-01-at-10.11.38-jpeg.webp\",\"width\":1600,\"height\":900,\"caption\":\"Imagem da Defesa Civil\"},{\"@type\":\"BreadcrumbList\",\"@id\":\"https:\/\/nk7-testes.com.br\/agazeta\/nivel-do-rio-acre-deve-ultrapassar-cota-de-2023-18-metros-e-uma-grande-possibilidade-diz-defesa-civil\/#breadcrumb\",\"itemListElement\":[{\"@type\":\"ListItem\",\"position\":1,\"name\":\"In\u00edcio\",\"item\":\"https:\/\/nk7-testes.com.br\/agazeta\/\"},{\"@type\":\"ListItem\",\"position\":2,\"name\":\"N\u00edvel do Rio Acre deve ultrapassar cota de 2023; 18 metros \u00e9 uma grande possibilidade, diz Defesa Civil\"}]},{\"@type\":\"WebSite\",\"@id\":\"https:\/\/nk7-testes.com.br\/agazeta\/#website\",\"url\":\"https:\/\/nk7-testes.com.br\/agazeta\/\",\"name\":\"Agazeta.net\",\"description\":\"Agazeta.net - Not\u00edcias de Rio Branco\/AC\",\"potentialAction\":[{\"@type\":\"SearchAction\",\"target\":{\"@type\":\"EntryPoint\",\"urlTemplate\":\"https:\/\/nk7-testes.com.br\/agazeta\/?s={search_term_string}\"},\"query-input\":{\"@type\":\"PropertyValueSpecification\",\"valueRequired\":true,\"valueName\":\"search_term_string\"}}],\"inLanguage\":\"pt-BR\"},{\"@type\":\"Person\",\"@id\":\"https:\/\/nk7-testes.com.br\/agazeta\/#\/schema\/person\/ff6b39d54d6973bfc57f4140f659b23f\",\"name\":\"Agazeta.Net\",\"url\":\"https:\/\/nk7-testes.com.br\/agazeta\/author\/agazeta\/\"}]}<\/script>\n<!-- \/ Yoast SEO plugin. -->","yoast_head_json":{"title":"N\u00edvel do Rio Acre deve ultrapassar cota de 2023; 18 metros \u00e9 uma grande possibilidade, diz Defesa Civil - Agazeta.net","robots":{"index":"index","follow":"follow","max-snippet":"max-snippet:-1","max-image-preview":"max-image-preview:large","max-video-preview":"max-video-preview:-1"},"canonical":"https:\/\/nk7-testes.com.br\/agazeta\/nivel-do-rio-acre-deve-ultrapassar-cota-de-2023-18-metros-e-uma-grande-possibilidade-diz-defesa-civil\/","og_locale":"pt_BR","og_type":"article","og_title":"N\u00edvel do Rio Acre deve ultrapassar cota de 2023; 18 metros \u00e9 uma grande possibilidade, diz Defesa Civil - Agazeta.net","og_description":"O n\u00edvel do Rio Acre em Rio Branco segue em aumento e cada vez mais se aproxima da cota de 2023, que representa a segunda maior marca registrada. Na manh\u00e3 desta sexta-feira, \u00e0s 09h, o rio atingiu a marca de 17,28 metros, apresentando um aumento de 28 cent\u00edmetros em poucas horas. A previs\u00e3o \u00e9 de [&hellip;]","og_url":"https:\/\/nk7-testes.com.br\/agazeta\/nivel-do-rio-acre-deve-ultrapassar-cota-de-2023-18-metros-e-uma-grande-possibilidade-diz-defesa-civil\/","og_site_name":"Agazeta.net","article_published_time":"2024-03-01T15:13:06+00:00","article_modified_time":"2024-03-01T16:47:20+00:00","og_image":[{"width":1600,"height":900,"url":"https:\/\/nk7-testes.com.br\/agazeta\/wp-content\/uploads\/2024\/03\/WhatsApp-Image-2024-03-01-at-10.11.38-jpeg.webp","type":"image\/jpeg"}],"author":"Agazeta.Net","twitter_card":"summary_large_image","twitter_misc":{"Escrito por":"Agazeta.Net","Est. tempo de leitura":"3 minutos"},"schema":{"@context":"https:\/\/schema.org","@graph":[{"@type":"WebPage","@id":"https:\/\/nk7-testes.com.br\/agazeta\/nivel-do-rio-acre-deve-ultrapassar-cota-de-2023-18-metros-e-uma-grande-possibilidade-diz-defesa-civil\/","url":"https:\/\/nk7-testes.com.br\/agazeta\/nivel-do-rio-acre-deve-ultrapassar-cota-de-2023-18-metros-e-uma-grande-possibilidade-diz-defesa-civil\/","name":"N\u00edvel do Rio Acre deve ultrapassar cota de 2023; 18 metros \u00e9 uma grande possibilidade, diz Defesa Civil - Agazeta.net","isPartOf":{"@id":"https:\/\/nk7-testes.com.br\/agazeta\/#website"},"primaryImageOfPage":{"@id":"https:\/\/nk7-testes.com.br\/agazeta\/nivel-do-rio-acre-deve-ultrapassar-cota-de-2023-18-metros-e-uma-grande-possibilidade-diz-defesa-civil\/#primaryimage"},"image":{"@id":"https:\/\/nk7-testes.com.br\/agazeta\/nivel-do-rio-acre-deve-ultrapassar-cota-de-2023-18-metros-e-uma-grande-possibilidade-diz-defesa-civil\/#primaryimage"},"thumbnailUrl":"https:\/\/nk7-testes.com.br\/agazeta\/wp-content\/uploads\/2024\/03\/WhatsApp-Image-2024-03-01-at-10.11.38-jpeg.webp","datePublished":"2024-03-01T15:13:06+00:00","dateModified":"2024-03-01T16:47:20+00:00","author":{"@id":"https:\/\/nk7-testes.com.br\/agazeta\/#\/schema\/person\/ff6b39d54d6973bfc57f4140f659b23f"},"breadcrumb":{"@id":"https:\/\/nk7-testes.com.br\/agazeta\/nivel-do-rio-acre-deve-ultrapassar-cota-de-2023-18-metros-e-uma-grande-possibilidade-diz-defesa-civil\/#breadcrumb"},"inLanguage":"pt-BR","potentialAction":[{"@type":"ReadAction","target":["https:\/\/nk7-testes.com.br\/agazeta\/nivel-do-rio-acre-deve-ultrapassar-cota-de-2023-18-metros-e-uma-grande-possibilidade-diz-defesa-civil\/"]}]},{"@type":"ImageObject","inLanguage":"pt-BR","@id":"https:\/\/nk7-testes.com.br\/agazeta\/nivel-do-rio-acre-deve-ultrapassar-cota-de-2023-18-metros-e-uma-grande-possibilidade-diz-defesa-civil\/#primaryimage","url":"https:\/\/nk7-testes.com.br\/agazeta\/wp-content\/uploads\/2024\/03\/WhatsApp-Image-2024-03-01-at-10.11.38-jpeg.webp","contentUrl":"https:\/\/nk7-testes.com.br\/agazeta\/wp-content\/uploads\/2024\/03\/WhatsApp-Image-2024-03-01-at-10.11.38-jpeg.webp","width":1600,"height":900,"caption":"Imagem da Defesa Civil"},{"@type":"BreadcrumbList","@id":"https:\/\/nk7-testes.com.br\/agazeta\/nivel-do-rio-acre-deve-ultrapassar-cota-de-2023-18-metros-e-uma-grande-possibilidade-diz-defesa-civil\/#breadcrumb","itemListElement":[{"@type":"ListItem","position":1,"name":"In\u00edcio","item":"https:\/\/nk7-testes.com.br\/agazeta\/"},{"@type":"ListItem","position":2,"name":"N\u00edvel do Rio Acre deve ultrapassar cota de 2023; 18 metros \u00e9 uma grande possibilidade, diz Defesa Civil"}]},{"@type":"WebSite","@id":"https:\/\/nk7-testes.com.br\/agazeta\/#website","url":"https:\/\/nk7-testes.com.br\/agazeta\/","name":"Agazeta.net","description":"Agazeta.net - Not\u00edcias de Rio Branco\/AC","potentialAction":[{"@type":"SearchAction","target":{"@type":"EntryPoint","urlTemplate":"https:\/\/nk7-testes.com.br\/agazeta\/?s={search_term_string}"},"query-input":{"@type":"PropertyValueSpecification","valueRequired":true,"valueName":"search_term_string"}}],"inLanguage":"pt-BR"},{"@type":"Person","@id":"https:\/\/nk7-testes.com.br\/agazeta\/#\/schema\/person\/ff6b39d54d6973bfc57f4140f659b23f","name":"Agazeta.Net","url":"https:\/\/nk7-testes.com.br\/agazeta\/author\/agazeta\/"}]}},"_links":{"self":[{"href":"https:\/\/nk7-testes.com.br\/agazeta\/wp-json\/wp\/v2\/posts\/128221","targetHints":{"allow":["GET"]}}],"collection":[{"href":"https:\/\/nk7-testes.com.br\/agazeta\/wp-json\/wp\/v2\/posts"}],"about":[{"href":"https:\/\/nk7-testes.com.br\/agazeta\/wp-json\/wp\/v2\/types\/post"}],"author":[{"embeddable":true,"href":"https:\/\/nk7-testes.com.br\/agazeta\/wp-json\/wp\/v2\/users\/4"}],"replies":[{"embeddable":true,"href":"https:\/\/nk7-testes.com.br\/agazeta\/wp-json\/wp\/v2\/comments?post=128221"}],"version-history":[{"count":0,"href":"https:\/\/nk7-testes.com.br\/agazeta\/wp-json\/wp\/v2\/posts\/128221\/revisions"}],"wp:featuredmedia":[{"embeddable":true,"href":"https:\/\/nk7-testes.com.br\/agazeta\/wp-json\/wp\/v2\/media\/128222"}],"wp:attachment":[{"href":"https:\/\/nk7-testes.com.br\/agazeta\/wp-json\/wp\/v2\/media?parent=128221"}],"wp:term":[{"taxonomy":"category","embeddable":true,"href":"https:\/\/nk7-testes.com.br\/agazeta\/wp-json\/wp\/v2\/categories?post=128221"},{"taxonomy":"post_tag","embeddable":true,"href":"https:\/\/nk7-testes.com.br\/agazeta\/wp-json\/wp\/v2\/tags?post=128221"}],"curies":[{"name":"wp","href":"https:\/\/api.w.org\/{rel}","templated":true}]}}