{"id":128168,"date":"2024-02-29T10:53:48","date_gmt":"2024-02-29T15:53:48","guid":{"rendered":"https:\/\/nk7-testes.com.br\/?p=128168"},"modified":"2024-02-29T10:53:48","modified_gmt":"2024-02-29T15:53:48","slug":"acre-registra-quase-70-mil-unidades-habitacionais-danificadas-por-desastres-climaticos-em-10-anos","status":"publish","type":"post","link":"https:\/\/nk7-testes.com.br\/agazeta\/acre-registra-quase-70-mil-unidades-habitacionais-danificadas-por-desastres-climaticos-em-10-anos\/","title":{"rendered":"Acre registra quase 70 mil unidades habitacionais danificadas por desastres clim\u00e1ticos em 10 anos"},"content":{"rendered":"<p style=\"text-align: justify;\"><span style=\"font-weight: 400;\">Um levantamento realizado pela Confedera\u00e7\u00e3o Nacional dos Munic\u00edpios revelou a grave situa\u00e7\u00e3o enfrentada pelo Acre, que registrou um total de 68.709 unidades habitacionais danificadas ou destru\u00eddas devido aos fen\u00f4menos clim\u00e1ticos, especialmente as cheias dos rios, nos \u00faltimos 10 anos. Al\u00e9m disso, mais de 120 mil pessoas ficaram desabrigadas ou desalojadas no estado em decorr\u00eancia de alaga\u00e7\u00f5es, deslizamentos de terra e enxurradas.<\/span><\/p>\n<p style=\"text-align: justify;\"><span style=\"font-weight: 400;\">A eleva\u00e7\u00e3o dos n\u00edveis dos rios e igarap\u00e9s \u00e9 apontada como uma das principais causas da destrui\u00e7\u00e3o de resid\u00eancias, tanto as de madeira quanto as de alvenaria, principalmente aquelas localizadas pr\u00f3ximas \u00e0s margens dos corpos d&#8217;\u00e1gua, sujeitas \u00e0 eros\u00e3o, segundo o coronel Carlos Batista, coordenador da Defesa Civil do Estado.<\/span><\/p>\n<p style=\"text-align: justify;\"><span style=\"font-weight: 400;\">&#8220;Uma subida dos n\u00edveis dos rios e dos igarap\u00e9s causa destrui\u00e7\u00e3o de resid\u00eancias, tanto de madeira como de alvenaria. Aquelas resid\u00eancias que s\u00e3o pr\u00f3ximas \u00e0s margens dos rios e dos igarap\u00e9s, devido \u00e0 eros\u00e3o, tendem a ser destru\u00eddas&#8221;, explica Batista.<\/span><\/p>\n<p style=\"text-align: justify;\"><span style=\"font-weight: 400;\">A an\u00e1lise mais ampla realizada pela Confedera\u00e7\u00e3o Nacional dos Munic\u00edpios abrangeu os 5.570 munic\u00edpios do Brasil, dos quais 5.199 reportaram algum tipo de desastre entre os anos de 2013 e 2022. As ocorr\u00eancias de enchentes, inunda\u00e7\u00f5es e deslizamentos de encostas se destacaram como os eventos mais frequentes em \u00e1reas urbanas, afetando mais de 78% dos munic\u00edpios do pa\u00eds.<\/span><\/p>\n<p style=\"text-align: justify;\"><span style=\"font-weight: 400;\">Ele afirma que, apesar dos dados alarmantes, a Defesa Civil no Acre ainda n\u00e3o disp\u00f5e do n\u00famero total de habita\u00e7\u00f5es destru\u00eddas durante o atual per\u00edodo de enchentes. A coleta dessas informa\u00e7\u00f5es est\u00e1 em andamento pelas coordenadorias municipais de defesa civil, visando uma resposta eficaz para as fam\u00edlias desabrigadas.<\/span><\/p>\n<p style=\"text-align: justify;\"><span style=\"font-weight: 400;\">&#8220;Esse n\u00famero est\u00e1 sendo levantado ainda pelas coordenadorias municipais de defesa civis para a devida tomada de provid\u00eancia em rela\u00e7\u00e3o a essas fam\u00edlias que perderam as suas casas. Mas a gente levantou v\u00e1rias informa\u00e7\u00f5es, principalmente no Jord\u00e3o, ali em Brasl\u00e9ia, aqui em Rio Branco em rela\u00e7\u00e3o \u00e0s enxurradas. E depois de todo esse levantamento, ser\u00e3o tomadas as provid\u00eancias&#8221;, esclarece.<\/span><\/p>\n<p style=\"text-align: justify;\"><span style=\"font-weight: 400;\">O coronel ressaltou a import\u00e2ncia de medidas emergenciais para garantir a seguran\u00e7a das pessoas afetadas, como o oferecimento de aluguel social e a realoca\u00e7\u00e3o para \u00e1reas mais seguras, para evitar o retorno \u00e0s regi\u00f5es de risco. A atua\u00e7\u00e3o conjunta dos \u00f3rg\u00e3os municipais e estaduais \u00e9 fundamental para lidar com as consequ\u00eancias desses desastres e garantir a seguran\u00e7a da popula\u00e7\u00e3o.<\/span><\/p>\n<p style=\"text-align: justify;\"><span style=\"font-weight: 400;\">&#8220;O poder p\u00fablico vai tomar as provid\u00eancias\u00a0 e colocar em aluguel social, at\u00e9 que se resolva essa quest\u00e3o de reconstruir a resid\u00eancia ou colocar em outro local mais seguro. Mas isso s\u00e3o medidas que s\u00e3o tomadas tanto pelos \u00f3rg\u00e3os municipais, como pelos \u00f3rg\u00e3os respons\u00e1veis por habita\u00e7\u00e3o, para colocar essa pessoa em \u00e1reas mais seguras do que elas estavam antes&#8221;, conclui o coronel.<\/span><\/p>\n<p style=\"text-align: justify;\"><em><span style=\"font-weight: 400;\">Mat\u00e9ria em v\u00eddeo produzida pela rep\u00f3rter Wanessa Lima para a TV Gazeta<\/span><\/em><\/p>\n","protected":false},"excerpt":{"rendered":"<p>Um levantamento realizado pela Confedera\u00e7\u00e3o Nacional dos Munic\u00edpios revelou a grave situa\u00e7\u00e3o enfrentada pelo Acre, que registrou um total de 68.709 unidades habitacionais danificadas ou destru\u00eddas devido aos fen\u00f4menos clim\u00e1ticos, especialmente as cheias dos rios, nos \u00faltimos 10 anos. Al\u00e9m disso, mais de 120 mil pessoas ficaram desabrigadas ou desalojadas no estado em decorr\u00eancia de [&hellip;]<\/p>\n","protected":false},"author":4,"featured_media":128169,"comment_status":"open","ping_status":"open","sticky":false,"template":"","format":"standard","meta":{"jnews-multi-image_gallery":[],"jnews_single_post":{"source_name":"","source_url":"","via_name":"","via_url":"","override_template":"0","override":[{"template":"custom","single_blog_custom":"110746","parallax":"1","fullscreen":"1","layout":"right-sidebar","sidebar":"default-sidebar","second_sidebar":"default-sidebar","sticky_sidebar":"1","share_position":"top","share_float_style":"share-monocrhome","show_share_counter":"1","show_view_counter":"1","show_featured":"1","show_post_meta":"1","show_post_author":"1","show_post_author_image":"1","show_post_date":"1","post_date_format":"default","post_date_format_custom":"Y\/m\/d","show_post_category":"1","show_post_reading_time":"0","post_reading_time_wpm":"300","show_zoom_button":"0","zoom_button_out_step":"2","zoom_button_in_step":"3","show_post_tag":"1","show_prev_next_post":"1","show_popup_post":"1","number_popup_post":"1","show_author_box":"0","show_post_related":"1","show_inline_post_related":"0"}],"override_image_size":"0","image_override":[{"single_post_thumbnail_size":"crop-500","single_post_gallery_size":"crop-500"}],"trending_post":"0","trending_post_position":"meta","trending_post_label":"Trending","sponsored_post":"0","sponsored_post_label":"Sponsored by","sponsored_post_name":"","sponsored_post_url":"","sponsored_post_logo_enable":"0","sponsored_post_logo":"","sponsored_post_desc":"","disable_ad":"0"},"jnews_primary_category":{"id":"","hide":""},"jnews_social_meta":{"fb_title":"","fb_description":"","fb_image":"","twitter_title":"","twitter_description":"","twitter_image":""},"jnews_review":[],"enable_review":"0","type":"percentage","name":"","summary":"","brand":"","sku":"","good":[{"good_text":""}],"bad":[{"bad_text":""}],"score_override":"0","override_value":"","rating":[{"rating_text":"","rating_number":"10"}],"price":[{"shop":"","price":"","link":"","icon":""}],"footnotes":""},"categories":[54],"tags":[],"class_list":["post-128168","post","type-post","status-publish","format-standard","has-post-thumbnail","hentry","category-cotidiano"],"yoast_head":"<!-- This site is optimized with the Yoast SEO plugin v26.5 - https:\/\/yoast.com\/wordpress\/plugins\/seo\/ -->\n<title>Acre registra quase 70 mil unidades habitacionais danificadas por desastres clim\u00e1ticos em 10 anos - Agazeta.net<\/title>\n<meta name=\"robots\" content=\"index, follow, max-snippet:-1, max-image-preview:large, max-video-preview:-1\" \/>\n<link rel=\"canonical\" href=\"https:\/\/nk7-testes.com.br\/agazeta\/acre-registra-quase-70-mil-unidades-habitacionais-danificadas-por-desastres-climaticos-em-10-anos\/\" \/>\n<meta property=\"og:locale\" content=\"pt_BR\" \/>\n<meta property=\"og:type\" content=\"article\" \/>\n<meta property=\"og:title\" content=\"Acre registra quase 70 mil unidades habitacionais danificadas por desastres clim\u00e1ticos em 10 anos - Agazeta.net\" \/>\n<meta property=\"og:description\" content=\"Um levantamento realizado pela Confedera\u00e7\u00e3o Nacional dos Munic\u00edpios revelou a grave situa\u00e7\u00e3o enfrentada pelo Acre, que registrou um total de 68.709 unidades habitacionais danificadas ou destru\u00eddas devido aos fen\u00f4menos clim\u00e1ticos, especialmente as cheias dos rios, nos \u00faltimos 10 anos. Al\u00e9m disso, mais de 120 mil pessoas ficaram desabrigadas ou desalojadas no estado em decorr\u00eancia de [&hellip;]\" \/>\n<meta property=\"og:url\" content=\"https:\/\/nk7-testes.com.br\/agazeta\/acre-registra-quase-70-mil-unidades-habitacionais-danificadas-por-desastres-climaticos-em-10-anos\/\" \/>\n<meta property=\"og:site_name\" content=\"Agazeta.net\" \/>\n<meta property=\"article:published_time\" content=\"2024-02-29T15:53:48+00:00\" \/>\n<meta property=\"og:image\" content=\"https:\/\/nk7-testes.com.br\/agazeta\/wp-content\/uploads\/2024\/02\/WhatsApp-Image-2024-02-29-at-10.52.09-jpeg.webp\" \/>\n\t<meta property=\"og:image:width\" content=\"854\" \/>\n\t<meta property=\"og:image:height\" content=\"480\" \/>\n\t<meta property=\"og:image:type\" content=\"image\/jpeg\" \/>\n<meta name=\"author\" content=\"Agazeta.Net\" \/>\n<meta name=\"twitter:card\" content=\"summary_large_image\" \/>\n<meta name=\"twitter:label1\" content=\"Escrito por\" \/>\n\t<meta name=\"twitter:data1\" content=\"Agazeta.Net\" \/>\n\t<meta name=\"twitter:label2\" content=\"Est. tempo de leitura\" \/>\n\t<meta name=\"twitter:data2\" content=\"3 minutos\" \/>\n<script type=\"application\/ld+json\" class=\"yoast-schema-graph\">{\"@context\":\"https:\/\/schema.org\",\"@graph\":[{\"@type\":\"WebPage\",\"@id\":\"https:\/\/nk7-testes.com.br\/agazeta\/acre-registra-quase-70-mil-unidades-habitacionais-danificadas-por-desastres-climaticos-em-10-anos\/\",\"url\":\"https:\/\/nk7-testes.com.br\/agazeta\/acre-registra-quase-70-mil-unidades-habitacionais-danificadas-por-desastres-climaticos-em-10-anos\/\",\"name\":\"Acre registra quase 70 mil unidades habitacionais danificadas por desastres clim\u00e1ticos em 10 anos - Agazeta.net\",\"isPartOf\":{\"@id\":\"https:\/\/nk7-testes.com.br\/agazeta\/#website\"},\"primaryImageOfPage\":{\"@id\":\"https:\/\/nk7-testes.com.br\/agazeta\/acre-registra-quase-70-mil-unidades-habitacionais-danificadas-por-desastres-climaticos-em-10-anos\/#primaryimage\"},\"image\":{\"@id\":\"https:\/\/nk7-testes.com.br\/agazeta\/acre-registra-quase-70-mil-unidades-habitacionais-danificadas-por-desastres-climaticos-em-10-anos\/#primaryimage\"},\"thumbnailUrl\":\"https:\/\/nk7-testes.com.br\/agazeta\/wp-content\/uploads\/2024\/02\/WhatsApp-Image-2024-02-29-at-10.52.09-jpeg.webp\",\"datePublished\":\"2024-02-29T15:53:48+00:00\",\"author\":{\"@id\":\"https:\/\/nk7-testes.com.br\/agazeta\/#\/schema\/person\/ff6b39d54d6973bfc57f4140f659b23f\"},\"breadcrumb\":{\"@id\":\"https:\/\/nk7-testes.com.br\/agazeta\/acre-registra-quase-70-mil-unidades-habitacionais-danificadas-por-desastres-climaticos-em-10-anos\/#breadcrumb\"},\"inLanguage\":\"pt-BR\",\"potentialAction\":[{\"@type\":\"ReadAction\",\"target\":[\"https:\/\/nk7-testes.com.br\/agazeta\/acre-registra-quase-70-mil-unidades-habitacionais-danificadas-por-desastres-climaticos-em-10-anos\/\"]}]},{\"@type\":\"ImageObject\",\"inLanguage\":\"pt-BR\",\"@id\":\"https:\/\/nk7-testes.com.br\/agazeta\/acre-registra-quase-70-mil-unidades-habitacionais-danificadas-por-desastres-climaticos-em-10-anos\/#primaryimage\",\"url\":\"https:\/\/nk7-testes.com.br\/agazeta\/wp-content\/uploads\/2024\/02\/WhatsApp-Image-2024-02-29-at-10.52.09-jpeg.webp\",\"contentUrl\":\"https:\/\/nk7-testes.com.br\/agazeta\/wp-content\/uploads\/2024\/02\/WhatsApp-Image-2024-02-29-at-10.52.09-jpeg.webp\",\"width\":854,\"height\":480,\"caption\":\"imagem: Marcos Vicentti\/Secom\"},{\"@type\":\"BreadcrumbList\",\"@id\":\"https:\/\/nk7-testes.com.br\/agazeta\/acre-registra-quase-70-mil-unidades-habitacionais-danificadas-por-desastres-climaticos-em-10-anos\/#breadcrumb\",\"itemListElement\":[{\"@type\":\"ListItem\",\"position\":1,\"name\":\"In\u00edcio\",\"item\":\"https:\/\/nk7-testes.com.br\/agazeta\/\"},{\"@type\":\"ListItem\",\"position\":2,\"name\":\"Acre registra quase 70 mil unidades habitacionais danificadas por desastres clim\u00e1ticos em 10 anos\"}]},{\"@type\":\"WebSite\",\"@id\":\"https:\/\/nk7-testes.com.br\/agazeta\/#website\",\"url\":\"https:\/\/nk7-testes.com.br\/agazeta\/\",\"name\":\"Agazeta.net\",\"description\":\"Agazeta.net - Not\u00edcias de Rio Branco\/AC\",\"potentialAction\":[{\"@type\":\"SearchAction\",\"target\":{\"@type\":\"EntryPoint\",\"urlTemplate\":\"https:\/\/nk7-testes.com.br\/agazeta\/?s={search_term_string}\"},\"query-input\":{\"@type\":\"PropertyValueSpecification\",\"valueRequired\":true,\"valueName\":\"search_term_string\"}}],\"inLanguage\":\"pt-BR\"},{\"@type\":\"Person\",\"@id\":\"https:\/\/nk7-testes.com.br\/agazeta\/#\/schema\/person\/ff6b39d54d6973bfc57f4140f659b23f\",\"name\":\"Agazeta.Net\",\"url\":\"https:\/\/nk7-testes.com.br\/agazeta\/author\/agazeta\/\"}]}<\/script>\n<!-- \/ Yoast SEO plugin. -->","yoast_head_json":{"title":"Acre registra quase 70 mil unidades habitacionais danificadas por desastres clim\u00e1ticos em 10 anos - Agazeta.net","robots":{"index":"index","follow":"follow","max-snippet":"max-snippet:-1","max-image-preview":"max-image-preview:large","max-video-preview":"max-video-preview:-1"},"canonical":"https:\/\/nk7-testes.com.br\/agazeta\/acre-registra-quase-70-mil-unidades-habitacionais-danificadas-por-desastres-climaticos-em-10-anos\/","og_locale":"pt_BR","og_type":"article","og_title":"Acre registra quase 70 mil unidades habitacionais danificadas por desastres clim\u00e1ticos em 10 anos - Agazeta.net","og_description":"Um levantamento realizado pela Confedera\u00e7\u00e3o Nacional dos Munic\u00edpios revelou a grave situa\u00e7\u00e3o enfrentada pelo Acre, que registrou um total de 68.709 unidades habitacionais danificadas ou destru\u00eddas devido aos fen\u00f4menos clim\u00e1ticos, especialmente as cheias dos rios, nos \u00faltimos 10 anos. Al\u00e9m disso, mais de 120 mil pessoas ficaram desabrigadas ou desalojadas no estado em decorr\u00eancia de [&hellip;]","og_url":"https:\/\/nk7-testes.com.br\/agazeta\/acre-registra-quase-70-mil-unidades-habitacionais-danificadas-por-desastres-climaticos-em-10-anos\/","og_site_name":"Agazeta.net","article_published_time":"2024-02-29T15:53:48+00:00","og_image":[{"width":854,"height":480,"url":"https:\/\/nk7-testes.com.br\/agazeta\/wp-content\/uploads\/2024\/02\/WhatsApp-Image-2024-02-29-at-10.52.09-jpeg.webp","type":"image\/jpeg"}],"author":"Agazeta.Net","twitter_card":"summary_large_image","twitter_misc":{"Escrito por":"Agazeta.Net","Est. tempo de leitura":"3 minutos"},"schema":{"@context":"https:\/\/schema.org","@graph":[{"@type":"WebPage","@id":"https:\/\/nk7-testes.com.br\/agazeta\/acre-registra-quase-70-mil-unidades-habitacionais-danificadas-por-desastres-climaticos-em-10-anos\/","url":"https:\/\/nk7-testes.com.br\/agazeta\/acre-registra-quase-70-mil-unidades-habitacionais-danificadas-por-desastres-climaticos-em-10-anos\/","name":"Acre registra quase 70 mil unidades habitacionais danificadas por desastres clim\u00e1ticos em 10 anos - Agazeta.net","isPartOf":{"@id":"https:\/\/nk7-testes.com.br\/agazeta\/#website"},"primaryImageOfPage":{"@id":"https:\/\/nk7-testes.com.br\/agazeta\/acre-registra-quase-70-mil-unidades-habitacionais-danificadas-por-desastres-climaticos-em-10-anos\/#primaryimage"},"image":{"@id":"https:\/\/nk7-testes.com.br\/agazeta\/acre-registra-quase-70-mil-unidades-habitacionais-danificadas-por-desastres-climaticos-em-10-anos\/#primaryimage"},"thumbnailUrl":"https:\/\/nk7-testes.com.br\/agazeta\/wp-content\/uploads\/2024\/02\/WhatsApp-Image-2024-02-29-at-10.52.09-jpeg.webp","datePublished":"2024-02-29T15:53:48+00:00","author":{"@id":"https:\/\/nk7-testes.com.br\/agazeta\/#\/schema\/person\/ff6b39d54d6973bfc57f4140f659b23f"},"breadcrumb":{"@id":"https:\/\/nk7-testes.com.br\/agazeta\/acre-registra-quase-70-mil-unidades-habitacionais-danificadas-por-desastres-climaticos-em-10-anos\/#breadcrumb"},"inLanguage":"pt-BR","potentialAction":[{"@type":"ReadAction","target":["https:\/\/nk7-testes.com.br\/agazeta\/acre-registra-quase-70-mil-unidades-habitacionais-danificadas-por-desastres-climaticos-em-10-anos\/"]}]},{"@type":"ImageObject","inLanguage":"pt-BR","@id":"https:\/\/nk7-testes.com.br\/agazeta\/acre-registra-quase-70-mil-unidades-habitacionais-danificadas-por-desastres-climaticos-em-10-anos\/#primaryimage","url":"https:\/\/nk7-testes.com.br\/agazeta\/wp-content\/uploads\/2024\/02\/WhatsApp-Image-2024-02-29-at-10.52.09-jpeg.webp","contentUrl":"https:\/\/nk7-testes.com.br\/agazeta\/wp-content\/uploads\/2024\/02\/WhatsApp-Image-2024-02-29-at-10.52.09-jpeg.webp","width":854,"height":480,"caption":"imagem: Marcos Vicentti\/Secom"},{"@type":"BreadcrumbList","@id":"https:\/\/nk7-testes.com.br\/agazeta\/acre-registra-quase-70-mil-unidades-habitacionais-danificadas-por-desastres-climaticos-em-10-anos\/#breadcrumb","itemListElement":[{"@type":"ListItem","position":1,"name":"In\u00edcio","item":"https:\/\/nk7-testes.com.br\/agazeta\/"},{"@type":"ListItem","position":2,"name":"Acre registra quase 70 mil unidades habitacionais danificadas por desastres clim\u00e1ticos em 10 anos"}]},{"@type":"WebSite","@id":"https:\/\/nk7-testes.com.br\/agazeta\/#website","url":"https:\/\/nk7-testes.com.br\/agazeta\/","name":"Agazeta.net","description":"Agazeta.net - Not\u00edcias de Rio Branco\/AC","potentialAction":[{"@type":"SearchAction","target":{"@type":"EntryPoint","urlTemplate":"https:\/\/nk7-testes.com.br\/agazeta\/?s={search_term_string}"},"query-input":{"@type":"PropertyValueSpecification","valueRequired":true,"valueName":"search_term_string"}}],"inLanguage":"pt-BR"},{"@type":"Person","@id":"https:\/\/nk7-testes.com.br\/agazeta\/#\/schema\/person\/ff6b39d54d6973bfc57f4140f659b23f","name":"Agazeta.Net","url":"https:\/\/nk7-testes.com.br\/agazeta\/author\/agazeta\/"}]}},"_links":{"self":[{"href":"https:\/\/nk7-testes.com.br\/agazeta\/wp-json\/wp\/v2\/posts\/128168","targetHints":{"allow":["GET"]}}],"collection":[{"href":"https:\/\/nk7-testes.com.br\/agazeta\/wp-json\/wp\/v2\/posts"}],"about":[{"href":"https:\/\/nk7-testes.com.br\/agazeta\/wp-json\/wp\/v2\/types\/post"}],"author":[{"embeddable":true,"href":"https:\/\/nk7-testes.com.br\/agazeta\/wp-json\/wp\/v2\/users\/4"}],"replies":[{"embeddable":true,"href":"https:\/\/nk7-testes.com.br\/agazeta\/wp-json\/wp\/v2\/comments?post=128168"}],"version-history":[{"count":0,"href":"https:\/\/nk7-testes.com.br\/agazeta\/wp-json\/wp\/v2\/posts\/128168\/revisions"}],"wp:featuredmedia":[{"embeddable":true,"href":"https:\/\/nk7-testes.com.br\/agazeta\/wp-json\/wp\/v2\/media\/128169"}],"wp:attachment":[{"href":"https:\/\/nk7-testes.com.br\/agazeta\/wp-json\/wp\/v2\/media?parent=128168"}],"wp:term":[{"taxonomy":"category","embeddable":true,"href":"https:\/\/nk7-testes.com.br\/agazeta\/wp-json\/wp\/v2\/categories?post=128168"},{"taxonomy":"post_tag","embeddable":true,"href":"https:\/\/nk7-testes.com.br\/agazeta\/wp-json\/wp\/v2\/tags?post=128168"}],"curies":[{"name":"wp","href":"https:\/\/api.w.org\/{rel}","templated":true}]}}