{"id":128073,"date":"2024-02-28T12:02:01","date_gmt":"2024-02-28T17:02:01","guid":{"rendered":"https:\/\/nk7-testes.com.br\/?p=128073"},"modified":"2024-02-28T12:02:01","modified_gmt":"2024-02-28T17:02:01","slug":"defesa-civil-preve-que-rio-branco-chegue-aos-17-metros-cerca-de-75-mil-pessoas-vao-precisar-de-assistencia","status":"publish","type":"post","link":"https:\/\/nk7-testes.com.br\/agazeta\/defesa-civil-preve-que-rio-branco-chegue-aos-17-metros-cerca-de-75-mil-pessoas-vao-precisar-de-assistencia\/","title":{"rendered":"Defesa Civil prev\u00ea que Rio Branco chegue aos 17 metros; cerca de 75 mil pessoas v\u00e3o precisar de assist\u00eancia"},"content":{"rendered":"<p style=\"text-align: justify;\"><span style=\"font-weight: 400;\">Doze prefeituras do Acre participaram de uma videoconfer\u00eancia com a Defesa Civil Nacional para relatar a grave situa\u00e7\u00e3o causada pelas enchentes nos munic\u00edpios. Em Rio Branco, a eleva\u00e7\u00e3o do rio \u00e9 lenta, com um cent\u00edmetro por hora, por\u00e9m a expectativa \u00e9 de que ultrapasse os 17 metros com a chegada da enxurrada vinda de Brasil\u00e9ia, Xapuri e Capixaba, que afetar\u00e1 mais de 16 mil fam\u00edlias na capital.<\/span><\/p>\n<p style=\"text-align: justify;\"><span style=\"font-weight: 400;\">De acordo com o Coordenador Municipal da Defesa Civil\u00a0 de Rio Branco (Comdec), o tenente e coronel Cl\u00e1udio Falc\u00e3o, n\u00e3o existe previs\u00e3o de melhora para os pr\u00f3ximos tr\u00eas dias. A cada momento que passa, mais o n\u00edvel do Rio Acre aumenta, com isso, mais pessoas, mais bairros e mais comunidades s\u00e3o afetadas.<\/span><\/p>\n<p style=\"text-align: justify;\"><span style=\"font-weight: 400;\">&#8220;N\u00e3o temos previs\u00e3o agora, pelo menos para os pr\u00f3ximos tr\u00eas dias, que essa situa\u00e7\u00e3o melhore. Pelo contr\u00e1rio, se agrave ainda mais. N\u00f3s estamos nesse momento em uma velocidade de um cent\u00edmetro a cada hora de aumento do rio Acre. E isso vai afetando mais bairros, mais comunidades rurais, mais pessoas, mais fam\u00edlias que precisam ser removidas e abrigadas. Ent\u00e3o tudo isso leva sim ao agravamento ainda maior&#8221;, explica o coordenador.<\/span><\/p>\n<p style=\"text-align: justify;\"><span style=\"font-weight: 400;\">De acordo com Falc\u00e3o, a Defesa Civil tem mantido abrigos em escolas e no Parque de Exposi\u00e7\u00f5es, que dever\u00e1 receber 350 fam\u00edlias desabrigadas. Com a previs\u00e3o do Rio Acre atingir os 17 metros, estima-se que 75 mil pessoas em Rio Branco necessitar\u00e3o de assist\u00eancia e abrigo. Diante dessa iminente necessidade, a Prefeitura j\u00e1 busca um novo local para a constru\u00e7\u00e3o de mais abrigos, uma vez que o Parque de Exposi\u00e7\u00f5es ter\u00e1 sua capacidade esgotada.<\/span><\/p>\n<p style=\"text-align: justify;\"><span style=\"font-weight: 400;\">&#8220;O Parque de Exposi\u00e7\u00f5es j\u00e1 est\u00e1 sendo bem ocupado. N\u00f3s estamos com mais novos abrigos fora do Parque de Exposi\u00e7\u00f5es. Dado a diminui\u00e7\u00e3o do espa\u00e7o do parque por novas constru\u00e7\u00f5es que aconteceram na Expoacre passada, n\u00f3s teremos menos espa\u00e7o este ano para abrigar tantas fam\u00edlias. Lembrando que em 2023 n\u00f3s abrigamos 492 fam\u00edlias, neste ano agora n\u00f3s abrigamos menos fam\u00edlias&#8221;, concluiu.<\/span><\/p>\n<p style=\"text-align: justify;\"><span style=\"font-weight: 400;\">O trabalho de remo\u00e7\u00e3o das fam\u00edlias afetadas pelas cheias segue em ritmo acelerado, \u00e0 medida que o n\u00famero de bairros atingidos aumenta com o avan\u00e7o das \u00e1guas. Durante a audi\u00eancia com a Defesa Civil Nacional, os prefeitos solicitaram ajuda urgente para fornecimento de alimentos e \u00e1gua \u00e0s fam\u00edlias isoladas, bem como a manuten\u00e7\u00e3o dos abrigos j\u00e1 existentes.\u00a0<\/span><\/p>\n<p style=\"text-align: justify;\"><span style=\"font-weight: 400;\">A situa\u00e7\u00e3o \u00e9 de emerg\u00eancia e requer a\u00e7\u00f5es r\u00e1pidas e eficazes por parte das autoridades municipais e estaduais para minimizar os impactos das enchentes e garantir a seguran\u00e7a e o bem-estar da popula\u00e7\u00e3o afetada.<\/span><\/p>\n<p style=\"text-align: justify;\"><em><span style=\"font-weight: 400;\">Mat\u00e9ria em v\u00eddeo produzida pelo rep\u00f3rter Adailson Oliveira para a TV Gazeta<\/span><\/em><\/p>\n","protected":false},"excerpt":{"rendered":"<p>Doze prefeituras do Acre participaram de uma videoconfer\u00eancia com a Defesa Civil Nacional para relatar a grave situa\u00e7\u00e3o causada pelas enchentes nos munic\u00edpios. Em Rio Branco, a eleva\u00e7\u00e3o do rio \u00e9 lenta, com um cent\u00edmetro por hora, por\u00e9m a expectativa \u00e9 de que ultrapasse os 17 metros com a chegada da enxurrada vinda de Brasil\u00e9ia, [&hellip;]<\/p>\n","protected":false},"author":4,"featured_media":128074,"comment_status":"open","ping_status":"open","sticky":false,"template":"","format":"standard","meta":{"jnews-multi-image_gallery":[],"jnews_single_post":{"source_name":"","source_url":"","via_name":"","via_url":"","override_template":"0","override":[{"template":"custom","single_blog_custom":"110746","parallax":"1","fullscreen":"1","layout":"right-sidebar","sidebar":"default-sidebar","second_sidebar":"default-sidebar","sticky_sidebar":"1","share_position":"top","share_float_style":"share-monocrhome","show_share_counter":"1","show_view_counter":"1","show_featured":"1","show_post_meta":"1","show_post_author":"1","show_post_author_image":"1","show_post_date":"1","post_date_format":"default","post_date_format_custom":"Y\/m\/d","show_post_category":"1","show_post_reading_time":"0","post_reading_time_wpm":"300","show_zoom_button":"0","zoom_button_out_step":"2","zoom_button_in_step":"3","show_post_tag":"1","show_prev_next_post":"1","show_popup_post":"1","number_popup_post":"1","show_author_box":"0","show_post_related":"1","show_inline_post_related":"0"}],"override_image_size":"0","image_override":[{"single_post_thumbnail_size":"crop-500","single_post_gallery_size":"crop-500"}],"trending_post":"0","trending_post_position":"meta","trending_post_label":"Trending","sponsored_post":"0","sponsored_post_label":"Sponsored by","sponsored_post_name":"","sponsored_post_url":"","sponsored_post_logo_enable":"0","sponsored_post_logo":"","sponsored_post_desc":"","disable_ad":"0"},"jnews_primary_category":{"id":"","hide":""},"jnews_social_meta":{"fb_title":"","fb_description":"","fb_image":"","twitter_title":"","twitter_description":"","twitter_image":""},"jnews_review":[],"enable_review":"0","type":"percentage","name":"","summary":"","brand":"","sku":"","good":[{"good_text":""}],"bad":[{"bad_text":""}],"score_override":"0","override_value":"","rating":[{"rating_text":"","rating_number":"10"}],"price":[{"shop":"","price":"","link":"","icon":""}],"footnotes":""},"categories":[54],"tags":[],"class_list":["post-128073","post","type-post","status-publish","format-standard","has-post-thumbnail","hentry","category-cotidiano"],"yoast_head":"<!-- This site is optimized with the Yoast SEO plugin v26.5 - https:\/\/yoast.com\/wordpress\/plugins\/seo\/ -->\n<title>Defesa Civil prev\u00ea que Rio Branco chegue aos 17 metros; cerca de 75 mil pessoas v\u00e3o precisar de assist\u00eancia - Agazeta.net<\/title>\n<meta name=\"robots\" content=\"index, follow, max-snippet:-1, max-image-preview:large, max-video-preview:-1\" \/>\n<link rel=\"canonical\" href=\"https:\/\/nk7-testes.com.br\/agazeta\/defesa-civil-preve-que-rio-branco-chegue-aos-17-metros-cerca-de-75-mil-pessoas-vao-precisar-de-assistencia\/\" \/>\n<meta property=\"og:locale\" content=\"pt_BR\" \/>\n<meta property=\"og:type\" content=\"article\" \/>\n<meta property=\"og:title\" content=\"Defesa Civil prev\u00ea que Rio Branco chegue aos 17 metros; cerca de 75 mil pessoas v\u00e3o precisar de assist\u00eancia - Agazeta.net\" \/>\n<meta property=\"og:description\" content=\"Doze prefeituras do Acre participaram de uma videoconfer\u00eancia com a Defesa Civil Nacional para relatar a grave situa\u00e7\u00e3o causada pelas enchentes nos munic\u00edpios. Em Rio Branco, a eleva\u00e7\u00e3o do rio \u00e9 lenta, com um cent\u00edmetro por hora, por\u00e9m a expectativa \u00e9 de que ultrapasse os 17 metros com a chegada da enxurrada vinda de Brasil\u00e9ia, [&hellip;]\" \/>\n<meta property=\"og:url\" content=\"https:\/\/nk7-testes.com.br\/agazeta\/defesa-civil-preve-que-rio-branco-chegue-aos-17-metros-cerca-de-75-mil-pessoas-vao-precisar-de-assistencia\/\" \/>\n<meta property=\"og:site_name\" content=\"Agazeta.net\" \/>\n<meta property=\"article:published_time\" content=\"2024-02-28T17:02:01+00:00\" \/>\n<meta property=\"og:image\" content=\"https:\/\/nk7-testes.com.br\/agazeta\/wp-content\/uploads\/2024\/02\/WhatsApp-Image-2024-02-28-at-12.00.35-jpeg.webp\" \/>\n\t<meta property=\"og:image:width\" content=\"1024\" \/>\n\t<meta property=\"og:image:height\" content=\"576\" \/>\n\t<meta property=\"og:image:type\" content=\"image\/jpeg\" \/>\n<meta name=\"author\" content=\"Agazeta.Net\" \/>\n<meta name=\"twitter:card\" content=\"summary_large_image\" \/>\n<meta name=\"twitter:label1\" content=\"Escrito por\" \/>\n\t<meta name=\"twitter:data1\" content=\"Agazeta.Net\" \/>\n\t<meta name=\"twitter:label2\" content=\"Est. tempo de leitura\" \/>\n\t<meta name=\"twitter:data2\" content=\"2 minutos\" \/>\n<script type=\"application\/ld+json\" class=\"yoast-schema-graph\">{\"@context\":\"https:\/\/schema.org\",\"@graph\":[{\"@type\":\"WebPage\",\"@id\":\"https:\/\/nk7-testes.com.br\/agazeta\/defesa-civil-preve-que-rio-branco-chegue-aos-17-metros-cerca-de-75-mil-pessoas-vao-precisar-de-assistencia\/\",\"url\":\"https:\/\/nk7-testes.com.br\/agazeta\/defesa-civil-preve-que-rio-branco-chegue-aos-17-metros-cerca-de-75-mil-pessoas-vao-precisar-de-assistencia\/\",\"name\":\"Defesa Civil prev\u00ea que Rio Branco chegue aos 17 metros; cerca de 75 mil pessoas v\u00e3o precisar de assist\u00eancia - Agazeta.net\",\"isPartOf\":{\"@id\":\"https:\/\/nk7-testes.com.br\/agazeta\/#website\"},\"primaryImageOfPage\":{\"@id\":\"https:\/\/nk7-testes.com.br\/agazeta\/defesa-civil-preve-que-rio-branco-chegue-aos-17-metros-cerca-de-75-mil-pessoas-vao-precisar-de-assistencia\/#primaryimage\"},\"image\":{\"@id\":\"https:\/\/nk7-testes.com.br\/agazeta\/defesa-civil-preve-que-rio-branco-chegue-aos-17-metros-cerca-de-75-mil-pessoas-vao-precisar-de-assistencia\/#primaryimage\"},\"thumbnailUrl\":\"https:\/\/nk7-testes.com.br\/agazeta\/wp-content\/uploads\/2024\/02\/WhatsApp-Image-2024-02-28-at-12.00.35-jpeg.webp\",\"datePublished\":\"2024-02-28T17:02:01+00:00\",\"author\":{\"@id\":\"https:\/\/nk7-testes.com.br\/agazeta\/#\/schema\/person\/ff6b39d54d6973bfc57f4140f659b23f\"},\"breadcrumb\":{\"@id\":\"https:\/\/nk7-testes.com.br\/agazeta\/defesa-civil-preve-que-rio-branco-chegue-aos-17-metros-cerca-de-75-mil-pessoas-vao-precisar-de-assistencia\/#breadcrumb\"},\"inLanguage\":\"pt-BR\",\"potentialAction\":[{\"@type\":\"ReadAction\",\"target\":[\"https:\/\/nk7-testes.com.br\/agazeta\/defesa-civil-preve-que-rio-branco-chegue-aos-17-metros-cerca-de-75-mil-pessoas-vao-precisar-de-assistencia\/\"]}]},{\"@type\":\"ImageObject\",\"inLanguage\":\"pt-BR\",\"@id\":\"https:\/\/nk7-testes.com.br\/agazeta\/defesa-civil-preve-que-rio-branco-chegue-aos-17-metros-cerca-de-75-mil-pessoas-vao-precisar-de-assistencia\/#primaryimage\",\"url\":\"https:\/\/nk7-testes.com.br\/agazeta\/wp-content\/uploads\/2024\/02\/WhatsApp-Image-2024-02-28-at-12.00.35-jpeg.webp\",\"contentUrl\":\"https:\/\/nk7-testes.com.br\/agazeta\/wp-content\/uploads\/2024\/02\/WhatsApp-Image-2024-02-28-at-12.00.35-jpeg.webp\",\"width\":1024,\"height\":576,\"caption\":\"Foto: Neto Lucena\/Secom\"},{\"@type\":\"BreadcrumbList\",\"@id\":\"https:\/\/nk7-testes.com.br\/agazeta\/defesa-civil-preve-que-rio-branco-chegue-aos-17-metros-cerca-de-75-mil-pessoas-vao-precisar-de-assistencia\/#breadcrumb\",\"itemListElement\":[{\"@type\":\"ListItem\",\"position\":1,\"name\":\"In\u00edcio\",\"item\":\"https:\/\/nk7-testes.com.br\/agazeta\/\"},{\"@type\":\"ListItem\",\"position\":2,\"name\":\"Defesa Civil prev\u00ea que Rio Branco chegue aos 17 metros; cerca de 75 mil pessoas v\u00e3o precisar de assist\u00eancia\"}]},{\"@type\":\"WebSite\",\"@id\":\"https:\/\/nk7-testes.com.br\/agazeta\/#website\",\"url\":\"https:\/\/nk7-testes.com.br\/agazeta\/\",\"name\":\"Agazeta.net\",\"description\":\"Agazeta.net - Not\u00edcias de Rio Branco\/AC\",\"potentialAction\":[{\"@type\":\"SearchAction\",\"target\":{\"@type\":\"EntryPoint\",\"urlTemplate\":\"https:\/\/nk7-testes.com.br\/agazeta\/?s={search_term_string}\"},\"query-input\":{\"@type\":\"PropertyValueSpecification\",\"valueRequired\":true,\"valueName\":\"search_term_string\"}}],\"inLanguage\":\"pt-BR\"},{\"@type\":\"Person\",\"@id\":\"https:\/\/nk7-testes.com.br\/agazeta\/#\/schema\/person\/ff6b39d54d6973bfc57f4140f659b23f\",\"name\":\"Agazeta.Net\",\"url\":\"https:\/\/nk7-testes.com.br\/agazeta\/author\/agazeta\/\"}]}<\/script>\n<!-- \/ Yoast SEO plugin. -->","yoast_head_json":{"title":"Defesa Civil prev\u00ea que Rio Branco chegue aos 17 metros; cerca de 75 mil pessoas v\u00e3o precisar de assist\u00eancia - Agazeta.net","robots":{"index":"index","follow":"follow","max-snippet":"max-snippet:-1","max-image-preview":"max-image-preview:large","max-video-preview":"max-video-preview:-1"},"canonical":"https:\/\/nk7-testes.com.br\/agazeta\/defesa-civil-preve-que-rio-branco-chegue-aos-17-metros-cerca-de-75-mil-pessoas-vao-precisar-de-assistencia\/","og_locale":"pt_BR","og_type":"article","og_title":"Defesa Civil prev\u00ea que Rio Branco chegue aos 17 metros; cerca de 75 mil pessoas v\u00e3o precisar de assist\u00eancia - Agazeta.net","og_description":"Doze prefeituras do Acre participaram de uma videoconfer\u00eancia com a Defesa Civil Nacional para relatar a grave situa\u00e7\u00e3o causada pelas enchentes nos munic\u00edpios. Em Rio Branco, a eleva\u00e7\u00e3o do rio \u00e9 lenta, com um cent\u00edmetro por hora, por\u00e9m a expectativa \u00e9 de que ultrapasse os 17 metros com a chegada da enxurrada vinda de Brasil\u00e9ia, [&hellip;]","og_url":"https:\/\/nk7-testes.com.br\/agazeta\/defesa-civil-preve-que-rio-branco-chegue-aos-17-metros-cerca-de-75-mil-pessoas-vao-precisar-de-assistencia\/","og_site_name":"Agazeta.net","article_published_time":"2024-02-28T17:02:01+00:00","og_image":[{"width":1024,"height":576,"url":"https:\/\/nk7-testes.com.br\/agazeta\/wp-content\/uploads\/2024\/02\/WhatsApp-Image-2024-02-28-at-12.00.35-jpeg.webp","type":"image\/jpeg"}],"author":"Agazeta.Net","twitter_card":"summary_large_image","twitter_misc":{"Escrito por":"Agazeta.Net","Est. tempo de leitura":"2 minutos"},"schema":{"@context":"https:\/\/schema.org","@graph":[{"@type":"WebPage","@id":"https:\/\/nk7-testes.com.br\/agazeta\/defesa-civil-preve-que-rio-branco-chegue-aos-17-metros-cerca-de-75-mil-pessoas-vao-precisar-de-assistencia\/","url":"https:\/\/nk7-testes.com.br\/agazeta\/defesa-civil-preve-que-rio-branco-chegue-aos-17-metros-cerca-de-75-mil-pessoas-vao-precisar-de-assistencia\/","name":"Defesa Civil prev\u00ea que Rio Branco chegue aos 17 metros; cerca de 75 mil pessoas v\u00e3o precisar de assist\u00eancia - Agazeta.net","isPartOf":{"@id":"https:\/\/nk7-testes.com.br\/agazeta\/#website"},"primaryImageOfPage":{"@id":"https:\/\/nk7-testes.com.br\/agazeta\/defesa-civil-preve-que-rio-branco-chegue-aos-17-metros-cerca-de-75-mil-pessoas-vao-precisar-de-assistencia\/#primaryimage"},"image":{"@id":"https:\/\/nk7-testes.com.br\/agazeta\/defesa-civil-preve-que-rio-branco-chegue-aos-17-metros-cerca-de-75-mil-pessoas-vao-precisar-de-assistencia\/#primaryimage"},"thumbnailUrl":"https:\/\/nk7-testes.com.br\/agazeta\/wp-content\/uploads\/2024\/02\/WhatsApp-Image-2024-02-28-at-12.00.35-jpeg.webp","datePublished":"2024-02-28T17:02:01+00:00","author":{"@id":"https:\/\/nk7-testes.com.br\/agazeta\/#\/schema\/person\/ff6b39d54d6973bfc57f4140f659b23f"},"breadcrumb":{"@id":"https:\/\/nk7-testes.com.br\/agazeta\/defesa-civil-preve-que-rio-branco-chegue-aos-17-metros-cerca-de-75-mil-pessoas-vao-precisar-de-assistencia\/#breadcrumb"},"inLanguage":"pt-BR","potentialAction":[{"@type":"ReadAction","target":["https:\/\/nk7-testes.com.br\/agazeta\/defesa-civil-preve-que-rio-branco-chegue-aos-17-metros-cerca-de-75-mil-pessoas-vao-precisar-de-assistencia\/"]}]},{"@type":"ImageObject","inLanguage":"pt-BR","@id":"https:\/\/nk7-testes.com.br\/agazeta\/defesa-civil-preve-que-rio-branco-chegue-aos-17-metros-cerca-de-75-mil-pessoas-vao-precisar-de-assistencia\/#primaryimage","url":"https:\/\/nk7-testes.com.br\/agazeta\/wp-content\/uploads\/2024\/02\/WhatsApp-Image-2024-02-28-at-12.00.35-jpeg.webp","contentUrl":"https:\/\/nk7-testes.com.br\/agazeta\/wp-content\/uploads\/2024\/02\/WhatsApp-Image-2024-02-28-at-12.00.35-jpeg.webp","width":1024,"height":576,"caption":"Foto: Neto Lucena\/Secom"},{"@type":"BreadcrumbList","@id":"https:\/\/nk7-testes.com.br\/agazeta\/defesa-civil-preve-que-rio-branco-chegue-aos-17-metros-cerca-de-75-mil-pessoas-vao-precisar-de-assistencia\/#breadcrumb","itemListElement":[{"@type":"ListItem","position":1,"name":"In\u00edcio","item":"https:\/\/nk7-testes.com.br\/agazeta\/"},{"@type":"ListItem","position":2,"name":"Defesa Civil prev\u00ea que Rio Branco chegue aos 17 metros; cerca de 75 mil pessoas v\u00e3o precisar de assist\u00eancia"}]},{"@type":"WebSite","@id":"https:\/\/nk7-testes.com.br\/agazeta\/#website","url":"https:\/\/nk7-testes.com.br\/agazeta\/","name":"Agazeta.net","description":"Agazeta.net - Not\u00edcias de Rio Branco\/AC","potentialAction":[{"@type":"SearchAction","target":{"@type":"EntryPoint","urlTemplate":"https:\/\/nk7-testes.com.br\/agazeta\/?s={search_term_string}"},"query-input":{"@type":"PropertyValueSpecification","valueRequired":true,"valueName":"search_term_string"}}],"inLanguage":"pt-BR"},{"@type":"Person","@id":"https:\/\/nk7-testes.com.br\/agazeta\/#\/schema\/person\/ff6b39d54d6973bfc57f4140f659b23f","name":"Agazeta.Net","url":"https:\/\/nk7-testes.com.br\/agazeta\/author\/agazeta\/"}]}},"_links":{"self":[{"href":"https:\/\/nk7-testes.com.br\/agazeta\/wp-json\/wp\/v2\/posts\/128073","targetHints":{"allow":["GET"]}}],"collection":[{"href":"https:\/\/nk7-testes.com.br\/agazeta\/wp-json\/wp\/v2\/posts"}],"about":[{"href":"https:\/\/nk7-testes.com.br\/agazeta\/wp-json\/wp\/v2\/types\/post"}],"author":[{"embeddable":true,"href":"https:\/\/nk7-testes.com.br\/agazeta\/wp-json\/wp\/v2\/users\/4"}],"replies":[{"embeddable":true,"href":"https:\/\/nk7-testes.com.br\/agazeta\/wp-json\/wp\/v2\/comments?post=128073"}],"version-history":[{"count":0,"href":"https:\/\/nk7-testes.com.br\/agazeta\/wp-json\/wp\/v2\/posts\/128073\/revisions"}],"wp:featuredmedia":[{"embeddable":true,"href":"https:\/\/nk7-testes.com.br\/agazeta\/wp-json\/wp\/v2\/media\/128074"}],"wp:attachment":[{"href":"https:\/\/nk7-testes.com.br\/agazeta\/wp-json\/wp\/v2\/media?parent=128073"}],"wp:term":[{"taxonomy":"category","embeddable":true,"href":"https:\/\/nk7-testes.com.br\/agazeta\/wp-json\/wp\/v2\/categories?post=128073"},{"taxonomy":"post_tag","embeddable":true,"href":"https:\/\/nk7-testes.com.br\/agazeta\/wp-json\/wp\/v2\/tags?post=128073"}],"curies":[{"name":"wp","href":"https:\/\/api.w.org\/{rel}","templated":true}]}}