{"id":128043,"date":"2024-02-27T14:39:28","date_gmt":"2024-02-27T19:39:28","guid":{"rendered":"https:\/\/nk7-testes.com.br\/?p=128043"},"modified":"2024-02-27T14:39:28","modified_gmt":"2024-02-27T19:39:28","slug":"em-brasileia-rio-acre-registra-1508m-e-esta-a-menos-de-meio-metro-de-atingir-nivel-historico","status":"publish","type":"post","link":"https:\/\/nk7-testes.com.br\/agazeta\/em-brasileia-rio-acre-registra-1508m-e-esta-a-menos-de-meio-metro-de-atingir-nivel-historico\/","title":{"rendered":"Em Brasil\u00e9ia, Rio Acre registra 15,08m e est\u00e1 a menos de meio metro de atingir n\u00edvel hist\u00f3rico"},"content":{"rendered":"<p style=\"text-align: justify;\">A cheia do Rio Acre efeta grande parte dos munic\u00edpios acreanos h\u00e1 quase uma semana. Nesta ter\u00e7a-feira (27), a \u00faltima medi\u00e7\u00e3o feita pela Prefeitura de Brasil\u00e9ia, \u00e0s 12h, mostra que o manancial j\u00e1 ultrassa os 15 metros e chega aos 15,08m, de acordo com a Defesa Civil Municipal.<\/p>\n<p style=\"text-align: justify;\">O Acre enfrentou, em 2015, a maior cheia da hist\u00f3ria. Em Brasil\u00e9ia, o principal afluente teve registro m\u00e1ximo de 15,55m no dia 24 de fevereiro daquele ano. Agora, apenas 0,47 centr\u00edmetros separam o n\u00edvel atual do Rio Acre da maior medi\u00e7\u00e3o j\u00e1 feita no munic\u00edpio.<\/p>\n<p style=\"text-align: justify;\">Dados mais recentes mostram que 800 pessoas est\u00e3o desabrigadas e 1.011 est\u00e3o desalojadas em Brasil\u00e9ia. Ao todo, mais de 13 mil pessoas j\u00e1 foram atingidas, segundo a Prefeitura. Al\u00e9m disso, estima-se que 12 bairros j\u00e1 foram afetados at\u00e9 o momento.<\/p>\n<figure id=\"attachment_128044\" aria-describedby=\"caption-attachment-128044\" style=\"width: 563px\" class=\"wp-caption aligncenter\"><img decoding=\"async\" class=\"wp-image-128044 \" src=\"https:\/\/nk7-testes.com.br\/wp-content\/uploads\/2024\/02\/WhatsApp-Image-2024-02-27-at-14.19.11-jpeg.webp\" alt=\"\" width=\"563\" height=\"367\" srcset=\"https:\/\/nk7-testes.com.br\/agazeta\/wp-content\/uploads\/2024\/02\/WhatsApp-Image-2024-02-27-at-14.19.11-jpeg.webp 1170w, https:\/\/nk7-testes.com.br\/agazeta\/wp-content\/uploads\/2024\/02\/WhatsApp-Image-2024-02-27-at-14.19.11-300x196.webp 300w, https:\/\/nk7-testes.com.br\/agazeta\/wp-content\/uploads\/2024\/02\/WhatsApp-Image-2024-02-27-at-14.19.11-1024x668.webp 1024w, https:\/\/nk7-testes.com.br\/agazeta\/wp-content\/uploads\/2024\/02\/WhatsApp-Image-2024-02-27-at-14.19.11-768x501.webp 768w, https:\/\/nk7-testes.com.br\/agazeta\/wp-content\/uploads\/2024\/02\/WhatsApp-Image-2024-02-27-at-14.19.11-750x489.webp 750w, https:\/\/nk7-testes.com.br\/agazeta\/wp-content\/uploads\/2024\/02\/WhatsApp-Image-2024-02-27-at-14.19.11-1140x743.webp 1140w\" sizes=\"(max-width: 563px) 100vw, 563px\" \/><figcaption id=\"caption-attachment-128044\" class=\"wp-caption-text\">Imagem: Assessoria<\/figcaption><\/figure>\n<p style=\"text-align: justify;\">A Ponte Met\u00e1lica Jos\u00e9 Augusto de Ara\u00fajo, que \u00e9 ligada a Epitaciol\u00e2ndia e d\u00e1 acesso ao munic\u00edpio, est\u00e1 interditada com a superf\u00edcie coberta pela alaga\u00e7\u00e3o do Rio Acre. Por conta disso, o munic\u00edpio est\u00e1 isolado do resto do pa\u00eds por via terrestre.<\/p>\n<figure id=\"attachment_128045\" aria-describedby=\"caption-attachment-128045\" style=\"width: 556px\" class=\"wp-caption aligncenter\"><img decoding=\"async\" class=\"wp-image-128045 \" src=\"https:\/\/nk7-testes.com.br\/wp-content\/uploads\/2024\/02\/WhatsApp-Image-2024-02-27-at-14.19.13-jpeg.webp\" alt=\"\" width=\"556\" height=\"365\" srcset=\"https:\/\/nk7-testes.com.br\/agazeta\/wp-content\/uploads\/2024\/02\/WhatsApp-Image-2024-02-27-at-14.19.13-jpeg.webp 1170w, https:\/\/nk7-testes.com.br\/agazeta\/wp-content\/uploads\/2024\/02\/WhatsApp-Image-2024-02-27-at-14.19.13-300x197.webp 300w, https:\/\/nk7-testes.com.br\/agazeta\/wp-content\/uploads\/2024\/02\/WhatsApp-Image-2024-02-27-at-14.19.13-1024x671.webp 1024w, https:\/\/nk7-testes.com.br\/agazeta\/wp-content\/uploads\/2024\/02\/WhatsApp-Image-2024-02-27-at-14.19.13-768x503.webp 768w, https:\/\/nk7-testes.com.br\/agazeta\/wp-content\/uploads\/2024\/02\/WhatsApp-Image-2024-02-27-at-14.19.13-750x492.webp 750w, https:\/\/nk7-testes.com.br\/agazeta\/wp-content\/uploads\/2024\/02\/WhatsApp-Image-2024-02-27-at-14.19.13-1140x747.webp 1140w\" sizes=\"(max-width: 556px) 100vw, 556px\" \/><figcaption id=\"caption-attachment-128045\" class=\"wp-caption-text\">Imagem: Assessoria<\/figcaption><\/figure>\n<h4>Abrigos<\/h4>\n<p style=\"text-align: justify;\">Ao todo, 10 abrigos forem disponibilizados \u00e0 popula\u00e7\u00e3o atingida pelas \u00e1guas. Por conta disso, a Prefeitura mobilizou um grupo de apoio, afim de garantir a alimenta\u00e7\u00e3o das pessoas diretamente afetadas pelo desastre natural.<\/p>\n<p style=\"text-align: justify;\">Com cerca de 1.800 fam\u00edlias alojadas nos abrigos espalhados pela cidade, a Prefeitura fornece caf\u00e9 da manh\u00e3, almo\u00e7o e jantar. A prefeita Fernanda Hassem faz quest\u00e3o de destacar o compromisso em proporcionar apoio humanit\u00e1rio e cuidados b\u00e1sicos \u00e0s comunidades afetadas.<\/p>\n<p style=\"text-align: justify;\">\u201cMais uma vez estamos passando por um momento dif\u00edcil por conta da alaga\u00e7\u00e3o. \u00c9 essencial unir for\u00e7as para apoiar as fam\u00edlias, garantir que elas tenham uma alimenta\u00e7\u00e3o adequada \u00e9 o m\u00ednimo que podemos fazer. A enchente em Brasil\u00e9ia tem trazido muitos desafios, mas com determina\u00e7\u00e3o e solidariedade, estamos enfrentando-os juntos\u201d, afirma Fernanda Hassem.<\/p>\n<p style=\"text-align: justify;\">Ela refor\u00e7a que o apoio de todos que puderem contribuir com doa\u00e7\u00f5es de alimentos, entre outros mantimentos e insumos, \u00e0s fam\u00edlias nesse momento de solidariedade e resili\u00eancia, \u00e9 fundamental. Os interessados em contribuir devem procurar a sede da Defesa Civil.<\/p>\n","protected":false},"excerpt":{"rendered":"<p>A cheia do Rio Acre efeta grande parte dos munic\u00edpios acreanos h\u00e1 quase uma semana. Nesta ter\u00e7a-feira (27), a \u00faltima medi\u00e7\u00e3o feita pela Prefeitura de Brasil\u00e9ia, \u00e0s 12h, mostra que o manancial j\u00e1 ultrassa os 15 metros e chega aos 15,08m, de acordo com a Defesa Civil Municipal. O Acre enfrentou, em 2015, a maior [&hellip;]<\/p>\n","protected":false},"author":4,"featured_media":128046,"comment_status":"open","ping_status":"open","sticky":false,"template":"","format":"standard","meta":{"jnews-multi-image_gallery":[],"jnews_single_post":{"source_name":"","source_url":"","via_name":"","via_url":"","override_template":"0","override":[{"template":"custom","single_blog_custom":"110746","parallax":"1","fullscreen":"1","layout":"right-sidebar","sidebar":"default-sidebar","second_sidebar":"default-sidebar","sticky_sidebar":"1","share_position":"top","share_float_style":"share-monocrhome","show_share_counter":"1","show_view_counter":"1","show_featured":"1","show_post_meta":"1","show_post_author":"1","show_post_author_image":"1","show_post_date":"1","post_date_format":"default","post_date_format_custom":"Y\/m\/d","show_post_category":"1","show_post_reading_time":"0","post_reading_time_wpm":"300","show_zoom_button":"0","zoom_button_out_step":"2","zoom_button_in_step":"3","show_post_tag":"1","show_prev_next_post":"1","show_popup_post":"1","number_popup_post":"1","show_author_box":"0","show_post_related":"1","show_inline_post_related":"0"}],"override_image_size":"0","image_override":[{"single_post_thumbnail_size":"crop-500","single_post_gallery_size":"crop-500"}],"trending_post":"0","trending_post_position":"meta","trending_post_label":"Trending","sponsored_post":"0","sponsored_post_label":"Sponsored by","sponsored_post_name":"","sponsored_post_url":"","sponsored_post_logo_enable":"0","sponsored_post_logo":"","sponsored_post_desc":"","disable_ad":"0"},"jnews_primary_category":{"id":"","hide":""},"jnews_social_meta":{"fb_title":"","fb_description":"","fb_image":"","twitter_title":"","twitter_description":"","twitter_image":""},"jnews_review":[],"enable_review":"0","type":"percentage","name":"","summary":"","brand":"","sku":"","good":[{"good_text":""}],"bad":[{"bad_text":""}],"score_override":"0","override_value":"","rating":[{"rating_text":"","rating_number":"10"}],"price":[{"shop":"","price":"","link":"","icon":""}],"footnotes":""},"categories":[54],"tags":[152],"class_list":["post-128043","post","type-post","status-publish","format-standard","has-post-thumbnail","hentry","category-cotidiano","tag-destaque"],"yoast_head":"<!-- This site is optimized with the Yoast SEO plugin v26.5 - https:\/\/yoast.com\/wordpress\/plugins\/seo\/ -->\n<title>Em Brasil\u00e9ia, Rio Acre registra 15,08m e est\u00e1 a menos de meio metro de atingir n\u00edvel hist\u00f3rico - Agazeta.net<\/title>\n<meta name=\"robots\" content=\"index, follow, max-snippet:-1, max-image-preview:large, max-video-preview:-1\" \/>\n<link rel=\"canonical\" href=\"https:\/\/nk7-testes.com.br\/agazeta\/em-brasileia-rio-acre-registra-1508m-e-esta-a-menos-de-meio-metro-de-atingir-nivel-historico\/\" \/>\n<meta property=\"og:locale\" content=\"pt_BR\" \/>\n<meta property=\"og:type\" content=\"article\" \/>\n<meta property=\"og:title\" content=\"Em Brasil\u00e9ia, Rio Acre registra 15,08m e est\u00e1 a menos de meio metro de atingir n\u00edvel hist\u00f3rico\" \/>\n<meta property=\"og:description\" content=\"No dia 24 de fevereiro de 2015, o afluente chegou ao registro hist\u00f3rico de 15,55m\" \/>\n<meta property=\"og:url\" content=\"https:\/\/nk7-testes.com.br\/agazeta\/em-brasileia-rio-acre-registra-1508m-e-esta-a-menos-de-meio-metro-de-atingir-nivel-historico\/\" \/>\n<meta property=\"og:site_name\" content=\"Agazeta.net\" \/>\n<meta property=\"article:published_time\" content=\"2024-02-27T19:39:28+00:00\" \/>\n<meta property=\"og:image\" content=\"https:\/\/nk7-testes.com.br\/agazeta\/wp-content\/uploads\/2024\/02\/WhatsApp-Image-2024-02-27-at-14.19.13-2-jpeg.webp\" \/>\n\t<meta property=\"og:image:width\" content=\"800\" \/>\n\t<meta property=\"og:image:height\" content=\"400\" \/>\n\t<meta property=\"og:image:type\" content=\"image\/jpeg\" \/>\n<meta name=\"author\" content=\"Agazeta.Net\" \/>\n<meta name=\"twitter:card\" content=\"summary_large_image\" \/>\n<meta name=\"twitter:label1\" content=\"Escrito por\" \/>\n\t<meta name=\"twitter:data1\" content=\"Agazeta.Net\" \/>\n\t<meta name=\"twitter:label2\" content=\"Est. tempo de leitura\" \/>\n\t<meta name=\"twitter:data2\" content=\"2 minutos\" \/>\n<script type=\"application\/ld+json\" class=\"yoast-schema-graph\">{\"@context\":\"https:\/\/schema.org\",\"@graph\":[{\"@type\":\"WebPage\",\"@id\":\"https:\/\/nk7-testes.com.br\/agazeta\/em-brasileia-rio-acre-registra-1508m-e-esta-a-menos-de-meio-metro-de-atingir-nivel-historico\/\",\"url\":\"https:\/\/nk7-testes.com.br\/agazeta\/em-brasileia-rio-acre-registra-1508m-e-esta-a-menos-de-meio-metro-de-atingir-nivel-historico\/\",\"name\":\"Em Brasil\u00e9ia, Rio Acre registra 15,08m e est\u00e1 a menos de meio metro de atingir n\u00edvel hist\u00f3rico - Agazeta.net\",\"isPartOf\":{\"@id\":\"https:\/\/nk7-testes.com.br\/agazeta\/#website\"},\"primaryImageOfPage\":{\"@id\":\"https:\/\/nk7-testes.com.br\/agazeta\/em-brasileia-rio-acre-registra-1508m-e-esta-a-menos-de-meio-metro-de-atingir-nivel-historico\/#primaryimage\"},\"image\":{\"@id\":\"https:\/\/nk7-testes.com.br\/agazeta\/em-brasileia-rio-acre-registra-1508m-e-esta-a-menos-de-meio-metro-de-atingir-nivel-historico\/#primaryimage\"},\"thumbnailUrl\":\"https:\/\/nk7-testes.com.br\/agazeta\/wp-content\/uploads\/2024\/02\/WhatsApp-Image-2024-02-27-at-14.19.13-2-jpeg.webp\",\"datePublished\":\"2024-02-27T19:39:28+00:00\",\"author\":{\"@id\":\"https:\/\/nk7-testes.com.br\/agazeta\/#\/schema\/person\/ff6b39d54d6973bfc57f4140f659b23f\"},\"breadcrumb\":{\"@id\":\"https:\/\/nk7-testes.com.br\/agazeta\/em-brasileia-rio-acre-registra-1508m-e-esta-a-menos-de-meio-metro-de-atingir-nivel-historico\/#breadcrumb\"},\"inLanguage\":\"pt-BR\",\"potentialAction\":[{\"@type\":\"ReadAction\",\"target\":[\"https:\/\/nk7-testes.com.br\/agazeta\/em-brasileia-rio-acre-registra-1508m-e-esta-a-menos-de-meio-metro-de-atingir-nivel-historico\/\"]}]},{\"@type\":\"ImageObject\",\"inLanguage\":\"pt-BR\",\"@id\":\"https:\/\/nk7-testes.com.br\/agazeta\/em-brasileia-rio-acre-registra-1508m-e-esta-a-menos-de-meio-metro-de-atingir-nivel-historico\/#primaryimage\",\"url\":\"https:\/\/nk7-testes.com.br\/agazeta\/wp-content\/uploads\/2024\/02\/WhatsApp-Image-2024-02-27-at-14.19.13-2-jpeg.webp\",\"contentUrl\":\"https:\/\/nk7-testes.com.br\/agazeta\/wp-content\/uploads\/2024\/02\/WhatsApp-Image-2024-02-27-at-14.19.13-2-jpeg.webp\",\"width\":800,\"height\":400,\"caption\":\"Imagem: Assessoria\"},{\"@type\":\"BreadcrumbList\",\"@id\":\"https:\/\/nk7-testes.com.br\/agazeta\/em-brasileia-rio-acre-registra-1508m-e-esta-a-menos-de-meio-metro-de-atingir-nivel-historico\/#breadcrumb\",\"itemListElement\":[{\"@type\":\"ListItem\",\"position\":1,\"name\":\"In\u00edcio\",\"item\":\"https:\/\/nk7-testes.com.br\/agazeta\/\"},{\"@type\":\"ListItem\",\"position\":2,\"name\":\"Em Brasil\u00e9ia, Rio Acre registra 15,08m e est\u00e1 a menos de meio metro de atingir n\u00edvel hist\u00f3rico\"}]},{\"@type\":\"WebSite\",\"@id\":\"https:\/\/nk7-testes.com.br\/agazeta\/#website\",\"url\":\"https:\/\/nk7-testes.com.br\/agazeta\/\",\"name\":\"Agazeta.net\",\"description\":\"Agazeta.net - Not\u00edcias de Rio Branco\/AC\",\"potentialAction\":[{\"@type\":\"SearchAction\",\"target\":{\"@type\":\"EntryPoint\",\"urlTemplate\":\"https:\/\/nk7-testes.com.br\/agazeta\/?s={search_term_string}\"},\"query-input\":{\"@type\":\"PropertyValueSpecification\",\"valueRequired\":true,\"valueName\":\"search_term_string\"}}],\"inLanguage\":\"pt-BR\"},{\"@type\":\"Person\",\"@id\":\"https:\/\/nk7-testes.com.br\/agazeta\/#\/schema\/person\/ff6b39d54d6973bfc57f4140f659b23f\",\"name\":\"Agazeta.Net\",\"url\":\"https:\/\/nk7-testes.com.br\/agazeta\/author\/agazeta\/\"}]}<\/script>\n<!-- \/ Yoast SEO plugin. -->","yoast_head_json":{"title":"Em Brasil\u00e9ia, Rio Acre registra 15,08m e est\u00e1 a menos de meio metro de atingir n\u00edvel hist\u00f3rico - Agazeta.net","robots":{"index":"index","follow":"follow","max-snippet":"max-snippet:-1","max-image-preview":"max-image-preview:large","max-video-preview":"max-video-preview:-1"},"canonical":"https:\/\/nk7-testes.com.br\/agazeta\/em-brasileia-rio-acre-registra-1508m-e-esta-a-menos-de-meio-metro-de-atingir-nivel-historico\/","og_locale":"pt_BR","og_type":"article","og_title":"Em Brasil\u00e9ia, Rio Acre registra 15,08m e est\u00e1 a menos de meio metro de atingir n\u00edvel hist\u00f3rico","og_description":"No dia 24 de fevereiro de 2015, o afluente chegou ao registro hist\u00f3rico de 15,55m","og_url":"https:\/\/nk7-testes.com.br\/agazeta\/em-brasileia-rio-acre-registra-1508m-e-esta-a-menos-de-meio-metro-de-atingir-nivel-historico\/","og_site_name":"Agazeta.net","article_published_time":"2024-02-27T19:39:28+00:00","og_image":[{"width":800,"height":400,"url":"https:\/\/nk7-testes.com.br\/agazeta\/wp-content\/uploads\/2024\/02\/WhatsApp-Image-2024-02-27-at-14.19.13-2-jpeg.webp","type":"image\/jpeg"}],"author":"Agazeta.Net","twitter_card":"summary_large_image","twitter_misc":{"Escrito por":"Agazeta.Net","Est. tempo de leitura":"2 minutos"},"schema":{"@context":"https:\/\/schema.org","@graph":[{"@type":"WebPage","@id":"https:\/\/nk7-testes.com.br\/agazeta\/em-brasileia-rio-acre-registra-1508m-e-esta-a-menos-de-meio-metro-de-atingir-nivel-historico\/","url":"https:\/\/nk7-testes.com.br\/agazeta\/em-brasileia-rio-acre-registra-1508m-e-esta-a-menos-de-meio-metro-de-atingir-nivel-historico\/","name":"Em Brasil\u00e9ia, Rio Acre registra 15,08m e est\u00e1 a menos de meio metro de atingir n\u00edvel hist\u00f3rico - Agazeta.net","isPartOf":{"@id":"https:\/\/nk7-testes.com.br\/agazeta\/#website"},"primaryImageOfPage":{"@id":"https:\/\/nk7-testes.com.br\/agazeta\/em-brasileia-rio-acre-registra-1508m-e-esta-a-menos-de-meio-metro-de-atingir-nivel-historico\/#primaryimage"},"image":{"@id":"https:\/\/nk7-testes.com.br\/agazeta\/em-brasileia-rio-acre-registra-1508m-e-esta-a-menos-de-meio-metro-de-atingir-nivel-historico\/#primaryimage"},"thumbnailUrl":"https:\/\/nk7-testes.com.br\/agazeta\/wp-content\/uploads\/2024\/02\/WhatsApp-Image-2024-02-27-at-14.19.13-2-jpeg.webp","datePublished":"2024-02-27T19:39:28+00:00","author":{"@id":"https:\/\/nk7-testes.com.br\/agazeta\/#\/schema\/person\/ff6b39d54d6973bfc57f4140f659b23f"},"breadcrumb":{"@id":"https:\/\/nk7-testes.com.br\/agazeta\/em-brasileia-rio-acre-registra-1508m-e-esta-a-menos-de-meio-metro-de-atingir-nivel-historico\/#breadcrumb"},"inLanguage":"pt-BR","potentialAction":[{"@type":"ReadAction","target":["https:\/\/nk7-testes.com.br\/agazeta\/em-brasileia-rio-acre-registra-1508m-e-esta-a-menos-de-meio-metro-de-atingir-nivel-historico\/"]}]},{"@type":"ImageObject","inLanguage":"pt-BR","@id":"https:\/\/nk7-testes.com.br\/agazeta\/em-brasileia-rio-acre-registra-1508m-e-esta-a-menos-de-meio-metro-de-atingir-nivel-historico\/#primaryimage","url":"https:\/\/nk7-testes.com.br\/agazeta\/wp-content\/uploads\/2024\/02\/WhatsApp-Image-2024-02-27-at-14.19.13-2-jpeg.webp","contentUrl":"https:\/\/nk7-testes.com.br\/agazeta\/wp-content\/uploads\/2024\/02\/WhatsApp-Image-2024-02-27-at-14.19.13-2-jpeg.webp","width":800,"height":400,"caption":"Imagem: Assessoria"},{"@type":"BreadcrumbList","@id":"https:\/\/nk7-testes.com.br\/agazeta\/em-brasileia-rio-acre-registra-1508m-e-esta-a-menos-de-meio-metro-de-atingir-nivel-historico\/#breadcrumb","itemListElement":[{"@type":"ListItem","position":1,"name":"In\u00edcio","item":"https:\/\/nk7-testes.com.br\/agazeta\/"},{"@type":"ListItem","position":2,"name":"Em Brasil\u00e9ia, Rio Acre registra 15,08m e est\u00e1 a menos de meio metro de atingir n\u00edvel hist\u00f3rico"}]},{"@type":"WebSite","@id":"https:\/\/nk7-testes.com.br\/agazeta\/#website","url":"https:\/\/nk7-testes.com.br\/agazeta\/","name":"Agazeta.net","description":"Agazeta.net - Not\u00edcias de Rio Branco\/AC","potentialAction":[{"@type":"SearchAction","target":{"@type":"EntryPoint","urlTemplate":"https:\/\/nk7-testes.com.br\/agazeta\/?s={search_term_string}"},"query-input":{"@type":"PropertyValueSpecification","valueRequired":true,"valueName":"search_term_string"}}],"inLanguage":"pt-BR"},{"@type":"Person","@id":"https:\/\/nk7-testes.com.br\/agazeta\/#\/schema\/person\/ff6b39d54d6973bfc57f4140f659b23f","name":"Agazeta.Net","url":"https:\/\/nk7-testes.com.br\/agazeta\/author\/agazeta\/"}]}},"_links":{"self":[{"href":"https:\/\/nk7-testes.com.br\/agazeta\/wp-json\/wp\/v2\/posts\/128043","targetHints":{"allow":["GET"]}}],"collection":[{"href":"https:\/\/nk7-testes.com.br\/agazeta\/wp-json\/wp\/v2\/posts"}],"about":[{"href":"https:\/\/nk7-testes.com.br\/agazeta\/wp-json\/wp\/v2\/types\/post"}],"author":[{"embeddable":true,"href":"https:\/\/nk7-testes.com.br\/agazeta\/wp-json\/wp\/v2\/users\/4"}],"replies":[{"embeddable":true,"href":"https:\/\/nk7-testes.com.br\/agazeta\/wp-json\/wp\/v2\/comments?post=128043"}],"version-history":[{"count":0,"href":"https:\/\/nk7-testes.com.br\/agazeta\/wp-json\/wp\/v2\/posts\/128043\/revisions"}],"wp:featuredmedia":[{"embeddable":true,"href":"https:\/\/nk7-testes.com.br\/agazeta\/wp-json\/wp\/v2\/media\/128046"}],"wp:attachment":[{"href":"https:\/\/nk7-testes.com.br\/agazeta\/wp-json\/wp\/v2\/media?parent=128043"}],"wp:term":[{"taxonomy":"category","embeddable":true,"href":"https:\/\/nk7-testes.com.br\/agazeta\/wp-json\/wp\/v2\/categories?post=128043"},{"taxonomy":"post_tag","embeddable":true,"href":"https:\/\/nk7-testes.com.br\/agazeta\/wp-json\/wp\/v2\/tags?post=128043"}],"curies":[{"name":"wp","href":"https:\/\/api.w.org\/{rel}","templated":true}]}}