{"id":128040,"date":"2024-02-27T13:16:10","date_gmt":"2024-02-27T18:16:10","guid":{"rendered":"https:\/\/nk7-testes.com.br\/?p=128040"},"modified":"2024-02-27T13:16:10","modified_gmt":"2024-02-27T18:16:10","slug":"sesacre-adia-aplicacao-de-provas-do-concurso-publico-por-conta-de-enchentes","status":"publish","type":"post","link":"https:\/\/nk7-testes.com.br\/agazeta\/sesacre-adia-aplicacao-de-provas-do-concurso-publico-por-conta-de-enchentes\/","title":{"rendered":"Sesacre adia aplica\u00e7\u00e3o de provas do concurso p\u00fablico por conta de enchentes"},"content":{"rendered":"<p style=\"text-align: justify;\">No final da manh\u00e3 desta ter\u00e7a-feira (27), o governo do Estado do Acre, atrav\u00e9s das secretarias de Estado de Sa\u00fade (Sesacre) e de Administra\u00e7\u00e3o (Sead), revolveu suspender a aplica\u00e7\u00e3o das provas do concurso p\u00fablico para vagas na Sa\u00fade prevista para este final de semana, por conta da situa\u00e7\u00e3o de emerg\u00eancia decretada em 17 munic\u00edpios atingidos pelas enchentes.<\/p>\n<p style=\"text-align: justify;\">Segundo o texto divulgado no site oficial da Ag\u00eancia Acre, o governo afirma que uma nova data vai ser divulgada no futuro aos candidatos, para que possam participar do certame.<\/p>\n<p>Leia a nota completa na \u00edntegra:<\/p>\n<p style=\"text-align: justify;\"><em>O governo do Estado do Acre, por meio das secretarias de Estado de Sa\u00fade (Sesacre) e\u00a0 de Administra\u00e7\u00e3o (Sead), informa que, diante da situa\u00e7\u00e3o de emerg\u00eancia decretada em 17 munic\u00edpios atingidos pelas enchentes causadas por rios e igarap\u00e9s, as provas do concurso p\u00fablico para provimento de vagas na Sa\u00fade previsto para este final de semana est\u00e3o suspensas at\u00e9 ulterior delibera\u00e7\u00e3o.<\/em><\/p>\n<p style=\"text-align: justify;\"><em>Informa, ainda, que uma nova data ser\u00e1 oportunamente divulgada aos candidatos para que possam participar do certame.<\/em><\/p>\n","protected":false},"excerpt":{"rendered":"<p>No final da manh\u00e3 desta ter\u00e7a-feira (27), o governo do Estado do Acre, atrav\u00e9s das secretarias de Estado de Sa\u00fade (Sesacre) e de Administra\u00e7\u00e3o (Sead), revolveu suspender a aplica\u00e7\u00e3o das provas do concurso p\u00fablico para vagas na Sa\u00fade prevista para este final de semana, por conta da situa\u00e7\u00e3o de emerg\u00eancia decretada em 17 munic\u00edpios atingidos [&hellip;]<\/p>\n","protected":false},"author":4,"featured_media":128041,"comment_status":"open","ping_status":"open","sticky":false,"template":"","format":"standard","meta":{"jnews-multi-image_gallery":[],"jnews_single_post":{"source_name":"","source_url":"","via_name":"","via_url":"","override_template":"0","override":[{"template":"custom","single_blog_custom":"110746","parallax":"1","fullscreen":"1","layout":"right-sidebar","sidebar":"default-sidebar","second_sidebar":"default-sidebar","sticky_sidebar":"1","share_position":"top","share_float_style":"share-monocrhome","show_share_counter":"1","show_view_counter":"1","show_featured":"1","show_post_meta":"1","show_post_author":"1","show_post_author_image":"1","show_post_date":"1","post_date_format":"default","post_date_format_custom":"Y\/m\/d","show_post_category":"1","show_post_reading_time":"0","post_reading_time_wpm":"300","show_zoom_button":"0","zoom_button_out_step":"2","zoom_button_in_step":"3","show_post_tag":"1","show_prev_next_post":"1","show_popup_post":"1","number_popup_post":"1","show_author_box":"0","show_post_related":"1","show_inline_post_related":"0"}],"override_image_size":"0","image_override":[{"single_post_thumbnail_size":"crop-500","single_post_gallery_size":"crop-500"}],"trending_post":"0","trending_post_position":"meta","trending_post_label":"Trending","sponsored_post":"0","sponsored_post_label":"Sponsored by","sponsored_post_name":"","sponsored_post_url":"","sponsored_post_logo_enable":"0","sponsored_post_logo":"","sponsored_post_desc":"","disable_ad":"0"},"jnews_primary_category":{"id":"","hide":""},"jnews_social_meta":{"fb_title":"","fb_description":"","fb_image":"","twitter_title":"","twitter_description":"","twitter_image":""},"jnews_review":[],"enable_review":"0","type":"percentage","name":"","summary":"","brand":"","sku":"","good":[{"good_text":""}],"bad":[{"bad_text":""}],"score_override":"0","override_value":"","rating":[{"rating_text":"","rating_number":"10"}],"price":[{"shop":"","price":"","link":"","icon":""}],"footnotes":""},"categories":[69],"tags":[152],"class_list":["post-128040","post","type-post","status-publish","format-standard","has-post-thumbnail","hentry","category-empregos-e-concursos","tag-destaque"],"yoast_head":"<!-- This site is optimized with the Yoast SEO plugin v26.5 - https:\/\/yoast.com\/wordpress\/plugins\/seo\/ -->\n<title>Sesacre adia aplica\u00e7\u00e3o de provas do concurso p\u00fablico por conta de enchentes - Agazeta.net<\/title>\n<meta name=\"robots\" content=\"index, follow, max-snippet:-1, max-image-preview:large, max-video-preview:-1\" \/>\n<link rel=\"canonical\" href=\"https:\/\/nk7-testes.com.br\/agazeta\/sesacre-adia-aplicacao-de-provas-do-concurso-publico-por-conta-de-enchentes\/\" \/>\n<meta property=\"og:locale\" content=\"pt_BR\" \/>\n<meta property=\"og:type\" content=\"article\" \/>\n<meta property=\"og:title\" content=\"Sesacre adia aplica\u00e7\u00e3o de provas do concurso p\u00fablico por conta de enchentes\" \/>\n<meta property=\"og:description\" content=\"Aplica\u00e7\u00e3o do exame estava prevista para este final de semana; nova data deve ser publicada futuramente\" \/>\n<meta property=\"og:url\" content=\"https:\/\/nk7-testes.com.br\/agazeta\/sesacre-adia-aplicacao-de-provas-do-concurso-publico-por-conta-de-enchentes\/\" \/>\n<meta property=\"og:site_name\" content=\"Agazeta.net\" \/>\n<meta property=\"article:published_time\" content=\"2024-02-27T18:16:10+00:00\" \/>\n<meta property=\"og:image\" content=\"https:\/\/nk7-testes.com.br\/agazeta\/wp-content\/uploads\/2024\/02\/Sesacre-AcreNews-2-jpg.webp\" \/>\n\t<meta property=\"og:image:width\" content=\"800\" \/>\n\t<meta property=\"og:image:height\" content=\"401\" \/>\n\t<meta property=\"og:image:type\" content=\"image\/jpeg\" \/>\n<meta name=\"author\" content=\"Agazeta.Net\" \/>\n<meta name=\"twitter:card\" content=\"summary_large_image\" \/>\n<meta name=\"twitter:label1\" content=\"Escrito por\" \/>\n\t<meta name=\"twitter:data1\" content=\"Agazeta.Net\" \/>\n\t<meta name=\"twitter:label2\" content=\"Est. tempo de leitura\" \/>\n\t<meta name=\"twitter:data2\" content=\"1 minuto\" \/>\n<script type=\"application\/ld+json\" class=\"yoast-schema-graph\">{\"@context\":\"https:\/\/schema.org\",\"@graph\":[{\"@type\":\"WebPage\",\"@id\":\"https:\/\/nk7-testes.com.br\/agazeta\/sesacre-adia-aplicacao-de-provas-do-concurso-publico-por-conta-de-enchentes\/\",\"url\":\"https:\/\/nk7-testes.com.br\/agazeta\/sesacre-adia-aplicacao-de-provas-do-concurso-publico-por-conta-de-enchentes\/\",\"name\":\"Sesacre adia aplica\u00e7\u00e3o de provas do concurso p\u00fablico por conta de enchentes - Agazeta.net\",\"isPartOf\":{\"@id\":\"https:\/\/nk7-testes.com.br\/agazeta\/#website\"},\"primaryImageOfPage\":{\"@id\":\"https:\/\/nk7-testes.com.br\/agazeta\/sesacre-adia-aplicacao-de-provas-do-concurso-publico-por-conta-de-enchentes\/#primaryimage\"},\"image\":{\"@id\":\"https:\/\/nk7-testes.com.br\/agazeta\/sesacre-adia-aplicacao-de-provas-do-concurso-publico-por-conta-de-enchentes\/#primaryimage\"},\"thumbnailUrl\":\"https:\/\/nk7-testes.com.br\/agazeta\/wp-content\/uploads\/2024\/02\/Sesacre-AcreNews-2-jpg.webp\",\"datePublished\":\"2024-02-27T18:16:10+00:00\",\"author\":{\"@id\":\"https:\/\/nk7-testes.com.br\/agazeta\/#\/schema\/person\/6d6e25cb0435eb4a02fd44d30b4e3020\"},\"breadcrumb\":{\"@id\":\"https:\/\/nk7-testes.com.br\/agazeta\/sesacre-adia-aplicacao-de-provas-do-concurso-publico-por-conta-de-enchentes\/#breadcrumb\"},\"inLanguage\":\"pt-BR\",\"potentialAction\":[{\"@type\":\"ReadAction\",\"target\":[\"https:\/\/nk7-testes.com.br\/agazeta\/sesacre-adia-aplicacao-de-provas-do-concurso-publico-por-conta-de-enchentes\/\"]}]},{\"@type\":\"ImageObject\",\"inLanguage\":\"pt-BR\",\"@id\":\"https:\/\/nk7-testes.com.br\/agazeta\/sesacre-adia-aplicacao-de-provas-do-concurso-publico-por-conta-de-enchentes\/#primaryimage\",\"url\":\"https:\/\/nk7-testes.com.br\/agazeta\/wp-content\/uploads\/2024\/02\/Sesacre-AcreNews-2-jpg.webp\",\"contentUrl\":\"https:\/\/nk7-testes.com.br\/agazeta\/wp-content\/uploads\/2024\/02\/Sesacre-AcreNews-2-jpg.webp\",\"width\":800,\"height\":401,\"caption\":\"Imagem: Reprodu\u00e7\u00e3o\"},{\"@type\":\"BreadcrumbList\",\"@id\":\"https:\/\/nk7-testes.com.br\/agazeta\/sesacre-adia-aplicacao-de-provas-do-concurso-publico-por-conta-de-enchentes\/#breadcrumb\",\"itemListElement\":[{\"@type\":\"ListItem\",\"position\":1,\"name\":\"In\u00edcio\",\"item\":\"https:\/\/nk7-testes.com.br\/agazeta\/\"},{\"@type\":\"ListItem\",\"position\":2,\"name\":\"Sesacre adia aplica\u00e7\u00e3o de provas do concurso p\u00fablico por conta de enchentes\"}]},{\"@type\":\"WebSite\",\"@id\":\"https:\/\/nk7-testes.com.br\/agazeta\/#website\",\"url\":\"https:\/\/nk7-testes.com.br\/agazeta\/\",\"name\":\"Agazeta.net\",\"description\":\"Agazeta.net - Not\u00edcias de Rio Branco\/AC\",\"potentialAction\":[{\"@type\":\"SearchAction\",\"target\":{\"@type\":\"EntryPoint\",\"urlTemplate\":\"https:\/\/nk7-testes.com.br\/agazeta\/?s={search_term_string}\"},\"query-input\":{\"@type\":\"PropertyValueSpecification\",\"valueRequired\":true,\"valueName\":\"search_term_string\"}}],\"inLanguage\":\"pt-BR\"},{\"@type\":\"Person\",\"@id\":\"https:\/\/nk7-testes.com.br\/agazeta\/#\/schema\/person\/6d6e25cb0435eb4a02fd44d30b4e3020\",\"name\":\"Agazeta.Net\",\"url\":\"https:\/\/nk7-testes.com.br\/agazeta\/author\/agazeta\/\"}]}<\/script>\n<!-- \/ Yoast SEO plugin. -->","yoast_head_json":{"title":"Sesacre adia aplica\u00e7\u00e3o de provas do concurso p\u00fablico por conta de enchentes - Agazeta.net","robots":{"index":"index","follow":"follow","max-snippet":"max-snippet:-1","max-image-preview":"max-image-preview:large","max-video-preview":"max-video-preview:-1"},"canonical":"https:\/\/nk7-testes.com.br\/agazeta\/sesacre-adia-aplicacao-de-provas-do-concurso-publico-por-conta-de-enchentes\/","og_locale":"pt_BR","og_type":"article","og_title":"Sesacre adia aplica\u00e7\u00e3o de provas do concurso p\u00fablico por conta de enchentes","og_description":"Aplica\u00e7\u00e3o do exame estava prevista para este final de semana; nova data deve ser publicada futuramente","og_url":"https:\/\/nk7-testes.com.br\/agazeta\/sesacre-adia-aplicacao-de-provas-do-concurso-publico-por-conta-de-enchentes\/","og_site_name":"Agazeta.net","article_published_time":"2024-02-27T18:16:10+00:00","og_image":[{"width":800,"height":401,"url":"https:\/\/nk7-testes.com.br\/agazeta\/wp-content\/uploads\/2024\/02\/Sesacre-AcreNews-2-jpg.webp","type":"image\/jpeg"}],"author":"Agazeta.Net","twitter_card":"summary_large_image","twitter_misc":{"Escrito por":"Agazeta.Net","Est. tempo de leitura":"1 minuto"},"schema":{"@context":"https:\/\/schema.org","@graph":[{"@type":"WebPage","@id":"https:\/\/nk7-testes.com.br\/agazeta\/sesacre-adia-aplicacao-de-provas-do-concurso-publico-por-conta-de-enchentes\/","url":"https:\/\/nk7-testes.com.br\/agazeta\/sesacre-adia-aplicacao-de-provas-do-concurso-publico-por-conta-de-enchentes\/","name":"Sesacre adia aplica\u00e7\u00e3o de provas do concurso p\u00fablico por conta de enchentes - Agazeta.net","isPartOf":{"@id":"https:\/\/nk7-testes.com.br\/agazeta\/#website"},"primaryImageOfPage":{"@id":"https:\/\/nk7-testes.com.br\/agazeta\/sesacre-adia-aplicacao-de-provas-do-concurso-publico-por-conta-de-enchentes\/#primaryimage"},"image":{"@id":"https:\/\/nk7-testes.com.br\/agazeta\/sesacre-adia-aplicacao-de-provas-do-concurso-publico-por-conta-de-enchentes\/#primaryimage"},"thumbnailUrl":"https:\/\/nk7-testes.com.br\/agazeta\/wp-content\/uploads\/2024\/02\/Sesacre-AcreNews-2-jpg.webp","datePublished":"2024-02-27T18:16:10+00:00","author":{"@id":"https:\/\/nk7-testes.com.br\/agazeta\/#\/schema\/person\/6d6e25cb0435eb4a02fd44d30b4e3020"},"breadcrumb":{"@id":"https:\/\/nk7-testes.com.br\/agazeta\/sesacre-adia-aplicacao-de-provas-do-concurso-publico-por-conta-de-enchentes\/#breadcrumb"},"inLanguage":"pt-BR","potentialAction":[{"@type":"ReadAction","target":["https:\/\/nk7-testes.com.br\/agazeta\/sesacre-adia-aplicacao-de-provas-do-concurso-publico-por-conta-de-enchentes\/"]}]},{"@type":"ImageObject","inLanguage":"pt-BR","@id":"https:\/\/nk7-testes.com.br\/agazeta\/sesacre-adia-aplicacao-de-provas-do-concurso-publico-por-conta-de-enchentes\/#primaryimage","url":"https:\/\/nk7-testes.com.br\/agazeta\/wp-content\/uploads\/2024\/02\/Sesacre-AcreNews-2-jpg.webp","contentUrl":"https:\/\/nk7-testes.com.br\/agazeta\/wp-content\/uploads\/2024\/02\/Sesacre-AcreNews-2-jpg.webp","width":800,"height":401,"caption":"Imagem: Reprodu\u00e7\u00e3o"},{"@type":"BreadcrumbList","@id":"https:\/\/nk7-testes.com.br\/agazeta\/sesacre-adia-aplicacao-de-provas-do-concurso-publico-por-conta-de-enchentes\/#breadcrumb","itemListElement":[{"@type":"ListItem","position":1,"name":"In\u00edcio","item":"https:\/\/nk7-testes.com.br\/agazeta\/"},{"@type":"ListItem","position":2,"name":"Sesacre adia aplica\u00e7\u00e3o de provas do concurso p\u00fablico por conta de enchentes"}]},{"@type":"WebSite","@id":"https:\/\/nk7-testes.com.br\/agazeta\/#website","url":"https:\/\/nk7-testes.com.br\/agazeta\/","name":"Agazeta.net","description":"Agazeta.net - Not\u00edcias de Rio Branco\/AC","potentialAction":[{"@type":"SearchAction","target":{"@type":"EntryPoint","urlTemplate":"https:\/\/nk7-testes.com.br\/agazeta\/?s={search_term_string}"},"query-input":{"@type":"PropertyValueSpecification","valueRequired":true,"valueName":"search_term_string"}}],"inLanguage":"pt-BR"},{"@type":"Person","@id":"https:\/\/nk7-testes.com.br\/agazeta\/#\/schema\/person\/6d6e25cb0435eb4a02fd44d30b4e3020","name":"Agazeta.Net","url":"https:\/\/nk7-testes.com.br\/agazeta\/author\/agazeta\/"}]}},"_links":{"self":[{"href":"https:\/\/nk7-testes.com.br\/agazeta\/wp-json\/wp\/v2\/posts\/128040","targetHints":{"allow":["GET"]}}],"collection":[{"href":"https:\/\/nk7-testes.com.br\/agazeta\/wp-json\/wp\/v2\/posts"}],"about":[{"href":"https:\/\/nk7-testes.com.br\/agazeta\/wp-json\/wp\/v2\/types\/post"}],"author":[{"embeddable":true,"href":"https:\/\/nk7-testes.com.br\/agazeta\/wp-json\/wp\/v2\/users\/4"}],"replies":[{"embeddable":true,"href":"https:\/\/nk7-testes.com.br\/agazeta\/wp-json\/wp\/v2\/comments?post=128040"}],"version-history":[{"count":0,"href":"https:\/\/nk7-testes.com.br\/agazeta\/wp-json\/wp\/v2\/posts\/128040\/revisions"}],"wp:featuredmedia":[{"embeddable":true,"href":"https:\/\/nk7-testes.com.br\/agazeta\/wp-json\/wp\/v2\/media\/128041"}],"wp:attachment":[{"href":"https:\/\/nk7-testes.com.br\/agazeta\/wp-json\/wp\/v2\/media?parent=128040"}],"wp:term":[{"taxonomy":"category","embeddable":true,"href":"https:\/\/nk7-testes.com.br\/agazeta\/wp-json\/wp\/v2\/categories?post=128040"},{"taxonomy":"post_tag","embeddable":true,"href":"https:\/\/nk7-testes.com.br\/agazeta\/wp-json\/wp\/v2\/tags?post=128040"}],"curies":[{"name":"wp","href":"https:\/\/api.w.org\/{rel}","templated":true}]}}