{"id":127956,"date":"2024-02-26T15:04:22","date_gmt":"2024-02-26T20:04:22","guid":{"rendered":"https:\/\/nk7-testes.com.br\/?p=127956"},"modified":"2024-02-26T15:04:22","modified_gmt":"2024-02-26T20:04:22","slug":"cerca-de-10-mil-pessoas-podem-ser-atingidas-com-cheia-do-rio-acre-em-brasileia","status":"publish","type":"post","link":"https:\/\/nk7-testes.com.br\/agazeta\/cerca-de-10-mil-pessoas-podem-ser-atingidas-com-cheia-do-rio-acre-em-brasileia\/","title":{"rendered":"Cerca de 10 mil pessoas podem ser atingidas com cheia do Rio Acre em Brasil\u00e9ia"},"content":{"rendered":"<p style=\"text-align: justify;\">A Prefeitura de Brasil\u00e9ia come\u00e7ou a retirar as fam\u00edlias que atingidas pela cheia do Rio Acre na quinta-feira (22), quando o manancial ainda n\u00e3o havia atingido a cota de transbordamento, que \u00e9 11,40m. Na manh\u00e3 desta segunda-feira (26), \u00e0s 09h30min, o n\u00edvel do Rio no munic\u00edpio j\u00e1 registrou 14,03m.<\/p>\n<p style=\"text-align: justify;\">Com o aumento do n\u00edvel do Rio Acre em Brasil\u00e9ia, a Prefeitura do munic\u00edpio afirma que cerca de 10 mil pessoas podem ser atingidas. Segundo a prefeita Fernanda Hassem, mais de 600 pessoas j\u00e1 se encontram em abrigos e mais de 4 mil est\u00e3o desalojadas.<\/p>\n<p style=\"text-align: justify;\">&#8220;Hoje n\u00f3s temos 10 abrigos em Brasil\u00e9ia, mais de 600 pessoas em situa\u00e7\u00e3o de abrigo e mais de 4 mil desalojadas. \u00c9 um n\u00famero muito grande. Pedimos aux\u00edlio do Governo Federal, do Governo Estadual, dos nossos parlamentares, dos comerciantes, aqueles que podem ajudar com alimentos e, principalmente, com \u00e1gua pot\u00e1vel&#8221;, conta Hassem em v\u00eddeo para pedir ajuda.<\/p>\n<p style=\"text-align: justify;\">A prefeita afirma que dentro dos abrigos o n\u00famero de crian\u00e7as \u00e9 expressivo, al\u00e9m de uma quantidade significativa de pessoas idosas. Por conta disso, toda ajuda com suprimentos \u00e9 necess\u00e1ria para as pessoas afetadas pela enchente.<\/p>\n<p style=\"text-align: justify;\">&#8220;Dentro dos abrigos n\u00f3s temos homens, mulheres, mas n\u00f3s temos muitas crian\u00e7as e muito idoso. Toda estrutura municipal e das institui\u00e7\u00f5es estaduais e federais est\u00e3o sendo colocadas \u00e0 disposi\u00e7\u00e3o da popula\u00e7\u00e3o. Nosso objetivo \u00e9 cuidar de vida e cuidar das pessoas&#8221;, ressalta a prefeita.<\/p>\n<h4>Cheia em 2023<\/h4>\n<p style=\"text-align: justify;\">Na \u00faltima cheia do Rio Acre em Brasil\u00e9ia e Epitaciol\u00e2ndia, dezenas de casas ficaram sem condi\u00e7\u00f5es de moradia e um idoso que n\u00e3o conseguiu sair, morreu afogado. Muitos tiveram que refazer e consertar a resid\u00eancia. Agora, temem que a situa\u00e7\u00e3o seja repetida.<\/p>\n<figure id=\"attachment_127960\" aria-describedby=\"caption-attachment-127960\" style=\"width: 523px\" class=\"wp-caption aligncenter\"><img decoding=\"async\" class=\"wp-image-127960 \" src=\"https:\/\/nk7-testes.com.br\/wp-content\/uploads\/2024\/02\/WhatsApp-Image-2024-02-26-at-15.00.31-jpeg.webp\" alt=\"\" width=\"523\" height=\"292\" srcset=\"https:\/\/nk7-testes.com.br\/agazeta\/wp-content\/uploads\/2024\/02\/WhatsApp-Image-2024-02-26-at-15.00.31-jpeg.webp 868w, https:\/\/nk7-testes.com.br\/agazeta\/wp-content\/uploads\/2024\/02\/WhatsApp-Image-2024-02-26-at-15.00.31-300x168.webp 300w, https:\/\/nk7-testes.com.br\/agazeta\/wp-content\/uploads\/2024\/02\/WhatsApp-Image-2024-02-26-at-15.00.31-768x429.webp 768w, https:\/\/nk7-testes.com.br\/agazeta\/wp-content\/uploads\/2024\/02\/WhatsApp-Image-2024-02-26-at-15.00.31-750x419.webp 750w\" sizes=\"(max-width: 523px) 100vw, 523px\" \/><figcaption id=\"caption-attachment-127960\" class=\"wp-caption-text\">Imagem: TV Gazeta<\/figcaption><\/figure>\n<p><em><strong>Com informa\u00e7\u00f5es adicionais do rep\u00f3rter Adailson Oliveira para a TV Gazeta<\/strong><\/em><\/p>\n","protected":false},"excerpt":{"rendered":"<p>A Prefeitura de Brasil\u00e9ia come\u00e7ou a retirar as fam\u00edlias que atingidas pela cheia do Rio Acre na quinta-feira (22), quando o manancial ainda n\u00e3o havia atingido a cota de transbordamento, que \u00e9 11,40m. Na manh\u00e3 desta segunda-feira (26), \u00e0s 09h30min, o n\u00edvel do Rio no munic\u00edpio j\u00e1 registrou 14,03m. Com o aumento do n\u00edvel do [&hellip;]<\/p>\n","protected":false},"author":4,"featured_media":127959,"comment_status":"open","ping_status":"open","sticky":false,"template":"","format":"standard","meta":{"jnews-multi-image_gallery":[],"jnews_single_post":{"source_name":"","source_url":"","via_name":"","via_url":"","override_template":"0","override":[{"template":"custom","single_blog_custom":"110746","parallax":"1","fullscreen":"1","layout":"right-sidebar","sidebar":"default-sidebar","second_sidebar":"default-sidebar","sticky_sidebar":"1","share_position":"top","share_float_style":"share-monocrhome","show_share_counter":"1","show_view_counter":"1","show_featured":"1","show_post_meta":"1","show_post_author":"1","show_post_author_image":"1","show_post_date":"1","post_date_format":"default","post_date_format_custom":"Y\/m\/d","show_post_category":"1","show_post_reading_time":"0","post_reading_time_wpm":"300","show_zoom_button":"0","zoom_button_out_step":"2","zoom_button_in_step":"3","show_post_tag":"1","show_prev_next_post":"1","show_popup_post":"1","number_popup_post":"1","show_author_box":"0","show_post_related":"1","show_inline_post_related":"0"}],"override_image_size":"0","image_override":[{"single_post_thumbnail_size":"crop-500","single_post_gallery_size":"crop-500"}],"trending_post":"0","trending_post_position":"meta","trending_post_label":"Trending","sponsored_post":"0","sponsored_post_label":"Sponsored by","sponsored_post_name":"","sponsored_post_url":"","sponsored_post_logo_enable":"0","sponsored_post_logo":"","sponsored_post_desc":"","disable_ad":"0"},"jnews_primary_category":{"id":"","hide":""},"jnews_social_meta":{"fb_title":"","fb_description":"","fb_image":"","twitter_title":"","twitter_description":"","twitter_image":""},"jnews_review":[],"enable_review":"0","type":"percentage","name":"","summary":"","brand":"","sku":"","good":[{"good_text":""}],"bad":[{"bad_text":""}],"score_override":"0","override_value":"","rating":[{"rating_text":"","rating_number":"10"}],"price":[{"shop":"","price":"","link":"","icon":""}],"footnotes":""},"categories":[54],"tags":[],"class_list":["post-127956","post","type-post","status-publish","format-standard","has-post-thumbnail","hentry","category-cotidiano"],"yoast_head":"<!-- This site is optimized with the Yoast SEO plugin v26.5 - https:\/\/yoast.com\/wordpress\/plugins\/seo\/ -->\n<title>Cerca de 10 mil pessoas podem ser atingidas com cheia do Rio Acre em Brasil\u00e9ia - Agazeta.net<\/title>\n<meta name=\"robots\" content=\"index, follow, max-snippet:-1, max-image-preview:large, max-video-preview:-1\" \/>\n<link rel=\"canonical\" href=\"https:\/\/nk7-testes.com.br\/agazeta\/cerca-de-10-mil-pessoas-podem-ser-atingidas-com-cheia-do-rio-acre-em-brasileia\/\" \/>\n<meta property=\"og:locale\" content=\"pt_BR\" \/>\n<meta property=\"og:type\" content=\"article\" \/>\n<meta property=\"og:title\" content=\"Cerca de 10 mil pessoas podem ser atingidas com cheia do Rio Acre em Brasil\u00e9ia\" \/>\n<meta property=\"og:description\" content=\"Na manh\u00e3 desta segunda-feira (26), \u00e0s 09h30min, o n\u00edvel do Rio no munic\u00edpio registrou 14,03m\" \/>\n<meta property=\"og:url\" content=\"https:\/\/nk7-testes.com.br\/agazeta\/cerca-de-10-mil-pessoas-podem-ser-atingidas-com-cheia-do-rio-acre-em-brasileia\/\" \/>\n<meta property=\"og:site_name\" content=\"Agazeta.net\" \/>\n<meta property=\"article:published_time\" content=\"2024-02-26T20:04:22+00:00\" \/>\n<meta property=\"og:image\" content=\"https:\/\/nk7-testes.com.br\/agazeta\/wp-content\/uploads\/2024\/02\/WhatsApp-Image-2024-02-26-at-14.51.58-jpeg.webp\" \/>\n\t<meta property=\"og:image:width\" content=\"800\" \/>\n\t<meta property=\"og:image:height\" content=\"400\" \/>\n\t<meta property=\"og:image:type\" content=\"image\/jpeg\" \/>\n<meta name=\"author\" content=\"Agazeta.Net\" \/>\n<meta name=\"twitter:card\" content=\"summary_large_image\" \/>\n<meta name=\"twitter:label1\" content=\"Escrito por\" \/>\n\t<meta name=\"twitter:data1\" content=\"Agazeta.Net\" \/>\n\t<meta name=\"twitter:label2\" content=\"Est. tempo de leitura\" \/>\n\t<meta name=\"twitter:data2\" content=\"2 minutos\" \/>\n<script type=\"application\/ld+json\" class=\"yoast-schema-graph\">{\"@context\":\"https:\/\/schema.org\",\"@graph\":[{\"@type\":\"WebPage\",\"@id\":\"https:\/\/nk7-testes.com.br\/agazeta\/cerca-de-10-mil-pessoas-podem-ser-atingidas-com-cheia-do-rio-acre-em-brasileia\/\",\"url\":\"https:\/\/nk7-testes.com.br\/agazeta\/cerca-de-10-mil-pessoas-podem-ser-atingidas-com-cheia-do-rio-acre-em-brasileia\/\",\"name\":\"Cerca de 10 mil pessoas podem ser atingidas com cheia do Rio Acre em Brasil\u00e9ia - Agazeta.net\",\"isPartOf\":{\"@id\":\"https:\/\/nk7-testes.com.br\/agazeta\/#website\"},\"primaryImageOfPage\":{\"@id\":\"https:\/\/nk7-testes.com.br\/agazeta\/cerca-de-10-mil-pessoas-podem-ser-atingidas-com-cheia-do-rio-acre-em-brasileia\/#primaryimage\"},\"image\":{\"@id\":\"https:\/\/nk7-testes.com.br\/agazeta\/cerca-de-10-mil-pessoas-podem-ser-atingidas-com-cheia-do-rio-acre-em-brasileia\/#primaryimage\"},\"thumbnailUrl\":\"https:\/\/nk7-testes.com.br\/agazeta\/wp-content\/uploads\/2024\/02\/WhatsApp-Image-2024-02-26-at-14.51.58-jpeg.webp\",\"datePublished\":\"2024-02-26T20:04:22+00:00\",\"author\":{\"@id\":\"https:\/\/nk7-testes.com.br\/agazeta\/#\/schema\/person\/ff6b39d54d6973bfc57f4140f659b23f\"},\"breadcrumb\":{\"@id\":\"https:\/\/nk7-testes.com.br\/agazeta\/cerca-de-10-mil-pessoas-podem-ser-atingidas-com-cheia-do-rio-acre-em-brasileia\/#breadcrumb\"},\"inLanguage\":\"pt-BR\",\"potentialAction\":[{\"@type\":\"ReadAction\",\"target\":[\"https:\/\/nk7-testes.com.br\/agazeta\/cerca-de-10-mil-pessoas-podem-ser-atingidas-com-cheia-do-rio-acre-em-brasileia\/\"]}]},{\"@type\":\"ImageObject\",\"inLanguage\":\"pt-BR\",\"@id\":\"https:\/\/nk7-testes.com.br\/agazeta\/cerca-de-10-mil-pessoas-podem-ser-atingidas-com-cheia-do-rio-acre-em-brasileia\/#primaryimage\",\"url\":\"https:\/\/nk7-testes.com.br\/agazeta\/wp-content\/uploads\/2024\/02\/WhatsApp-Image-2024-02-26-at-14.51.58-jpeg.webp\",\"contentUrl\":\"https:\/\/nk7-testes.com.br\/agazeta\/wp-content\/uploads\/2024\/02\/WhatsApp-Image-2024-02-26-at-14.51.58-jpeg.webp\",\"width\":800,\"height\":400,\"caption\":\"Imagem: TV Gazeta\"},{\"@type\":\"BreadcrumbList\",\"@id\":\"https:\/\/nk7-testes.com.br\/agazeta\/cerca-de-10-mil-pessoas-podem-ser-atingidas-com-cheia-do-rio-acre-em-brasileia\/#breadcrumb\",\"itemListElement\":[{\"@type\":\"ListItem\",\"position\":1,\"name\":\"In\u00edcio\",\"item\":\"https:\/\/nk7-testes.com.br\/agazeta\/\"},{\"@type\":\"ListItem\",\"position\":2,\"name\":\"Cerca de 10 mil pessoas podem ser atingidas com cheia do Rio Acre em Brasil\u00e9ia\"}]},{\"@type\":\"WebSite\",\"@id\":\"https:\/\/nk7-testes.com.br\/agazeta\/#website\",\"url\":\"https:\/\/nk7-testes.com.br\/agazeta\/\",\"name\":\"Agazeta.net\",\"description\":\"Agazeta.net - Not\u00edcias de Rio Branco\/AC\",\"potentialAction\":[{\"@type\":\"SearchAction\",\"target\":{\"@type\":\"EntryPoint\",\"urlTemplate\":\"https:\/\/nk7-testes.com.br\/agazeta\/?s={search_term_string}\"},\"query-input\":{\"@type\":\"PropertyValueSpecification\",\"valueRequired\":true,\"valueName\":\"search_term_string\"}}],\"inLanguage\":\"pt-BR\"},{\"@type\":\"Person\",\"@id\":\"https:\/\/nk7-testes.com.br\/agazeta\/#\/schema\/person\/ff6b39d54d6973bfc57f4140f659b23f\",\"name\":\"Agazeta.Net\",\"url\":\"https:\/\/nk7-testes.com.br\/agazeta\/author\/agazeta\/\"}]}<\/script>\n<!-- \/ Yoast SEO plugin. -->","yoast_head_json":{"title":"Cerca de 10 mil pessoas podem ser atingidas com cheia do Rio Acre em Brasil\u00e9ia - Agazeta.net","robots":{"index":"index","follow":"follow","max-snippet":"max-snippet:-1","max-image-preview":"max-image-preview:large","max-video-preview":"max-video-preview:-1"},"canonical":"https:\/\/nk7-testes.com.br\/agazeta\/cerca-de-10-mil-pessoas-podem-ser-atingidas-com-cheia-do-rio-acre-em-brasileia\/","og_locale":"pt_BR","og_type":"article","og_title":"Cerca de 10 mil pessoas podem ser atingidas com cheia do Rio Acre em Brasil\u00e9ia","og_description":"Na manh\u00e3 desta segunda-feira (26), \u00e0s 09h30min, o n\u00edvel do Rio no munic\u00edpio registrou 14,03m","og_url":"https:\/\/nk7-testes.com.br\/agazeta\/cerca-de-10-mil-pessoas-podem-ser-atingidas-com-cheia-do-rio-acre-em-brasileia\/","og_site_name":"Agazeta.net","article_published_time":"2024-02-26T20:04:22+00:00","og_image":[{"width":800,"height":400,"url":"https:\/\/nk7-testes.com.br\/agazeta\/wp-content\/uploads\/2024\/02\/WhatsApp-Image-2024-02-26-at-14.51.58-jpeg.webp","type":"image\/jpeg"}],"author":"Agazeta.Net","twitter_card":"summary_large_image","twitter_misc":{"Escrito por":"Agazeta.Net","Est. tempo de leitura":"2 minutos"},"schema":{"@context":"https:\/\/schema.org","@graph":[{"@type":"WebPage","@id":"https:\/\/nk7-testes.com.br\/agazeta\/cerca-de-10-mil-pessoas-podem-ser-atingidas-com-cheia-do-rio-acre-em-brasileia\/","url":"https:\/\/nk7-testes.com.br\/agazeta\/cerca-de-10-mil-pessoas-podem-ser-atingidas-com-cheia-do-rio-acre-em-brasileia\/","name":"Cerca de 10 mil pessoas podem ser atingidas com cheia do Rio Acre em Brasil\u00e9ia - Agazeta.net","isPartOf":{"@id":"https:\/\/nk7-testes.com.br\/agazeta\/#website"},"primaryImageOfPage":{"@id":"https:\/\/nk7-testes.com.br\/agazeta\/cerca-de-10-mil-pessoas-podem-ser-atingidas-com-cheia-do-rio-acre-em-brasileia\/#primaryimage"},"image":{"@id":"https:\/\/nk7-testes.com.br\/agazeta\/cerca-de-10-mil-pessoas-podem-ser-atingidas-com-cheia-do-rio-acre-em-brasileia\/#primaryimage"},"thumbnailUrl":"https:\/\/nk7-testes.com.br\/agazeta\/wp-content\/uploads\/2024\/02\/WhatsApp-Image-2024-02-26-at-14.51.58-jpeg.webp","datePublished":"2024-02-26T20:04:22+00:00","author":{"@id":"https:\/\/nk7-testes.com.br\/agazeta\/#\/schema\/person\/ff6b39d54d6973bfc57f4140f659b23f"},"breadcrumb":{"@id":"https:\/\/nk7-testes.com.br\/agazeta\/cerca-de-10-mil-pessoas-podem-ser-atingidas-com-cheia-do-rio-acre-em-brasileia\/#breadcrumb"},"inLanguage":"pt-BR","potentialAction":[{"@type":"ReadAction","target":["https:\/\/nk7-testes.com.br\/agazeta\/cerca-de-10-mil-pessoas-podem-ser-atingidas-com-cheia-do-rio-acre-em-brasileia\/"]}]},{"@type":"ImageObject","inLanguage":"pt-BR","@id":"https:\/\/nk7-testes.com.br\/agazeta\/cerca-de-10-mil-pessoas-podem-ser-atingidas-com-cheia-do-rio-acre-em-brasileia\/#primaryimage","url":"https:\/\/nk7-testes.com.br\/agazeta\/wp-content\/uploads\/2024\/02\/WhatsApp-Image-2024-02-26-at-14.51.58-jpeg.webp","contentUrl":"https:\/\/nk7-testes.com.br\/agazeta\/wp-content\/uploads\/2024\/02\/WhatsApp-Image-2024-02-26-at-14.51.58-jpeg.webp","width":800,"height":400,"caption":"Imagem: TV Gazeta"},{"@type":"BreadcrumbList","@id":"https:\/\/nk7-testes.com.br\/agazeta\/cerca-de-10-mil-pessoas-podem-ser-atingidas-com-cheia-do-rio-acre-em-brasileia\/#breadcrumb","itemListElement":[{"@type":"ListItem","position":1,"name":"In\u00edcio","item":"https:\/\/nk7-testes.com.br\/agazeta\/"},{"@type":"ListItem","position":2,"name":"Cerca de 10 mil pessoas podem ser atingidas com cheia do Rio Acre em Brasil\u00e9ia"}]},{"@type":"WebSite","@id":"https:\/\/nk7-testes.com.br\/agazeta\/#website","url":"https:\/\/nk7-testes.com.br\/agazeta\/","name":"Agazeta.net","description":"Agazeta.net - Not\u00edcias de Rio Branco\/AC","potentialAction":[{"@type":"SearchAction","target":{"@type":"EntryPoint","urlTemplate":"https:\/\/nk7-testes.com.br\/agazeta\/?s={search_term_string}"},"query-input":{"@type":"PropertyValueSpecification","valueRequired":true,"valueName":"search_term_string"}}],"inLanguage":"pt-BR"},{"@type":"Person","@id":"https:\/\/nk7-testes.com.br\/agazeta\/#\/schema\/person\/ff6b39d54d6973bfc57f4140f659b23f","name":"Agazeta.Net","url":"https:\/\/nk7-testes.com.br\/agazeta\/author\/agazeta\/"}]}},"_links":{"self":[{"href":"https:\/\/nk7-testes.com.br\/agazeta\/wp-json\/wp\/v2\/posts\/127956","targetHints":{"allow":["GET"]}}],"collection":[{"href":"https:\/\/nk7-testes.com.br\/agazeta\/wp-json\/wp\/v2\/posts"}],"about":[{"href":"https:\/\/nk7-testes.com.br\/agazeta\/wp-json\/wp\/v2\/types\/post"}],"author":[{"embeddable":true,"href":"https:\/\/nk7-testes.com.br\/agazeta\/wp-json\/wp\/v2\/users\/4"}],"replies":[{"embeddable":true,"href":"https:\/\/nk7-testes.com.br\/agazeta\/wp-json\/wp\/v2\/comments?post=127956"}],"version-history":[{"count":0,"href":"https:\/\/nk7-testes.com.br\/agazeta\/wp-json\/wp\/v2\/posts\/127956\/revisions"}],"wp:featuredmedia":[{"embeddable":true,"href":"https:\/\/nk7-testes.com.br\/agazeta\/wp-json\/wp\/v2\/media\/127959"}],"wp:attachment":[{"href":"https:\/\/nk7-testes.com.br\/agazeta\/wp-json\/wp\/v2\/media?parent=127956"}],"wp:term":[{"taxonomy":"category","embeddable":true,"href":"https:\/\/nk7-testes.com.br\/agazeta\/wp-json\/wp\/v2\/categories?post=127956"},{"taxonomy":"post_tag","embeddable":true,"href":"https:\/\/nk7-testes.com.br\/agazeta\/wp-json\/wp\/v2\/tags?post=127956"}],"curies":[{"name":"wp","href":"https:\/\/api.w.org\/{rel}","templated":true}]}}