{"id":127945,"date":"2024-02-26T13:48:18","date_gmt":"2024-02-26T18:48:18","guid":{"rendered":"https:\/\/nk7-testes.com.br\/?p=127945"},"modified":"2024-02-26T13:48:18","modified_gmt":"2024-02-26T18:48:18","slug":"na-capital-mais-de-14-mil-pessoas-ja-sao-atingidas-pela-enchente-rio-acre-registra-16m","status":"publish","type":"post","link":"https:\/\/nk7-testes.com.br\/agazeta\/na-capital-mais-de-14-mil-pessoas-ja-sao-atingidas-pela-enchente-rio-acre-registra-16m\/","title":{"rendered":"Na capital, mais de 14 mil pessoas j\u00e1 s\u00e3o atingidas pela enchente; Rio Acre registra 16m"},"content":{"rendered":"<p>Por <strong>Pedro Amorim<\/strong> e <strong>Felipe Souza<\/strong><\/p>\n<p style=\"text-align: justify;\">O n\u00edvel do Rio Acre continua a subir e, \u00e0s 12h desta segunda-feira (26), o manancial atingiu a marca de 16 metros em n\u00edvel de \u00e1gua. Com isso, 37 bairros de Rio Branco j\u00e1 foram atingidos, mais de 200 fam\u00edlias est\u00e3o desabrigadas. Ao todo, cerca de 14 mil pessoas j\u00e1 foram prejudicadas pela enchente, tanto na zona urbana como na rural.<\/p>\n<p style=\"text-align: justify;\">As fam\u00edlias desabrigadas est\u00e3o alojadas em abrigos da Prefeitura, que atualmente somam 10. Em n\u00famero mais exatos, cerca de 650 pessoas dependem dos abrigos disponibilizados pela gest\u00e3o municipal.<\/p>\n<p style=\"text-align: justify;\">Em uma entrevista \u00e0 TV Gazeta na manh\u00e3 desta sexta-feira (26), o tenente coronel e coordenador da Defesa Civil de Rio Branco (Comdec), Cl\u00e1udio Falc\u00e3o, esclareceu que a cada momento que passa, a situa\u00e7\u00e3o da enchente piora ainda mais e atinge novas fam\u00edlias e novas localidades na capital.<\/p>\n<p style=\"text-align: justify;\">&#8220;Infelizmente, o cen\u00e1rio se agrava a cada momento que passa. N\u00f3s temos um aumento do n\u00edvel do Rio a cada momento. E, a cada vez que esse n\u00edvel aumenta, n\u00f3s tamb\u00e9m atingimos novos bairros e novas fam\u00edlias. Atualmente n\u00f3s j\u00e1 temos mais de 200 fam\u00edlias abrigadas nos abrigos da Prefeitura. Isso totaliza 650 pessoas&#8221;, explica o coronel.<\/p>\n<p style=\"text-align: justify;\">Falc\u00e3o explica que a \u00e1gua dos rios em Assis Brasil de fato vem para Rio Branco, como muitas pessoas especulam. Mas, ao contr\u00e1rio do que pensam, l\u00e1 n\u00e3o secou, pois esse cen\u00e1rio de cheia ocorre em v\u00e1rios munic\u00edpios do Estado. Al\u00e9m disso, outras cidades desaguam na capital, como Brasil\u00e9ia e Xapuri.<\/p>\n<p style=\"text-align: justify;\">&#8220;Desde a sexta-feira que j\u00e1 deu sinais de \u00e1guas do Alto Acre aqui no nosso rio. A partir do momento que chegou, come\u00e7ou a aumentar mais ainda o n\u00edvel. Tamb\u00e9m tem \u00e1guas de Rio Branco. O Riozinho do Rola est\u00e1 muito cheio tamb\u00e9m. L\u00e1 nas cabeceiras, como n\u00f3s chamamos, Assis Brasil, Brasileia e Xapuri n\u00e3o tem recuo. E essa \u00e1gua toda vem para c\u00e1&#8221;, esclarece.<\/p>\n<p style=\"text-align: justify;\">A alaga\u00e7\u00e3o, atualmente, passa por um momento de transi\u00e7\u00e3o de m\u00e9dia para grande, segundo o coordenador da Defesa Civil. Essa mudan\u00e7a representa um aumento no n\u00famero de pessoas atingidas e que precisam sair das resid\u00eancias.<\/p>\n<p style=\"text-align: justify;\">&#8220;Nesse momento, n\u00f3s estamos fazendo uma transi\u00e7\u00e3o de uma m\u00e9dia para uma grande enchente. Isso significa dizer que mais uma vez s\u00e3o milhares de pessoas atingidas, milhares de pessoas que precisam sair das suas casas e tamb\u00e9m ser abrigadas. Infelizmente n\u00f3s tivemos inunda\u00e7\u00f5es todos os anos da gest\u00e3o da Prefeitura de Ti\u00e3o Bocalom&#8221;, conta Falc\u00e3o.<\/p>\n<p style=\"text-align: justify;\">Por conta do crescente n\u00famero de pessoas que v\u00eam sendo atingidas a cada hora que passa, a Prefeitura j\u00e1 tem cerca de 10 abrigos, incluindo no Parque de Exposi\u00e7\u00f5es Wildy Viana, onde toda uma estrutura \u00e9 montada para receber mais v\u00edtimas nos pr\u00f3ximos dias.<\/p>\n<p style=\"text-align: justify;\">&#8220;Agora n\u00f3s estamos com 10 abrigos j\u00e1, incluindo o Parque de Exposi\u00e7\u00f5es. Temos muitas fam\u00edlias j\u00e1 dentro do Parque e n\u00f3s estamos montando toda a estrutura. L\u00e1 que n\u00f3s podemos colocar em pr\u00e1tica toda a situa\u00e7\u00e3o de abrigamento, que, inclusive, a Defesa Civil de Rio Branco, com a Prefeitura de Rio Branco, \u00e9 refer\u00eancia nacional em abrigamento humanizado e cada dia mais a gente precisa melhorar&#8221;, afirma.<\/p>\n","protected":false},"excerpt":{"rendered":"<p>Por Pedro Amorim e Felipe Souza O n\u00edvel do Rio Acre continua a subir e, \u00e0s 12h desta segunda-feira (26), o manancial atingiu a marca de 16 metros em n\u00edvel de \u00e1gua. Com isso, 37 bairros de Rio Branco j\u00e1 foram atingidos, mais de 200 fam\u00edlias est\u00e3o desabrigadas. Ao todo, cerca de 14 mil pessoas [&hellip;]<\/p>\n","protected":false},"author":4,"featured_media":127953,"comment_status":"open","ping_status":"open","sticky":false,"template":"","format":"standard","meta":{"jnews-multi-image_gallery":[],"jnews_single_post":{"source_name":"","source_url":"","via_name":"","via_url":"","override_template":"0","override":[{"template":"custom","single_blog_custom":"110746","parallax":"1","fullscreen":"1","layout":"right-sidebar","sidebar":"default-sidebar","second_sidebar":"default-sidebar","sticky_sidebar":"1","share_position":"top","share_float_style":"share-monocrhome","show_share_counter":"1","show_view_counter":"1","show_featured":"1","show_post_meta":"1","show_post_author":"1","show_post_author_image":"1","show_post_date":"1","post_date_format":"default","post_date_format_custom":"Y\/m\/d","show_post_category":"1","show_post_reading_time":"0","post_reading_time_wpm":"300","show_zoom_button":"0","zoom_button_out_step":"2","zoom_button_in_step":"3","show_post_tag":"1","show_prev_next_post":"1","show_popup_post":"1","number_popup_post":"1","show_author_box":"0","show_post_related":"1","show_inline_post_related":"0"}],"override_image_size":"0","image_override":[{"single_post_thumbnail_size":"crop-500","single_post_gallery_size":"crop-500"}],"trending_post":"0","trending_post_position":"meta","trending_post_label":"Trending","sponsored_post":"0","sponsored_post_label":"Sponsored by","sponsored_post_name":"","sponsored_post_url":"","sponsored_post_logo_enable":"0","sponsored_post_logo":"","sponsored_post_desc":"","disable_ad":"0"},"jnews_primary_category":{"id":"","hide":""},"jnews_social_meta":{"fb_title":"","fb_description":"","fb_image":"","twitter_title":"","twitter_description":"","twitter_image":""},"jnews_review":[],"enable_review":"0","type":"percentage","name":"","summary":"","brand":"","sku":"","good":[{"good_text":""}],"bad":[{"bad_text":""}],"score_override":"0","override_value":"","rating":[{"rating_text":"","rating_number":"10"}],"price":[{"shop":"","price":"","link":"","icon":""}],"footnotes":""},"categories":[54],"tags":[152],"class_list":["post-127945","post","type-post","status-publish","format-standard","has-post-thumbnail","hentry","category-cotidiano","tag-destaque"],"yoast_head":"<!-- This site is optimized with the Yoast SEO plugin v26.5 - https:\/\/yoast.com\/wordpress\/plugins\/seo\/ -->\n<title>Na capital, mais de 14 mil pessoas j\u00e1 s\u00e3o atingidas pela enchente; Rio Acre registra 16m - Agazeta.net<\/title>\n<meta name=\"robots\" content=\"index, follow, max-snippet:-1, max-image-preview:large, max-video-preview:-1\" \/>\n<link rel=\"canonical\" href=\"https:\/\/nk7-testes.com.br\/agazeta\/na-capital-mais-de-14-mil-pessoas-ja-sao-atingidas-pela-enchente-rio-acre-registra-16m\/\" \/>\n<meta property=\"og:locale\" content=\"pt_BR\" \/>\n<meta property=\"og:type\" content=\"article\" \/>\n<meta property=\"og:title\" content=\"Na capital, mais de 14 mil pessoas j\u00e1 s\u00e3o atingidas pela enchente; Rio Acre registra 16m\" \/>\n<meta property=\"og:description\" content=\"Em Rio Branco, 37 bairros j\u00e1 foram atingidos e mais de 200 fam\u00edlias est\u00e3o desabrigadas\" \/>\n<meta property=\"og:url\" content=\"https:\/\/nk7-testes.com.br\/agazeta\/na-capital-mais-de-14-mil-pessoas-ja-sao-atingidas-pela-enchente-rio-acre-registra-16m\/\" \/>\n<meta property=\"og:site_name\" content=\"Agazeta.net\" \/>\n<meta property=\"article:published_time\" content=\"2024-02-26T18:48:18+00:00\" \/>\n<meta property=\"og:image\" content=\"https:\/\/nk7-testes.com.br\/agazeta\/wp-content\/uploads\/2024\/02\/WhatsApp-Image-2024-02-26-at-13.46.04-jpeg.webp\" \/>\n\t<meta property=\"og:image:width\" content=\"800\" \/>\n\t<meta property=\"og:image:height\" content=\"403\" \/>\n\t<meta property=\"og:image:type\" content=\"image\/jpeg\" \/>\n<meta name=\"author\" content=\"Agazeta.Net\" \/>\n<meta name=\"twitter:card\" content=\"summary_large_image\" \/>\n<meta name=\"twitter:label1\" content=\"Escrito por\" \/>\n\t<meta name=\"twitter:data1\" content=\"Agazeta.Net\" \/>\n\t<meta name=\"twitter:label2\" content=\"Est. tempo de leitura\" \/>\n\t<meta name=\"twitter:data2\" content=\"3 minutos\" \/>\n<script type=\"application\/ld+json\" class=\"yoast-schema-graph\">{\"@context\":\"https:\/\/schema.org\",\"@graph\":[{\"@type\":\"WebPage\",\"@id\":\"https:\/\/nk7-testes.com.br\/agazeta\/na-capital-mais-de-14-mil-pessoas-ja-sao-atingidas-pela-enchente-rio-acre-registra-16m\/\",\"url\":\"https:\/\/nk7-testes.com.br\/agazeta\/na-capital-mais-de-14-mil-pessoas-ja-sao-atingidas-pela-enchente-rio-acre-registra-16m\/\",\"name\":\"Na capital, mais de 14 mil pessoas j\u00e1 s\u00e3o atingidas pela enchente; Rio Acre registra 16m - Agazeta.net\",\"isPartOf\":{\"@id\":\"https:\/\/nk7-testes.com.br\/agazeta\/#website\"},\"primaryImageOfPage\":{\"@id\":\"https:\/\/nk7-testes.com.br\/agazeta\/na-capital-mais-de-14-mil-pessoas-ja-sao-atingidas-pela-enchente-rio-acre-registra-16m\/#primaryimage\"},\"image\":{\"@id\":\"https:\/\/nk7-testes.com.br\/agazeta\/na-capital-mais-de-14-mil-pessoas-ja-sao-atingidas-pela-enchente-rio-acre-registra-16m\/#primaryimage\"},\"thumbnailUrl\":\"https:\/\/nk7-testes.com.br\/agazeta\/wp-content\/uploads\/2024\/02\/WhatsApp-Image-2024-02-26-at-13.46.04-jpeg.webp\",\"datePublished\":\"2024-02-26T18:48:18+00:00\",\"author\":{\"@id\":\"https:\/\/nk7-testes.com.br\/agazeta\/#\/schema\/person\/ff6b39d54d6973bfc57f4140f659b23f\"},\"breadcrumb\":{\"@id\":\"https:\/\/nk7-testes.com.br\/agazeta\/na-capital-mais-de-14-mil-pessoas-ja-sao-atingidas-pela-enchente-rio-acre-registra-16m\/#breadcrumb\"},\"inLanguage\":\"pt-BR\",\"potentialAction\":[{\"@type\":\"ReadAction\",\"target\":[\"https:\/\/nk7-testes.com.br\/agazeta\/na-capital-mais-de-14-mil-pessoas-ja-sao-atingidas-pela-enchente-rio-acre-registra-16m\/\"]}]},{\"@type\":\"ImageObject\",\"inLanguage\":\"pt-BR\",\"@id\":\"https:\/\/nk7-testes.com.br\/agazeta\/na-capital-mais-de-14-mil-pessoas-ja-sao-atingidas-pela-enchente-rio-acre-registra-16m\/#primaryimage\",\"url\":\"https:\/\/nk7-testes.com.br\/agazeta\/wp-content\/uploads\/2024\/02\/WhatsApp-Image-2024-02-26-at-13.46.04-jpeg.webp\",\"contentUrl\":\"https:\/\/nk7-testes.com.br\/agazeta\/wp-content\/uploads\/2024\/02\/WhatsApp-Image-2024-02-26-at-13.46.04-jpeg.webp\",\"width\":800,\"height\":403,\"caption\":\"Imagem: Ascom\/Defesa Civil\"},{\"@type\":\"BreadcrumbList\",\"@id\":\"https:\/\/nk7-testes.com.br\/agazeta\/na-capital-mais-de-14-mil-pessoas-ja-sao-atingidas-pela-enchente-rio-acre-registra-16m\/#breadcrumb\",\"itemListElement\":[{\"@type\":\"ListItem\",\"position\":1,\"name\":\"In\u00edcio\",\"item\":\"https:\/\/nk7-testes.com.br\/agazeta\/\"},{\"@type\":\"ListItem\",\"position\":2,\"name\":\"Na capital, mais de 14 mil pessoas j\u00e1 s\u00e3o atingidas pela enchente; Rio Acre registra 16m\"}]},{\"@type\":\"WebSite\",\"@id\":\"https:\/\/nk7-testes.com.br\/agazeta\/#website\",\"url\":\"https:\/\/nk7-testes.com.br\/agazeta\/\",\"name\":\"Agazeta.net\",\"description\":\"Agazeta.net - Not\u00edcias de Rio Branco\/AC\",\"potentialAction\":[{\"@type\":\"SearchAction\",\"target\":{\"@type\":\"EntryPoint\",\"urlTemplate\":\"https:\/\/nk7-testes.com.br\/agazeta\/?s={search_term_string}\"},\"query-input\":{\"@type\":\"PropertyValueSpecification\",\"valueRequired\":true,\"valueName\":\"search_term_string\"}}],\"inLanguage\":\"pt-BR\"},{\"@type\":\"Person\",\"@id\":\"https:\/\/nk7-testes.com.br\/agazeta\/#\/schema\/person\/ff6b39d54d6973bfc57f4140f659b23f\",\"name\":\"Agazeta.Net\",\"url\":\"https:\/\/nk7-testes.com.br\/agazeta\/author\/agazeta\/\"}]}<\/script>\n<!-- \/ Yoast SEO plugin. -->","yoast_head_json":{"title":"Na capital, mais de 14 mil pessoas j\u00e1 s\u00e3o atingidas pela enchente; Rio Acre registra 16m - Agazeta.net","robots":{"index":"index","follow":"follow","max-snippet":"max-snippet:-1","max-image-preview":"max-image-preview:large","max-video-preview":"max-video-preview:-1"},"canonical":"https:\/\/nk7-testes.com.br\/agazeta\/na-capital-mais-de-14-mil-pessoas-ja-sao-atingidas-pela-enchente-rio-acre-registra-16m\/","og_locale":"pt_BR","og_type":"article","og_title":"Na capital, mais de 14 mil pessoas j\u00e1 s\u00e3o atingidas pela enchente; Rio Acre registra 16m","og_description":"Em Rio Branco, 37 bairros j\u00e1 foram atingidos e mais de 200 fam\u00edlias est\u00e3o desabrigadas","og_url":"https:\/\/nk7-testes.com.br\/agazeta\/na-capital-mais-de-14-mil-pessoas-ja-sao-atingidas-pela-enchente-rio-acre-registra-16m\/","og_site_name":"Agazeta.net","article_published_time":"2024-02-26T18:48:18+00:00","og_image":[{"width":800,"height":403,"url":"https:\/\/nk7-testes.com.br\/agazeta\/wp-content\/uploads\/2024\/02\/WhatsApp-Image-2024-02-26-at-13.46.04-jpeg.webp","type":"image\/jpeg"}],"author":"Agazeta.Net","twitter_card":"summary_large_image","twitter_misc":{"Escrito por":"Agazeta.Net","Est. tempo de leitura":"3 minutos"},"schema":{"@context":"https:\/\/schema.org","@graph":[{"@type":"WebPage","@id":"https:\/\/nk7-testes.com.br\/agazeta\/na-capital-mais-de-14-mil-pessoas-ja-sao-atingidas-pela-enchente-rio-acre-registra-16m\/","url":"https:\/\/nk7-testes.com.br\/agazeta\/na-capital-mais-de-14-mil-pessoas-ja-sao-atingidas-pela-enchente-rio-acre-registra-16m\/","name":"Na capital, mais de 14 mil pessoas j\u00e1 s\u00e3o atingidas pela enchente; Rio Acre registra 16m - Agazeta.net","isPartOf":{"@id":"https:\/\/nk7-testes.com.br\/agazeta\/#website"},"primaryImageOfPage":{"@id":"https:\/\/nk7-testes.com.br\/agazeta\/na-capital-mais-de-14-mil-pessoas-ja-sao-atingidas-pela-enchente-rio-acre-registra-16m\/#primaryimage"},"image":{"@id":"https:\/\/nk7-testes.com.br\/agazeta\/na-capital-mais-de-14-mil-pessoas-ja-sao-atingidas-pela-enchente-rio-acre-registra-16m\/#primaryimage"},"thumbnailUrl":"https:\/\/nk7-testes.com.br\/agazeta\/wp-content\/uploads\/2024\/02\/WhatsApp-Image-2024-02-26-at-13.46.04-jpeg.webp","datePublished":"2024-02-26T18:48:18+00:00","author":{"@id":"https:\/\/nk7-testes.com.br\/agazeta\/#\/schema\/person\/ff6b39d54d6973bfc57f4140f659b23f"},"breadcrumb":{"@id":"https:\/\/nk7-testes.com.br\/agazeta\/na-capital-mais-de-14-mil-pessoas-ja-sao-atingidas-pela-enchente-rio-acre-registra-16m\/#breadcrumb"},"inLanguage":"pt-BR","potentialAction":[{"@type":"ReadAction","target":["https:\/\/nk7-testes.com.br\/agazeta\/na-capital-mais-de-14-mil-pessoas-ja-sao-atingidas-pela-enchente-rio-acre-registra-16m\/"]}]},{"@type":"ImageObject","inLanguage":"pt-BR","@id":"https:\/\/nk7-testes.com.br\/agazeta\/na-capital-mais-de-14-mil-pessoas-ja-sao-atingidas-pela-enchente-rio-acre-registra-16m\/#primaryimage","url":"https:\/\/nk7-testes.com.br\/agazeta\/wp-content\/uploads\/2024\/02\/WhatsApp-Image-2024-02-26-at-13.46.04-jpeg.webp","contentUrl":"https:\/\/nk7-testes.com.br\/agazeta\/wp-content\/uploads\/2024\/02\/WhatsApp-Image-2024-02-26-at-13.46.04-jpeg.webp","width":800,"height":403,"caption":"Imagem: Ascom\/Defesa Civil"},{"@type":"BreadcrumbList","@id":"https:\/\/nk7-testes.com.br\/agazeta\/na-capital-mais-de-14-mil-pessoas-ja-sao-atingidas-pela-enchente-rio-acre-registra-16m\/#breadcrumb","itemListElement":[{"@type":"ListItem","position":1,"name":"In\u00edcio","item":"https:\/\/nk7-testes.com.br\/agazeta\/"},{"@type":"ListItem","position":2,"name":"Na capital, mais de 14 mil pessoas j\u00e1 s\u00e3o atingidas pela enchente; Rio Acre registra 16m"}]},{"@type":"WebSite","@id":"https:\/\/nk7-testes.com.br\/agazeta\/#website","url":"https:\/\/nk7-testes.com.br\/agazeta\/","name":"Agazeta.net","description":"Agazeta.net - Not\u00edcias de Rio Branco\/AC","potentialAction":[{"@type":"SearchAction","target":{"@type":"EntryPoint","urlTemplate":"https:\/\/nk7-testes.com.br\/agazeta\/?s={search_term_string}"},"query-input":{"@type":"PropertyValueSpecification","valueRequired":true,"valueName":"search_term_string"}}],"inLanguage":"pt-BR"},{"@type":"Person","@id":"https:\/\/nk7-testes.com.br\/agazeta\/#\/schema\/person\/ff6b39d54d6973bfc57f4140f659b23f","name":"Agazeta.Net","url":"https:\/\/nk7-testes.com.br\/agazeta\/author\/agazeta\/"}]}},"_links":{"self":[{"href":"https:\/\/nk7-testes.com.br\/agazeta\/wp-json\/wp\/v2\/posts\/127945","targetHints":{"allow":["GET"]}}],"collection":[{"href":"https:\/\/nk7-testes.com.br\/agazeta\/wp-json\/wp\/v2\/posts"}],"about":[{"href":"https:\/\/nk7-testes.com.br\/agazeta\/wp-json\/wp\/v2\/types\/post"}],"author":[{"embeddable":true,"href":"https:\/\/nk7-testes.com.br\/agazeta\/wp-json\/wp\/v2\/users\/4"}],"replies":[{"embeddable":true,"href":"https:\/\/nk7-testes.com.br\/agazeta\/wp-json\/wp\/v2\/comments?post=127945"}],"version-history":[{"count":0,"href":"https:\/\/nk7-testes.com.br\/agazeta\/wp-json\/wp\/v2\/posts\/127945\/revisions"}],"wp:featuredmedia":[{"embeddable":true,"href":"https:\/\/nk7-testes.com.br\/agazeta\/wp-json\/wp\/v2\/media\/127953"}],"wp:attachment":[{"href":"https:\/\/nk7-testes.com.br\/agazeta\/wp-json\/wp\/v2\/media?parent=127945"}],"wp:term":[{"taxonomy":"category","embeddable":true,"href":"https:\/\/nk7-testes.com.br\/agazeta\/wp-json\/wp\/v2\/categories?post=127945"},{"taxonomy":"post_tag","embeddable":true,"href":"https:\/\/nk7-testes.com.br\/agazeta\/wp-json\/wp\/v2\/tags?post=127945"}],"curies":[{"name":"wp","href":"https:\/\/api.w.org\/{rel}","templated":true}]}}